{"id":3672,"date":"2018-04-17T10:10:01","date_gmt":"2018-04-17T10:10:01","guid":{"rendered":"http:\/\/www.ecoitaliano.com.ar\/?p=3672"},"modified":"2018-04-17T10:10:28","modified_gmt":"2018-04-17T10:10:28","slug":"3672","status":"publish","type":"post","link":"https:\/\/www.ecoitaliano.com.ar\/?p=3672","title":{"rendered":"INIZIATIVA DI SOLIDARIETA\u2019 VERSO IL POPOLO DEL VENEZUELA &#8211; A Villa Sant\u2019Angelo (L&#8217;Aquila), il 15 aprile, nell\u2019ambito del 2\u00b0 Convegno sulla Civilt\u00e0 Contadina"},"content":{"rendered":"\n<p><a href=\"http:\/\/www.ecoitaliano.com.ar\/wp-content\/uploads\/2018\/04\/29179005_1607417929296122_393672379101947559_n.jpg\"><img decoding=\"async\" class=\"alignnone size-full wp-image-3681\" src=\"http:\/\/www.ecoitaliano.com.ar\/wp-content\/uploads\/2018\/04\/29179005_1607417929296122_393672379101947559_n.jpg\" alt=\"\" width=\"472\" height=\"699\" \/><\/a><\/p>\n<p class=\"western\"><a name=\"_GoBack\"><\/a> <span style=\"font-family: Garamond, serif;\"><span style=\"font-size: small;\">17 aprile 2018<\/span><\/span><\/p>\n<p class=\"western\" align=\"center\"><span style=\"font-family: Garamond, serif;\"><span style=\"font-size: large;\"><b>INIZIATIVA DI SOLIDARIETA\u2019 VERSO IL POPOLO DEL VENEZUELA<\/b><\/span><\/span><\/p>\n<p class=\"western\" align=\"center\"><span style=\"font-family: Garamond, serif;\"><b>A Villa Sant\u2019Angelo, il 15 aprile, nell\u2019ambito del 2\u00b0 Convegno Acli Terra sulla Civilt\u00e0 Contadina <\/b><\/span><\/p>\n<p class=\"western\" align=\"center\"><span style=\"font-family: Garamond, serif;\">di<\/span><span style=\"font-family: Garamond, serif;\"><b> Goffredo Palmerini<\/b><\/span><\/p>\n<p class=\"western\" align=\"justify\"><span style=\"font-family: Garamond, serif;\"><span style=\"font-size: small;\">L\u2019AQUILA \u2013 Si \u00e8 svolto domenica 15 aprile a <\/span><\/span><span style=\"font-family: Garamond, serif;\"><span style=\"font-size: small;\"><b>Villa Sant\u2019Angelo<\/b><\/span><\/span><span style=\"font-family: Garamond, serif;\"><span style=\"font-size: small;\"> (L\u2019Aquila) il <\/span><\/span><span style=\"font-family: Garamond, serif;\"><span style=\"font-size: small;\"><b>2\u00b0 Convegno sulla Civilt\u00e0 Contadina<\/b><\/span><\/span><span style=\"font-family: Garamond, serif;\"><span style=\"font-size: small;\"> promosso da Acli Terra, dal Comune e dal CSI. L\u2019iniziativa si \u00e8 svolta nel Centro Sociale \u201cGaetano Bafile\u201d, realizzato anche grazie ad una donazione degli abruzzesi del <\/span><\/span><span style=\"font-family: Garamond, serif;\"><span style=\"font-size: small;\"><b>Venezuela<\/b><\/span><\/span><span style=\"font-family: Garamond, serif;\"><span style=\"font-size: small;\"> dopo il terremoto del 6 aprile 2009, che lasci\u00f2 sotto le macerie 17 vittime e distrusse il paese, che ora sta finalmente rinascendo. Dunque non casuale l\u2019intitolazione della bella struttura a <\/span><\/span><span style=\"font-family: Garamond, serif;\"><span style=\"font-size: small;\"><b>Gaetano Bafile<\/b><\/span><\/span><span style=\"font-family: Garamond, serif;\"><span style=\"font-size: small;\">, gi\u00e0 fondatore &#8211; con <\/span><\/span><span style=\"font-family: Garamond, serif;\"><span style=\"font-size: small;\"><b>Attilio Cecchini<\/b><\/span><\/span><span style=\"font-family: Garamond, serif;\"><span style=\"font-size: small;\"> e Padre <\/span><\/span><span style=\"font-family: Garamond, serif;\"><span style=\"font-size: small;\"><b>Ernesto Scanagatta<\/b><\/span><\/span><span style=\"font-family: Garamond, serif;\"><span style=\"font-size: small;\"> &#8211; della <\/span><\/span><span style=\"font-family: Garamond, serif;\"><span style=\"font-size: small;\"><b>Voce d\u2019Italia<\/b><\/span><\/span><span style=\"font-family: Garamond, serif;\"><span style=\"font-size: small;\"> di Caracas, testata non solo d\u2019informazione per i nostri emigrati ma anche importante presidio di difesa della comunit\u00e0 italiana in Venezuela, specie nei difficili anni Cinquanta dello scorso secolo. Oggi il quotidiano, diretto da <\/span><\/span><span style=\"font-family: Garamond, serif;\"><span style=\"font-size: small;\"><b>Mauro Bafile<\/b><\/span><\/span><span style=\"font-family: Garamond, serif;\"><span style=\"font-size: small;\"> figlio del fondatore, \u00e8 in versione digitale e continua la sua opera d\u2019informazione e di promozione della cultura italiana. <\/span><\/span><\/p>\n<p class=\"western\" align=\"justify\"><span style=\"font-family: Garamond, serif;\"><span style=\"font-size: small;\">Tornando al Convegno, che \u00e8 stato moderato dal giornalista e scrittore <\/span><\/span><span style=\"font-family: Garamond, serif;\"><span style=\"font-size: small;\"><b>Angelo De Nicola<\/b><\/span><\/span><span style=\"font-family: Garamond, serif;\"><span style=\"font-size: small;\">, i lavori hanno preso il via alle ore 17 con i saluti di <\/span><\/span><span style=\"font-family: Garamond, serif;\"><span style=\"font-size: small;\"><b>Domenico Nardis<\/b><\/span><\/span><span style=\"font-family: Garamond, serif;\"><span style=\"font-size: small;\">, sindaco di Villa Sant\u2019Angelo, <\/span><\/span><span style=\"font-family: Garamond, serif;\"><span style=\"font-size: small;\"><b>Mons. Orlando Antonini<\/b><\/span><\/span><span style=\"font-family: Garamond, serif;\"><span style=\"font-size: small;\">, Nunzio apostolico nato a Villa Sant\u2019Angelo, <\/span><\/span><span style=\"font-family: Garamond, serif;\"><span style=\"font-size: small;\"><b>Ernesto Placidi<\/b><\/span><\/span><span style=\"font-family: Garamond, serif;\"><span style=\"font-size: small;\">, presidente Acli Terra, <\/span><\/span><span style=\"font-family: Garamond, serif;\"><span style=\"font-size: small;\"><b>Oreste De Matteis<\/b><\/span><\/span><span style=\"font-family: Garamond, serif;\"><span style=\"font-size: small;\">, presidente del Circolo Parrocchiale e vissuto per 60 anni in Venezuela, e <\/span><\/span><span style=\"font-family: Garamond, serif;\"><span style=\"font-size: small;\"><b>Pierluigi Biondi<\/b><\/span><\/span><span style=\"font-family: Garamond, serif;\"><span style=\"font-size: small;\">, gi\u00e0 sindaco di Villa Sant\u2019angelo e ora sindaco dell\u2019Aquila. Commozione ed emozioni durante il ricordo che <\/span><\/span><span style=\"font-family: Garamond, serif;\"><span style=\"font-size: small;\"><b>Lorenzo Coletti<\/b><\/span><\/span><span style=\"font-family: Garamond, serif;\"><span style=\"font-size: small;\">, presidente provinciale di Acli Terra, ha fatto di <\/span><\/span><span style=\"font-family: Garamond, serif;\"><span style=\"font-size: small;\"><b>Remo Nardis<\/b><\/span><\/span><span style=\"font-family: Garamond, serif;\"><span style=\"font-size: small;\">, provetto \u201cnorcino\u201d e grande cultore della lavorazione delle carni di maiale, aspetto questo della cultura contadina che ha ispirato un vero e proprio concorso a premi \u201c<\/span><\/span><span style=\"font-family: Garamond, serif;\"><span style=\"font-size: small;\"><i>Grande verro<\/i><\/span><\/span><span style=\"font-family: Garamond, serif;\"><span style=\"font-size: small;\">\u201d tra produttori di salumi, con i riconoscimenti ai finalisti consegnati nel corso della manifestazione.<\/span><\/span><\/p>\n<p class=\"western\" align=\"justify\"><span style=\"font-family: Garamond, serif;\"><span style=\"font-size: small;\">Sono seguite quindi le due relazioni previste dal programma, affidate a <\/span><\/span><span style=\"font-family: Garamond, serif;\"><span style=\"font-size: small;\"><b>Mario Santucci<\/b><\/span><\/span><span style=\"font-family: Garamond, serif;\"><span style=\"font-size: small;\"> e <\/span><\/span><span style=\"font-family: Garamond, serif;\"><span style=\"font-size: small;\"><b>Goffredo Palmerini<\/b><\/span><\/span><span style=\"font-family: Garamond, serif;\"><span style=\"font-size: small;\">. Davvero assai interessante la relazione \u201c<\/span><\/span><span style=\"font-family: Garamond, serif;\"><span style=\"font-size: small;\"><i>Il ruolo della donna nella civilt\u00e0 contadina<\/i><\/span><\/span><span style=\"font-family: Garamond, serif;\"><span style=\"font-size: small;\">\u201d, svolta da Mario Santucci \u2013 economista, antropologo e cultore di musica popolare \u2013 che nel suo intervento ricco di richiami letterari e alle tradizioni, alla spiritualit\u00e0, al rispetto della natura e alla saggezza del mondo rurale, ha messo a confronto la civilt\u00e0 contadina con i suoi valori e il parossismo della modernit\u00e0. In questa riflessione esaltando il ruolo della donna nella civilt\u00e0 contadina, primario nella gestione dell\u2019economia familiare, ma anche nei significativi eventi come nascita, matrimomio e morte, intesi nel loro senso profondo. Una cultura, quella del mondo contadino, che sapeva dare il valore al tempo, all\u2019attesa e all\u2019ascolto, al ciclo delle stagioni, al rispetto della natura, alla comprensione dei suoi fenomeni. Dunque la sintesi della relazione con l\u2019invito a recuperare, anche nella vita della societ\u00e0 attuale, quel senso di comunit\u00e0 e di valori autentici propri della cultura contadina. Il pubblico, che ha riempito totalmente la grande sala della struttura, ha seguito con forte attenzione le intense argomentazioni proposte da Mario Santucci, salutandole con un prolungato applauso. <\/span><\/span><\/p>\n<p class=\"western\" align=\"justify\"><span style=\"font-family: Garamond, serif;\"><span style=\"font-size: small;\">A questo punto <\/span><\/span><span style=\"font-family: Garamond, serif;\"><span style=\"font-size: small;\"><b>Angelo De Nicola<\/b><\/span><\/span><span style=\"font-family: Garamond, serif;\"><span style=\"font-size: small;\">, anticipando un\u2019iniziativa nel Centro \u201cGaetano Bafile\u201d che vedr\u00e0 protagonista il suo prossimo libro su una grande firma del giornalismo in Venezuela e nell\u2019America Latina, con importanti riferimenti alla Voce d\u2019Italia, ha dato la parola a chi scrive per la seconda relazione in agenda \u201c<\/span><\/span><span style=\"font-family: Garamond, serif;\"><span style=\"font-size: small;\"><i>L\u2019emigrazione italiana in Venezuela. Ruolo sociale e culturale degli abruzzesi<\/i><\/span><\/span><span style=\"font-family: Garamond, serif;\"><span style=\"font-size: small;\">\u201d. L\u2019intervento, che qui di seguito si riporta integralmente, ha teso in particolare a focalizzare la forte contraddizione di un Paese ricco di risorse naturali e di potenzialit\u00e0, qual \u00e8 il Venezuela, con l\u2019attuale drammatica situazione politica, economica e sociale che vede il popolo veneuelano ridotto alla fame e a problemi sanitari e sociali di estrema gravit\u00e0. Proprio in soccorso del popolo venezuelano, infatti, sono destinate le iniziative di questa giornata molto partecipata, che ha visto destinato l\u2019intero ricavato della cena (per oltre 200 ospiti) al progetto <\/span><\/span><span style=\"font-family: Garamond, serif;\"><span style=\"font-size: small;\"><i><b>ALI PER IL VENEZUELA<\/b><\/i><\/span><\/span><span style=\"font-family: Garamond, serif;\"><span style=\"font-size: small;\">, che meritoriamente da oltre tre anni raccoglie medicinali in tutta Italia e li recapita direttamente nel Paese latinoamericano secondo le priorit\u00e0 di bisogno. Il progetto, promosso dall\u2019Associazione Latinoamericana in Italia (<\/span><\/span><span style=\"font-family: Garamond, serif;\"><span style=\"font-size: small;\"><b>ALI<\/b><\/span><\/span><span style=\"font-family: Garamond, serif;\"><span style=\"font-size: small;\">) riconosciuta Onlus nel 2017, sta facendo cose davvero straordinarie per il Venezuela, con una rilevante risposta dall\u2019Abruzzo \u2013 il presidente, <\/span><\/span><span style=\"font-family: Garamond, serif;\"><span style=\"font-size: small;\"><b>Edoardo Leombruni<\/b><\/span><\/span><span style=\"font-family: Garamond, serif;\"><span style=\"font-size: small;\">, \u00e8 un medico abruzzese che ha vissuto diversi anni in Venezuela \u2013 e dal resto d\u2019Italia. Infine la cena, servita dalle volontarie dell\u2019associazione ALI vestite con i colori nazionali del Venezuela, \u00e8 stata allietata dai ritmi trascinanti della canzone napoletana, nella splendida preformance del Gruppo etnico \u201cNapulammore\u201d.<\/span><\/span><\/p>\n<p class=\"western\" align=\"center\"><span style=\"font-family: Garamond, serif;\"><b>***<\/b><\/span><\/p>\n<p class=\"western\" align=\"center\"><span style=\"font-family: Garamond, serif;\"><b>L\u2019emigrazione abruzzese in Venezuela<\/b><\/span><\/p>\n<p class=\"western\" align=\"justify\">\u201c<span style=\"font-family: Garamond, serif;\"><span style=\"font-size: small;\">[\u2026] La terra del <\/span><\/span><span style=\"font-family: Garamond, serif;\"><span style=\"font-size: small;\"><b>Venezuela<\/b><\/span><\/span><span style=\"font-family: Garamond, serif;\"><span style=\"font-size: small;\"> fu scoperta da <\/span><\/span><span style=\"font-family: Garamond, serif;\"><span style=\"font-size: small;\"><b>Cristoforo Colombo<\/b><\/span><\/span><span style=\"font-family: Garamond, serif;\"><span style=\"font-size: small;\"> al suo terzo viaggio, nel 1498. Abitata dagli indigeni Aruachi e Caribi, per la Spagna fu dura impresa conquistarla, quasi un secolo, per la tenace resistenza dei nativi. E tuttavia i conquistatori sotto le insegne di <\/span><\/span><span style=\"font-family: Garamond, serif;\"><span style=\"font-size: small;\"><b>Carlo V<\/b><\/span><\/span><span style=\"font-family: Garamond, serif;\"><span style=\"font-size: small;\"> &#8211; il re sul cui impero non tramontava mai il sole &#8211; su quegli scampoli di territorio occupato, nel 1567, fondavano Caracas ed iniziavano quella depredazione di risorse, come gi\u00e0 in altre terre del continente alla ricerca dell\u2019oro, alla quale anni pi\u00f9 tardi furono destinate consistenti schiere di schiavi dall\u2019Africa. Inutile aggiungere che guerre, malattie e schiavit\u00f9 decimarono i nativi di quella terra ricca, bella e rigogliosa. Nel corso del Settecento, vani si rivelarono i tentativi della classe creola di sollevarsi contro gli spagnoli. Assai violenta fu la rivolta dei <\/span><\/span><span style=\"font-family: Garamond, serif;\"><span style=\"font-size: small;\"><i>comuneros<\/i><\/span><\/span><span style=\"font-family: Garamond, serif;\"><span style=\"font-size: small;\">, intorno agli anni ottanta di quel secolo. Come del pari fall\u00ec, nel 1806, l\u2019insurrezione capeggiata da <\/span><\/span><span style=\"font-family: Garamond, serif;\"><span style=\"font-size: small;\"><b>Francisco de Miranda<\/b><\/span><\/span><span style=\"font-family: Garamond, serif;\"><span style=\"font-size: small;\">. Cinque anni dopo <\/span><\/span><span style=\"font-family: Garamond, serif;\"><span style=\"font-size: small;\"><b>Simon Bolivar<\/b><\/span><\/span><span style=\"font-family: Garamond, serif;\"><span style=\"font-size: small;\">, l\u2019uomo del destino, con un pi\u00f9 fortunato tentativo port\u00f2 alla prima proclamazione d\u2019indipendenza del Venezuela, con una Costituzione federale ispirata a quella americana. Ebbe vita breve. In un anno la Spagna spazz\u00f2 via i rivoltosi e ricostitu\u00ec lo <\/span><\/span><span style=\"font-family: Garamond, serif;\"><span style=\"font-size: small;\"><i>status quo ante<\/i><\/span><\/span><span style=\"font-family: Garamond, serif;\"><span style=\"font-size: small;\">. <\/span><\/span><\/p>\n<p class=\"western\" align=\"justify\"><span style=\"font-family: Garamond, serif;\"><span style=\"font-size: small;\"><b>Simon Bolivar<\/b><\/span><\/span><span style=\"font-family: Garamond, serif;\"><span style=\"font-size: small;\">, l\u2019eroe nazionale, era nato a <\/span><\/span><span style=\"font-family: Garamond, serif;\"><span style=\"font-size: small;\"><b>Caracas<\/b><\/span><\/span><span style=\"font-family: Garamond, serif;\"><span style=\"font-size: small;\"> nel 1783 da una ricca famiglia d\u2019origine spagnola. Spirito romantico e avventuroso, aveva vissuto alcuni anni in <\/span><\/span><span style=\"font-family: Garamond, serif;\"><span style=\"font-size: small;\"><b>Spagna<\/b><\/span><\/span><span style=\"font-family: Garamond, serif;\"><span style=\"font-size: small;\">, visitato gli <\/span><\/span><span style=\"font-family: Garamond, serif;\"><span style=\"font-size: small;\"><b>Stati Uniti d\u2019America<\/b><\/span><\/span><span style=\"font-family: Garamond, serif;\"><span style=\"font-size: small;\">, l\u2019<\/span><\/span><span style=\"font-family: Garamond, serif;\"><span style=\"font-size: small;\"><b>Italia<\/b><\/span><\/span><span style=\"font-family: Garamond, serif;\"><span style=\"font-size: small;\"> e sopra tutto la <\/span><\/span><span style=\"font-family: Garamond, serif;\"><span style=\"font-size: small;\"><b>Francia<\/b><\/span><\/span><span style=\"font-family: Garamond, serif;\"><span style=\"font-size: small;\">, dove s\u2019era imbevuto dei princ\u00ecpi dell\u2019Illuminismo e delle idee di Rousseau. Tornato in patria, nel 1810 aveva promosso e realizzato quella prima effimera indipendenza del <\/span><\/span><span style=\"font-family: Garamond, serif;\"><span style=\"font-size: small;\"><b>Venezuela<\/b><\/span><\/span><span style=\"font-family: Garamond, serif;\"><span style=\"font-size: small;\">. Poi numerosi altri tentativi erano andati a vuoto. Bisogna attendere il 1819 per veder avviarsi il Paese all\u2019indipendenza vera, con i primi successi sul campo e con il Congresso di Angostura, oggi Ciudad Bolivar. Quindi, negli anni seguenti, con le vittorie di Carabobo e Maracaibo che portarono alla completa liberazione del Paese. Ma non solo. Perch\u00e9 in quegli stessi anni, e fino al 1825, Bolivar determin\u00f2 la liberazione della <\/span><\/span><span style=\"font-family: Garamond, serif;\"><span style=\"font-size: small;\"><b>Colombia<\/b><\/span><\/span><span style=\"font-family: Garamond, serif;\"><span style=\"font-size: small;\">, dell\u2019<\/span><\/span><span style=\"font-family: Garamond, serif;\"><span style=\"font-size: small;\"><b>Ecuador <\/b><\/span><\/span><span style=\"font-family: Garamond, serif;\"><span style=\"font-size: small;\">e la definitiva sconfitta degli spagnoli, in <\/span><\/span><span style=\"font-family: Garamond, serif;\"><span style=\"font-size: small;\"><b>Per\u00f9<\/b><\/span><\/span><span style=\"font-family: Garamond, serif;\"><span style=\"font-size: small;\"> e nell\u2019Alto Per\u00f9, chiamato poi <\/span><\/span><span style=\"font-family: Garamond, serif;\"><span style=\"font-size: small;\"><b>Bolivia<\/b><\/span><\/span><span style=\"font-family: Garamond, serif;\"><span style=\"font-size: small;\"> in suo onore, conquistati grazie all\u2019azione congiunta con il generale argentino <\/span><\/span><span style=\"font-family: Garamond, serif;\"><span style=\"font-size: small;\"><b>Jos\u00e8 de San Martin<\/b><\/span><\/span><span style=\"font-family: Garamond, serif;\"><span style=\"font-size: small;\">. <\/span><\/span><\/p>\n<p class=\"western\" align=\"justify\"><span style=\"font-family: Garamond, serif;\"><span style=\"font-size: small;\">Sognava una Confederazione sud americana, il \u201c<\/span><\/span><span style=\"font-family: Garamond, serif;\"><span style=\"font-size: small;\"><i>Libertador\u201d<\/i><\/span><\/span><span style=\"font-family: Garamond, serif;\"><span style=\"font-size: small;\"> Bolivar, infrantasi tuttavia per le rivalit\u00e0 tra generali e per l\u2019inizio del suo declino che, nonostante l\u2019assunzione di poteri dittatoriali, nel 1830 lo port\u00f2 alle dimissioni. Lasci\u00f2 il <\/span><\/span><span style=\"font-family: Garamond, serif;\"><span style=\"font-size: small;\"><b>Venezuela<\/b><\/span><\/span><span style=\"font-family: Garamond, serif;\"><span style=\"font-size: small;\"> per andare in Colombia dove, il 17 dicembre di quell\u2019anno, mor\u00ec a <\/span><\/span><span style=\"font-family: Garamond, serif;\"><span style=\"font-size: small;\"><b>Santa Marta<\/b><\/span><\/span><span style=\"font-family: Garamond, serif;\"><span style=\"font-size: small;\"> dettando il testamento politico. La sua notevole opera, se da un lato aveva assicurato l\u2019indipendenza a tanti Paesi sudamericani, non risolse la questione delle libert\u00e0 democratiche e dello Stato di diritto, a dispetto della giovanile formazione illuminista. Tanto che il Venezuela, dalla sua nascita, ha continuato a pencolare tra dittature, regimi autoritari di militari golpisti, parentesi democratiche e tentazioni populiste, qualunque sia stato il colore. Fino ai giorni nostri. Oggi \u00e8 una repubblica federale, a carattere presidenziale, formata da 22 Stati ed un Distretto.<\/span><\/span><\/p>\n<p class=\"western\" align=\"justify\"><span style=\"font-family: Garamond, serif;\"><span style=\"font-size: small;\">E tuttavia il Venezuela \u00e8 davvero un paese dalle grandi prospettive, per le ricchezze naturali di cui dispone e per la notevole diversit\u00e0 del territorio. Grande tre volte l\u2019Italia, il Venezuela ha un ambiente che varia dai monti della cordigliera andina orientale, con cime fino a cinquemila metri (Merida, m.5002) anche con nevi eterne, alle foreste amazzoniche, dalla grande pianura centrale attraversata dall\u2019Orinoco fino al vastissimo delta del fiume, dalle valli raccolte tra le catene montuose, le cui propaggini si spingono ben oltre Caracas, alle depressioni interne fino al grande lago di Maracaibo. Diversi i climi e le vegetazioni che consentono una notevole variabilit\u00e0 delle colture. Oggi va crescendo la produzione interna di riso, mais, sesamo e banane, mentre si destina all\u2019esportazione canna da zucchero, caff\u00e8, cacao, cotone e tabacco. In crescita l\u2019allevamento del bestiame: bovini, suini e caprini, ma anche volatili, nelle aree di Valencia e Maracaibo, e i prodotti ittici. <\/span><\/span><\/p>\n<p class=\"western\" align=\"justify\"><span style=\"font-family: Garamond, serif;\"><span style=\"font-size: small;\">Rilevanti sono le risorse del sottosuolo, petrolio e gas naturale, specie nell\u2019area occidentale. In parte raffinato in <\/span><\/span><span style=\"font-family: Garamond, serif;\"><span style=\"font-size: small;\"><b>Venezuela<\/b><\/span><\/span><span style=\"font-family: Garamond, serif;\"><span style=\"font-size: small;\">, l\u2019oro nero alimenta l\u2019industria petrolchimica per la produzione di materie plastiche e fertilizzanti. Notevoli i giacimenti di ferro destinati al settore siderurgico e, nella Guiana, bauxite, manganese, oro e diamanti. Importante la produzione di legno pregiato. In crescita i settori industriali di trasformazione, vetro e cemento, il tessile e l\u2019alimentare. La bilancia commerciale, con l\u2019esportazione del petrolio e derivati, mantiene un forte attivo. Anche il turismo, sulle coste splendide come sulle isole e nell\u2019interno, sta conoscendo una promettente stagione, purtroppo ristretta nelle sue potenzialit\u00e0 dai problemi di sicurezza. La criminalit\u00e0 che assilla il Paese, tra gli handicap uno dei pi\u00f9 avvertiti, agisce come un pesante freno alla crescita dell\u2019economia e si scarica sulle condizioni di vita della societ\u00e0 venezuelana, specie nelle grandi citt\u00e0. E\u2019 una questione ancora irrisolta e limita fortemente le possibilit\u00e0 d\u2019investimento dall\u2019estero. [\u2026]\u201d<\/span><\/span><\/p>\n<p class=\"western\" align=\"justify\"><span style=\"font-family: Garamond, serif;\"><span style=\"font-size: small;\">Queste annotazioni scrivevo tra l\u2019altro in un ampio un reportage di viaggio in Venezuela e risalgono al 2009, quando visitai quel Paese. E\u2019 uno stralcio d\u2019un capitolo del mio libro <\/span><\/span><span style=\"font-family: Garamond, serif;\"><span style=\"font-size: small;\"><i><b>L\u2019Aquila nel mondo<\/b><\/i><\/span><\/span><span style=\"font-family: Garamond, serif;\"><span style=\"font-size: small;\"> (One Group Edizioni, 2010). Sono tuttavia utili a far comprendere quanto da un lato la Natura sia stata generosa nel fare \u201cricco\u201d questo meraviglioso Paese affacciato sul Mar dei Caraibi, avviatosi dal secondo dopoguerra ad un promettente sviluppo, anche grazie all\u2019emigrazione italiana (e abruzzese, in particolare). In questo vero e proprio Eden, il <\/span><\/span><span style=\"font-family: Garamond, serif;\"><span style=\"font-size: small;\"><b>Venezuela<\/b><\/span><\/span><span style=\"font-family: Garamond, serif;\"><span style=\"font-size: small;\">, s<\/span><\/span><span style=\"font-family: Garamond, serif;\"><span style=\"font-size: small;\">i possono indicare tre diverse fasi nella storia dell\u2019emigrazione italiana: i flussi a cavallo tra il XIX e il XX secolo (1830-1926), quelli contemporanei allo sviluppo dell\u2019industria petrolifera (1927-1948) e, infine, l\u2019immigrazione massiccia del secondo dopoguerra (dal 1948 in poi). Nel corso della prima fase gli arrivi dei migranti italiani sono modesti e ben al di sotto delle aspettative delle classi dirigenti venezuelane che, tramite la politica dell\u2019immigrazione assistita e la creazione di colonie miste di stranieri e autoctoni, intendono intensificare la produzione agricola nazionale e promuovere le esportazioni all\u2019estero. Durante la seconda fase si realizza lo sfruttamento intensivo delle risorse minerarie e dei giacimenti petroliferi del Paese: tra il 1921 e il 1935 si passa da circa un milione di barili all\u2019estrazione di 150 milioni di barili di petrolio. Il Venezuela non \u00e8 pi\u00f9 uno Stato a base prevalentemente agricola e rurale, ma il primo esportatore di petrolio al mondo. Gli italiani che arrivano in questi anni per\u00f2, non partecipano in modo significativo alle attivit\u00e0 petrolifere, inserendosi prevalentemente in altri settori, in primo luogo il commercio, i servizi e l\u2019edilizia e in misura minore l\u2019agricoltura. Si tratta perlopi\u00f9 di persone che giungono nel Paese in modo spontaneo, senza avvalersi delle agevolazioni previste dalle locali leggi sull\u2019immigrazione, privi di permessi ufficiali e di referenze lavorative.<\/span><\/span><\/p>\n<p class=\"western\" align=\"justify\"><span style=\"font-family: Garamond, serif;\"><span style=\"font-size: small;\">Stando ai dati delle rilevazioni censuarie, gli italiani residenti in Venezuela sono 2.652 nel 1936 e 3.137 nel 1941, un numero del tutto in linea con quelli registrati nei decenni precedenti. \u00c8 solo negli anni del secondo dopoguerra che la presenza italiana in Venezuela si lega a un fenomeno d\u2019emigrazione consistente, intenso e prolungato. Nel giro di un solo decennio si stima che siano giunti nel Paese circa 200 mila italiani. Lo Stato assume professionisti preparati e si convocano le ditte internazionali per la costruzione di strade, autostrade, ponti, gallerie, centrali elettriche, porti e aeroporti. Si realizzano opere a un ritmo vertiginoso e con un\u2019efficacia che si esprime nel rispetto dei tempi e dei costi preventivati. Questo \u00e8 il momento del maggior flusso dell\u2019emigrazione italiana: alcuni sono tecnici, ma la gran maggioranza, di origine contadina, trova un Paese tutto da realizzare con una popolazione che solo in quegli anni ha accesso a scuole tecniche e professionali. L\u2019intraprendenza degli italiani permetta a molti, se non a tutti, di assurgere in pochi anni dallo <\/span><\/span><span style=\"font-family: Garamond, serif;\"><span style=\"font-size: small;\"><i>status <\/i><\/span><\/span><span style=\"font-family: Garamond, serif;\"><span style=\"font-size: small;\">di operaio a quello di datore di lavoro. Sono giovani e i tempi duri seguiti alla Seconda guerra mondiale, vissuti in zone povere dell\u2019Italia, rendono ancor pi\u00f9 attrattive le opportunit\u00e0 che s\u2019incontrano in Venezuela. Alcuni giungono anche dall\u2019Argentina dove si \u00e8 emigrati in un primo tempo con scarsa fortuna. <\/span><\/span><\/p>\n<p class=\"western\" align=\"justify\"><span style=\"font-family: Garamond, serif;\"><span style=\"font-size: small;\">L\u2019esperienza migratoria italiana in Venezuela rimane comunque caratterizzata da una diffusa buona riuscita sul piano economico. Le ricerche in merito confermano che gli italiani hanno raggiunto posizioni professionali influenti, quali quelle di manager e di direttore d\u2019azienda (35%), con una significativa differenza rispetto al complesso della popolazione (4,8%). Attualmente in Venezuela, stando ai dati AIRE (dal <\/span><\/span><span style=\"font-family: Garamond, serif;\"><span style=\"font-size: small;\"><i>Rapporto Italiani nel mondo<\/i><\/span><\/span><span style=\"font-family: Garamond, serif;\"><span style=\"font-size: small;\">, Migrantes 2014), risiedono 121.000 italiani. Ma sono dati che si riferiscono esclusivamente agli italiani che hanno conservato o riacquistato la cittadinanza italiana e non all\u2019intera comunit\u00e0 d\u2019origine italiana, ossia gli emigrati delle varie generazioni migratorie e gli oriundi. Gli italiani nel mondo iscritti all\u2019AIRE, nell\u2019ultima rilevazione, stanno intorno a 5 milioni. Una sparuta minoranza, se si pensa che gli italiani all\u2019estero, secondo le stime pi\u00f9 attendibili, sono ben 80 milioni. Un\u2019altra Italia pi\u00f9 grande di quella dentro i confini che dovunque nel mondo ha saputo conquistarsi rispetto e stima, contribuendo alla crescita dei Paesi d\u2019accoglienza e assumendovi man mano posizioni di rilievo nella societ\u00e0, nell\u2019economia, nelle istituzioni. Per quanto riguarda il Venezuela si stimano poco pi\u00f9 di un milione gli emigrati italiani e loro discendenti. Numerosa la comunit\u00e0 abruzzese: il citato Rapporto colloca il Venezuela al 4\u00b0 posto per l\u2019emigrazione dall\u2019Abruzzo (desunta dai dati AIRE), secondo una graduatoria d\u2019emigrazione che ai primi 10 posti vede Argentina, Svizzera, Belgio, Venezuela, Francia, Germania, Canada, Australia, Stati Uniti e Brasile. Attendibilmente oltre centomila sono gli Abruzzesi in Venezuela.<\/span><\/span><\/p>\n<p class=\"western\" align=\"justify\"><span style=\"font-family: Garamond, serif;\"><span style=\"font-size: small;\">Grande, dunque, il contributo reso dagli Abruzzesi alla crescita e allo sviluppo del Venezuela, presenti come sono in tutti gli Stati del Paese, e particolarmente nella capitale Caracas e nelle grandi citt\u00e0 (Valencia, Barquesimeto, Maracaibo, Merida, San Cristobal, Guanare, Maracay, Ciudad Bolivar, Valera, ecc.). Nelle maggiori aree urbane hanno costituito una rete associativa molto importante sul piano sociale e culturale. Dovunque gli Abruzzesi hanno assunto un ruolo rilevante nell\u2019imprenditoria, nell\u2019economia e nelle classi dirigenti del Paese. Una dimensione crescente, a partire dagli anni del secondo dopoguerra \u2013 quelli del grande fenomeno migratorio verso il Venezuela \u2013 che tuttavia negli ultimi anni con la mutata situazione politica, economica e sociale del Paese si \u00e8 forzatamente ridimensionata. L\u2019attuale regime politico, nelle mani del presidente <\/span><\/span><span style=\"font-family: Garamond, serif;\"><span style=\"font-size: small;\"><b>Nicolas Maduro<\/b><\/span><\/span><span style=\"font-family: Garamond, serif;\"><span style=\"font-size: small;\">, impiantato una ventina di anni fa da <\/span><\/span><span style=\"font-family: Garamond, serif;\"><span style=\"font-size: small;\"><b>Hugo Chavez<\/b><\/span><\/span><span style=\"font-family: Garamond, serif;\"><span style=\"font-size: small;\">, ha infatti ridotto in pochi anni alla miseria pi\u00f9 nera e alla fame il popolo venezuelano. Mancano medicine, generi alimentari e di prima necessit\u00e0, talvolta persino l\u2019acqua. E\u2019 una situazione terribile. Stanno tornando malattie che si ritenevano debellate, c\u2019\u00e8 un\u2019altissima mortalit\u00e0 infantile e senile per denutrizione e mancanza di cure mediche. C\u2019\u00e8 una fuga che pare una diaspora, specie verso la confinante Colombia, ma anche altrove dovunque sia possibile. <\/span><\/span><\/p>\n<p class=\"western\" align=\"justify\"><span style=\"font-family: Garamond, serif;\"><span style=\"font-size: small;\">Nel corso dell\u2019 <\/span><\/span><span style=\"font-family: Garamond, serif;\"><span style=\"font-size: small;\"><b>8\u00b0 Vertice delle Americhe<\/b><\/span><\/span><span style=\"font-family: Garamond, serif;\"><span style=\"font-size: small;\">, tenutosi nei giorni scorsi a <\/span><\/span><span style=\"font-family: Garamond, serif;\"><span style=\"font-size: small;\"><b>Lima<\/b><\/span><\/span><span style=\"font-family: Garamond, serif;\"><span style=\"font-size: small;\">, in Per\u00f9, al quale hanno partecipato capi di stato e di governo dei Paesi di Nord, Centro e Sud America, dove il presidente del Venezuela non ha potuto recarsi perch\u00e9 gli \u00e8 stato revocato l\u2019invito dalle autorit\u00e0 peruviane, \u00e8 stato sottoscritto un duro documento congiunto sul Venezuela, nel quale si afferma tra l\u2019altro che \u201cle elezioni presidenziali previste in Venezuela il prossimo 20 maggio saranno considerate prive di credibilit\u00e0 e legittimit\u00e0\u201d. I paesi firmatari si sono impegnati inoltre a promuovere iniziative per il ripristino della democrazia nelle istituzioni e per il rispetto dei diritti umani in Venezuela, con l\u2019invito alle organizzazioni internazionali a predisporre un piano di aiuti e di assistenza umanitaria ai Paesi che accolgono i rifugiati venezuelani. <\/span><\/span><span style=\"font-family: Garamond, serif;\"><span style=\"font-size: small;\">Qualche giorno fa l<\/span><\/span><span style=\"font-family: Garamond, serif;\"><span style=\"font-size: small;\">\u2019Organizzazione Internazionale per le Migrazioni (<\/span><\/span><span style=\"font-family: Garamond, serif;\"><span style=\"font-size: small;\"><b>OIM<\/b><\/span><\/span><span style=\"font-family: Garamond, serif;\"><span style=\"font-size: small;\">) di <\/span><\/span><span style=\"font-family: Garamond, serif;\"><span style=\"font-size: small;\"><b>Ginevra<\/b><\/span><\/span><span style=\"font-family: Garamond, serif;\"><span style=\"font-size: small;\"> ha comunicato che, tra il 2016 e il 2017, circa 1.600.000 venezuelani hanno abbandonato il Paese, ma l\u2019organismo precisa pure che nel 2015 ne erano usciti altri 700.000. Dunque, stando ai calcoli dell\u2019OIM, fuori dal Venezuela sarebbero andati in soli tre anni ben due milioni e 300mila venezuelani. L\u2019organismo internazionale informa inoltre che 885.000 si trovano nei Paesi del Sud America, 308.000 in Nord America, 78.000 in Centro America e 21.000 nell\u2019area caraibica. Una situazione che desta allarme, segnalando il Venezuela come un focolaio dal quale si deve scappare, in quanto Paese ormai completamente isolato a livello internazionale, colpito da sanzioni per le continue violazioni dei diritti umani e politici da parte del regime, che pur con imponenti manifestazioni popolari di protesta rimane tuttavia attaccato al potere con l\u2019uso dell\u2019esercito, della polizia e dei corpi speciali che agiscono nell\u2019impunit\u00e0. <\/span><\/span><\/p>\n<p class=\"western\" align=\"justify\"><span style=\"font-family: Garamond, serif;\"><span style=\"font-size: small;\">A ci\u00f2 s\u2019aggiunge una corruzione pubblica dilagante e l\u2019enorme problema della criminalit\u00e0 e della violenza urbana, che ogni giorno insanguina le citt\u00e0, mietendo vittime a migliaia, tra sequestri di persone, furti ed \u201cespropriazioni\u201d nei quali molti nostri connazionali (anche diversi abruzzesi) sono rimasti vittime. Una situazione drammatica che riguarda la gran parte della popolazione, fatta eccezione per le strutture legate al regime. Dunque di tale dramma sta patendo duramente anche la numerosa comunit\u00e0 italiana. Di questi nostri connazionali, chi si trova nelle condizioni di poter lasciare il Venezuela, sta emigrando in altri Paesi delle Americhe o rientrando in Italia, nelle regioni d\u2019origine. Ma la gran parte, per diversit\u00e0 di motivi, non ha possibilit\u00e0 di uscire, sia per gli alti costi dovuti ad un drogato tasso di cambio del bolivar con il dollaro, sia per un\u2019inflazione iperbolica che nel 2017 ha superato il 2700 percento. D\u2019altro canto rimanere significa non avere possibilit\u00e0 di acquistare quanto essenziale per vivere, soprattutto per curarsi, mancando dovunque medicinali salvavita e di ogni genere. Ecco perch\u00e9 appare meritoria l\u2019opera di <\/span><\/span><span style=\"font-family: Garamond, serif;\"><span style=\"font-size: small;\"><i>ALI PER IL VENEZUELA<\/i><\/span><\/span><span style=\"font-family: Garamond, serif;\"><span style=\"font-size: small;\"> in soccorso del popolo venezuelano, con le garanzie che offre nell\u2019arrivare direttamente a chi ha bisogno. Altri aiuti dal mondo, infatti, \u201cintercettati\u201d dalle autorit\u00e0 governative, spesso vanno ad alimentare il mercato nero. L\u2019iniziativa di questa sera, qui a <\/span><\/span><span style=\"font-family: Garamond, serif;\"><span style=\"font-size: small;\"><b>Villa Sant\u2019Angelo<\/b><\/span><\/span><span style=\"font-family: Garamond, serif;\"><span style=\"font-size: small;\">, \u00e8 un gesto significativo di amicizia e di solidariet\u00e0 verso il popolo venezuelano, sperando che presto possa finire la sua sofferenza e riprendere il cammino dello sviluppo e del benessere, cui ha pieno diritto di aspirare. <\/span><\/span><\/p>\n","protected":false},"excerpt":{"rendered":"<p>17 aprile 2018 INIZIATIVA DI SOLIDARIETA\u2019 VERSO IL POPOLO DEL VENEZUELA A Villa Sant\u2019Angelo, il 15 aprile, nell\u2019ambito del 2\u00b0 [&hellip;]<\/p>\n","protected":false},"author":1,"featured_media":0,"comment_status":"open","ping_status":"open","sticky":false,"template":"","format":"standard","meta":{"footnotes":""},"categories":[2,10],"tags":[],"class_list":["post-3672","post","type-post","status-publish","format-standard","hentry","category-informacion","category-italiano"],"_links":{"self":[{"href":"https:\/\/www.ecoitaliano.com.ar\/index.php?rest_route=\/wp\/v2\/posts\/3672","targetHints":{"allow":["GET"]}}],"collection":[{"href":"https:\/\/www.ecoitaliano.com.ar\/index.php?rest_route=\/wp\/v2\/posts"}],"about":[{"href":"https:\/\/www.ecoitaliano.com.ar\/index.php?rest_route=\/wp\/v2\/types\/post"}],"author":[{"embeddable":true,"href":"https:\/\/www.ecoitaliano.com.ar\/index.php?rest_route=\/wp\/v2\/users\/1"}],"replies":[{"embeddable":true,"href":"https:\/\/www.ecoitaliano.com.ar\/index.php?rest_route=%2Fwp%2Fv2%2Fcomments&post=3672"}],"version-history":[{"count":0,"href":"https:\/\/www.ecoitaliano.com.ar\/index.php?rest_route=\/wp\/v2\/posts\/3672\/revisions"}],"wp:attachment":[{"href":"https:\/\/www.ecoitaliano.com.ar\/index.php?rest_route=%2Fwp%2Fv2%2Fmedia&parent=3672"}],"wp:term":[{"taxonomy":"category","embeddable":true,"href":"https:\/\/www.ecoitaliano.com.ar\/index.php?rest_route=%2Fwp%2Fv2%2Fcategories&post=3672"},{"taxonomy":"post_tag","embeddable":true,"href":"https:\/\/www.ecoitaliano.com.ar\/index.php?rest_route=%2Fwp%2Fv2%2Ftags&post=3672"}],"curies":[{"name":"wp","href":"https:\/\/api.w.org\/{rel}","templated":true}]}}