{"id":36755,"date":"2023-05-03T21:00:19","date_gmt":"2023-05-03T21:00:19","guid":{"rendered":"http:\/\/www.ecoitaliano.com.ar\/?p=36755"},"modified":"2023-05-03T21:00:32","modified_gmt":"2023-05-03T21:00:32","slug":"serena-conduce-operaclassica-eco-italiano-2355","status":"publish","type":"post","link":"https:\/\/www.ecoitaliano.com.ar\/?p=36755","title":{"rendered":"Serena conduce operaclassica eco italiano"},"content":{"rendered":"<p><a href=\"http:\/\/www.ecoitaliano.com.ar\/wp-content\/uploads\/2023\/05\/dfgjo\u00e8.jpg\"><img decoding=\"async\" class=\"alignnone size-full wp-image-36756\" src=\"http:\/\/www.ecoitaliano.com.ar\/wp-content\/uploads\/2023\/05\/dfgjo\u00e8.jpg\" alt=\"\" width=\"281\" height=\"101\" srcset=\"https:\/\/www.ecoitaliano.com.ar\/wp-content\/uploads\/2023\/05\/dfgjo\u00e8.jpg 281w, https:\/\/www.ecoitaliano.com.ar\/wp-content\/uploads\/2023\/05\/dfgjo\u00e8-150x54.jpg 150w\" sizes=\"(max-width: 281px) 100vw, 281px\" \/><\/a><\/p>\n<p><strong>MICHELE GAMBA INTERPRETA ZIMMERMANN, POPPE E XENAKIS PER RAI NUOVAMUSICA<\/strong><\/p>\n<p>&nbsp;<\/p>\n<p><strong>Francesco D\u2019Orazio solista in\u00a0<em>Schnur<\/em>\u00a0per violino e orchestra di Enno Poppe<\/strong><\/p>\n<p>&nbsp;<\/p>\n<p><strong>Venerd\u00ec 5 maggio\u00a0a Torino e\u00a0domenica 7 maggio\u00a0al Teatro alla Scala<\/strong><\/p>\n<p>&nbsp;<\/p>\n<p>\u00c8\u00a0affidato al giovane direttore\u00a0<strong>Michele Gamba<\/strong>\u00a0l\u2019<strong>ultimo appuntamento di\u00a0Rai\u00a0NuovaMusica<\/strong>\u00a0\u2013 la consueta rassegna dell\u2019<strong>Orchestra Sinfonica Nazionale della Rai<\/strong>\u00a0dedicata alla\u00a0musica\u00a0di oggi, distribuita nel corso della stagione sinfonica \u2013 in programma\u00a0<strong>venerd\u00ec 5 maggio\u00a0alle 20.30\u00a0all\u2019Auditorium\u00a0Rai\u00a0\u201cArturo Toscanini\u201d di Torino<\/strong>. Il concerto \u00e8\u00a0trasmesso in diretta su Radio3 e in live streaming su\u00a0<a href=\"http:\/\/raicultura.it\/\">raicultura.it<\/a>, ed \u00e8 replicato\u00a0<strong>domenica 7 maggio alle 20.00\u00a0al Teatro alla Scala di Milano,<\/strong>\u00a0nell\u2019ambito della\u00a0<strong>32esima edizione del Festival Milano Musica<\/strong>, intitolata \u201cAzioni fuggitive\u201d.<\/p>\n<p>&nbsp;<\/p>\n<p>Balzato agli onori delle cronache\u00a0per\u00a0aver sostituito all\u2019ultimo momento\u00a0e\u00a0con\u00a0notevole successo il direttore titolare alla Scala nel 2016 nei\u00a0<em>Due Foscari<\/em>\u00a0di\u00a0Verdi, Gamba si sta affermando come interprete dalla grande versatilit\u00e0, con una notevole propensione per la musica contemporanea.<\/p>\n<p>Per\u00a0il suo ritorno sul podio dell\u2019Orchestra Rai\u00a0propone due grandi lavori orchestrali del compositore tedesco\u00a0Bernd Alois Zimmermann:\u00a0<em>Photoptosis<\/em>, in prima esecuzione italiana, e\u00a0<em>Stille und Umkehr<\/em>. Il primo, scritto nel 1968, come suggerisce il titolo\u00a0\u201cincidenza della luce\u201d,\u00a0\u00e8 ispirato alle pareti monocrome del Foyer del\u00a0Musiktheater im Revier a Gelsenkirchen, decorate da Yves Klein; il secondo, ultima composizione orchestrale dell\u2019autore, \u00e8 stato commissionato dalla citt\u00e0 di Norimberga che incaric\u00f2 Zimmermann di scrivere un\u2019opera su larga scala per commemorare l\u2019anniversario di Albrecht D\u00fcrer nel 1971.<\/p>\n<p>&nbsp;<\/p>\n<p>Si prosegue con la prima italiana di\u00a0<em>Schnur<\/em>\u00a0per violino e orchestra di Enno Poppe.\u00a0A interpretarlo \u00e8 chiamato il violinista\u00a0<strong>Francesco D\u2019Orazio<\/strong>, gi\u00e0 protagonista con l\u2019Orchestra Rai di numerosi concerti, oltre che di due incisioni, dedicate a Michael Nyman e an Ivan Fedele.\u00a0<em>Schnur\u00a0<\/em>\u00e8 stato commissionato dal Beethovenfest Bonn ed eseguito in prima assoluta nel settembre 2019 da Carolin Widmann e dalla NDR Elbphilharmonie Orchestrer diretta da Alan Gilbert.<\/p>\n<p>&nbsp;<\/p>\n<p>La serata si chiude con\u00a0<em>Jonchaies\u00a0<\/em>per grande orchestra<em>\u00a0<\/em>di Iannis Xenakis, brano del 1977 nel quale il compositore greco riesce a raggiungere una prodigiosa sintesi fra l\u2019azione compositiva di matrice matematica e la poetica orchestrale, riuscendo a restituire musicalmente l\u2019ambiente palustre al quale il titolo \u2013\u00a0letteralmente \u201cgiuncheto\u201d \u2013\u00a0fa riferimento.<\/p>\n<p>&nbsp;<\/p>\n<p>I biglietti per i concerti di Rai\u00a0NuovaMusica\u00a0\u2013\u00a0<a href=\"https:\/\/www.bigliettionline.rai.it\/\">in vendita online<\/a>\u00a0sul sito dell\u2019OSN Rai e presso la biglietteria dell\u2019Auditorium Rai di Torino\u00a0\u2013 sono proposti al prezzo unico di 5 euro per tutti e 3 euro per gli under 35. L\u2019ingresso \u00e8 gratuito per gli abbonati alla Stagione Sinfonica 2022\/2023, previa prenotazione del posto in biglietteria e salvo disponibilit\u00e0. Informazioni: 011.8104653 \u2013\u00a0biglietteria.osn@rai.it\u00a0\u2013\u00a0<a href=\"http:\/\/www.osn.rai.it\/\">www.osn.rai.it<\/a>.<\/p>\n<p>&nbsp;<\/p>\n<p>Per informazioni sul concerto di Milano Musica:\u00a0<a href=\"https:\/\/www.milanomusica.org\/it\/\">https:\/\/www.milanomusica.org\/it\/<\/a><\/p>\n<p><a href=\"http:\/\/www.ecoitaliano.com.ar\/wp-content\/uploads\/2023\/05\/Francesco-DOrazio.jpg\"><img decoding=\"async\" class=\"alignnone wp-image-36757\" src=\"http:\/\/www.ecoitaliano.com.ar\/wp-content\/uploads\/2023\/05\/Francesco-DOrazio-197x300.jpg\" alt=\"\" width=\"476\" height=\"725\" srcset=\"https:\/\/www.ecoitaliano.com.ar\/wp-content\/uploads\/2023\/05\/Francesco-DOrazio-197x300.jpg 197w, https:\/\/www.ecoitaliano.com.ar\/wp-content\/uploads\/2023\/05\/Francesco-DOrazio-768x1170.jpg 768w, https:\/\/www.ecoitaliano.com.ar\/wp-content\/uploads\/2023\/05\/Francesco-DOrazio-672x1024.jpg 672w, https:\/\/www.ecoitaliano.com.ar\/wp-content\/uploads\/2023\/05\/Francesco-DOrazio-98x150.jpg 98w\" sizes=\"(max-width: 476px) 100vw, 476px\" \/><\/a> <a href=\"http:\/\/www.ecoitaliano.com.ar\/wp-content\/uploads\/2023\/05\/Michele-Gamba_MG_2474.jpg\"><img decoding=\"async\" class=\"alignnone wp-image-36758\" src=\"http:\/\/www.ecoitaliano.com.ar\/wp-content\/uploads\/2023\/05\/Michele-Gamba_MG_2474-200x300.jpg\" alt=\"\" width=\"482\" height=\"723\" srcset=\"https:\/\/www.ecoitaliano.com.ar\/wp-content\/uploads\/2023\/05\/Michele-Gamba_MG_2474-200x300.jpg 200w, https:\/\/www.ecoitaliano.com.ar\/wp-content\/uploads\/2023\/05\/Michele-Gamba_MG_2474-768x1152.jpg 768w, https:\/\/www.ecoitaliano.com.ar\/wp-content\/uploads\/2023\/05\/Michele-Gamba_MG_2474-683x1024.jpg 683w, https:\/\/www.ecoitaliano.com.ar\/wp-content\/uploads\/2023\/05\/Michele-Gamba_MG_2474-100x150.jpg 100w\" sizes=\"(max-width: 482px) 100vw, 482px\" \/><\/a><\/p>\n","protected":false},"excerpt":{"rendered":"<p>MICHELE GAMBA INTERPRETA ZIMMERMANN, POPPE E XENAKIS PER RAI NUOVAMUSICA &nbsp; Francesco D\u2019Orazio solista in\u00a0Schnur\u00a0per violino e orchestra di Enno [&hellip;]<\/p>\n","protected":false},"author":1,"featured_media":0,"comment_status":"open","ping_status":"open","sticky":false,"template":"","format":"standard","meta":{"footnotes":""},"categories":[1],"tags":[],"class_list":["post-36755","post","type-post","status-publish","format-standard","hentry","category-sin-categoria"],"_links":{"self":[{"href":"https:\/\/www.ecoitaliano.com.ar\/index.php?rest_route=\/wp\/v2\/posts\/36755","targetHints":{"allow":["GET"]}}],"collection":[{"href":"https:\/\/www.ecoitaliano.com.ar\/index.php?rest_route=\/wp\/v2\/posts"}],"about":[{"href":"https:\/\/www.ecoitaliano.com.ar\/index.php?rest_route=\/wp\/v2\/types\/post"}],"author":[{"embeddable":true,"href":"https:\/\/www.ecoitaliano.com.ar\/index.php?rest_route=\/wp\/v2\/users\/1"}],"replies":[{"embeddable":true,"href":"https:\/\/www.ecoitaliano.com.ar\/index.php?rest_route=%2Fwp%2Fv2%2Fcomments&post=36755"}],"version-history":[{"count":0,"href":"https:\/\/www.ecoitaliano.com.ar\/index.php?rest_route=\/wp\/v2\/posts\/36755\/revisions"}],"wp:attachment":[{"href":"https:\/\/www.ecoitaliano.com.ar\/index.php?rest_route=%2Fwp%2Fv2%2Fmedia&parent=36755"}],"wp:term":[{"taxonomy":"category","embeddable":true,"href":"https:\/\/www.ecoitaliano.com.ar\/index.php?rest_route=%2Fwp%2Fv2%2Fcategories&post=36755"},{"taxonomy":"post_tag","embeddable":true,"href":"https:\/\/www.ecoitaliano.com.ar\/index.php?rest_route=%2Fwp%2Fv2%2Ftags&post=36755"}],"curies":[{"name":"wp","href":"https:\/\/api.w.org\/{rel}","templated":true}]}}