{"id":36798,"date":"2023-05-05T15:43:33","date_gmt":"2023-05-05T15:43:33","guid":{"rendered":"http:\/\/www.ecoitaliano.com.ar\/?p=36798"},"modified":"2023-05-05T15:43:33","modified_gmt":"2023-05-05T15:43:33","slug":"alberto-bevilacqua-fabrizio-de-andre-e-pierfranco-bruni-un-filo-letterario-e-di-amicizia-a-10-anni-dalla-scomparsa-di-bevilacqua-di-marilena-cavallo","status":"publish","type":"post","link":"https:\/\/www.ecoitaliano.com.ar\/?p=36798","title":{"rendered":"Alberto Bevilacqua, Fabrizio De Andr\u00e9 e Pierfranco Bruni. Un filo letterario e di amicizia a 10 anni dalla scomparsa di Bevilacqua di  Marilena Cavallo"},"content":{"rendered":"<div id='gallery-1' class='gallery galleryid-36798 gallery-columns-3 gallery-size-thumbnail'><figure class='gallery-item'>\n\t\t\t<div class='gallery-icon landscape'>\n\t\t\t\t<a href='https:\/\/www.ecoitaliano.com.ar\/?attachment_id=36799'><img decoding=\"async\" width=\"150\" height=\"150\" src=\"https:\/\/www.ecoitaliano.com.ar\/wp-content\/uploads\/2023\/05\/20230505_160239-150x150.jpg\" class=\"attachment-thumbnail size-thumbnail\" alt=\"\" srcset=\"https:\/\/www.ecoitaliano.com.ar\/wp-content\/uploads\/2023\/05\/20230505_160239-150x150.jpg 150w, https:\/\/www.ecoitaliano.com.ar\/wp-content\/uploads\/2023\/05\/20230505_160239-300x300.jpg 300w, https:\/\/www.ecoitaliano.com.ar\/wp-content\/uploads\/2023\/05\/20230505_160239-768x768.jpg 768w, https:\/\/www.ecoitaliano.com.ar\/wp-content\/uploads\/2023\/05\/20230505_160239-1024x1024.jpg 1024w\" sizes=\"(max-width: 150px) 100vw, 150px\" \/><\/a>\n\t\t\t<\/div><\/figure><figure class='gallery-item'>\n\t\t\t<div class='gallery-icon landscape'>\n\t\t\t\t<a href='https:\/\/www.ecoitaliano.com.ar\/?attachment_id=36800'><img decoding=\"async\" width=\"150\" height=\"150\" src=\"https:\/\/www.ecoitaliano.com.ar\/wp-content\/uploads\/2023\/05\/download.jpeg-4-150x150.jpg\" class=\"attachment-thumbnail size-thumbnail\" alt=\"\" \/><\/a>\n\t\t\t<\/div><\/figure>\n\t\t<\/div>\n\n<p>&nbsp;<\/p>\n<p>&nbsp;<\/p>\n<div id=\":5j\" class=\"a3s aiL \">\n<div dir=\"auto\">\n<div class=\"adM\"><\/div>\n<div dir=\"auto\">Alberto Bevilacqua, Fabrizio De Andr\u00e9 e Pierfranco Bruni. Un filo letterario e di amicizia a 10 anni dalla scomparsa di Bevilacqua<\/div>\n<div dir=\"auto\"><\/div>\n<div dir=\"auto\">Marilena Cavallo<\/div>\n<div dir=\"auto\"><\/div>\n<div dir=\"auto\"><\/div>\n<div dir=\"auto\"><\/div>\n<div dir=\"auto\">Tra un anniversario e un consolidato rapporto di amicizia la letteratura si fa testimonianza tra documenti e ricordi. Il tramite di tutto resta Fabrizio de Andr\u00e9. L&#8217;anniversario \u00e8 il decennale della scomparsa di Alberto Bevilacqua, che ebbi modo di conoscere a Roma intorno al 2008\/2009. Il rapporto di amicizia \u00e8 tra Bevilacqua e Pierfranco Bruni che ha dedicato libri sia allo stesso Bevilacqua che a De Andr\u00e9. Fu proprio Bevilacqua a insistere di approfondire De Andr\u00e9 dal punto di vista delle matrice letterarie.<\/div>\n<p>Alberto Bevilacqua, nello scritto su De Andr\u00e9, ha affermato che Pierfranco Bruni \u00e8 \u201cUn saggista e un poeta che \u00e8 una garanzia, fra i pi\u00f9 lucidi e attenti nello studio delle correlazioni fra i \u2018personaggi creativi\u2019 del secolo\u201d\u00a0\u00a0 Nel libro dedicato ad Alberto Bevilacqua di Pierfranco Bruni, pubblicato dieci anni fa, c\u2019\u00e8 un capitolo in cui Bevilacqua scrive del lavoro dello stesso Bruni su Fabrizio De Andr\u00e9.<\/p>\n<div dir=\"auto\">Si tratta di una documentazione importante e testimonia soprattutto la competenza musicale di Alberto Bevilacqua nel confrontarsi con autori come il poeta de \u201cLa canzone dell\u2019amore perduto\u201d.\u00a0\u00a0 Pierfranco Bruni, che a Fabrizio De Andr\u00e8 si \u00e8 rivolto in pi\u00f9 occasioni con libri, saggi (editi anche da Rizzoli), conferenze, incontri che hanno posto all\u2019attenzione il legame tra poesia e musica, risulta, per Bevilacqua, uno dei maggiori conoscitori dell\u2019opera letteraria e musicale del poeta e cantautore genovese filtrando i grandi processi letterari.<br dir=\"auto\" \/>Il libro di Pierfranco Bruni che omaggia Bevilacqua \u00e8 stato pubblicato dall\u2019editore Pellegrini dal titolo: \u201cSpegnersi per non consumarsi. Io e Alberto Bevilacqua\u201d risulta ancora oggi molto attuale per celebrare il decennale della scomparsa dell&#8217;autore de \u00abLa califfa\u00bb e pone all\u2019attenzione sia l\u2019aspetto letterario che il legame di profondo affetto tra i due scrittori. Bruni nel 2000 aveva pubblicato la prima edizione del \u201cFabrizio De Andr\u00e9. Il cantico del sognatore mediterraneo\u201d, che ha visto, successivamente, ben quattro nuove versioni arricchito da foto concesse dalla Fondazione De Andr\u00e9 e da Dori Ghezzi. <br dir=\"auto\" \/>Nel sottolineare le articolazioni letterarie di Bevilacqua, Bruni ripropone la chiave di lettura di un rapporto tra lo scrittore Bevilacqua, il cantautore genovese e l\u2019afflato lirico dello stesso Bruni rivolto al mondo mediterraneo dell\u2019autore di \u201cAnime salve\u201d.<\/p>\n<div dir=\"auto\">Infatti Bevilacqua, riferendosi a Pierfranco Bruni, della edizione deandreana del 2002, ebbe a dire che Bruni \u00e8 \u201cun saggista e un poeta che \u00e8 una garanzia, fra i pi\u00f9 lucidi e attenti nello studio delle correlazioni fra i \u2018personaggi creativi\u2019 del secolo, senza condizionamenti di scuole o di parti. Lo definirei: \u2018Un mistico del talento, dovunque esista\u2019.\u201d\u00a0 E ancora, Bevilacqua analizzando il testo di Bruni sottolinea: \u201cCi troviamo di fronte a una vera e propria narrazione in cui la letteratura (quante citazioni,\u00a0 appropriate, naturali, dai poeti di ogni tempo, non per sfoggio di cultura, bens\u00ec per trasmettere emozioni) si intreccia con la vita\u201d. Aggiunge sempre Bevilacqua: \u201cQueste pagine che mi hanno toccato non definiscono solo il cantautore, ma un personaggio che ha caratterizzato il \u2018pensare\u2019 di alcune generazioni\u201d. <br dir=\"auto\" \/>Pierfranco Bruni intanto articola il suo lavoro su Alberto Bevilacqua attraversando le sue opere, ma soprattutto i suoi incontri. Si tratta del primo libro su Bevilacqua, scritto immediatamente dopo la morte di Alberto, che presenta un\u2019eleganza di linguaggio e una originale struttura narrativa.<br dir=\"auto\" \/>Alberto Bevilacqua scomparso il <a>9 settembre del 2013 resta una pietra miliare nel<\/a> viaggio di Bruni come anche Fabrizio De Andr\u00e8. La poesia, i linguaggi musicali e il narrato sono un percorso di ricerca che permette di individuare il senso del racconto e la musicalit\u00e0 della parola. Cosa \u00e8 stato Bevilacqua nella letteratura del Novecento? Cosa \u00e8 stato De Andr\u00e8 nel linguaggio poetico e musicale dagli cinquanta ad oggi? Cosa \u00e8 la scrittura di Pierfranco Bruni nel tempo della letteratura della modernit\u00e0? Un pensare che ci conduce alla nostra contemporaneit\u00e0 proprio attraverso i libri di Bruni tra una asistematicit\u00e0 filosofica e una visione onirica, metaforica dentro il pensiero metafisico.<\/div>\n<\/div>\n<\/div>\n<\/div>\n","protected":false},"excerpt":{"rendered":"<p>&nbsp; &nbsp; Alberto Bevilacqua, Fabrizio De Andr\u00e9 e Pierfranco Bruni. Un filo letterario e di amicizia a 10 anni dalla [&hellip;]<\/p>\n","protected":false},"author":1,"featured_media":0,"comment_status":"open","ping_status":"open","sticky":false,"template":"","format":"standard","meta":{"footnotes":""},"categories":[43,10],"tags":[],"class_list":["post-36798","post","type-post","status-publish","format-standard","hentry","category-historias","category-italiano"],"_links":{"self":[{"href":"https:\/\/www.ecoitaliano.com.ar\/index.php?rest_route=\/wp\/v2\/posts\/36798","targetHints":{"allow":["GET"]}}],"collection":[{"href":"https:\/\/www.ecoitaliano.com.ar\/index.php?rest_route=\/wp\/v2\/posts"}],"about":[{"href":"https:\/\/www.ecoitaliano.com.ar\/index.php?rest_route=\/wp\/v2\/types\/post"}],"author":[{"embeddable":true,"href":"https:\/\/www.ecoitaliano.com.ar\/index.php?rest_route=\/wp\/v2\/users\/1"}],"replies":[{"embeddable":true,"href":"https:\/\/www.ecoitaliano.com.ar\/index.php?rest_route=%2Fwp%2Fv2%2Fcomments&post=36798"}],"version-history":[{"count":0,"href":"https:\/\/www.ecoitaliano.com.ar\/index.php?rest_route=\/wp\/v2\/posts\/36798\/revisions"}],"wp:attachment":[{"href":"https:\/\/www.ecoitaliano.com.ar\/index.php?rest_route=%2Fwp%2Fv2%2Fmedia&parent=36798"}],"wp:term":[{"taxonomy":"category","embeddable":true,"href":"https:\/\/www.ecoitaliano.com.ar\/index.php?rest_route=%2Fwp%2Fv2%2Fcategories&post=36798"},{"taxonomy":"post_tag","embeddable":true,"href":"https:\/\/www.ecoitaliano.com.ar\/index.php?rest_route=%2Fwp%2Fv2%2Ftags&post=36798"}],"curies":[{"name":"wp","href":"https:\/\/api.w.org\/{rel}","templated":true}]}}