{"id":36802,"date":"2023-05-05T20:31:20","date_gmt":"2023-05-05T20:31:20","guid":{"rendered":"http:\/\/www.ecoitaliano.com.ar\/?p=36802"},"modified":"2023-05-05T20:31:20","modified_gmt":"2023-05-05T20:31:20","slug":"serena-conduce-operaclassica-eco-italiano-2358","status":"publish","type":"post","link":"https:\/\/www.ecoitaliano.com.ar\/?p=36802","title":{"rendered":"Serena conduce operaclassica eco italiano"},"content":{"rendered":"<p style=\"text-align: center;\"><a href=\"http:\/\/www.ecoitaliano.com.ar\/wp-content\/uploads\/2023\/05\/ghjk.jpg\"><img decoding=\"async\" class=\"alignnone size-full wp-image-36705\" src=\"http:\/\/www.ecoitaliano.com.ar\/wp-content\/uploads\/2023\/05\/ghjk.jpg\" alt=\"\" width=\"244\" height=\"119\" srcset=\"https:\/\/www.ecoitaliano.com.ar\/wp-content\/uploads\/2023\/05\/ghjk.jpg 244w, https:\/\/www.ecoitaliano.com.ar\/wp-content\/uploads\/2023\/05\/ghjk-150x73.jpg 150w\" sizes=\"(max-width: 244px) 100vw, 244px\" \/><\/a><\/p>\n<p><em>Teatro di San Carlo<\/em><\/p>\n<p><em>Napoli, venerd\u00ec 5 maggio 2023<\/em><\/p>\n<p><a href=\"http:\/\/www.ecoitaliano.com.ar\/wp-content\/uploads\/2023\/05\/344759394_743230757483474_3345588926709122202_n.jpg\"><img decoding=\"async\" class=\"alignnone  wp-image-36803\" src=\"http:\/\/www.ecoitaliano.com.ar\/wp-content\/uploads\/2023\/05\/344759394_743230757483474_3345588926709122202_n-300x169.jpg\" alt=\"\" width=\"504\" height=\"284\" srcset=\"https:\/\/www.ecoitaliano.com.ar\/wp-content\/uploads\/2023\/05\/344759394_743230757483474_3345588926709122202_n-300x169.jpg 300w, https:\/\/www.ecoitaliano.com.ar\/wp-content\/uploads\/2023\/05\/344759394_743230757483474_3345588926709122202_n-768x432.jpg 768w, https:\/\/www.ecoitaliano.com.ar\/wp-content\/uploads\/2023\/05\/344759394_743230757483474_3345588926709122202_n-1024x576.jpg 1024w, https:\/\/www.ecoitaliano.com.ar\/wp-content\/uploads\/2023\/05\/344759394_743230757483474_3345588926709122202_n-150x84.jpg 150w, https:\/\/www.ecoitaliano.com.ar\/wp-content\/uploads\/2023\/05\/344759394_743230757483474_3345588926709122202_n.jpg 1280w\" sizes=\"(max-width: 504px) 100vw, 504px\" \/><\/a><\/p>\n<p>Si comunica\u00a0che il concerto in programma domenica 7 maggio 2023 alle ore 19 \u00e8 annullato per indisposizione degli artisti Anna Pirozzi e Freddie De Tommaso.<\/p>\n<p>Il concerto sar\u00e0 riprogrammato in una nuova data che sar\u00e0 annunciata nel corso della prossima settimana. Nei prossimi giorni gli spettatori riceveranno una nuova comunicazione relativa alle modalit\u00e0 di riconversione dei titoli d&#8217;ingresso gi\u00e0 acquistati. Per ulteriori informazioni \u00e8 possibile rivolgersi alla Biglietteria del Teatro ai numeri 0817972331\/421 oppure via email all&#8217;indirizzo: <a href=\"mailto:biglietteria@teatrosancarlo.it\">biglietteria@teatrosancarlo.it<\/a><\/p>\n","protected":false},"excerpt":{"rendered":"<p>Teatro di San Carlo Napoli, venerd\u00ec 5 maggio 2023 Si comunica\u00a0che il concerto in programma domenica 7 maggio 2023 alle [&hellip;]<\/p>\n","protected":false},"author":1,"featured_media":0,"comment_status":"open","ping_status":"open","sticky":false,"template":"","format":"standard","meta":{"footnotes":""},"categories":[1],"tags":[],"class_list":["post-36802","post","type-post","status-publish","format-standard","hentry","category-sin-categoria"],"_links":{"self":[{"href":"https:\/\/www.ecoitaliano.com.ar\/index.php?rest_route=\/wp\/v2\/posts\/36802","targetHints":{"allow":["GET"]}}],"collection":[{"href":"https:\/\/www.ecoitaliano.com.ar\/index.php?rest_route=\/wp\/v2\/posts"}],"about":[{"href":"https:\/\/www.ecoitaliano.com.ar\/index.php?rest_route=\/wp\/v2\/types\/post"}],"author":[{"embeddable":true,"href":"https:\/\/www.ecoitaliano.com.ar\/index.php?rest_route=\/wp\/v2\/users\/1"}],"replies":[{"embeddable":true,"href":"https:\/\/www.ecoitaliano.com.ar\/index.php?rest_route=%2Fwp%2Fv2%2Fcomments&post=36802"}],"version-history":[{"count":0,"href":"https:\/\/www.ecoitaliano.com.ar\/index.php?rest_route=\/wp\/v2\/posts\/36802\/revisions"}],"wp:attachment":[{"href":"https:\/\/www.ecoitaliano.com.ar\/index.php?rest_route=%2Fwp%2Fv2%2Fmedia&parent=36802"}],"wp:term":[{"taxonomy":"category","embeddable":true,"href":"https:\/\/www.ecoitaliano.com.ar\/index.php?rest_route=%2Fwp%2Fv2%2Fcategories&post=36802"},{"taxonomy":"post_tag","embeddable":true,"href":"https:\/\/www.ecoitaliano.com.ar\/index.php?rest_route=%2Fwp%2Fv2%2Ftags&post=36802"}],"curies":[{"name":"wp","href":"https:\/\/api.w.org\/{rel}","templated":true}]}}