{"id":3684,"date":"2018-04-17T10:16:36","date_gmt":"2018-04-17T10:16:36","guid":{"rendered":"http:\/\/www.ecoitaliano.com.ar\/?p=3684"},"modified":"2018-04-17T10:16:36","modified_gmt":"2018-04-17T10:16:36","slug":"i-50-anni-dei-solisti-aquilani","status":"publish","type":"post","link":"https:\/\/www.ecoitaliano.com.ar\/?p=3684","title":{"rendered":"I 50 ANNI DEI SOLISTI AQUILANI"},"content":{"rendered":"<p>&nbsp;<\/p>\n\n<p>&nbsp;<\/p>\n<p align=\"center\"><span style=\"font-family: 'Times New Roman', serif;\"><span style=\"font-size: medium;\"><span style=\"color: #000000;\">COMUNICATO STAMPA<\/span><\/span><\/span><\/p>\n<p align=\"center\"><span style=\"color: #000000;\"><span style=\"font-family: 'Times New Roman', serif;\"><span style=\"font-size: medium;\"><br \/>\n<\/span><\/span><\/span><span style=\"font-family: 'Times New Roman', serif;\"><span style=\"font-size: medium;\"><i><u>sabato 21 aprile 2018 \u2013 L\u2019Aquila \u2013 Auditorium del Parco ore 18.00<\/u><\/i><\/span><\/span><\/p>\n<p align=\"center\"><span style=\"font-family: 'Times New Roman', serif;\"><span style=\"font-size: medium;\"><b>50\u00b0 ANNIVERSARIO DEI SOLISTI AQUILANI<\/b><\/span><\/span><\/p>\n<p align=\"justify\">\n<p align=\"justify\">\n<p align=\"justify\"><span style=\"font-family: 'Times New Roman', serif;\"><span style=\"font-size: medium;\"><i><b>I SOLISTI AQUILANI<\/b><\/i><\/span><\/span><\/p>\n<p align=\"justify\"><span style=\"font-family: 'Times New Roman', serif;\"><span style=\"font-size: medium;\"><i><b>PAOLO CARLINI, fagotto<\/b><\/i><\/span><\/span><\/p>\n<p align=\"justify\">\n<p align=\"justify\"><span style=\"font-family: 'Times New Roman', serif;\"><span style=\"font-size: medium;\">G. F. H\u00c4NDEL Concerto grosso op. 6 n. 10 in re minore<\/span><\/span><\/p>\n<p align=\"justify\"><span style=\"font-family: 'Times New Roman', serif;\"><span style=\"font-size: medium;\">A. VIVALDI Concerto in la minore per due violini, archi e b. c. (solisti: <\/span><\/span><span style=\"font-family: 'Times New Roman', serif;\"><span style=\"font-size: medium;\"><b>Federico Cardilli e Alessandro Marini<\/b><\/span><\/span><span style=\"font-family: 'Times New Roman', serif;\"><span style=\"font-size: medium;\">)<\/span><\/span><\/p>\n<p align=\"justify\"><span style=\"font-family: 'Times New Roman', serif;\"><span style=\"font-size: medium;\">A. VIVALDI Concerto in si bemolle maggiore per fagotto, archi e b. c. \u201cLa Notte\u201d<\/span><\/span><\/p>\n<p align=\"justify\"><span style=\"font-family: 'Times New Roman', serif;\"><span style=\"font-size: medium;\">P. HINDEMITH Cinque pezzi per orchestra d\u2019archi op. 44<\/span><\/span><\/p>\n<p align=\"justify\">\n<p align=\"justify\"><span style=\"font-family: 'Times New Roman', serif;\"><span style=\"font-size: medium;\"><span style=\"color: #000000;\"><b>L&#8217;Aquila, 21 aprile 1968, Auditorium del Castello Cinquecentesco \/ L\u2019Aquila, 21 aprile 2018, Auditorium del Parco ore 18<\/b><\/span><span style=\"color: #000000;\">: due date storiche e fortemente simboliche che segnano un arco temporale di 50 anni, quelli che festeggiano I Solisti Aquilani e che raccontano una storia di conquiste e di successi.<\/span><\/span><\/span><\/p>\n<p align=\"justify\"><span style=\"font-family: 'Times New Roman', serif;\"><span style=\"font-size: medium;\"><span style=\"color: #000000;\">Le coincidenze non si fermano qui ma riannodano i fili della memoria, quella antica e quella pi\u00f9 recente sino ad arrivare al presente: in quel concerto di 50 anni fa fagotto solista era <\/span><span style=\"color: #000000;\"><b>Marco Costantini<\/b><\/span><span style=\"color: #000000;\">, Maestro di <\/span><span style=\"color: #000000;\"><b>Paolo Carlini<\/b><\/span><span style=\"color: #000000;\">, oggi <\/span><span style=\"color: #000000;\">primo fagotto dell&#8217;Orchestra della Toscana e ospite dei Solisti, insieme a loro sul palco per la straordinaria ricorrenza del concerto celebrativo.<\/span><\/span><\/span><\/p>\n<p align=\"justify\"><span style=\"color: #333333;\"><span style=\"font-family: 'Times New Roman', serif;\"><span style=\"font-size: medium;\"><b>Paolo Carlini<\/b><\/span><\/span><\/span><span style=\"color: #333333;\"><span style=\"font-family: 'Times New Roman', serif;\"><span style=\"font-size: medium;\">ha\u00a0 eseguito gran parte del repertorio solistico per fagotto in concerti diretti, tra gli altri, da\u00a0<\/span><\/span><\/span><span style=\"color: #333333;\"><span style=\"font-family: 'Times New Roman', serif;\"><span style=\"font-size: medium;\"><b>HubertSoudant<\/b><\/span><\/span><\/span><span style=\"color: #333333;\"><span style=\"font-family: 'Times New Roman', serif;\"><span style=\"font-size: medium;\">,\u00a0<\/span><\/span><\/span><span style=\"color: #333333;\"><span style=\"font-family: 'Times New Roman', serif;\"><span style=\"font-size: medium;\"><b>Peter Maag<\/b><\/span><\/span><\/span><span style=\"color: #333333;\"><span style=\"font-family: 'Times New Roman', serif;\"><span style=\"font-size: medium;\">,\u00a0<\/span><\/span><\/span><span style=\"color: #333333;\"><span style=\"font-family: 'Times New Roman', serif;\"><span style=\"font-size: medium;\"><b>Gabriele Ferro<\/b><\/span><\/span><\/span><span style=\"color: #333333;\"><span style=\"font-family: 'Times New Roman', serif;\"><span style=\"font-size: medium;\">,<\/span><\/span><\/span><span style=\"color: #333333;\"><span style=\"font-family: 'Times New Roman', serif;\"><span style=\"font-size: medium;\"><b>\u00a0Donato Renzetti<\/b><\/span><\/span><\/span><span style=\"color: #333333;\"><span style=\"font-family: 'Times New Roman', serif;\"><span style=\"font-size: medium;\">,<\/span><\/span><\/span><span style=\"color: #333333;\"><span style=\"font-family: 'Times New Roman', serif;\"><span style=\"font-size: medium;\"><b>\u00a0Alexander Schneider<\/b><\/span><\/span><\/span><span style=\"color: #333333;\"><span style=\"font-family: 'Times New Roman', serif;\"><span style=\"font-size: medium;\">,\u00a0<\/span><\/span><\/span><span style=\"color: #333333;\"><span style=\"font-family: 'Times New Roman', serif;\"><span style=\"font-size: medium;\"><b>Lu Jia<\/b><\/span><\/span><\/span><span style=\"color: #333333;\"><span style=\"font-family: 'Times New Roman', serif;\"><span style=\"font-size: medium;\">,\u00a0<\/span><\/span><\/span><span style=\"color: #333333;\"><span style=\"font-family: 'Times New Roman', serif;\"><span style=\"font-size: medium;\"><b>LiorShambadal<\/b><\/span><\/span><\/span><span style=\"color: #333333;\"><span style=\"font-family: 'Times New Roman', serif;\"><span style=\"font-size: medium;\">,\u00a0<\/span><\/span><\/span><span style=\"color: #333333;\"><span style=\"font-family: 'Times New Roman', serif;\"><span style=\"font-size: medium;\"><b>YeruhamScharowsky<\/b><\/span><\/span><\/span><span style=\"color: #333333;\"><span style=\"font-family: 'Times New Roman', serif;\"><span style=\"font-size: medium;\">,\u00a0<\/span><\/span><\/span><span style=\"color: #333333;\"><span style=\"font-family: 'Times New Roman', serif;\"><span style=\"font-size: medium;\"><b>Zsolt Hamar<\/b><\/span><\/span><\/span><span style=\"color: #333333;\"><span style=\"font-family: 'Times New Roman', serif;\"><span style=\"font-size: medium;\">,\u00a0<\/span><\/span><\/span><span style=\"color: #333333;\"><span style=\"font-family: 'Times New Roman', serif;\"><span style=\"font-size: medium;\"><b>Moshe Atzmon<\/b><\/span><\/span><\/span><span style=\"color: #333333;\"><span style=\"font-family: 'Times New Roman', serif;\"><span style=\"font-size: medium;\">.\u00a0La sua attivit\u00e0 nell&#8217;ambito della musica contemporanea ha, inoltre, determinato un significativo ampliamento del repertorio solistico per fagotto, come testimoniano le opere a lui dedicate dai compositori\u00a0<\/span><\/span><\/span><span style=\"color: #333333;\"><span style=\"font-family: 'Times New Roman', serif;\"><span style=\"font-size: medium;\"><b>Marco Betta<\/b><\/span><\/span><\/span><span style=\"color: #333333;\"><span style=\"font-family: 'Times New Roman', serif;\"><span style=\"font-size: medium;\">,\u00a0<\/span><\/span><\/span><span style=\"color: #333333;\"><span style=\"font-family: 'Times New Roman', serif;\"><span style=\"font-size: medium;\"><b>Matteo D&#8217;Amico<\/b><\/span><\/span><\/span><span style=\"color: #333333;\"><span style=\"font-family: 'Times New Roman', serif;\"><span style=\"font-size: medium;\">,\u00a0<\/span><\/span><\/span><span style=\"color: #333333;\"><span style=\"font-family: 'Times New Roman', serif;\"><span style=\"font-size: medium;\"><b>Ludovico Einaudi<\/b><\/span><\/span><\/span><span style=\"color: #333333;\"><span style=\"font-family: 'Times New Roman', serif;\"><span style=\"font-size: medium;\">,\u00a0<\/span><\/span><\/span><span style=\"color: #333333;\"><span style=\"font-family: 'Times New Roman', serif;\"><span style=\"font-size: medium;\"><b>Luis De Pablo<\/b><\/span><\/span><\/span><span style=\"color: #333333;\"><span style=\"font-family: 'Times New Roman', serif;\"><span style=\"font-size: medium;\">,\u00a0<\/span><\/span><\/span><span style=\"color: #333333;\"><span style=\"font-family: 'Times New Roman', serif;\"><span style=\"font-size: medium;\"><b>Luca Mosca<\/b><\/span><\/span><\/span><span style=\"color: #333333;\"><span style=\"font-family: 'Times New Roman', serif;\"><span style=\"font-size: medium;\">,\u00a0<\/span><\/span><\/span><span style=\"color: #333333;\"><span style=\"font-family: 'Times New Roman', serif;\"><span style=\"font-size: medium;\"><b>Carlo Boccadoro<\/b><\/span><\/span><\/span><span style=\"color: #333333;\"><span style=\"font-family: 'Times New Roman', serif;\"><span style=\"font-size: medium;\">,<\/span><\/span><\/span><span style=\"color: #333333;\"><span style=\"font-family: 'Times New Roman', serif;\"><span style=\"font-size: medium;\"><b>\u00a0Nicola Sani<\/b><\/span><\/span><\/span><span style=\"color: #333333;\"><span style=\"font-family: 'Times New Roman', serif;\"><span style=\"font-size: medium;\">,\u00a0<\/span><\/span><\/span><span style=\"color: #333333;\"><span style=\"font-family: 'Times New Roman', serif;\"><span style=\"font-size: medium;\"><b>Alessandro Solbiati<\/b><\/span><\/span><\/span><span style=\"color: #333333;\"><span style=\"font-family: 'Times New Roman', serif;\"><span style=\"font-size: medium;\">,\u00a0<\/span><\/span><\/span><span style=\"color: #333333;\"><span style=\"font-family: 'Times New Roman', serif;\"><span style=\"font-size: medium;\"><b>Giancarlo Cardini<\/b><\/span><\/span><\/span><span style=\"color: #333333;\"><span style=\"font-family: 'Times New Roman', serif;\"><span style=\"font-size: medium;\">,\u00a0<\/span><\/span><\/span><span style=\"color: #333333;\"><span style=\"font-family: 'Times New Roman', serif;\"><span style=\"font-size: medium;\"><b>Giorgio Colombo<\/b><\/span><\/span><\/span><span style=\"color: #333333;\"><span style=\"font-family: 'Times New Roman', serif;\"><span style=\"font-size: medium;\">\u00a0<\/span><\/span><\/span><span style=\"color: #333333;\"><span style=\"font-family: 'Times New Roman', serif;\"><span style=\"font-size: medium;\"><b>Taccani<\/b><\/span><\/span><\/span><span style=\"color: #333333;\"><span style=\"font-family: 'Times New Roman', serif;\"><span style=\"font-size: medium;\">,\u00a0<\/span><\/span><\/span><span style=\"color: #333333;\"><span style=\"font-family: 'Times New Roman', serif;\"><span style=\"font-size: medium;\"><b>Dimitri Nicolau<\/b><\/span><\/span><\/span><span style=\"color: #333333;\"><span style=\"font-family: 'Times New Roman', serif;\"><span style=\"font-size: medium;\">,\u00a0<\/span><\/span><\/span><span style=\"color: #333333;\"><span style=\"font-family: 'Times New Roman', serif;\"><span style=\"font-size: medium;\"><b>Gaetano Giani Luporini<\/b><\/span><\/span><\/span><span style=\"color: #333333;\"><span style=\"font-family: 'Times New Roman', serif;\"><span style=\"font-size: medium;\">,\u00a0 e tanti altri ancora.<\/span><\/span><\/span><\/p>\n<p align=\"justify\"><span style=\"font-family: 'Times New Roman', serif;\"><span style=\"font-size: medium;\"><span style=\"color: #000000;\">La storia dei <\/span><span style=\"color: #000000;\"><b>Solisti Aquilani<\/b><\/span><span style=\"color: #000000;\"> comincia con un brindisi \u00abfirmato\u00bb Buton, famosa marca di liquori e primo sponsor del primo ciclo di concerti dell&#8217;<\/span><span style=\"color: #000000;\"><i>ensemble<\/i><\/span><span style=\"color: #000000;\">. Era il 1968. I Solisti Veneti, i Virtuosi di Roma e I Musici dominavano allora una scena musicale <\/span><span style=\"color: #000000;\"><i>sui generis<\/i><\/span><span style=\"color: #000000;\">, tesa alla valorizzazione dell&#8217;antico patrimonio strumentale italiano.<\/span><\/span><\/span><\/p>\n<p align=\"justify\"><span style=\"font-family: 'Times New Roman', serif;\"><span style=\"font-size: medium;\"><span style=\"color: #000000;\">Per iniziativa di <\/span><span style=\"color: #000000;\"><b>Nino Carloni<\/b><\/span><span style=\"color: #000000;\"> e sotto la guida di un direttore giovane e vulcanico, <\/span><span style=\"color: #000000;\"><b>Vittorio Antonellini<\/b><\/span><span style=\"color: #000000;\">, I Solisti Aquilani riuscirono ad inserirsi in quello stesso panorama e ad affermarsi nel volgere di pochissimi anni. Quel giovane direttore \u00e8 rimasto alla guida della formazione per circa trent&#8217;anni, per passare poi il testimone a <\/span><span style=\"color: #000000;\"><b>Francesco Sanvitale, Franco Mannino, Vittorio Parisi, Vincenzo Mariozzi<\/b><\/span><span style=\"color: #000000;\"> e infine, dal 2013, a <\/span><span style=\"color: #000000;\"><b>Maurizio Cocciolito<\/b><\/span><span style=\"color: #000000;\">.<\/span><\/span><\/span><\/p>\n<h3 class=\"western\" align=\"justify\"><span style=\"color: #000000;\"><span style=\"font-family: 'Times New Roman', serif;\"><span style=\"font-size: medium;\">Oggi, a cinquant\u2019anni compiuti, <\/span><\/span><\/span><span style=\"color: #000000;\"><span style=\"font-family: 'Times New Roman', serif;\"><span style=\"font-size: medium;\">I Solisti Aquilani<\/span><\/span><\/span><span style=\"color: #000000;\"><span style=\"font-family: 'Times New Roman', serif;\"><span style=\"font-size: medium;\"> hanno effettuato oltre seimila concerti in tutto il mondo \u2013 dall\u2019Africa all\u2019America, dall\u2019Europa al Medio ed Estremo Oriente), collaborano regolarmente con gli artisti pi\u00f9 prestigiosi<\/span><\/span><\/span><span style=\"color: #000000;\"><span style=\"font-family: 'Times New Roman', serif;\"><span style=\"font-size: medium;\"> (MischaMaisky, Vladimir Ashkenazy, Jean Pierre <\/span><\/span><\/span><span style=\"color: #000000;\"><span style=\"font-family: 'Times New Roman', serif;\"><span style=\"font-size: medium;\">Rampal, <\/span><\/span><\/span><a href=\"https:\/\/it.wikipedia.org\/wiki\/Krzysztof_Penderecki\"><span style=\"color: #000000;\"><span style=\"font-family: 'Times New Roman', serif;\"><span style=\"font-size: medium;\">KrzysztofPenderecki<\/span><\/span><\/span><\/a><span style=\"color: #000000;\"><span style=\"font-family: 'Times New Roman', serif;\"><span style=\"font-size: medium;\">, <\/span><\/span><\/span><span style=\"color: #000000;\"><span style=\"font-family: 'Times New Roman', serif;\"><span style=\"font-size: medium;\">Hermann Baumann, Felix Ayo, Mario Brunello, Giovanni <\/span><\/span><\/span><span style=\"color: #000000;\"><span style=\"font-family: 'Times New Roman', serif;\"><span style=\"font-size: medium;\">Sollima, Severino Gazzelloni, Dee Dee Bridgewater, Salvatore Accardo, Renato Bruson, Luis Bacalov, Michele Campanella, RaminBahrami, John Malkovich, <\/span><\/span><\/span><span style=\"color: #000000;\"><span style=\"font-family: 'Times New Roman', serif;\"><span style=\"font-size: medium;\">solo per citarne alcuni<\/span><\/span><\/span><span style=\"color: #000000;\"><span style=\"font-family: 'Times New Roman', serif;\"><span style=\"font-size: medium;\">), <\/span><\/span><\/span><span style=\"color: #000000;\"><span style=\"font-family: 'Times New Roman', serif;\"><span style=\"font-size: medium;\">hanno all\u2019attivo una rilevante produzione discografica e progetti e iniziative dedicate al territorio e ai giovani musicisti emergenti. Un percorso lungo che ha intercettato anche il mondo della scuola, del disagio psichico e del lavoro, che conosce la ribalta internazionale di palcoscenici prestigiosi, templi della musica come la <\/span><\/span><\/span><span style=\"color: #000000;\"><span style=\"font-family: 'Times New Roman', serif;\"><span style=\"font-size: medium;\">Filarmonica di Berlino<\/span><\/span><\/span><span style=\"color: #000000;\"><span style=\"font-family: 'Times New Roman', serif;\"><span style=\"font-size: medium;\"> o esclusivi come la Cappella Paolina del <\/span><\/span><\/span><span style=\"color: #000000;\"><span style=\"font-family: 'Times New Roman', serif;\"><span style=\"font-size: medium;\">Palazzo del Quirinale<\/span><\/span><\/span><span style=\"color: #000000;\"><span style=\"font-family: 'Times New Roman', serif;\"><span style=\"font-size: medium;\">, ma anche tanti piccoli comuni, spesso ingiustamente destinati a restare tagliati fuori dalla fruizione della offerta culturale. Attenzione al territorio e alle sue pi\u00f9 sottili valenze che rendono la storia dei Solisti Aquilani assolutamente originale nel panorama delle compagini cameristiche italiane. Poche tra esse, infatti, hanno saputo trovare un equilibrio cos\u00ec sapiente tra impegni locali, nazionali ed esteri contribuendo in modo determinante all&#8217;affermazione, in campo internazionale, dell&#8217;immagine di una regione viva e feconda. Ma, pi\u00f9 ancora, quel che contraddistingue I Solisti Aquilani \u00e8 stato ed \u00e8 il progetto di un nuovo modo di essere musicisti, non solo esecutori ma protagonisti di una esperienza umana e musicale diversa, quella legata alla produzione e alla esportazione della musica, immagine ed espressione di un \u00abMade in Italy\u00bb unico, originale, forte.\u00a0<\/span><\/span><\/span><\/h3>\n<p>&nbsp;<\/p>\n<p align=\"justify\"><span style=\"font-family: 'Times New Roman', serif;\"><span style=\"font-size: medium;\">Per info: Associazione I Solisti Aquilani, viale Alcide De Gasperi n. 47 \u2013 67100 L\u2019Aquila \u2013 tel. 0862\/420369 \u2013 <a href=\"mailto:info@solistiaquilani.it\">info@solistiaquilani.it<\/a> &#8211; www.solistiaquilani.it<\/span><\/span><\/p>\n<p align=\"justify\"><span style=\"font-family: 'Times New Roman', serif;\"><span style=\"font-size: medium;\">UFFICIO STAMPA <\/span><\/span><\/p>\n<p align=\"justify\"><span style=\"font-family: 'Times New Roman', serif;\"><span style=\"font-size: medium;\">Antonietta Centofanti 3470343505<\/span><\/span><\/p>\n","protected":false},"excerpt":{"rendered":"<p>&nbsp; &nbsp; COMUNICATO STAMPA sabato 21 aprile 2018 \u2013 L\u2019Aquila \u2013 Auditorium del Parco ore 18.00 50\u00b0 ANNIVERSARIO DEI SOLISTI [&hellip;]<\/p>\n","protected":false},"author":1,"featured_media":0,"comment_status":"open","ping_status":"open","sticky":false,"template":"","format":"standard","meta":{"footnotes":""},"categories":[4,10],"tags":[],"class_list":["post-3684","post","type-post","status-publish","format-standard","hentry","category-cultura","category-italiano"],"_links":{"self":[{"href":"https:\/\/www.ecoitaliano.com.ar\/index.php?rest_route=\/wp\/v2\/posts\/3684","targetHints":{"allow":["GET"]}}],"collection":[{"href":"https:\/\/www.ecoitaliano.com.ar\/index.php?rest_route=\/wp\/v2\/posts"}],"about":[{"href":"https:\/\/www.ecoitaliano.com.ar\/index.php?rest_route=\/wp\/v2\/types\/post"}],"author":[{"embeddable":true,"href":"https:\/\/www.ecoitaliano.com.ar\/index.php?rest_route=\/wp\/v2\/users\/1"}],"replies":[{"embeddable":true,"href":"https:\/\/www.ecoitaliano.com.ar\/index.php?rest_route=%2Fwp%2Fv2%2Fcomments&post=3684"}],"version-history":[{"count":0,"href":"https:\/\/www.ecoitaliano.com.ar\/index.php?rest_route=\/wp\/v2\/posts\/3684\/revisions"}],"wp:attachment":[{"href":"https:\/\/www.ecoitaliano.com.ar\/index.php?rest_route=%2Fwp%2Fv2%2Fmedia&parent=3684"}],"wp:term":[{"taxonomy":"category","embeddable":true,"href":"https:\/\/www.ecoitaliano.com.ar\/index.php?rest_route=%2Fwp%2Fv2%2Fcategories&post=3684"},{"taxonomy":"post_tag","embeddable":true,"href":"https:\/\/www.ecoitaliano.com.ar\/index.php?rest_route=%2Fwp%2Fv2%2Ftags&post=3684"}],"curies":[{"name":"wp","href":"https:\/\/api.w.org\/{rel}","templated":true}]}}