{"id":37236,"date":"2023-05-16T09:23:08","date_gmt":"2023-05-16T09:23:08","guid":{"rendered":"http:\/\/www.ecoitaliano.com.ar\/?p=37236"},"modified":"2023-05-16T09:23:08","modified_gmt":"2023-05-16T09:23:08","slug":"labb-love-architettura-bergamo-brescia-iscrizioni-aperte-per-le-giornate-bergamasche","status":"publish","type":"post","link":"https:\/\/www.ecoitaliano.com.ar\/?p=37236","title":{"rendered":"LABB-Love Architettura Bergamo Brescia: iscrizioni aperte per le giornate bergamasche"},"content":{"rendered":"<div align=\"center\"><span style=\"color: #c0c0c0; font-family: Verdana, Arial, Helvetica, sans-serif;\"><a href=\"https:\/\/customer49009.musvc2.net\/e\/r?q=K1%3dFCK2Q_Arex_L2_4ylq_DD_Arex_K7pgGau.C62uJBG.oM6_Ic1i_SrD_Arex_K74L5.25NG_Ic1i_Sr_Pjtb_ay0xJ_Arex_L5DUAS_GC_Arex_L2xL_Arex_L59btCm_Pjtb_awS9VM_Ic1i_SHV_Arex_L52T_Arex_KWsg_Arex_L2q_Pjtb_aw_Ic1i_SHV_Arex_L52T_Arex_KW_4ylq_E91_Ic1i_TmKS7nbz0_4ylq_DdG_Ic1i_TpN9_Ic1i_SHXLarhv6E_Pjtb_ZO0sb_Arex_L2_4ylq_E96_Ic1i_Tp2m9tZKIDvVmY%26A%3dMZLhR%265%3dySBMoZ.766%26GB%3dYKZR%26C%3dC%26L%3dQSJ%26M%3dQSDgN%26K%3dCbJWHbSVLa&amp;mupckp=mupAtu4m8OiX0wt\" target=\"_blank\" rel=\"noopener\" name=\"m_-3326674251735811710_showInBrowser\" data-saferedirecturl=\"https:\/\/www.google.com\/url?q=https:\/\/customer49009.musvc2.net\/e\/r?q%3DK1%253dFCK2Q_Arex_L2_4ylq_DD_Arex_K7pgGau.C62uJBG.oM6_Ic1i_SrD_Arex_K74L5.25NG_Ic1i_Sr_Pjtb_ay0xJ_Arex_L5DUAS_GC_Arex_L2xL_Arex_L59btCm_Pjtb_awS9VM_Ic1i_SHV_Arex_L52T_Arex_KWsg_Arex_L2q_Pjtb_aw_Ic1i_SHV_Arex_L52T_Arex_KW_4ylq_E91_Ic1i_TmKS7nbz0_4ylq_DdG_Ic1i_TpN9_Ic1i_SHXLarhv6E_Pjtb_ZO0sb_Arex_L2_4ylq_E96_Ic1i_Tp2m9tZKIDvVmY%2526A%253dMZLhR%25265%253dySBMoZ.766%2526GB%253dYKZR%2526C%253dC%2526L%253dQSJ%2526M%253dQSDgN%2526K%253dCbJWHbSVLa%26mupckp%3DmupAtu4m8OiX0wt&amp;source=gmail&amp;ust=1684315340710000&amp;usg=AOvVaw0SIsGKkaZYicHoDI4u5S_R\"><\/a> <\/span><\/div>\n<p>&nbsp;<\/p>\n<table role=\"presentation\" border=\"0\" width=\"100%\" cellspacing=\"0\" cellpadding=\"0\">\n<tbody>\n<tr>\n<td>\n<table role=\"presentation\" border=\"0\" width=\"100%\" cellspacing=\"0\" cellpadding=\"0\" align=\"center\">\n<tbody>\n<tr>\n<td>\n<table class=\"m_-3326674251735811710row-content m_-3326674251735811710stack\" role=\"presentation\" border=\"0\" width=\"600\" cellspacing=\"0\" cellpadding=\"0\" align=\"center\">\n<tbody>\n<tr>\n<td class=\"m_-3326674251735811710column\" width=\"50%\">\n<table class=\"m_-3326674251735811710image_block\" role=\"presentation\" border=\"0\" width=\"100%\" cellspacing=\"0\" cellpadding=\"0\">\n<tbody>\n<tr>\n<td>\n<div align=\"center\"><img decoding=\"async\" class=\"CToWUd\" src=\"https:\/\/ci3.googleusercontent.com\/proxy\/fY-gW7d9pXGAwE3DO3WzERmXbqu2t1K84Zv5x1ItmLILSvxY6Xdn7pWXCbGxpqWLwRzEOGqns-01Wx0X7KaLrJ39SYDU2Od0nBYrLfoj5OYMV4-ZSTSfn7rJJWkIjsvjRUg=s0-d-e1-ft#https:\/\/customer49009.img.musvc2.net\/static\/49009\/images\/1\/logo_comunicarch.png\" width=\"300\" data-bit=\"iit\" \/><\/div>\n<\/td>\n<\/tr>\n<\/tbody>\n<\/table>\n<\/td>\n<td class=\"m_-3326674251735811710column\" width=\"50%\">\n<table role=\"presentation\" border=\"0\" width=\"100%\" cellspacing=\"0\" cellpadding=\"10\">\n<tbody>\n<tr>\n<td>\n<div>\n<div>\n<p>&nbsp;<\/p>\n<\/div>\n<\/div>\n<\/td>\n<\/tr>\n<\/tbody>\n<\/table>\n<\/td>\n<\/tr>\n<\/tbody>\n<\/table>\n<\/td>\n<\/tr>\n<\/tbody>\n<\/table>\n<table role=\"presentation\" border=\"0\" width=\"100%\" cellspacing=\"0\" cellpadding=\"0\" align=\"center\">\n<tbody>\n<tr>\n<td>\n<table class=\"m_-3326674251735811710row-content m_-3326674251735811710stack\" role=\"presentation\" border=\"0\" width=\"600\" cellspacing=\"0\" cellpadding=\"0\" align=\"center\">\n<tbody>\n<tr>\n<td class=\"m_-3326674251735811710column\" width=\"100%\">\n<table role=\"presentation\" border=\"0\" width=\"100%\" cellspacing=\"0\" cellpadding=\"0\">\n<tbody>\n<tr>\n<td>\n<div align=\"center\">\n<table role=\"presentation\" border=\"0\" width=\"100%\" cellspacing=\"0\" cellpadding=\"0\">\n<tbody>\n<tr>\n<td><\/td>\n<\/tr>\n<\/tbody>\n<\/table>\n<\/div>\n<\/td>\n<\/tr>\n<\/tbody>\n<\/table>\n<table role=\"presentation\" border=\"0\" width=\"100%\" cellspacing=\"0\" cellpadding=\"0\">\n<tbody>\n<tr>\n<td>\n<div>\n<div>\n<p><strong>Cristiana Chiorino e Laura Milan + Fabio Oggero<\/strong><\/p>\n<\/div>\n<\/div>\n<\/td>\n<\/tr>\n<\/tbody>\n<\/table>\n<\/td>\n<\/tr>\n<\/tbody>\n<\/table>\n<\/td>\n<\/tr>\n<\/tbody>\n<\/table>\n<table role=\"presentation\" border=\"0\" width=\"100%\" cellspacing=\"0\" cellpadding=\"0\" align=\"center\">\n<tbody>\n<tr>\n<td>\n<table class=\"m_-3326674251735811710row-content m_-3326674251735811710stack\" role=\"presentation\" border=\"0\" width=\"600\" cellspacing=\"0\" cellpadding=\"0\" align=\"center\">\n<tbody>\n<tr>\n<td class=\"m_-3326674251735811710column\" width=\"100%\">\n<table class=\"m_-3326674251735811710image_block\" role=\"presentation\" border=\"0\" width=\"100%\" cellspacing=\"0\" cellpadding=\"0\">\n<tbody>\n<tr>\n<td>\n<div align=\"center\"><img decoding=\"async\" class=\"m_-3326674251735811710big CToWUd a6T\" tabindex=\"0\" src=\"https:\/\/ci4.googleusercontent.com\/proxy\/pDEiFEDZaB1zoJ0zmsGF3WCAReteiJs4OstXXXQ6E8mnJBXBcXekiTHcuOp_wVmUpSEkjYVT8iQHDYnqQ9bk7GtoIC3oejHd_CfBiFKVZXq3GVC-xIZZVNBuSSHP26NImw2qriJU7dLHUitooMjnTRNIdaAByT_giQ=s0-d-e1-ft#https:\/\/customer49009.img.musvc2.net\/static\/49009\/images\/1\/banner%20festival%20per%20presetazione.jpeg\" width=\"600\" data-bit=\"iit\" \/><\/div>\n<\/td>\n<\/tr>\n<\/tbody>\n<\/table>\n<\/td>\n<\/tr>\n<\/tbody>\n<\/table>\n<\/td>\n<\/tr>\n<\/tbody>\n<\/table>\n<table role=\"presentation\" border=\"0\" width=\"100%\" cellspacing=\"0\" cellpadding=\"0\" align=\"center\">\n<tbody>\n<tr>\n<td>\n<table class=\"m_-3326674251735811710row-content m_-3326674251735811710stack\" role=\"presentation\" border=\"0\" width=\"600\" cellspacing=\"0\" cellpadding=\"0\" align=\"center\">\n<tbody>\n<tr>\n<td class=\"m_-3326674251735811710column\" width=\"100%\">\n<table role=\"presentation\" border=\"0\" width=\"100%\" cellspacing=\"0\" cellpadding=\"0\">\n<tbody>\n<tr>\n<td>\n<div>\n<div>\n<p aria-describedby=\"t063bfabb-d9bc-41e9-8dd6-d300a5557807\"><strong>LABB-Love Architettura BG BS: iscrizioni aperte per le giornate bergamasche<\/strong><\/p>\n<\/div>\n<\/div>\n<\/td>\n<\/tr>\n<\/tbody>\n<\/table>\n<table role=\"presentation\" border=\"0\" width=\"100%\" cellspacing=\"0\" cellpadding=\"0\">\n<tbody>\n<tr>\n<td>\n<div>\n<div><em>In avvio il 22 maggio il Festival contributo degli architetti a Bergamo Brescia Capitale Italiana della Cultura. Il programma di Bergamo: 4 giornate e una sera con il poeta, scrittore e paesologo Francco Arminio con, tra gli ospiti, Cino Zucchi e C+S Architetti. In avvio, 3 targhe di riconoscimento a 3 edifici significativi dell&#8217;architettura pubblica del Novecento bergamasco<br \/>\n<\/em><\/div>\n<\/div>\n<\/td>\n<\/tr>\n<\/tbody>\n<\/table>\n<table role=\"presentation\" border=\"0\" width=\"100%\" cellspacing=\"0\" cellpadding=\"0\">\n<tbody>\n<tr>\n<td>\n<div>\n<div>\n<p>Il <strong>programma bergamasco<\/strong> di LABB-Love Architettura Bergamo Brescia prende il via il 22 maggio alle ore 11 con la celebrazione delle prime <strong>tre architetture contemporanee della citt\u00e0 pubblica<\/strong> <strong>da tutelare<\/strong> mediante l\u2019apposizione di targhe curate con il Politecnico di Milano: sono <strong>l\u2019ex Guardia di Finanza<\/strong> (precedentemente Istituto San Marco, progetto di Luigi Gh\u00f2 con strutture di Aldo Favini e Domenico Deleidi, 1960-72), il <strong>Palazzetto dello Sport<\/strong> (in procinto di diventare la nuova Gamec su progetto di C+S Architetti, originariamente progettato da Giancarlo Eynard con strutture di Luigi Bacci, 1959-62) e il <strong>Centro Sportivo Italcementi<\/strong> (Carlo Ravizza con strutture di Carlo Sola, 1963-66).<\/p>\n<p>&nbsp;<\/p>\n<p>Prosegue, dalle 16 alle 19 presso la <strong>Sala Mosaico della Camera di Commercio di Bergamo<\/strong>, con una <strong>tavola rotonda<\/strong> dedicata <strong>all\u2019eredit\u00e0 del patrimonio architettonico contemporaneo<\/strong>. Curata in collaborazione con il <strong>Politecnico di Milano<\/strong>, affronta i temi degli archivi documentali e del valore delle opere esistenti sul territorio, discutendo delle strategie che si possono mettere in campo per la valorizzazione la comprensione ad un vasto pubblico. Propone una tavola rotonda moderata da Paola Pierotti (giornalista PPAN) con: Leyla Ciag\u00e0 e Federico Deambrosis (Politecnico di Milano e comitato scientifico del Festival), Maria Vittoria Marini Clarelli (dirigente Sezione Periferie e Rigenerazione urbana, Direzione Generale Creativit\u00e0 Contemporanea del Ministero della Cultura), Maria Fratelli (direttrice CASVA-Centro di Alti Studi sulle Arti Visive Milano), Annalisa Rossi (Soprintendente Archivistico della Lombardia, del Veneto e del Trentino Alto-Adige), Margherita Pellino (Fondazione Vico Magistretti), Giuseppe De Luca (Fondazione Legler).<\/p>\n<p>&nbsp;<\/p>\n<p>Le due seguenti, il <strong>24 e 26 maggio<\/strong>, sono dedicate alle micro e macro-trasformazioni della citt\u00e0 e del territorio, di pianura e montana. Obiettivo: comprendere le modalit\u00e0 del cambiamento e le azioni di rigenerazione del recente passato, presenti e future direttamente dalle voci dei progettisti e degli attori coinvolti. Schema: il racconto e il dialogo su progetti di rigenerazione e momenti di partecipazione e confronto con la cittadinanza.<\/p>\n<p>&nbsp;<\/p>\n<p>La dimensione micro, il <strong>24 maggio<\/strong> all\u2019ex chiesa Sant\u2019Agostino Aula Magna dell\u2019Universit\u00e0 degli Studi di Bergamo, allargher\u00e0 lo sguardo al territorio provinciale selezionando progetti dimensionalmente minimi ma dalle importanti capacit\u00e0 rigenerative, che coinvolgono piccole comunit\u00e0, contro lo spopolamento con processi di valorizzazione degli abitanti e il riuso innovativo di parti di territorio.<\/p>\n<p>Curata con la collaborazione dell\u2019Universit\u00e0 di Bergamo, \u201c<strong>MICRO: trasformazioni urbane nella provincia<\/strong>\u201d porta Fulvio Adobati e Monica Resmini a moderare i contributi \u201cInneschi di rigenerazione urbana: Piazza del Sapere a Sovere e Innovation Hub a Treviglio\u201d (Elio Moschini e Gianluca Gelmini), \u201cTracce memoriali e \u201cdi\u2011cult heritage\u201d. Arte, architettura, interpretazione\u201d (Chiara Cimoli e Leonardo Zanchi), \u201cAl tuo passo. Arte pubblica nel territorio bergamasco\u00bb (Elio Grazioli e Alessandra Pioselli) e \u201cProgettualit\u00e0 nelle terre alte in Bergamo Brescia 2023\u201d (Federica Burini, Gloria Cornolti). Alle 20, \u201c<strong>Dialoghi e poesia. Inneschi di rigenerazione urbana: Franco Arminio dialoga con Davide Caselli e Renato Ferlinghetti<\/strong>\u201d invita il <strong>poeta, scrittore e paesologo<\/strong> testimone attivo delle dinamiche che coinvolgono i piccoli borghi italiani.<\/p>\n<p>&nbsp;<\/p>\n<p>La dimensione macro invece sar\u00e0 l\u2019oggetto della giornata del 26 maggio, che, dall\u2019I.lab Italcementi al Kilometro Rosso, affronter\u00e0 i temi inerenti la trasformazione della citt\u00e0 pubblica dalle strategie generali di pianificazione fino ad affrontare nel concreto due macro-trasformazioni importanti della citt\u00e0.<\/p>\n<p>\u201c<strong>MACRO: trasformazioni nel progetto della citt\u00e0 pubblica<\/strong>\u201d, realizzata con il supporto e la collaborazione del Consiglio Nazionale degli Architetti Pianificatori Paesaggisti e Conservatori (Cnappc) discute dei progetti della Nuova stazione di Bergamo e della nuova Gamec con i loro progettisti <strong>Cino Zucchi<\/strong> (CZA Architetti) con <strong>NET Engineering<\/strong> e <strong>C+S Architetti<\/strong> (Carlo Cappai e Maria Alessandra Segantini) e con Giuseppe Cappochin (Dipartimento Rigenerazione urbana Cnappc), Alessandra Ferrari (Dipartimento Cultura e promozione dell\u2019architetto Cnappc) e Francesco Valesini (assessore alla Rigenerazione urbana del Comune Bergamo), moderati da Paola Pierotti (giornalista PPAN). La giornata si apre, alle ore 10, al Palazzo della Libert\u00e0, in via Norberto Duzioni, con la visita guidata alla mostra \u201cBG23 visioni per un futuro presente\u201d, curata da Luca Molinari con Federica Rasenti.<\/p>\n<p>&nbsp;<\/p>\n<p>Chiude il <strong>28 maggio<\/strong> la presentazione del <strong>premio internazionale ArchitetturaLovers<\/strong>, aperto ai progetti che, completati entro il 31 dicembre 2022, abbiano valorizzato l\u2019esistente mediante conservazione e sostituzione.<\/p>\n<p>&nbsp;<\/p>\n<p><strong>Programma e iscrizioni:<\/strong><\/p>\n<ul>\n<li><strong>22 maggio 2023, ore 16-19<\/strong>: \u201c<strong>EREDIT\u00c0: dalla conservazione alla valorizzazione<\/strong>\u201d<br \/>\n<strong>Dove:<\/strong> Camera di Commercio di Bergamo, Sala Mosaico, via Petrarca 10, Bergamo<br \/>\n<strong>Iscrizioni<\/strong>: <a href=\"https:\/\/customer49009.musvc2.net\/e\/tr?q=8%3d5aJe0%26D%3dA%26I%3d9TH%26J%3d9TBd6%26M%3drOuH3_MRuZ_XB_JaxQ_TP_MRuZ_WGO7R.fNoIu42Du7.sO_sscu_3ho_MRuZ_WG4sBmAoOuA-v6c4-lB-cK-oMf6sOb-6kGm3-mJoKoMw30DpFo-6mDk-QbDyMjR061AyIf-XBd2UEW6aDd8%266%3dwPtNmW.o74%26Dt%3dZIW0%26L3%3dWATCe6SFe6bJX8%260%3dFZeVm6b3kcfbH6AbEXb7n8AWJbf6E8gUlc6Uo79UGWd8m78VpV6bm9AUF0cTFX4ak007&amp;mupckp=mupAtu4m8OiX0wt\" target=\"_blank\" rel=\"noopener\" data-saferedirecturl=\"https:\/\/www.google.com\/url?q=https:\/\/customer49009.musvc2.net\/e\/tr?q%3D8%253d5aJe0%2526D%253dA%2526I%253d9TH%2526J%253d9TBd6%2526M%253drOuH3_MRuZ_XB_JaxQ_TP_MRuZ_WGO7R.fNoIu42Du7.sO_sscu_3ho_MRuZ_WG4sBmAoOuA-v6c4-lB-cK-oMf6sOb-6kGm3-mJoKoMw30DpFo-6mDk-QbDyMjR061AyIf-XBd2UEW6aDd8%25266%253dwPtNmW.o74%2526Dt%253dZIW0%2526L3%253dWATCe6SFe6bJX8%25260%253dFZeVm6b3kcfbH6AbEXb7n8AWJbf6E8gUlc6Uo79UGWd8m78VpV6bm9AUF0cTFX4ak007%26mupckp%3DmupAtu4m8OiX0wt&amp;source=gmail&amp;ust=1684315340710000&amp;usg=AOvVaw2TiYJaA5txAzl4ChvW0u2m\">eventbrite.it\/e\/biglietti-<wbr \/>labb-bg-bs-eredita-dalla-<wbr \/>conservazione-alla-<wbr \/>valorizzazione-629135259497<\/a><\/li>\n<li><strong>24 maggio 2023, ore 16-19<\/strong>: \u201c<strong>MICRO: trasformazioni urbane nella provincia di Bergamo<\/strong>\u201d<br \/>\n<strong>Dove:<\/strong> Aula Magna Universit\u00e0 degli Studi di Bergamo, Ex chiesa Sant\u2019Agostino, via della Fara 4, Bergamo<br \/>\n<strong>Iscrizioni<\/strong>: <a href=\"https:\/\/customer49009.musvc2.net\/e\/tr?q=A%3d5cJh0%26F%3dA%26L%3d9VH%26M%3d9VBg6%26O%3drRuJ3_PRwZ_aB_La1Q_VP_PRwZ_ZGQ7U.fPoLu62Gu9.sR_sucx_3jo_PRwZ_ZG6sEmCoRuC-v9c6-lE-cM-wGdLy-Rs53DpLw91CyLj-O20bHo-LfFv9-qLyTjHmGb-ZBg9dGe6dIa8%268%3dwStPmZ.o94%26Gt%3dbIZ0%26N3%3dZAVCh6UFh6dJa8%26B%3dn0d5IYdYJ9b5kfA5lDA6G06Uldd8Gfddkh95pBcdBh3Xog2alD5ckb7WBd30oa9bBg55&amp;mupckp=mupAtu4m8OiX0wt\" target=\"_blank\" rel=\"noopener\" data-saferedirecturl=\"https:\/\/www.google.com\/url?q=https:\/\/customer49009.musvc2.net\/e\/tr?q%3DA%253d5cJh0%2526F%253dA%2526L%253d9VH%2526M%253d9VBg6%2526O%253drRuJ3_PRwZ_aB_La1Q_VP_PRwZ_ZGQ7U.fPoLu62Gu9.sR_sucx_3jo_PRwZ_ZG6sEmCoRuC-v9c6-lE-cM-wGdLy-Rs53DpLw91CyLj-O20bHo-LfFv9-qLyTjHmGb-ZBg9dGe6dIa8%25268%253dwStPmZ.o94%2526Gt%253dbIZ0%2526N3%253dZAVCh6UFh6dJa8%2526B%253dn0d5IYdYJ9b5kfA5lDA6G06Uldd8Gfddkh95pBcdBh3Xog2alD5ckb7WBd30oa9bBg55%26mupckp%3DmupAtu4m8OiX0wt&amp;source=gmail&amp;ust=1684315340710000&amp;usg=AOvVaw12b50Mp7AkSuPmm5TSXnEM\">eventbrite.it\/e\/biglietti-<wbr \/>labb-bg-bs-micro-<wbr \/>trasformazioni-urbane-nella-<wbr \/>provincia-629807750937<\/a><\/li>\n<li><strong>24 maggio 2023, ore 20-22<\/strong>: \u201c<strong>Dialoghi e poesia. Inneschi di rigenerazione urbana<\/strong>\u201d, con <strong>Franco Arminio<\/strong><br \/>\n<strong>Dove:<\/strong> Aula Magna Universit\u00e0 degli Studi di Bergamo, Ex chiesa Sant\u2019Agostino, via della Fara 4, Bergamo<br \/>\n<strong>Iscrizioni:<\/strong><a href=\"https:\/\/customer49009.musvc2.net\/e\/tr?q=3%3dHbBZM%26E%3d3%26D%3dLU0%26E%3dLU4YI%26N%3djJ8Iu_HevR_SO_KSsd_UH_HevR_RTPyM.sOgD85t988.kJ_6tUp_Fig_HevR_RT5k7zBgJ8B-n1p5-d7-pL-f9oEq7vB-g-F38u9o-6qD-tKcDqH-cH1Bp93-Y4YLT3TFTAQK%267%3doK7OeR.28v%2697%3daARM%26Mu%3dRNU5ZIT8ZIcBSK%26A%3deWK4eQE874oZfXoa1o4c35Ha8QLUgWNbfTpU9Zs94St752F98TNUg6ob6YFV62tVBSr9&amp;mupckp=mupAtu4m8OiX0wt\" target=\"_blank\" rel=\"noopener\" data-saferedirecturl=\"https:\/\/www.google.com\/url?q=https:\/\/customer49009.musvc2.net\/e\/tr?q%3D3%253dHbBZM%2526E%253d3%2526D%253dLU0%2526E%253dLU4YI%2526N%253djJ8Iu_HevR_SO_KSsd_UH_HevR_RTPyM.sOgD85t988.kJ_6tUp_Fig_HevR_RT5k7zBgJ8B-n1p5-d7-pL-f9oEq7vB-g-F38u9o-6qD-tKcDqH-cH1Bp93-Y4YLT3TFTAQK%25267%253doK7OeR.28v%252697%253daARM%2526Mu%253dRNU5ZIT8ZIcBSK%2526A%253deWK4eQE874oZfXoa1o4c35Ha8QLUgWNbfTpU9Zs94St752F98TNUg6ob6YFV62tVBSr9%26mupckp%3DmupAtu4m8OiX0wt&amp;source=gmail&amp;ust=1684315340710000&amp;usg=AOvVaw09U7SttRz56jGbf_AsU8H5\"> eventbrite.it\/e\/biglietti-<wbr \/>labb-bg-bs-dialoghi-e-poesia-<wbr \/>con-franco-arminio-<wbr \/>629811421917<\/a><\/li>\n<li><strong>26 maggio, ore 16-19<\/strong>: \u201c<strong>MACRO: trasformazioni nel progetto della citt\u00e0 pubblica<\/strong>\u201d<br \/>\n<strong>Dove:<\/strong> I.lab Italcementi, Kilometro Rosso, via Stezzano 87, Bergamo<br \/>\n<strong>Iscrizioni<\/strong>: <a href=\"https:\/\/customer49009.musvc2.net\/e\/tr?q=4%3dCeBaH%26H%3d3%26E%3dGX0%26F%3dGX4ZD%26Q%3djK3Lu_IZyR_TJ_NStY_XH_IZyR_SOSyN.nRgE38t03A.kK_1wUq_Alg_IZyR_SO8k8uEgK3E-n2k8-d8-kO-o2lNq-K17u7xNo29EqEr-JgC-yNq8nPvF-mAnCj-9kK37-rLk8n0l7-8SHW7UId7YIc%26f%3dD4Ox4A.JgK%26rO%3d0ZAe%26vJ%3dAf4TIa3WIaBaBc%262j7cj%3dTj8g5FZd3Fb43Df5ZAafTI886Cc8Roc36GA7VoY0SD09aHadVn86a005YkY6Tod4&amp;mupckp=mupAtu4m8OiX0wt\" target=\"_blank\" rel=\"noopener\" data-saferedirecturl=\"https:\/\/www.google.com\/url?q=https:\/\/customer49009.musvc2.net\/e\/tr?q%3D4%253dCeBaH%2526H%253d3%2526E%253dGX0%2526F%253dGX4ZD%2526Q%253djK3Lu_IZyR_TJ_NStY_XH_IZyR_SOSyN.nRgE38t03A.kK_1wUq_Alg_IZyR_SO8k8uEgK3E-n2k8-d8-kO-o2lNq-K17u7xNo29EqEr-JgC-yNq8nPvF-mAnCj-9kK37-rLk8n0l7-8SHW7UId7YIc%2526f%253dD4Ox4A.JgK%2526rO%253d0ZAe%2526vJ%253dAf4TIa3WIaBaBc%25262j7cj%253dTj8g5FZd3Fb43Df5ZAafTI886Cc8Roc36GA7VoY0SD09aHadVn86a005YkY6Tod4%26mupckp%3DmupAtu4m8OiX0wt&amp;source=gmail&amp;ust=1684315340710000&amp;usg=AOvVaw3haWYG36-VBygeK8kRPDJJ\">eventbrite.it\/e\/biglietti-<wbr \/>labb-bg-bs-macro-<wbr \/>trasformazioni-nel-progetto-<wbr \/>della-citta-pubblica-<wbr \/>629154085807<\/a><\/li>\n<li><strong>28 maggio, ore 11-13<\/strong>: <strong>Premio ArchitettetturaLovers<\/strong><br \/>\n<strong>Dove:<\/strong> Ordine Architetti PPC Bergamo, Passaggio Canonici Lateranensi 1, Bergamo<br \/>\n<strong>Iscrizioni<\/strong>: <a href=\"https:\/\/customer49009.musvc2.net\/e\/tr?q=3%3dQfCZV%26I%3d4%26D%3dUYA%26E%3dUY5YR%26R%3dkJGMv_HnzS_SX_OTsm_YI_HnzS_RcTzM.2ShDG9u9GB.lJ_ExVp_Omh_HnzS_Rc9l79FhJGF-o1y9-e7-yP-sH2JlE-xOf86QhJGBwJHOdBBShHF-c6RTX6WPYAZT%26A%3dpKFSfR.ABw%269F%3deBRV%26Qv%3dRWY6ZRX9ZRgCST%26E%3dCTVYd5309RyX0Tx8C3289RVb1x8d8UVC96Q94T1fg6z0AV2bC2Rd7X3ghSzcBSSCfYSB&amp;mupckp=mupAtu4m8OiX0wt\" target=\"_blank\" rel=\"noopener\" data-saferedirecturl=\"https:\/\/www.google.com\/url?q=https:\/\/customer49009.musvc2.net\/e\/tr?q%3D3%253dQfCZV%2526I%253d4%2526D%253dUYA%2526E%253dUY5YR%2526R%253dkJGMv_HnzS_SX_OTsm_YI_HnzS_RcTzM.2ShDG9u9GB.lJ_ExVp_Omh_HnzS_Rc9l79FhJGF-o1y9-e7-yP-sH2JlE-xOf86QhJGBwJHOdBBShHF-c6RTX6WPYAZT%2526A%253dpKFSfR.ABw%25269F%253deBRV%2526Qv%253dRWY6ZRX9ZRgCST%2526E%253dCTVYd5309RyX0Tx8C3289RVb1x8d8UVC96Q94T1fg6z0AV2bC2Rd7X3ghSzcBSSCfYSB%26mupckp%3DmupAtu4m8OiX0wt&amp;source=gmail&amp;ust=1684315340710000&amp;usg=AOvVaw1vZJ39asw0R6-_f4PMGeLj\">eventbrite.it\/e\/biglietti-<wbr \/>labb-bg-bs-premio-<wbr \/>architettetturalovers-<wbr \/>632713732807<\/a><\/li>\n<\/ul>\n<p>&nbsp;<\/p>\n<p>Tutto il programma \u00e8 a <strong>partecipazione gratuita<\/strong>, in presenza e webinar, con <strong>iscrizione obbligatoria<\/strong>. Tutti gli appuntamenti <strong>prevedono cfp per gli architetti partecipanti<\/strong>.<\/p>\n<p>&nbsp;<\/p>\n<p>Info:<a href=\"https:\/\/customer49009.musvc2.net\/e\/tr?q=8%3dCY0eH%26B%3d1%26I%3dGR8%26J%3dGR2dD%26K%3dhO3Fs_MZsP_XJ_HQxY_RF_MZsP_WOBoQn1r8q9t03JuMj2g72.9t_MZsP_WO%264%3dmP2LcW.w5t%26D2%3dX9WH%26Js%3dWIR36j1aeDQ6eDZ0XF%268%3d37nXdWm3eYj2e6H31ZC2e9H296EZ59FZe9lS8X063bBV5cmT6cHYf6G4dYIW06CQ&amp;mupckp=mupAtu4m8OiX0wt\" target=\"_blank\" rel=\"noopener\" data-saferedirecturl=\"https:\/\/www.google.com\/url?q=https:\/\/customer49009.musvc2.net\/e\/tr?q%3D8%253dCY0eH%2526B%253d1%2526I%253dGR8%2526J%253dGR2dD%2526K%253dhO3Fs_MZsP_XJ_HQxY_RF_MZsP_WOBoQn1r8q9t03JuMj2g72.9t_MZsP_WO%25264%253dmP2LcW.w5t%2526D2%253dX9WH%2526Js%253dWIR36j1aeDQ6eDZ0XF%25268%253d37nXdWm3eYj2e6H31ZC2e9H296EZ59FZe9lS8X063bBV5cmT6cHYf6G4dYIW06CQ%26mupckp%3DmupAtu4m8OiX0wt&amp;source=gmail&amp;ust=1684315340711000&amp;usg=AOvVaw3Ue5CW5CCgx588YVD9gLun\"> lovearchitetturabgbs.it\/<wbr \/>eventi\/<\/a><\/p>\n<\/div>\n<\/div>\n<\/td>\n<\/tr>\n<\/tbody>\n<\/table>\n<\/td>\n<\/tr>\n<\/tbody>\n<\/table>\n<\/td>\n<\/tr>\n<\/tbody>\n<\/table>\n<table role=\"presentation\" border=\"0\" width=\"100%\" cellspacing=\"0\" cellpadding=\"0\" align=\"center\">\n<tbody>\n<tr>\n<td>\n<table class=\"m_-3326674251735811710row-content m_-3326674251735811710stack\" role=\"presentation\" border=\"0\" width=\"600\" cellspacing=\"0\" cellpadding=\"0\" align=\"center\">\n<tbody>\n<tr>\n<td class=\"m_-3326674251735811710column\" width=\"100%\">\n<table role=\"presentation\" border=\"0\" width=\"100%\" cellspacing=\"0\" cellpadding=\"0\">\n<tbody>\n<tr>\n<td>\n<div>\n<div>\n<p><strong>ufficio stampa | press office<\/strong><\/p>\n<p>Laura Milan | comunicArch<\/p>\n<p>per Fondazione Architetti Bergamo<\/p>\n<p>M. +39 3479707090<\/p>\n<\/div>\n<\/div>\n<\/td>\n<\/tr>\n<\/tbody>\n<\/table>\n<\/td>\n<\/tr>\n<\/tbody>\n<\/table>\n<\/td>\n<\/tr>\n<\/tbody>\n<\/table>\n<table role=\"presentation\" border=\"0\" width=\"100%\" cellspacing=\"0\" cellpadding=\"0\" align=\"center\">\n<tbody>\n<tr>\n<td>\n<table class=\"m_-3326674251735811710row-content m_-3326674251735811710stack\" role=\"presentation\" border=\"0\" width=\"600\" cellspacing=\"0\" cellpadding=\"0\" align=\"center\">\n<tbody>\n<tr>\n<td class=\"m_-3326674251735811710column\" width=\"100%\">\n<table role=\"presentation\" border=\"0\" width=\"100%\" cellspacing=\"0\" cellpadding=\"0\">\n<tbody>\n<tr>\n<td>\n<div align=\"center\">\n<table role=\"presentation\" border=\"0\" width=\"100%\" cellspacing=\"0\" cellpadding=\"0\">\n<tbody>\n<tr>\n<td><\/td>\n<\/tr>\n<\/tbody>\n<\/table>\n<\/div>\n<\/td>\n<\/tr>\n<\/tbody>\n<\/table>\n<table role=\"presentation\" border=\"0\" width=\"100%\" cellspacing=\"0\" cellpadding=\"10\">\n<tbody>\n<tr>\n<td>\n<div>\n<div>\n<p><strong>studio associato comunicArch &#8211; via Belfiore 36, 10125 Torino<\/strong><\/p>\n<\/div>\n<\/div>\n<\/td>\n<\/tr>\n<\/tbody>\n<\/table>\n<\/td>\n<\/tr>\n<\/tbody>\n<\/table>\n<\/td>\n<\/tr>\n<\/tbody>\n<\/table>\n<table role=\"presentation\" border=\"0\" width=\"100%\" cellspacing=\"0\" cellpadding=\"0\" align=\"center\">\n<tbody>\n<tr>\n<td>\n<table class=\"m_-3326674251735811710row-content m_-3326674251735811710stack\" role=\"presentation\" border=\"0\" width=\"600\" cellspacing=\"0\" cellpadding=\"0\" align=\"center\">\n<tbody>\n<tr>\n<td class=\"m_-3326674251735811710column\" width=\"100%\">\n<table class=\"m_-3326674251735811710social_block\" role=\"presentation\" border=\"0\" width=\"100%\" cellspacing=\"0\" cellpadding=\"10\">\n<tbody>\n<tr>\n<td>\n<div align=\"center\">\n<table class=\"m_-3326674251735811710social-table\" role=\"presentation\" border=\"0\" width=\"108px\" cellspacing=\"0\" cellpadding=\"0\">\n<tbody>\n<tr>\n<td><a href=\"https:\/\/customer49009.musvc2.net\/e\/tr?q=8%3d5fXe0%26I%3dO%26I%3d9YV%26J%3d9YPd6%26R%3d6OuMG_MRzn_XB_OoxQ_Yd_MRzn_WGTKR.g810cLCF.dLA_MRzn_WG0CHvK78bO1C_sxqu_3m%262%3dHvPJ83.K3O%26jP%3d6b8yVd3f%26HN%3d3gPXAbOaAbXe4d%266%3dd98zY5ARd7XV63XUd2BW7efW08b2b5Y4Yf9Td50V7egTW2g362cVa79TVA9QV4ZP&amp;mupckp=mupAtu4m8OiX0wt\" target=\"_blank\" rel=\"noopener\" data-saferedirecturl=\"https:\/\/www.google.com\/url?q=https:\/\/customer49009.musvc2.net\/e\/tr?q%3D8%253d5fXe0%2526I%253dO%2526I%253d9YV%2526J%253d9YPd6%2526R%253d6OuMG_MRzn_XB_OoxQ_Yd_MRzn_WGTKR.g810cLCF.dLA_MRzn_WG0CHvK78bO1C_sxqu_3m%25262%253dHvPJ83.K3O%2526jP%253d6b8yVd3f%2526HN%253d3gPXAbOaAbXe4d%25266%253dd98zY5ARd7XV63XUd2BW7efW08b2b5Y4Yf9Td50V7egTW2g362cVa79TVA9QV4ZP%26mupckp%3DmupAtu4m8OiX0wt&amp;source=gmail&amp;ust=1684315340711000&amp;usg=AOvVaw2RauBNZkGNX35I9QVzk0y4\"><img decoding=\"async\" class=\"CToWUd\" title=\"Facebook\" src=\"https:\/\/ci3.googleusercontent.com\/proxy\/9e8EIl0eKTUv8tOaQfB_1zxiF9q0pJZEFblzlA0By5nCBM47vT_v5eKOn9NUFFJy8AK1IsXMkjYN8NGP_QhQeXaBnOBPvDuL3EfUbuV6vCuzJwR6BfOGg9jCvyvXTUT8M9y7QLJvjL7_34Tsi2YNgig46-SwzbmR8hgGd_A=s0-d-e1-ft#https:\/\/customer49009.img.musvc2.net\/static\/49009\/images\/social\/t-outline-circle-dark-gray\/facebook@2x.png\" alt=\"Facebook\" width=\"32\" height=\"32\" data-bit=\"iit\" \/><\/a><\/td>\n<td><a href=\"https:\/\/customer49009.musvc2.net\/e\/tr?q=9%3dAdVfF%26G%3dM%26J%3dEWT%26K%3dEWNeB%26P%3d4P1KE_NXxl_YH_MmyW_Wb_NXxl_XMRIS.pIEPhBD7t.8AI_yvov_9kyKtP0Ej6D9o_MmyW_Wb_NXxl_YMC8_NXxl_YK00%260%3dtPERjW.0A1%26DE%3ddFWU%26Pz%3dWVX0eQWCeQfGXS%26D%3d8ZR788ydi8Sd9bM79VRfGXOa9VRXDZNdhbU9A9xXhYUeD7w00Zzfm9wf7h6wiay9mXPb&amp;mupckp=mupAtu4m8OiX0wt\" target=\"_blank\" rel=\"noopener\" data-saferedirecturl=\"https:\/\/www.google.com\/url?q=https:\/\/customer49009.musvc2.net\/e\/tr?q%3D9%253dAdVfF%2526G%253dM%2526J%253dEWT%2526K%253dEWNeB%2526P%253d4P1KE_NXxl_YH_MmyW_Wb_NXxl_XMRIS.pIEPhBD7t.8AI_yvov_9kyKtP0Ej6D9o_MmyW_Wb_NXxl_YMC8_NXxl_YK00%25260%253dtPERjW.0A1%2526DE%253ddFWU%2526Pz%253dWVX0eQWCeQfGXS%2526D%253d8ZR788ydi8Sd9bM79VRfGXOa9VRXDZNdhbU9A9xXhYUeD7w00Zzfm9wf7h6wiay9mXPb%26mupckp%3DmupAtu4m8OiX0wt&amp;source=gmail&amp;ust=1684315340711000&amp;usg=AOvVaw026NcXDVavGUekan2hlLIS\"><img decoding=\"async\" class=\"CToWUd\" title=\"Instagram\" src=\"https:\/\/ci4.googleusercontent.com\/proxy\/_xtLUiqdPUVRTIvdVANmjqmhQGXbmg8ex49Qu8KNk_B_LlP-cI5c_TY3zCp55oYavXZ49JoZvHV5Zpz5vHUmPWoaDY3io68Kz_z5J3AUsaKY6IuaOZgP70bad_QtgbTvbJZfJs8ICt5f0jCHZKg7yfS8FY7_ZHsTJevi6C5S=s0-d-e1-ft#https:\/\/customer49009.img.musvc2.net\/static\/49009\/images\/social\/t-outline-circle-dark-gray\/instagram@2x.png\" alt=\"Instagram\" width=\"32\" height=\"32\" data-bit=\"iit\" \/><\/a><\/td>\n<td><a href=\"https:\/\/customer49009.musvc2.net\/e\/tr?q=5%3dMdAbR%26G%3d2%26F%3dQW9%26G%3dQW3aN%26P%3diLCKt_JjxQ_UT_MRui_WG_JjxQ_TYRxO.5DoCx9jF.vJn_JjxQ_TY8pE96oQ_AvTr_KkdG6PoAv6s51-Rf-58HnM7Dd3C0-bJvCjLx8uMA0%26e%3dEDNw5K.IfL%262N%3d9aKd%26uK%3dKe3USZ2XSZAbLb%26i%3dVMZ0ZSe3TN69WJV2VwZ0UQ09SKadYyW96MWdYxZ7WP3t6b6AVtadaNZ9VP626Oa8ZvXe&amp;mupckp=mupAtu4m8OiX0wt\" target=\"_blank\" rel=\"noopener\" data-saferedirecturl=\"https:\/\/www.google.com\/url?q=https:\/\/customer49009.musvc2.net\/e\/tr?q%3D5%253dMdAbR%2526G%253d2%2526F%253dQW9%2526G%253dQW3aN%2526P%253diLCKt_JjxQ_UT_MRui_WG_JjxQ_TYRxO.5DoCx9jF.vJn_JjxQ_TY8pE96oQ_AvTr_KkdG6PoAv6s51-Rf-58HnM7Dd3C0-bJvCjLx8uMA0%2526e%253dEDNw5K.IfL%25262N%253d9aKd%2526uK%253dKe3USZ2XSZAbLb%2526i%253dVMZ0ZSe3TN69WJV2VwZ0UQ09SKadYyW96MWdYxZ7WP3t6b6AVtadaNZ9VP626Oa8ZvXe%26mupckp%3DmupAtu4m8OiX0wt&amp;source=gmail&amp;ust=1684315340711000&amp;usg=AOvVaw3n4DyutfAqEHykhaphrwvB\"><img decoding=\"async\" class=\"CToWUd\" title=\"LinkedIn\" src=\"https:\/\/ci4.googleusercontent.com\/proxy\/ate8VFFJBRCES8FNbwFhSmZvHZP9auyziaTrP2f07gao4SKnuF_43qJEg-CoyMa_bZ5ZMhjF27P75x1A6mXDCdVmsu_My0RbCqENdRxqEmVUh-ifQh43g5GidzwHxtEWoHuKSraQih8gxqHLHp3VfTofHD54cYOrUa0kZRM=s0-d-e1-ft#https:\/\/customer49009.img.musvc2.net\/static\/49009\/images\/social\/t-outline-circle-dark-gray\/linkedin@2x.png\" alt=\"LinkedIn\" width=\"32\" height=\"32\" data-bit=\"iit\" \/><\/a><\/td>\n<\/tr>\n<\/tbody>\n<\/table>\n<\/div>\n<\/td>\n<\/tr>\n<\/tbody>\n<\/table>\n<\/td>\n<\/tr>\n<\/tbody>\n<\/table>\n<\/td>\n<\/tr>\n<\/tbody>\n<\/table>\n<\/td>\n<\/tr>\n<\/tbody>\n<\/table>\n","protected":false},"excerpt":{"rendered":"<p>&nbsp; &nbsp; Cristiana Chiorino e Laura Milan + Fabio Oggero LABB-Love Architettura BG BS: iscrizioni aperte per le giornate bergamasche [&hellip;]<\/p>\n","protected":false},"author":1,"featured_media":0,"comment_status":"open","ping_status":"open","sticky":false,"template":"","format":"standard","meta":{"footnotes":""},"categories":[10,47],"tags":[],"class_list":["post-37236","post","type-post","status-publish","format-standard","hentry","category-italiano","category-tecnologias"],"_links":{"self":[{"href":"https:\/\/www.ecoitaliano.com.ar\/index.php?rest_route=\/wp\/v2\/posts\/37236","targetHints":{"allow":["GET"]}}],"collection":[{"href":"https:\/\/www.ecoitaliano.com.ar\/index.php?rest_route=\/wp\/v2\/posts"}],"about":[{"href":"https:\/\/www.ecoitaliano.com.ar\/index.php?rest_route=\/wp\/v2\/types\/post"}],"author":[{"embeddable":true,"href":"https:\/\/www.ecoitaliano.com.ar\/index.php?rest_route=\/wp\/v2\/users\/1"}],"replies":[{"embeddable":true,"href":"https:\/\/www.ecoitaliano.com.ar\/index.php?rest_route=%2Fwp%2Fv2%2Fcomments&post=37236"}],"version-history":[{"count":0,"href":"https:\/\/www.ecoitaliano.com.ar\/index.php?rest_route=\/wp\/v2\/posts\/37236\/revisions"}],"wp:attachment":[{"href":"https:\/\/www.ecoitaliano.com.ar\/index.php?rest_route=%2Fwp%2Fv2%2Fmedia&parent=37236"}],"wp:term":[{"taxonomy":"category","embeddable":true,"href":"https:\/\/www.ecoitaliano.com.ar\/index.php?rest_route=%2Fwp%2Fv2%2Fcategories&post=37236"},{"taxonomy":"post_tag","embeddable":true,"href":"https:\/\/www.ecoitaliano.com.ar\/index.php?rest_route=%2Fwp%2Fv2%2Ftags&post=37236"}],"curies":[{"name":"wp","href":"https:\/\/api.w.org\/{rel}","templated":true}]}}