{"id":37240,"date":"2023-05-16T13:00:32","date_gmt":"2023-05-16T13:00:32","guid":{"rendered":"http:\/\/www.ecoitaliano.com.ar\/?p=37240"},"modified":"2023-05-16T13:00:32","modified_gmt":"2023-05-16T13:00:32","slug":"rimini-si-prepara-per-unestate-ricca-di-eventi-arte-musica-sport-spettacoli-la-citta-romagnola-fa-il-pieno-di-cultura-per-unestate-da-tutto-esaurito","status":"publish","type":"post","link":"https:\/\/www.ecoitaliano.com.ar\/?p=37240","title":{"rendered":"Rimini si prepara per un\u2019estate ricca di eventi. Arte, musica, sport, spettacoli: la citt\u00e0 romagnola fa il pieno di cultura per un\u2019estate da tutto esaurito"},"content":{"rendered":"<p><a href=\"https:\/\/culturaliart.musvc2.net\/e\/r?q=M6%3dF9M7Q_7tjx_H4_9yhs_ID_7tjx_G9zYrWs.KpB3S563GtGA.A4F_9yhs_IDu_Kh1e_UwP3E.rQ5Q_9yhs_ID_7tjx_H95Bt_Kh1e_VuPC_Kh1e_UwUC_-5uE_7tjx_H78Wu7P_Pfvg_asJEUBSO_Pfvg_ZKQ_9yhs_JB5O_9yhs_IdNb_9yhs_IdC_Kh1e_VuNA_Kh1e_UM_Pfvg_asaKFN0K-0F4t_Pfvg_ZKQ_9yhs_JB5I_9yhs_Id7VN.bO8_9yhs_IDJ6_9yhs_IdC_Kh1e_VuNA_Kh1e_UMbNYx_Pfvg_asHDM4r9pAOekap%26t%3dgFVKZ%26s%3dFBQA6I.LtM%26zQ%3dFUIeK%26E%3dH%26L%3dFcIh%264%3dUQeOb%26A%3d-fJXLgFTKf&amp;mupckp=mupAtu4m8OiX0wt\" target=\"_blank\" rel=\"noopener\" name=\"m_-3005131310280770562_showInBrowser\" data-saferedirecturl=\"https:\/\/www.google.com\/url?q=https:\/\/culturaliart.musvc2.net\/e\/r?q%3DM6%253dF9M7Q_7tjx_H4_9yhs_ID_7tjx_G9zYrWs.KpB3S563GtGA.A4F_9yhs_IDu_Kh1e_UwP3E.rQ5Q_9yhs_ID_7tjx_H95Bt_Kh1e_VuPC_Kh1e_UwUC_-5uE_7tjx_H78Wu7P_Pfvg_asJEUBSO_Pfvg_ZKQ_9yhs_JB5O_9yhs_IdNb_9yhs_IdC_Kh1e_VuNA_Kh1e_UM_Pfvg_asaKFN0K-0F4t_Pfvg_ZKQ_9yhs_JB5I_9yhs_Id7VN.bO8_9yhs_IDJ6_9yhs_IdC_Kh1e_VuNA_Kh1e_UMbNYx_Pfvg_asHDM4r9pAOekap%2526t%253dgFVKZ%2526s%253dFBQA6I.LtM%2526zQ%253dFUIeK%2526E%253dH%2526L%253dFcIh%25264%253dUQeOb%2526A%253d-fJXLgFTKf%26mupckp%3DmupAtu4m8OiX0wt&amp;source=gmail&amp;ust=1684328362500000&amp;usg=AOvVaw2Jn6lhACI6_RgCaxk50i0d\"><\/a><\/p>\n<table role=\"presentation\" border=\"0\" width=\"100%\" cellspacing=\"0\" cellpadding=\"0\">\n<tbody>\n<tr>\n<td>\n<table role=\"presentation\" border=\"0\" width=\"100%\" cellspacing=\"0\" cellpadding=\"0\" align=\"center\">\n<tbody>\n<tr>\n<td>\n<table class=\"m_-3005131310280770562row-content m_-3005131310280770562stack\" role=\"presentation\" border=\"0\" width=\"600\" cellspacing=\"0\" cellpadding=\"0\" align=\"center\">\n<tbody>\n<tr>\n<td class=\"m_-3005131310280770562column\" width=\"50%\">\n<table class=\"m_-3005131310280770562image_block\" role=\"presentation\" border=\"0\" width=\"100%\" cellspacing=\"0\" cellpadding=\"0\">\n<tbody>\n<tr>\n<td>\n<div align=\"center\"><img decoding=\"async\" class=\"CToWUd\" src=\"https:\/\/ci4.googleusercontent.com\/proxy\/ud6btzSR4WyZN50Y2xSwsZZNlZpj6GEJ8Sez9Ni2G-9hwt7an6OrSnBeb_zLNjLGlCTlpbVfXBE8FUa5it5djEajWt6eSsX1A2_iVcJ3VoDuAzpPiPQmXfSTIPAlxhn4q_p4CA=s0-d-e1-ft#https:\/\/culturaliart.img.musvc2.net\/static\/91342\/images\/1\/visitRimini_4c_CMYK.jpg\" width=\"180\" data-bit=\"iit\" \/><\/div>\n<\/td>\n<\/tr>\n<\/tbody>\n<\/table>\n<\/td>\n<td class=\"m_-3005131310280770562column\" width=\"50%\">\n<table class=\"m_-3005131310280770562image_block\" role=\"presentation\" border=\"0\" width=\"100%\" cellspacing=\"0\" cellpadding=\"0\">\n<tbody>\n<tr>\n<td>\n<div align=\"center\"><img decoding=\"async\" class=\"CToWUd\" src=\"https:\/\/ci6.googleusercontent.com\/proxy\/uO-qiOL2rBqZkaoJFAXzAddTzTDbz_JVVKOhjJNDo2nJxvxxbuB1KDg1QEfyzJ6DFSLgJLmy3JPzP-6EULsl9Jy0mXstszKHdGPKZRZr12JtA5n-fq0Iih8atcWdE40zbA=s0-d-e1-ft#https:\/\/culturaliart.img.musvc2.net\/static\/91342\/images\/1\/logo_candidatura.jpg\" width=\"135\" data-bit=\"iit\" \/><\/div>\n<\/td>\n<\/tr>\n<\/tbody>\n<\/table>\n<\/td>\n<\/tr>\n<\/tbody>\n<\/table>\n<\/td>\n<\/tr>\n<\/tbody>\n<\/table>\n<table role=\"presentation\" border=\"0\" width=\"100%\" cellspacing=\"0\" cellpadding=\"0\" align=\"center\">\n<tbody>\n<tr>\n<td>\n<table class=\"m_-3005131310280770562row-content m_-3005131310280770562stack\" role=\"presentation\" border=\"0\" width=\"600\" cellspacing=\"0\" cellpadding=\"0\" align=\"center\">\n<tbody>\n<tr>\n<td class=\"m_-3005131310280770562column\" width=\"100%\">\n<table role=\"presentation\" border=\"0\" width=\"100%\" cellspacing=\"0\" cellpadding=\"5\">\n<tbody>\n<tr>\n<td>\n<div>\n<div>\n<p><strong>Rimini si prepara per un\u2019estate ricca di eventi<\/strong><\/p>\n<p><strong>\u00a0<\/strong><\/p>\n<p><strong>Arte, musica, sport, spettacoli: la citt\u00e0 romagnola fa il pieno di cultura per un\u2019estate da tutto esaurito<\/strong><\/p>\n<\/div>\n<\/div>\n<\/td>\n<\/tr>\n<\/tbody>\n<\/table>\n<table class=\"m_-3005131310280770562image_block\" role=\"presentation\" border=\"0\" width=\"100%\" cellspacing=\"0\" cellpadding=\"15\">\n<tbody>\n<tr>\n<td>\n<div align=\"center\"><img decoding=\"async\" class=\"m_-3005131310280770562big CToWUd a6T\" tabindex=\"0\" src=\"https:\/\/ci4.googleusercontent.com\/proxy\/-ecJ4e5a4s2oHDqLwxUJnm23kxN5DoMmhEILEeXstppIjEMIe7_ZZHFhXe4nD9vcRoo94VsPOAKjrd__v1zkmD3B2kujIAcmmUuq0PDIxs0lotVdmfyM7zZxQPOaOF-bL5euPNnsNuJbbivQWX9fydZXWOSiRvDN-U6J_BK-jU-fVw_9=s0-d-e1-ft#https:\/\/culturaliart.img.musvc2.net\/static\/91342\/images\/1\/Tempio%20Facciata%20-%20caterina.polcari(1)%20copia.jpg\" width=\"570\" data-bit=\"iit\" \/><\/div>\n<\/td>\n<\/tr>\n<\/tbody>\n<\/table>\n<table class=\"m_-3005131310280770562image_block\" role=\"presentation\" border=\"0\" width=\"100%\" cellspacing=\"0\" cellpadding=\"0\">\n<tbody>\n<tr>\n<td>\n<div align=\"center\"><img decoding=\"async\" class=\"m_-3005131310280770562big CToWUd\" src=\"https:\/\/ci6.googleusercontent.com\/proxy\/wwGA2N35hf8wV_J0cpH1rnmz9W9MLZ2tMzrukkjPIG5Qy_dWX4QS6G8APjyDaaVPd5fvVvvMMT1iILvaxIi5Whu6Q2ORCRHkATxtgM_mgmSIsrH8Yf7ft5yVFG65E56GzVSU8gsE2MzqlALRG5_ognEncxyEGTRYjA=s0-d-e1-ft#https:\/\/culturaliart.img.musvc2.net\/static\/91342\/images\/1\/Schermata%202023-02-01%20alle%2009.49.36.png\" width=\"600\" data-bit=\"iit\" \/><\/div>\n<\/td>\n<\/tr>\n<\/tbody>\n<\/table>\n<table role=\"presentation\" border=\"0\" width=\"100%\" cellspacing=\"0\" cellpadding=\"0\">\n<tbody>\n<tr>\n<td>\n<div>\n<div>\n<p><strong>L\u2019estate 2023 \u00e8 ormai alle porte e Rimini si prepara ad accogliere in citt\u00e0 un ricco palinsesto di eventi<\/strong>, confermandosi nuovamente <strong>meta turistica d\u2019eccellenza<\/strong> che attira ogni anno milioni amanti dell\u2019arte, del cibo e del mare provenienti da tutto il mondo. La citt\u00e0 romagnola anche d\u2019estate punta sull\u2019arte e sulla cultura grazie al suo <strong>patrimonio storico, artistico, monumentale straordinario<\/strong>. Tutti ingredienti di una ricetta vincente che hanno portato la Citt\u00e0 di Rimini a candidarsi a <strong>Capitale Italiana della Cultura per il 2026<\/strong>.<\/p>\n<p>&nbsp;<\/p>\n<p>\u201c<em>Vieni oltre<\/em>\u201d, italianizzazione dal dialettale \u201c<em>vin olta<\/em>\u201d, \u00e8 il <strong>titolo<\/strong> del percorso che accompagner\u00e0 la candidatura di Rimini a questo prestigioso riconoscimento: un invito che la citt\u00e0 rivolge al mondo per raccontarsi al di l\u00e0 degli stereotipi, come vera e propria <strong>citt\u00e0 d\u2019arte<\/strong>. Perch\u00e9 Rimini non \u00e8 solo mare e spiagge ma anche e soprattutto storia, arte, cultura e ospitalit\u00e0. Rimini \u00e8 un approdo dove l\u2019arte si \u00e8 sempre fusa in modo indistinguibile con la storia e la cultura di una citt\u00e0 \u201cgeneticamente\u201d vocata alla <strong>creativit\u00e0<\/strong>. Tante infatti sono le attrazioni che raccontano questa innata vocazione: <strong>il Fellini Museum, il PART, il Museo della Citt\u00e0, il Tempio Malatestiano, il Borgo San Giuliano, la rinnovata Piazza dei Sogni, la storica Domus del Chirurgo, l\u2019affascinante Ponte Tiberio<\/strong> e cos\u00ec via.<\/p>\n<p>&nbsp;<\/p>\n<p><u><strong>Estate 2023 a Rimini: gli appuntamenti da non perdere<\/strong><\/u><\/p>\n<p>&nbsp;<\/p>\n<p>Sono <strong>oltre 150 gli appuntamenti<\/strong> che animeranno l\u2019estate riminese fra nuove proposte, festival culturali, eventi artistici, mille occasioni di sport e intrattenimento e un filo rosso all\u2019insegna della musica con grandi artisti. Ad aprire ufficialmente il calendario di giugno sar\u00e0 infatti <strong>l\u2019attesa \u201cData Zero\u201d di Vasco Rossi<\/strong> allo Stadio Romeo Neri di Rimini (2 giugno 2023). Il rocker di Zocca torna ad infiammare la riviera romagnola dopo 27 anni dal suo ultimo concerto a Rimini. Il giorno prima della Data Zero, gioved\u00ec 1\u00b0 giugno 2023 si svolge anche il <strong><em>Soundcheck<\/em><\/strong>, la serata annuale aperta solo agli iscritti al <strong>Blasco fanclub<\/strong>.<\/p>\n<p>&nbsp;<\/p>\n<p><strong>Fino al 3 giugno 2023<\/strong> da non perdere \u00e8 la mostra \u201c<strong><em>Segnali Urbani<\/em><\/strong>\u201d allestita all&#8217;Ala Nuova del <strong>Museo della Citt\u00e0 di Rimini<\/strong> (ingresso gratuito) dedicata alla <strong>storia del writing degli anni Ottanta<\/strong>. In mostra i lavori di <strong>Eron, Rok, Reoh, Basik, Enko4, TomoZ, Mozoner, Burla22, Jato e Blatta<\/strong>, dieci artisti che dalla fine degli anni \u201880 ad oggi hanno influenzato in maniera incisiva il modo di vivere e realizzare <strong>l&#8217;arte urbana<\/strong> a Rimini.<\/p>\n<\/div>\n<\/div>\n<\/td>\n<\/tr>\n<\/tbody>\n<\/table>\n<table class=\"m_-3005131310280770562image_block\" role=\"presentation\" border=\"0\" width=\"100%\" cellspacing=\"0\" cellpadding=\"15\">\n<tbody>\n<tr>\n<td>\n<div align=\"center\"><img decoding=\"async\" class=\"m_-3005131310280770562big CToWUd a6T\" tabindex=\"0\" src=\"https:\/\/ci3.googleusercontent.com\/proxy\/Hu6fATbVTc55ln-eXCd5k9WemwkkHmAR_bYEP8PpDMdXHlVwvMTTWHDVuxAOOZaSGA08KVD3_8dTG76_vFkLddHLBhpwqwDxMz8bOvaDjpq2D27-PzK8Edc--Qjfa18iTYfNd5cJOc3aWhKm0cEbw7kgeGcGtSGmHz8WJvd0Wsapwf2SITOho48dmngzTbw7Dw=s0-d-e1-ft#https:\/\/culturaliart.img.musvc2.net\/static\/91342\/images\/1\/rimini-castel-sismondo-video-mapping-waiting-for-insight_ric9558.jpg\" width=\"570\" data-bit=\"iit\" \/><\/div>\n<\/td>\n<\/tr>\n<\/tbody>\n<\/table>\n<\/td>\n<\/tr>\n<\/tbody>\n<\/table>\n<\/td>\n<\/tr>\n<\/tbody>\n<\/table>\n<table role=\"presentation\" border=\"0\" width=\"100%\" cellspacing=\"0\" cellpadding=\"0\" align=\"center\">\n<tbody>\n<tr>\n<td>\n<table class=\"m_-3005131310280770562row-content m_-3005131310280770562stack\" role=\"presentation\" border=\"0\" width=\"600\" cellspacing=\"0\" cellpadding=\"0\" align=\"center\">\n<tbody>\n<tr>\n<td class=\"m_-3005131310280770562column\" width=\"100%\">\n<table role=\"presentation\" border=\"0\" width=\"100%\" cellspacing=\"0\" cellpadding=\"0\">\n<tbody>\n<tr>\n<td>\n<div>\n<div>\n<p>Atteso il <strong>9 giugno 2023<\/strong> la prima data del <strong>Tezenis Summer Festival<\/strong> in <strong>Piazzale Fellini<\/strong>, promosso da Tezenis in collaborazione con Radio 105, che vedr\u00e0 esibirsi i <strong>big della musica italiana<\/strong> come <strong>Achille Lauro, Annalisa, Articolo 31, Mr Rain, Pinguini Tattici Nucleari, Rocco Hunt, Rose Villain, The Kolors, Tommaso Paradiso<\/strong> e molti altri.<\/p>\n<p>&nbsp;<\/p>\n<p>Giugno prosegue all\u2019insegna del <strong>cinema<\/strong>: <strong>dal 10 al 18 giugno 2023<\/strong> il <strong>Cinema Fulgor<\/strong> e il <strong>Fellini Museum<\/strong> ospiteranno la quarta edizione de \u201c<strong><em>I luoghi dell\u2019anima<\/em><\/strong>\u201d, il festival internazionale del cinema sui territori e la bellezza, inaugurato in occasione del centenario della nascita del poeta, scrittore e sceneggiatore <strong>Tonino Guerra<\/strong> e ideato dal figlio Andrea Guerra per raccogliere l\u2019eredit\u00e0 spirituale, culturale, sociale del padre, e realizzato dall\u2019Associazione Tonino Guerra.<\/p>\n<p>&nbsp;<\/p>\n<p>Fra i grandi ritorni estivi, <strong>dal 23 giugno a fine luglio 2023<\/strong> il <strong><em>Festival del mondo antico<\/em><\/strong>, la rassegna di conferenze, incontri, tavole rotonde, presentazioni di libri, visite guidate e spettacoli in cui leggere il <strong>passato per comprendere il presente<\/strong> e costruire con maggiore consapevolezza il futuro.<\/p>\n<p>&nbsp;<\/p>\n<p>Sempre in centro storico, ritorna <strong>dal 27 al 29 giugno 2023<\/strong> per il terzo anno \u201c<strong><em>Biglietti agli amici<\/em><\/strong>\u201d il festival, con <strong>Marco Missiroli<\/strong>, che celebra il <strong>potere del racconto orale come fulcro della trasformazione contemporanea<\/strong>: a Rimini si ritorna ad ascoltarsi dal vivo con voci \u201caltisonanti\u201d del panorama culturale italiano, <strong>tra letteratura, attualit\u00e0, musica e spettacolo<\/strong>.<\/p>\n<p>&nbsp;<\/p>\n<p>Imperdibile l\u2019appuntamento con la <strong><em>Notte Rosa di Rimini<\/em><\/strong> <strong>dal 7 al 9 luglio 2023<\/strong>: <strong>il \u201ccapodanno\u201d dell\u2019estate<\/strong>, la grande festa della Riviera, giunge alla sua diciottesima edizione. Tutta la costa, con cuore pulsante a Rimini, si tinge di rosa, dal tramonto all\u2019alba in un\u2019esplosione di luci, suoni, immagini e colori, un evento diffuso con musica, spettacoli e magiche scenografie. Proprio <strong>9 luglio 2023<\/strong> sul palco della <strong>Rimini Beach Arena<\/strong> arriver\u00e0 il noto rapper milanese <strong>Lazza<\/strong>. Il cantante proporr\u00e0 le sue ultime hit come <em>Ouv3rture, Molotov e Piove<\/em>, dopo il grande successo ottenuto dopo Sanremo.<\/p>\n<\/div>\n<\/div>\n<\/td>\n<\/tr>\n<\/tbody>\n<\/table>\n<table class=\"m_-3005131310280770562image_block\" role=\"presentation\" border=\"0\" width=\"100%\" cellspacing=\"0\" cellpadding=\"15\">\n<tbody>\n<tr>\n<td>\n<div align=\"center\"><img decoding=\"async\" class=\"m_-3005131310280770562big CToWUd a6T\" tabindex=\"0\" src=\"https:\/\/ci4.googleusercontent.com\/proxy\/qBk7Cwlsg2ewzILM_MzQEvsWog6DkJh3pa9ls3bM1iduxqjZTYdbcDtAb1AQBA4Jn0C4NfmyMttKGlB1n6gUYFb5jiX-rbcpqG4hqaLfEG4QyKG2UDAwRZQLVukc37qa9mk=s0-d-e1-ft#https:\/\/culturaliart.img.musvc2.net\/static\/91342\/images\/1\/Senza%20titolo(0).jpg\" width=\"570\" data-bit=\"iit\" \/><\/div>\n<\/td>\n<\/tr>\n<\/tbody>\n<\/table>\n<table role=\"presentation\" border=\"0\" width=\"100%\" cellspacing=\"0\" cellpadding=\"0\">\n<tbody>\n<tr>\n<td>\n<div>\n<div>\n<p>La musica sar\u00e0 al centro del \u201c<strong><em>Social Music City<\/em><\/strong>\u201d in scena il <strong>15 luglio 2023<\/strong> nella Rimini Beach Arena che ospiter\u00e0 i grandi nomi della scena musicale internazionale, da <strong>Anfisa Letyago a Charlotte de Witte, da Marco Carola a Mathame<\/strong>, passando per <strong>Richie Hawtin e Tale Of Us<\/strong>. L\u2019atmosfera sar\u00e0 incendiata dalle loro performance mozzafiato. Ma l\u2019esperienza non finisce qui! L\u2019after-party prender\u00e0 il via al <strong>Cocoric\u00f2<\/strong> con i migliori DJ della scena, pronti a farvi ballare fino al mattino.<\/p>\n<p>&nbsp;<\/p>\n<p>Nelle calde serate estive a <strong>met\u00e0 luglio<\/strong> torna la rassegna \u201c<strong><em>La terrazza della Dolce Vita<\/em><\/strong>\u201d nella splendida cornice del giardino del <strong>Grand Hotel<\/strong>: un ciclo di incontri con importanti personaggi del <strong>mondo dello spettacolo e della cultura contemporanea<\/strong> intervistati dal <strong>giornalista Giovanni Terzi<\/strong> e presentati da <strong>Simona Ventura<\/strong>.<\/p>\n<p>&nbsp;<\/p>\n<p>Torna con una proposta inedita l\u2019atteso \u201c<strong><em>Spettacoli in piazza<\/em><\/strong>\u201d capace di trasformare, per sei weekend da <strong>fine luglio<\/strong>, l\u2019outdoor del <strong>Fellini Museum<\/strong> in un luogo dove poter sognare. Un\u2019esperienza che <strong>combina il racconto, la musica, e il teatro performativo<\/strong> per arrivare alla destinazione finale: il cuore di ogni spettatore. Uno spettacolo che racconta storie eterne, attraverso la magia e lo stupore, a cura di <strong>FestiGroup<\/strong> con la Regia di <strong>Monica Maimone<\/strong>.<\/p>\n<\/div>\n<\/div>\n<\/td>\n<\/tr>\n<\/tbody>\n<\/table>\n<\/td>\n<\/tr>\n<\/tbody>\n<\/table>\n<\/td>\n<\/tr>\n<\/tbody>\n<\/table>\n<table role=\"presentation\" border=\"0\" width=\"100%\" cellspacing=\"0\" cellpadding=\"0\" align=\"center\">\n<tbody>\n<tr>\n<td>\n<table class=\"m_-3005131310280770562row-content m_-3005131310280770562stack\" role=\"presentation\" border=\"0\" width=\"600\" cellspacing=\"0\" cellpadding=\"0\" align=\"center\">\n<tbody>\n<tr>\n<td class=\"m_-3005131310280770562column\" width=\"100%\">\n<table class=\"m_-3005131310280770562image_block\" role=\"presentation\" border=\"0\" width=\"100%\" cellspacing=\"0\" cellpadding=\"15\">\n<tbody>\n<tr>\n<td>\n<div align=\"center\"><img decoding=\"async\" class=\"m_-3005131310280770562big CToWUd a6T\" tabindex=\"0\" src=\"https:\/\/ci6.googleusercontent.com\/proxy\/ncYT-xQsSuEeOKONNxn0RQ0RkY3GJ10HT7X7JCxSTlXHIKeRX5POH7io5ibd3CNmjc2LP7QCcLhoVKaoDqGgBRutpryauF8WvQ98Arw3ylJUw6BL9Rm0B3Y2FMYYvJsJT9PONA=s0-d-e1-ft#https:\/\/culturaliart.img.musvc2.net\/static\/91342\/images\/1\/fontana-della-pigna.jpg\" width=\"570\" data-bit=\"iit\" \/><\/div>\n<\/td>\n<\/tr>\n<\/tbody>\n<\/table>\n<table role=\"presentation\" border=\"0\" width=\"100%\" cellspacing=\"0\" cellpadding=\"0\">\n<tbody>\n<tr>\n<td>\n<div>\n<div>\n<p>Luglio prosegue con un evento da non perdere: la 39esima edizione di \u201c<strong><em>Cartoon Club<\/em><\/strong>\u201d, il <strong>Festival Internazionale del cinema d\u2019animazione, del fumetto e dei games<\/strong>, che come sempre riempir\u00e0 la citt\u00e0 <strong>dal 10 al 16 luglio 2023<\/strong> di numerosi eventi, mostre, laboratori, masterclass, spettacoli e il mare con la mostra mercato e cosplay convention.<\/p>\n<p>&nbsp;<\/p>\n<p>Fra le<strong> novit\u00e0 2023,<\/strong> il <strong>5 agosto<\/strong> arriva in piazzale Fellini il \u201c<strong><em>Webboh Fest<\/em><\/strong>\u201d, il <strong>primo festival dedicato alla Gen-Z<\/strong> e ideato dalla community di <a href=\"http:\/\/webboh.it\" target=\"_blank\" rel=\"noopener\" data-saferedirecturl=\"https:\/\/www.google.com\/url?q=http:\/\/webboh.it&amp;source=gmail&amp;ust=1684328362501000&amp;usg=AOvVaw1fGm1wLxk_4Ky2McbX62PH\">webboh.it<\/a>, che porta sul palco i cantanti e i creator pi\u00f9 amati dai giovani.<\/p>\n<p>&nbsp;<\/p>\n<p><strong>Dal 23 agosto al 15 settembre 2023<\/strong> appuntamento con \u201c<strong><em>Le citt\u00e0 visibili<\/em><\/strong>\u201d, il <strong>festival teatrale e musicale<\/strong> che ospita gli artisti pi\u00f9 importanti del panorama nazionale, portando lo spettacolo dal vivo, sia in luoghi ad esso dedicati, sia in spazi non convenzionali.<\/p>\n<p>&nbsp;<\/p>\n<p>Infine, <strong>tutti i giorni di giugno, luglio e agosto 2023<\/strong>, nella splendida cornice della <strong>Piazza sull\u2019Acqua<\/strong>, con vista sul Ponte di Tiberio, <strong>VisitRimini<\/strong> propone un <strong>pic-nic<\/strong> in un ampio spazio verde, dove potersi rilassare e gustare del buon cibo preparato da alcuni <strong>ristoranti del Borgo San Giuliano<\/strong>. Per partecipare \u00e8 necessario solo scegliere fra i menu proposti e l\u2019orario (dalle 18.00). Per info e prenotazioni: 0541.51441<\/p>\n<p>&nbsp;<\/p>\n<p><u><strong>Vivi Rimini a 360 gradi con le esperienze di VisitRimini<\/strong><\/u><\/p>\n<p>&nbsp;<\/p>\n<p>VisitRimini anche per il periodo estivo propone ai visitatori e ai turisti di Rimini numerose esperienze per vivere la citt\u00e0 in un modo del tutto nuovo.<\/p>\n<p>&nbsp;<\/p>\n<p>Per gli amanti del cinema sono imperdibili le esperienze dedicate al grande maestro <strong>Federico Fellini<\/strong>, nato proprio a Rimini. Una colazione o aperitivo al meraviglioso <strong>Grand Hotel<\/strong> dove Fellini ha vissuto, un giro in bicicletta alla scoperta della Rimini Felliniana o una visita nell\u2019affascinante <strong>Fellini Museum<\/strong>\u2026 sono davvero tante le esperienze che renderanno il soggiorno a Rimini indimenticabile. Per maggiori informazioni: <a href=\"https:\/\/culturaliart.musvc2.net\/e\/tr?q=4%3dJXJUC%26I%3dH%26E%3dBgIa%26z%3dYQXKf%26B%3d95Q7J_3xjq_Dh_9rdw_Ig_3xjq_CmDN8.SzJtQ90xF50.nL4_Ibzg_SQOzDtKz-7pI30yF-s0vB-AF6O_9rdw_Ig_3xjq_DmBKx_P6L30v_Ibzg_TOKvN4IvK5B9_Ibzg_SGRAD_xBu06J_9rdw_JepJr0w_Ohta_YML5J_t2xMr0rK_9rdw_Jex8zC6M%26u%3dD6PC4C.KvK%26tP%3dHSCdM%26K4%3dYQSDgLRGXISIgH%269%3dH9t3H9rSqduSFgs7DdJ5KCOaCXPWBdv4oAI3pBPWocOWmCr4KC2l8rvTqCJaD8J2DfHR&amp;mupckp=mupAtu4m8OiX0wt\" target=\"_blank\" rel=\"noopener\" data-saferedirecturl=\"https:\/\/www.google.com\/url?q=https:\/\/culturaliart.musvc2.net\/e\/tr?q%3D4%253dJXJUC%2526I%253dH%2526E%253dBgIa%2526z%253dYQXKf%2526B%253d95Q7J_3xjq_Dh_9rdw_Ig_3xjq_CmDN8.SzJtQ90xF50.nL4_Ibzg_SQOzDtKz-7pI30yF-s0vB-AF6O_9rdw_Ig_3xjq_DmBKx_P6L30v_Ibzg_TOKvN4IvK5B9_Ibzg_SGRAD_xBu06J_9rdw_JepJr0w_Ohta_YML5J_t2xMr0rK_9rdw_Jex8zC6M%2526u%253dD6PC4C.KvK%2526tP%253dHSCdM%2526K4%253dYQSDgLRGXISIgH%25269%253dH9t3H9rSqduSFgs7DdJ5KCOaCXPWBdv4oAI3pBPWocOWmCr4KC2l8rvTqCJaD8J2DfHR%26mupckp%3DmupAtu4m8OiX0wt&amp;source=gmail&amp;ust=1684328362501000&amp;usg=AOvVaw35BwbmCw1YfPHAYREoUIFK\">https:\/\/www.visitrimini.com\/<wbr \/>rimini-fellini-bike-tour\/<\/a><\/p>\n<\/div>\n<\/div>\n<\/td>\n<\/tr>\n<\/tbody>\n<\/table>\n<table class=\"m_-3005131310280770562image_block\" role=\"presentation\" border=\"0\" width=\"100%\" cellspacing=\"0\" cellpadding=\"15\">\n<tbody>\n<tr>\n<td>\n<div align=\"center\"><img decoding=\"async\" class=\"m_-3005131310280770562big CToWUd a6T\" tabindex=\"0\" src=\"https:\/\/ci4.googleusercontent.com\/proxy\/0ahamDp6utaFEmBMzTadB_-TOogouL2Vh1tJk-O-zRL2PLWRX3t88G7YuRngIeEbSDww2x4qHU4FP34erikk94sD1Yavuoh5NRsH7zVR9qRsZYQy-mSB2rMvB-EiQVtBaH9lEmMYWSgXMMHBsRyrtAI=s0-d-e1-ft#https:\/\/culturaliart.img.musvc2.net\/static\/91342\/images\/1\/parco_del_mare_dal_belvedere_8x5.jpg\" width=\"570\" data-bit=\"iit\" \/><\/div>\n<\/td>\n<\/tr>\n<\/tbody>\n<\/table>\n<table role=\"presentation\" border=\"0\" width=\"100%\" cellspacing=\"0\" cellpadding=\"0\">\n<tbody>\n<tr>\n<td>\n<div>\n<div>\n<p>Una visita alla scoperta dei <strong>luoghi dell\u2019arte e della cultura riminese<\/strong> \u00e8 d\u2019obbligo. Tante infatti sono le attrazioni che raccontano il ricco patrimonio artistico della citt\u00e0: dai <strong><em>Rimini City Tour<\/em><\/strong> con partenza sempre garantita alla scoperta delle meraviglie di Rimini fino ai <strong>tour privati<\/strong> per conoscere la Rimini romana e quella rinascimentale. Assoluta novit\u00e0 per i turisti che visitano la citt\u00e0 \u00e8 l\u2019<a href=\"https:\/\/culturaliart.musvc2.net\/e\/tr?q=3%3dSW9TL%26H%3d7%26D%3dKf8Z%269%3dXFWTe%261%3d8DPvI_BwYp_Mg_xqmv_8f_BwYp_Ll3MG.RoI3Px97Et9.wKs_HkyV_RZAyFyNo58Vk_HkyV_RZXEXTdB-H3IoD3-7xJ-w7x4_BwYp_Ll_xqmv_9fEPs_I9Qx3y_NWsj_YJDySyByPz5B_NWsj_XBKDI_s5xE1C_BwYp_MjkCuEr_HkyV_RPQzC_w7sFuEmD_BwYp_Mjs13H1F%26x%3dI1IF98.DyP%26oI%3dKX8WP%26Py%3dRTX9ZOWBQLXDZK%26D%3dFQQehTTeCTOZhRL79QwbAZLakST9i5K9A61u7gNeFYz0EVu8CRMXgSyA8XvXh6M0hXNB&amp;mupckp=mupAtu4m8OiX0wt\" target=\"_blank\" rel=\"noopener\" data-saferedirecturl=\"https:\/\/www.google.com\/url?q=https:\/\/culturaliart.musvc2.net\/e\/tr?q%3D3%253dSW9TL%2526H%253d7%2526D%253dKf8Z%25269%253dXFWTe%25261%253d8DPvI_BwYp_Mg_xqmv_8f_BwYp_Ll3MG.RoI3Px97Et9.wKs_HkyV_RZAyFyNo58Vk_HkyV_RZXEXTdB-H3IoD3-7xJ-w7x4_BwYp_Ll_xqmv_9fEPs_I9Qx3y_NWsj_YJDySyByPz5B_NWsj_XBKDI_s5xE1C_BwYp_MjkCuEr_HkyV_RPQzC_w7sFuEmD_BwYp_Mjs13H1F%2526x%253dI1IF98.DyP%2526oI%253dKX8WP%2526Py%253dRTX9ZOWBQLXDZK%2526D%253dFQQehTTeCTOZhRL79QwbAZLakST9i5K9A61u7gNeFYz0EVu8CRMXgSyA8XvXh6M0hXNB%26mupckp%3DmupAtu4m8OiX0wt&amp;source=gmail&amp;ust=1684328362501000&amp;usg=AOvVaw2Ozi1qq0k1nGNG0b93QRM2\"><strong>ART CARD<\/strong><\/a>, un pass che permette di visitare i <strong>musei di Rimini<\/strong>, veri e propri principali gioielli del patrimonio nazionale. Per maggiori informazioni: <a href=\"https:\/\/culturaliart.musvc2.net\/e\/tr?q=4%3dUSNUN%26D%3dL%26E%3dMbMa%26A%3dTUXVa%26F%3d9FLAJ_Dsnq_Oc_Cror_Mg_Dsnq_NhHNI.N4J5LC09A90.yG8_Imuk_SbJ4D5F4-2DLz-6-yM7KGJv_Imuk_Sb_Jltl_UaLFE_DFGJx6_Dsnq_Of96IK76FLzI_Dsnq_NXFK9_Ez55M8_Imuk_TZ7825D_Cror_MWGL8_4wEA2599_Imuk_TZEv08MA%265%3d9MDMyT.96F%26AD%3dRNTRW%26FK%3dMaNUUVMXLSNZUR%264%3daP4RaNZ17xYQ6vVOSL4yWv5R7URN3w5P7TSyURUQZy5z5x5S3N2wU2w3vRXOazaVXOUz&amp;mupckp=mupAtu4m8OiX0wt\" target=\"_blank\" rel=\"noopener\" data-saferedirecturl=\"https:\/\/www.google.com\/url?q=https:\/\/culturaliart.musvc2.net\/e\/tr?q%3D4%253dUSNUN%2526D%253dL%2526E%253dMbMa%2526A%253dTUXVa%2526F%253d9FLAJ_Dsnq_Oc_Cror_Mg_Dsnq_NhHNI.N4J5LC09A90.yG8_Imuk_SbJ4D5F4-2DLz-6-yM7KGJv_Imuk_Sb_Jltl_UaLFE_DFGJx6_Dsnq_Of96IK76FLzI_Dsnq_NXFK9_Ez55M8_Imuk_TZ7825D_Cror_MWGL8_4wEA2599_Imuk_TZEv08MA%25265%253d9MDMyT.96F%2526AD%253dRNTRW%2526FK%253dMaNUUVMXLSNZUR%25264%253daP4RaNZ17xYQ6vVOSL4yWv5R7URN3w5P7TSyURUQZy5z5x5S3N2wU2w3vRXOazaVXOUz%26mupckp%3DmupAtu4m8OiX0wt&amp;source=gmail&amp;ust=1684328362501000&amp;usg=AOvVaw2uThVUMrhU8s2wZD94ObEc\">https:\/\/www.visitrimini.com\/<wbr \/>rimini-arte-e-cultura\/<\/a><\/p>\n<p>&nbsp;<\/p>\n<p>La Romagna, si sa, \u00e8 anche una terra dedita al <strong>buon cibo<\/strong>. Numerose sono le esperienze proposte da VisitRimini dedicate alla scoperta dei veri sapori romagnoli e delle tradizioni enogastronomiche: cooking class, degustazioni, pic-nic e molto altro. Per maggiori informazioni: <a href=\"https:\/\/culturaliart.musvc2.net\/e\/tr?q=5%3dKVJVD%26G%3dH%26F%3dCeIb%261%3dWQYLd%26B%3d06O7K_4vjr_Ef_9seu_Ih_4vjr_DkDO9.QzKuO9AyD5A.oJ4_Jcxg_TRMzEuIz-81Ju-3z9-DAz0_9seu_Ih_4vjr_EkBLy_N6M48v_Jcxg_UPIvO5GvL609_Jcxg_THPAE_y0uA7H_9seu_JfqHrAx_Mhub_WMM6H_t3yKrAsI_9seu_Jfy6zD7K%26u%3dE7NC5D.IvL%26uN%3dHTDbM%26L5%3dWQTEeLSHVITJeH%260%3dqbv5nYK5J0I5DcJ7DAJVnawbKVQSpdw6rcsYoWH3LZPapaK4L9NaLe3m6ru5LAsUHZtb&amp;mupckp=mupAtu4m8OiX0wt\" target=\"_blank\" rel=\"noopener\" data-saferedirecturl=\"https:\/\/www.google.com\/url?q=https:\/\/culturaliart.musvc2.net\/e\/tr?q%3D5%253dKVJVD%2526G%253dH%2526F%253dCeIb%25261%253dWQYLd%2526B%253d06O7K_4vjr_Ef_9seu_Ih_4vjr_DkDO9.QzKuO9AyD5A.oJ4_Jcxg_TRMzEuIz-81Ju-3z9-DAz0_9seu_Ih_4vjr_EkBLy_N6M48v_Jcxg_UPIvO5GvL609_Jcxg_THPAE_y0uA7H_9seu_JfqHrAx_Mhub_WMM6H_t3yKrAsI_9seu_Jfy6zD7K%2526u%253dE7NC5D.IvL%2526uN%253dHTDbM%2526L5%253dWQTEeLSHVITJeH%25260%253dqbv5nYK5J0I5DcJ7DAJVnawbKVQSpdw6rcsYoWH3LZPapaK4L9NaLe3m6ru5LAsUHZtb%26mupckp%3DmupAtu4m8OiX0wt&amp;source=gmail&amp;ust=1684328362501000&amp;usg=AOvVaw0V1WxF9Kycpdsqm2hgsCvL\">https:\/\/www.visitrimini.com\/<wbr \/>rimini-food-and-wine\/<\/a><\/p>\n<p>&nbsp;<\/p>\n<p>Con la bella stagione cresce la voglia di <strong>fare sport<\/strong> e mantenersi in forma, senza rinunciare al divertimento. Rimini con gli <strong>oltre 130 km di piste ciclabili<\/strong> \u00e8 la meta ideale per un soggiorno all\u2019insegna del <strong>wellness<\/strong>. Per maggior informazioni: <a href=\"https:\/\/culturaliart.musvc2.net\/e\/tr?q=0%3dNUBaG%26F%3d0%26K%3dFdAg%264%3dVIdOc%264%3dE9NyP_7ubw_He_1xht_Am_7ubw_Gj6TB.PrPxN1F2CwF.rIv_OfwY_YULrJxHr-TtFuKtM2_OfwY_YU_LZze_WOR9G_2L0LlB_7ubw_HhwBBMuB9NnO_7ubw_GZ4Q2_GnAxOv_OfwY_ZS9v8xF_1xht_Ac0Nv_0pGy8xAw_OfwY_ZSGjF1Oy%26A%3d2O2SrV.wB9%26C2%3dXGVFc%269M%3dAgGWIbFZ0YGbIX%26w%3dbFdL9BdHUkgIZICMdFcLbjCr6C8pcHZM9jeGXIgKdnAqUHgK60eH0DBqXDd8p5jGWBcu&amp;mupckp=mupAtu4m8OiX0wt\" target=\"_blank\" rel=\"noopener\" data-saferedirecturl=\"https:\/\/www.google.com\/url?q=https:\/\/culturaliart.musvc2.net\/e\/tr?q%3D0%253dNUBaG%2526F%253d0%2526K%253dFdAg%25264%253dVIdOc%25264%253dE9NyP_7ubw_He_1xht_Am_7ubw_Gj6TB.PrPxN1F2CwF.rIv_OfwY_YULrJxHr-TtFuKtM2_OfwY_YU_LZze_WOR9G_2L0LlB_7ubw_HhwBBMuB9NnO_7ubw_GZ4Q2_GnAxOv_OfwY_ZS9v8xF_1xht_Ac0Nv_0pGy8xAw_OfwY_ZSGjF1Oy%2526A%253d2O2SrV.wB9%2526C2%253dXGVFc%25269M%253dAgGWIbFZ0YGbIX%2526w%253dbFdL9BdHUkgIZICMdFcLbjCr6C8pcHZM9jeGXIgKdnAqUHgK60eH0DBqXDd8p5jGWBcu%26mupckp%3DmupAtu4m8OiX0wt&amp;source=gmail&amp;ust=1684328362501000&amp;usg=AOvVaw0Aj6LMI01IaAkOZVJZzFbu\">https:\/\/www.visitrimini.com\/<wbr \/>rimini-wellness\/<\/a><\/p>\n<p>&nbsp;<\/p>\n<p>Per rimanere sempre aggiornato sugli eventi di Rimini: <a href=\"https:\/\/culturaliart.musvc2.net\/e\/tr?q=6%3dSWAWL%26H%3d9%26G%3dKf0c%269%3dXHZTe%263%3dADPxL_Bwas_Mg_ztmv_0i_Bwas_Ll5PG.RqL3PzB7EvB.wKu_KkyX_UZA488Pq_KkyX_UZ_NYvj_YNNDI_1HENk8_Bwas_Mjv8GOt8DPmK_Bwas_Lb3M7_Im73Qu_KkyX_VXAu43H_ztmv_0YEPu_6uIx43Cv_KkyX_VXIiB6Qx%267%3d7Q1OwX.v8D%26E1%3dTL4u7iXEY%26DO%3d0cLYHXKb9ULdHT%262%3d0A4SdA8OYm9ve97ydATPZm8K89TM9Hcx9EauaDVTbDTvfA4McDVSfB8uWD8xdHbK&amp;mupckp=mupAtu4m8OiX0wt\" target=\"_blank\" rel=\"noopener\" data-saferedirecturl=\"https:\/\/www.google.com\/url?q=https:\/\/culturaliart.musvc2.net\/e\/tr?q%3D6%253dSWAWL%2526H%253d9%2526G%253dKf0c%25269%253dXHZTe%25263%253dADPxL_Bwas_Mg_ztmv_0i_Bwas_Ll5PG.RqL3PzB7EvB.wKu_KkyX_UZA488Pq_KkyX_UZ_NYvj_YNNDI_1HENk8_Bwas_Mjv8GOt8DPmK_Bwas_Lb3M7_Im73Qu_KkyX_VXAu43H_ztmv_0YEPu_6uIx43Cv_KkyX_VXIiB6Qx%25267%253d7Q1OwX.v8D%2526E1%253dTL4u7iXEY%2526DO%253d0cLYHXKb9ULdHT%25262%253d0A4SdA8OYm9ve97ydATPZm8K89TM9Hcx9EauaDVTbDTvfA4McDVSfB8uWD8xdHbK%26mupckp%3DmupAtu4m8OiX0wt&amp;source=gmail&amp;ust=1684328362501000&amp;usg=AOvVaw2a8BqY9D5tjAinD2qJE7jg\">https:\/\/www.visitrimini.com\/<wbr \/>eventi\/<\/a><\/p>\n<\/div>\n<\/div>\n<\/td>\n<\/tr>\n<\/tbody>\n<\/table>\n<table class=\"m_-3005131310280770562image_block\" role=\"presentation\" border=\"0\" width=\"100%\" cellspacing=\"0\" cellpadding=\"0\">\n<tbody>\n<tr>\n<td>\n<div align=\"center\"><img decoding=\"async\" class=\"m_-3005131310280770562big CToWUd\" src=\"https:\/\/ci6.googleusercontent.com\/proxy\/wwGA2N35hf8wV_J0cpH1rnmz9W9MLZ2tMzrukkjPIG5Qy_dWX4QS6G8APjyDaaVPd5fvVvvMMT1iILvaxIi5Whu6Q2ORCRHkATxtgM_mgmSIsrH8Yf7ft5yVFG65E56GzVSU8gsE2MzqlALRG5_ognEncxyEGTRYjA=s0-d-e1-ft#https:\/\/culturaliart.img.musvc2.net\/static\/91342\/images\/1\/Schermata%202023-02-01%20alle%2009.49.36.png\" width=\"600\" data-bit=\"iit\" \/><\/div>\n<\/td>\n<\/tr>\n<\/tbody>\n<\/table>\n<\/td>\n<\/tr>\n<\/tbody>\n<\/table>\n<\/td>\n<\/tr>\n<\/tbody>\n<\/table>\n<table role=\"presentation\" border=\"0\" width=\"100%\" cellspacing=\"0\" cellpadding=\"0\" align=\"center\">\n<tbody>\n<tr>\n<td>\n<table class=\"m_-3005131310280770562row-content m_-3005131310280770562stack\" role=\"presentation\" border=\"0\" width=\"600\" cellspacing=\"0\" cellpadding=\"0\" align=\"center\">\n<tbody>\n<tr>\n<td class=\"m_-3005131310280770562column\" width=\"100%\">\n<table role=\"presentation\" border=\"0\" width=\"100%\" cellspacing=\"0\" cellpadding=\"0\">\n<tbody>\n<tr>\n<td>\n<div>\n<div>\n<p><strong>INFORMAZIONI UTILI<\/strong><\/p>\n<p>&nbsp;<\/p>\n<p>Tutte le informazioni e i pacchetti turistici sono consultabili e acquistabili sul sito <a href=\"https:\/\/culturaliart.musvc2.net\/e\/tr?q=4%3dTTGUM%26E%3dE%26E%3dLcFa%260%3dUNXUb%269%3d9EM4_Ilvd_TV_Ketk_UT_Ilvd_SaPAN.GB70EKwD4Gw.40F_6rns_Fg_Ctgq_Ni9K8_L3LC6s_Ilvd_TYGsNDEsKE86_Ilvd_SQN8D_88r0FF_6rns_GezFo07_Ketk_UJLEF_q28Io02G_6rns_Ge84wCFI%26r%3dDFL04M.GsK%264L%3dESMZJ%26KD%3dUNSNcIRQ2v4oTFSScE%269%3dz4E5vXHRRbG5N4G4v4q5vcHXT9I7wYE5QTJY1bMa17G3MaLav8GSMUpaxTJVvULY&amp;mupckp=mupAtu4m8OiX0wt\" target=\"_blank\" rel=\"noopener\" data-saferedirecturl=\"https:\/\/www.google.com\/url?q=https:\/\/culturaliart.musvc2.net\/e\/tr?q%3D4%253dTTGUM%2526E%253dE%2526E%253dLcFa%25260%253dUNXUb%25269%253d9EM4_Ilvd_TV_Ketk_UT_Ilvd_SaPAN.GB70EKwD4Gw.40F_6rns_Fg_Ctgq_Ni9K8_L3LC6s_Ilvd_TYGsNDEsKE86_Ilvd_SQN8D_88r0FF_6rns_GezFo07_Ketk_UJLEF_q28Io02G_6rns_Ge84wCFI%2526r%253dDFL04M.GsK%25264L%253dESMZJ%2526KD%253dUNSNcIRQ2v4oTFSScE%25269%253dz4E5vXHRRbG5N4G4v4q5vcHXT9I7wYE5QTJY1bMa17G3MaLav8GSMUpaxTJVvULY%26mupckp%3DmupAtu4m8OiX0wt&amp;source=gmail&amp;ust=1684328362501000&amp;usg=AOvVaw1-k_FFHk0V_GVQiiKfD1Lw\">www.visitrimini.com<\/a><\/p>\n<\/div>\n<\/div>\n<\/td>\n<\/tr>\n<\/tbody>\n<\/table>\n<\/td>\n<\/tr>\n<\/tbody>\n<\/table>\n<\/td>\n<\/tr>\n<\/tbody>\n<\/table>\n<table role=\"presentation\" border=\"0\" width=\"100%\" cellspacing=\"0\" cellpadding=\"0\" align=\"center\">\n<tbody>\n<tr>\n<td>\n<table class=\"m_-3005131310280770562row-content m_-3005131310280770562stack\" role=\"presentation\" border=\"0\" width=\"600\" cellspacing=\"0\" cellpadding=\"0\" align=\"center\">\n<tbody>\n<tr>\n<td class=\"m_-3005131310280770562column\" width=\"33.333333333333336%\">\n<table class=\"m_-3005131310280770562image_block\" role=\"presentation\" border=\"0\" width=\"100%\" cellspacing=\"0\" cellpadding=\"0\">\n<tbody>\n<tr>\n<td>\n<div align=\"center\"><img decoding=\"async\" class=\"CToWUd a6T\" tabindex=\"0\" src=\"https:\/\/ci5.googleusercontent.com\/proxy\/N72VQS9vTJq6c46SisZ4GHNG8BfNY2QQS0D3pis6RZvwo5DMJjeQFaZMzYB0M3E87Tm7skXYi6s3Dn-k3H1YuLTdg0uW0NvoU87KWV6n2__rwRpNicXBZ1aoURcc00XLBC_Z=s0-d-e1-ft#https:\/\/culturaliart.img.musvc2.net\/static\/91342\/images\/1\/Rimini%20Xperience.png\" width=\"180\" data-bit=\"iit\" \/><\/div>\n<\/td>\n<\/tr>\n<\/tbody>\n<\/table>\n<\/td>\n<td class=\"m_-3005131310280770562column\" width=\"33.333333333333336%\">\n<table role=\"presentation\" border=\"0\" width=\"100%\" cellspacing=\"0\" cellpadding=\"10\">\n<tbody>\n<tr>\n<td>\n<div>\n<div>\n<p>Scarica l&#8217;App<strong><a href=\"https:\/\/culturaliart.musvc2.net\/e\/tr?q=4%3dPV3UI%26G%3d1%26E%3dHe2a%266%3dW0XQd%26u%3d9AOpJ_9vSq_Jf_rrju_2g_9vSq_IkpI6HoQzJn6rGb69Bh0vMa.DBNv4I.IeK_9vSq_Ike_IhxP_SWO_rrju_3g8_MQtg_XDW_9vSq_IZ35Y4TzS_MQtg_W5SMn_rrju_2VJ9P_IhxP_SLW6h_9vSq_IZ35T7Ww_9vSq_IZ2WE_MQtg_W5Tu8WyQ5_rrju_2VIaH_IhxP_SLXdbJvCm_HSpJ_Sc_EKsR_OZ_HSpJ_RhJqM.x6m9vEcCkAc.3q0_lqUm_v6p2qI_tnMp_43UFr-EcCk2r6aAc-Nr2l9gAW5YjYE_tnMp_43_IhxP_SLW6X_9vSq_IZ35CwFp34.AYJ_MQtg_W5SMkF_IhxP_SLXdvSBV2_9vSq_IamL78kG_9vSq_JimL7ftLKH8pz30NA_MQtg_W6LAH_sFBMc6_9vSq_Jin6DNl6AOeI_9vSq_IauK4_He5zPm_IhxP_TU0m2zG_rrju_2WBOm_4rHp2zBn_IhxP_TUHa03Pp%265%3d4PsMtW.n6A%26Ds%3dRIW7W%26AN%3d2aIX0VHa1SIc0R%26y%3db94PY9as02Us04ZtAdWJd8WHV8UOd13t683wVcTP02TK97Zs74Rs624JWfUrA6Tr&amp;mupckp=mupAtu4m8OiX0wt\" target=\"_blank\" rel=\"noopener noreferrer\" data-saferedirecturl=\"https:\/\/www.google.com\/url?q=https:\/\/culturaliart.musvc2.net\/e\/tr?q%3D4%253dPV3UI%2526G%253d1%2526E%253dHe2a%25266%253dW0XQd%2526u%253d9AOpJ_9vSq_Jf_rrju_2g_9vSq_IkpI6HoQzJn6rGb69Bh0vMa.DBNv4I.IeK_9vSq_Ike_IhxP_SWO_rrju_3g8_MQtg_XDW_9vSq_IZ35Y4TzS_MQtg_W5SMn_rrju_2VJ9P_IhxP_SLW6h_9vSq_IZ35T7Ww_9vSq_IZ2WE_MQtg_W5Tu8WyQ5_rrju_2VIaH_IhxP_SLXdbJvCm_HSpJ_Sc_EKsR_OZ_HSpJ_RhJqM.x6m9vEcCkAc.3q0_lqUm_v6p2qI_tnMp_43UFr-EcCk2r6aAc-Nr2l9gAW5YjYE_tnMp_43_IhxP_SLW6X_9vSq_IZ35CwFp34.AYJ_MQtg_W5SMkF_IhxP_SLXdvSBV2_9vSq_IamL78kG_9vSq_JimL7ftLKH8pz30NA_MQtg_W6LAH_sFBMc6_9vSq_Jin6DNl6AOeI_9vSq_IauK4_He5zPm_IhxP_TU0m2zG_rrju_2WBOm_4rHp2zBn_IhxP_TUHa03Pp%25265%253d4PsMtW.n6A%2526Ds%253dRIW7W%2526AN%253d2aIX0VHa1SIc0R%2526y%253db94PY9as02Us04ZtAdWJd8WHV8UOd13t683wVcTP02TK97Zs74Rs624JWfUrA6Tr%26mupckp%3DmupAtu4m8OiX0wt&amp;source=gmail&amp;ust=1684328362501000&amp;usg=AOvVaw3fmhHEHZd0QihStLXv9B51\">Rimini Xperience<\/a><\/strong> per rimanere sempre aggiornato su eventi, esperienze, itinerari e per tutte le informazioni utili sulla citt\u00e0 di Rimini!<\/p>\n<\/div>\n<\/div>\n<\/td>\n<\/tr>\n<\/tbody>\n<\/table>\n<\/td>\n<td class=\"m_-3005131310280770562column\" width=\"33.333333333333336%\">\n<table class=\"m_-3005131310280770562image_block\" role=\"presentation\" border=\"0\" width=\"100%\" cellspacing=\"0\" cellpadding=\"0\">\n<tbody>\n<tr>\n<td>\n<div align=\"center\"><img decoding=\"async\" class=\"CToWUd a6T\" tabindex=\"0\" src=\"https:\/\/ci6.googleusercontent.com\/proxy\/2jj71b1TzEyDxoONWJtvOiv3nKsfjuxJcM9aNzo0UR4dgQTRYL8d9zUGB5UdDCHewmbefhAjlMH2vjUTYqqx0F6KPLJOmBmYmZBA6UPIAY4M4IfELvtlUk3Mrz3rbpayDpfmdNhU=s0-d-e1-ft#https:\/\/culturaliart.img.musvc2.net\/static\/91342\/images\/1\/QR%20Code%20Xperience.png\" width=\"180\" data-bit=\"iit\" \/><\/div>\n<\/td>\n<\/tr>\n<\/tbody>\n<\/table>\n<\/td>\n<\/tr>\n<\/tbody>\n<\/table>\n<\/td>\n<\/tr>\n<\/tbody>\n<\/table>\n<table role=\"presentation\" border=\"0\" width=\"100%\" cellspacing=\"0\" cellpadding=\"0\" align=\"center\">\n<tbody>\n<tr>\n<td>\n<table class=\"m_-3005131310280770562row-content m_-3005131310280770562stack\" role=\"presentation\" border=\"0\" width=\"600\" cellspacing=\"0\" cellpadding=\"0\" align=\"center\">\n<tbody>\n<tr>\n<td class=\"m_-3005131310280770562column\" width=\"100%\">\n<table role=\"presentation\" border=\"0\" width=\"100%\" cellspacing=\"0\" cellpadding=\"10\">\n<tbody>\n<tr>\n<td>\n<div align=\"center\"><a href=\"https:\/\/culturaliart.musvc2.net\/e\/tr?q=8%3d9SPY2%26D%3dN%26I%3d1bOe%26o%3dTWb0a%26H%3dCtLCN_rspu_3c_EvSr_Ok_rspu_2hzPlLHMaD66rL.6Hg.EHNv5O.IeL_EvSr_OksLxOi5_EvSr_Ok9SPY2_JnxP_Tc9o5HHeFGD_rspu_2hN_MQum_WFep_MQum_W5TW-_MQum_W5TWwIofsI_JnxP_TRW0gpyAvb_MQum_W5TWW0TP.9o5K_MQum_XFMGH_sGHMc7_EvSr_Pin7JNl7GOeJ_EvSr_OauL0_He66Pm_JnxP_Ua0m36G_rspu_2XHOm_5xHp36Bn_JnxP_UaHaA9Pp6a3x%266%3d0PsNzW.n7G%26Ds%3dSOW7X%26GN%3d2bOX0WNa1TOc0S%265%3dW7aQ06SPZ2TR93UPX1YUY24Sd44W8f420973ZbT3AfaWW6TOa9T2Ad3SX181A46W&amp;mupckp=mupAtu4m8OiX0wt\" target=\"_blank\" rel=\"noopener\" data-saferedirecturl=\"https:\/\/www.google.com\/url?q=https:\/\/culturaliart.musvc2.net\/e\/tr?q%3D8%253d9SPY2%2526D%253dN%2526I%253d1bOe%2526o%253dTWb0a%2526H%253dCtLCN_rspu_3c_EvSr_Ok_rspu_2hzPlLHMaD66rL.6Hg.EHNv5O.IeL_EvSr_OksLxOi5_EvSr_Ok9SPY2_JnxP_Tc9o5HHeFGD_rspu_2hN_MQum_WFep_MQum_W5TW-_MQum_W5TWwIofsI_JnxP_TRW0gpyAvb_MQum_W5TWW0TP.9o5K_MQum_XFMGH_sGHMc7_EvSr_Pin7JNl7GOeJ_EvSr_OauL0_He66Pm_JnxP_Ua0m36G_rspu_2XHOm_5xHp36Bn_JnxP_UaHaA9Pp6a3x%25266%253d0PsNzW.n7G%2526Ds%253dSOW7X%2526GN%253d2bOX0WNa1TOc0S%25265%253dW7aQ06SPZ2TR93UPX1YUY24Sd44W8f420973ZbT3AfaWW6TOa9T2Ad3SX181A46W%26mupckp%3DmupAtu4m8OiX0wt&amp;source=gmail&amp;ust=1684328362501000&amp;usg=AOvVaw2GXzR7oWwwRvQnJYAsBDAw\"><span dir=\"ltr\"><strong>SCARICA IL COMUNICATO STAMPA<\/strong><\/span><\/a><\/div>\n<\/td>\n<\/tr>\n<\/tbody>\n<\/table>\n<table class=\"m_-3005131310280770562social_block\" role=\"presentation\" border=\"0\" width=\"100%\" cellspacing=\"0\" cellpadding=\"10\">\n<tbody>\n<tr>\n<td>\n<div align=\"center\">\n<table class=\"m_-3005131310280770562social-table\" role=\"presentation\" border=\"0\" width=\"180px\" cellspacing=\"0\" cellpadding=\"0\">\n<tbody>\n<tr>\n<td><a href=\"https:\/\/culturaliart.musvc2.net\/e\/tr?q=0%3dEUMa8%26F%3dK%26K%3d7dLg%26u%3dVTdFc%26E%3dEzN0P_xumw_9e_BxYt_Lm_xumw_8jGT3.P3PoNBFsC8F.iI7_OWwj_YLJyOiBy-Mx98Lz5BB-1Hu-Sg7uK65-CR-2CCFzL3JoH3_OWwj_YL_LkzV_WZRzG_CL1LwB_xumw_9h8B3M6BzNyO_xumw_8ZEQs_GyAoO7_OWwj_ZJ978oF_BxYt_Lc1N7_0gG08oA8_OWwj_ZJGuFrO0%26A%3dsOCSiV.8Bz%26CC%3dX8VQc%26zM%3dLg8WTb7ZKY8bTX%26n%3dUxcgYRgEWOcF5PZE5LegZv9E8QbE0Ob8g5u9cOdF6Me7aLZi5OeD6PdDWTBB6TBjXwA7&amp;mupckp=mupAtu4m8OiX0wt\" target=\"_blank\" rel=\"noopener\" data-saferedirecturl=\"https:\/\/www.google.com\/url?q=https:\/\/culturaliart.musvc2.net\/e\/tr?q%3D0%253dEUMa8%2526F%253dK%2526K%253d7dLg%2526u%253dVTdFc%2526E%253dEzN0P_xumw_9e_BxYt_Lm_xumw_8jGT3.P3PoNBFsC8F.iI7_OWwj_YLJyOiBy-Mx98Lz5BB-1Hu-Sg7uK65-CR-2CCFzL3JoH3_OWwj_YL_LkzV_WZRzG_CL1LwB_xumw_9h8B3M6BzNyO_xumw_8ZEQs_GyAoO7_OWwj_ZJ978oF_BxYt_Lc1N7_0gG08oA8_OWwj_ZJGuFrO0%2526A%253dsOCSiV.8Bz%2526CC%253dX8VQc%2526zM%253dLg8WTb7ZKY8bTX%2526n%253dUxcgYRgEWOcF5PZE5LegZv9E8QbE0Ob8g5u9cOdF6Me7aLZi5OeD6PdDWTBB6TBjXwA7%26mupckp%3DmupAtu4m8OiX0wt&amp;source=gmail&amp;ust=1684328362502000&amp;usg=AOvVaw0sG481YOO7DjwUBYws12xv\"><img decoding=\"async\" class=\"CToWUd\" title=\"Web Site\" src=\"https:\/\/ci4.googleusercontent.com\/proxy\/53a__r62qAZEOO5Dp1cZGF7WTYnETRTMvv-QcD2_YyCmI543PAO7Hnhoewpq9TWlUspfbGXYIH3IKs7IEc0xgBlbMQnBjxlASKxwOwuHOmiglit_YUdDkKcLsYEME_1I_CECKiq6LD8DXeOPMA=s0-d-e1-ft#https:\/\/culturaliart.img.musvc2.net\/static\/91342\/images\/social\/circle-color\/website@2x.png\" alt=\"Web Site\" width=\"32\" height=\"32\" data-bit=\"iit\" \/><\/a><\/td>\n<td><a href=\"https:\/\/culturaliart.musvc2.net\/e\/tr?q=5%3dIUMVB%26F%3dK%26F%3dAdLb%26y%3dVTYJc%26E%3d04N0K_2umr_Ce_Bsct_Lh_2umr_BjGO7.0u5o69Gu.79E_2umr_BjpA3CDtsG3Fshge_2umr_CjELw_M9M27y_Jawj_UNHyO3FyL49B_Jawj_TFODE_w9xA5G_Bsct_MfoGuAv_LkuZ_VPM4G_w3wJuAqH_Bsct_Mfw53D5J%26x%3dE5MF5B.HyL%26sM%3dKTBaP3k5u%26L3%3dVTTCdOSFULTHdK%260%3dk6LTo8yYFZSUFWL5AbPbmVOWDcu3EaTTpUu4E8SYDYwSk5NbpYzXBXvZJVw7BVT4&amp;mupckp=mupAtu4m8OiX0wt\" target=\"_blank\" rel=\"noopener\" data-saferedirecturl=\"https:\/\/www.google.com\/url?q=https:\/\/culturaliart.musvc2.net\/e\/tr?q%3D5%253dIUMVB%2526F%253dK%2526F%253dAdLb%2526y%253dVTYJc%2526E%253d04N0K_2umr_Ce_Bsct_Lh_2umr_BjGO7.0u5o69Gu.79E_2umr_BjpA3CDtsG3Fshge_2umr_CjELw_M9M27y_Jawj_UNHyO3FyL49B_Jawj_TFODE_w9xA5G_Bsct_MfoGuAv_LkuZ_VPM4G_w3wJuAqH_Bsct_Mfw53D5J%2526x%253dE5MF5B.HyL%2526sM%253dKTBaP3k5u%2526L3%253dVTTCdOSFULTHdK%25260%253dk6LTo8yYFZSUFWL5AbPbmVOWDcu3EaTTpUu4E8SYDYwSk5NbpYzXBXvZJVw7BVT4%26mupckp%3DmupAtu4m8OiX0wt&amp;source=gmail&amp;ust=1684328362502000&amp;usg=AOvVaw1Ja0lQ3XdqgyWtCnW3uio3\"><img decoding=\"async\" class=\"CToWUd\" title=\"Facebook\" src=\"https:\/\/ci5.googleusercontent.com\/proxy\/acInWCbM7yhIl_NMa-E9kjDna3s5sMYq3RZZkJkcUX1Ud-wvWchtKNPPayZ-AVyHbDw6HJMEpT5v1MAmsa97a_4kWOZfRwvfnMvwwe0o6RRv8sbbJTjZzfM_4_zcLxaLKB6Fe1EyQbUc9G4Busk=s0-d-e1-ft#https:\/\/culturaliart.img.musvc2.net\/static\/91342\/images\/social\/circle-color\/facebook@2x.png\" alt=\"Facebook\" width=\"32\" height=\"32\" data-bit=\"iit\" \/><\/a><\/td>\n<td><a href=\"https:\/\/culturaliart.musvc2.net\/e\/tr?q=6%3dSQ5WL%26B%3d3%26G%3dKZ4c%269%3dRBZTY%26w%3dADJrL_BqUs_Ma_ttmp_4i_BqUs_LfvP3Jv8B.3qF_BqUs_LfxBC9vK3CkG34o6_BqUs_MfwM7_IqNB3g_KksR_VXDgPCBgMD5t_KksR_UPKvF_75fBEC_ttmp_5gyCcB6_HSvj_R8NDC_e47FcB1D_ttmp_5g71kEEF%26f%3dFEIx6L.DgM%263I%3d3ULW8%26MC%3dR4u1cBUMZ7TPQ4URZ3%26A%3dTVf8PW5VwWdVu508TR89z4cXL2A8PS0YSZAUQS9WM25WQTBcx29TNS8cR14aSQ39&amp;mupckp=mupAtu4m8OiX0wt\" target=\"_blank\" rel=\"noopener\" data-saferedirecturl=\"https:\/\/www.google.com\/url?q=https:\/\/culturaliart.musvc2.net\/e\/tr?q%3D6%253dSQ5WL%2526B%253d3%2526G%253dKZ4c%25269%253dRBZTY%2526w%253dADJrL_BqUs_Ma_ttmp_4i_BqUs_LfvP3Jv8B.3qF_BqUs_LfxBC9vK3CkG34o6_BqUs_MfwM7_IqNB3g_KksR_VXDgPCBgMD5t_KksR_UPKvF_75fBEC_ttmp_5gyCcB6_HSvj_R8NDC_e47FcB1D_ttmp_5g71kEEF%2526f%253dFEIx6L.DgM%25263I%253d3ULW8%2526MC%253dR4u1cBUMZ7TPQ4URZ3%2526A%253dTVf8PW5VwWdVu508TR89z4cXL2A8PS0YSZAUQS9WM25WQTBcx29TNS8cR14aSQ39%26mupckp%3DmupAtu4m8OiX0wt&amp;source=gmail&amp;ust=1684328362502000&amp;usg=AOvVaw1YZCF0RtSn9qVRAHEUMRRU\"><img decoding=\"async\" class=\"CToWUd\" title=\"Twitter\" src=\"https:\/\/ci5.googleusercontent.com\/proxy\/gYJbz0Vi_gmsBmzvL-Qd-wZ6Px9LwyT5D3cB-D6Q81S_Az3BhGudvZxW0SDwmDIV6yCJbtCfrFYxw-mBsy6YGpTtiseZuJF062yO3PewicpPsMvFWW2QjBRMPgigjTQXvUAerOHbwWMq4lzNdg=s0-d-e1-ft#https:\/\/culturaliart.img.musvc2.net\/static\/91342\/images\/social\/circle-color\/twitter@2x.png\" alt=\"Twitter\" width=\"32\" height=\"32\" data-bit=\"iit\" \/><\/a><\/td>\n<td><a href=\"https:\/\/culturaliart.musvc2.net\/e\/tr?q=8%3d9R7Y2%26C%3d5%26I%3d1a6e%26o%3dSDb0Z%26y%3dCtKtN_rrWu_3b_vvSq_6k_rrWu_2g1Rw.0rNt2kMaD.gJm_IUxP_SJQiJmOr0qDn0hHc_IUxP_SJ_MQtT_XFLxH_sFyMc6_vvSq_7in61Nl6xOeI_vvSq_6auKq_He5mPm_IUxP_TH0m2mG_rrWu_2WyOm_4eHp2mBn_IUxP_THHa0pPp%265%3dqPsMgW.n6x%26Ds%3dR6W7W%26xN%3d2a6X0V5a1S6c0R%26l%3d6bTfd6WDA7SCe3VgYc4679VD8dSDYdWgX34De42694Zj65XjY6Whd2468d5fbf6a2eS6&amp;mupckp=mupAtu4m8OiX0wt\" target=\"_blank\" rel=\"noopener\" data-saferedirecturl=\"https:\/\/www.google.com\/url?q=https:\/\/culturaliart.musvc2.net\/e\/tr?q%3D8%253d9R7Y2%2526C%253d5%2526I%253d1a6e%2526o%253dSDb0Z%2526y%253dCtKtN_rrWu_3b_vvSq_6k_rrWu_2g1Rw.0rNt2kMaD.gJm_IUxP_SJQiJmOr0qDn0hHc_IUxP_SJ_MQtT_XFLxH_sFyMc6_vvSq_7in61Nl6xOeI_vvSq_6auKq_He5mPm_IUxP_TH0m2mG_rrWu_2WyOm_4eHp2mBn_IUxP_THHa0pPp%25265%253dqPsMgW.n6x%2526Ds%253dR6W7W%2526xN%253d2a6X0V5a1S6c0R%2526l%253d6bTfd6WDA7SCe3VgYc4679VD8dSDYdWgX34De42694Zj65XjY6Whd2468d5fbf6a2eS6%26mupckp%3DmupAtu4m8OiX0wt&amp;source=gmail&amp;ust=1684328362502000&amp;usg=AOvVaw1HyIv2onBmTVWHrJGC9Ovq\"><img decoding=\"async\" class=\"CToWUd\" title=\"Instagram\" src=\"https:\/\/ci3.googleusercontent.com\/proxy\/czTR7nHo2iLQpebGzcoVSMPW3y3zdXJ6v_DTvx9eijDPljxR08uEzCZc8TN4gzts_7QydiiRAinUKT6bSRv9ZrelHTRsTIps2lj1VFk-kPKJ-UI5_sOigXKU_-5OPVUAWrJa4wuKLE2ord_dRua_=s0-d-e1-ft#https:\/\/culturaliart.img.musvc2.net\/static\/91342\/images\/social\/circle-color\/instagram@2x.png\" alt=\"Instagram\" width=\"32\" height=\"32\" data-bit=\"iit\" \/><\/a><\/td>\n<td><a href=\"https:\/\/culturaliart.musvc2.net\/e\/tr?q=8%3dMSAYF%26D%3d9%26I%3dEb0e%263%3dTHbNa%263%3dC8LxN_6sau_Gc_zvgr_0k_6sau_Fh5RA.QwP8Mj0.qGu_MeuX_WT_JYxd_VH1wKqOfAuD2ALrQ_JYxd_UNP8E_1J9Jk0_6sau_Gfv0AKt08LmM_6sau_FX3O1_Em9wMu_MeuX_XR7u6wD_zvgr_0a9Lu_8oEx6w9v_MeuX_XREiDzMx%269%3d1M1QqT.v08%26A6o3i1%3dVFTEa%268K%3d0eFUHZEX9WFZHV%26v%3da0eJXn0FViaoWm6NYAcHTD7LXEZq809I7D9J4AWp3EbJX9AMZEarTA8sWkZo8jcN&amp;mupckp=mupAtu4m8OiX0wt\" target=\"_blank\" rel=\"noopener\" data-saferedirecturl=\"https:\/\/www.google.com\/url?q=https:\/\/culturaliart.musvc2.net\/e\/tr?q%3D8%253dMSAYF%2526D%253d9%2526I%253dEb0e%25263%253dTHbNa%25263%253dC8LxN_6sau_Gc_zvgr_0k_6sau_Fh5RA.QwP8Mj0.qGu_MeuX_WT_JYxd_VH1wKqOfAuD2ALrQ_JYxd_UNP8E_1J9Jk0_6sau_Gfv0AKt08LmM_6sau_FX3O1_Em9wMu_MeuX_XR7u6wD_zvgr_0a9Lu_8oEx6w9v_MeuX_XREiDzMx%25269%253d1M1QqT.v08%2526A6o3i1%253dVFTEa%25268K%253d0eFUHZEX9WFZHV%2526v%253da0eJXn0FViaoWm6NYAcHTD7LXEZq809I7D9J4AWp3EbJX9AMZEarTA8sWkZo8jcN%26mupckp%3DmupAtu4m8OiX0wt&amp;source=gmail&amp;ust=1684328362502000&amp;usg=AOvVaw2NFsyJkT4G1ViPoFGcwjWK\"><img decoding=\"async\" class=\"CToWUd\" title=\"YouTube\" src=\"https:\/\/ci4.googleusercontent.com\/proxy\/fP3CbQVBvFabHGZSboAy6AXCgxr8ifU5S6SoRiVCIE4mftvSZB2A7s2-pb1_ivzNeP6uFcGBLkm5zM7pmubXawJTrWzdM6atV1PJcVMRXDtXtouQnTzmljgXtzpXO9w-FYJg7KiQ4wwMafSiAQ=s0-d-e1-ft#https:\/\/culturaliart.img.musvc2.net\/static\/91342\/images\/social\/circle-color\/youtube@2x.png\" alt=\"YouTube\" width=\"32\" height=\"32\" data-bit=\"iit\" \/><\/a><\/td>\n<\/tr>\n<\/tbody>\n<\/table>\n<\/div>\n<\/td>\n<\/tr>\n<\/tbody>\n<\/table>\n<\/td>\n<\/tr>\n<\/tbody>\n<\/table>\n<\/td>\n<\/tr>\n<\/tbody>\n<\/table>\n<\/td>\n<\/tr>\n<\/tbody>\n<\/table>\n","protected":false},"excerpt":{"rendered":"<p>Rimini si prepara per un\u2019estate ricca di eventi \u00a0 Arte, musica, sport, spettacoli: la citt\u00e0 romagnola fa il pieno di [&hellip;]<\/p>\n","protected":false},"author":1,"featured_media":0,"comment_status":"open","ping_status":"open","sticky":false,"template":"","format":"standard","meta":{"footnotes":""},"categories":[4,10],"tags":[],"class_list":["post-37240","post","type-post","status-publish","format-standard","hentry","category-cultura","category-italiano"],"_links":{"self":[{"href":"https:\/\/www.ecoitaliano.com.ar\/index.php?rest_route=\/wp\/v2\/posts\/37240","targetHints":{"allow":["GET"]}}],"collection":[{"href":"https:\/\/www.ecoitaliano.com.ar\/index.php?rest_route=\/wp\/v2\/posts"}],"about":[{"href":"https:\/\/www.ecoitaliano.com.ar\/index.php?rest_route=\/wp\/v2\/types\/post"}],"author":[{"embeddable":true,"href":"https:\/\/www.ecoitaliano.com.ar\/index.php?rest_route=\/wp\/v2\/users\/1"}],"replies":[{"embeddable":true,"href":"https:\/\/www.ecoitaliano.com.ar\/index.php?rest_route=%2Fwp%2Fv2%2Fcomments&post=37240"}],"version-history":[{"count":0,"href":"https:\/\/www.ecoitaliano.com.ar\/index.php?rest_route=\/wp\/v2\/posts\/37240\/revisions"}],"wp:attachment":[{"href":"https:\/\/www.ecoitaliano.com.ar\/index.php?rest_route=%2Fwp%2Fv2%2Fmedia&parent=37240"}],"wp:term":[{"taxonomy":"category","embeddable":true,"href":"https:\/\/www.ecoitaliano.com.ar\/index.php?rest_route=%2Fwp%2Fv2%2Fcategories&post=37240"},{"taxonomy":"post_tag","embeddable":true,"href":"https:\/\/www.ecoitaliano.com.ar\/index.php?rest_route=%2Fwp%2Fv2%2Ftags&post=37240"}],"curies":[{"name":"wp","href":"https:\/\/api.w.org\/{rel}","templated":true}]}}