{"id":37242,"date":"2023-05-16T15:05:31","date_gmt":"2023-05-16T15:05:31","guid":{"rendered":"http:\/\/www.ecoitaliano.com.ar\/?p=37242"},"modified":"2023-05-16T15:05:46","modified_gmt":"2023-05-16T15:05:46","slug":"settimana-della-cultura-delluzbekistan-e-degli-amici-pesaro-a-palazzo-gradari-e-villa-caprile-il-19-20-21-maggio-2023-arte-moda-musica","status":"publish","type":"post","link":"https:\/\/www.ecoitaliano.com.ar\/?p=37242","title":{"rendered":"Settimana della cultura dell\u2019Uzbekistan e degli amici &#8211; Pesaro, a Palazzo Gradari e Villa Caprile il 19 &#8211; 20 &#8211; 21 Maggio 2023 \u2013 Arte, Moda, Musica"},"content":{"rendered":"<p><a href=\"http:\/\/www.ecoitaliano.com.ar\/wp-content\/uploads\/2023\/05\/4-poster-1.jpg\"><img decoding=\"async\" class=\"alignnone size-full wp-image-37249\" src=\"http:\/\/www.ecoitaliano.com.ar\/wp-content\/uploads\/2023\/05\/4-poster-1.jpg\" alt=\"\" width=\"1074\" height=\"1458\" srcset=\"https:\/\/www.ecoitaliano.com.ar\/wp-content\/uploads\/2023\/05\/4-poster-1.jpg 1074w, https:\/\/www.ecoitaliano.com.ar\/wp-content\/uploads\/2023\/05\/4-poster-1-221x300.jpg 221w, https:\/\/www.ecoitaliano.com.ar\/wp-content\/uploads\/2023\/05\/4-poster-1-768x1043.jpg 768w, https:\/\/www.ecoitaliano.com.ar\/wp-content\/uploads\/2023\/05\/4-poster-1-754x1024.jpg 754w, https:\/\/www.ecoitaliano.com.ar\/wp-content\/uploads\/2023\/05\/4-poster-1-110x150.jpg 110w\" sizes=\"(max-width: 1074px) 100vw, 1074px\" \/><\/a><\/p>\n<div id='gallery-1' class='gallery galleryid-37242 gallery-columns-3 gallery-size-thumbnail'><figure class='gallery-item'>\n\t\t\t<div class='gallery-icon landscape'>\n\t\t\t\t<a href='https:\/\/www.ecoitaliano.com.ar\/?attachment_id=37247'><img decoding=\"async\" width=\"150\" height=\"150\" src=\"https:\/\/www.ecoitaliano.com.ar\/wp-content\/uploads\/2023\/05\/5-1-150x150.jpg\" class=\"attachment-thumbnail size-thumbnail\" alt=\"\" \/><\/a>\n\t\t\t<\/div><\/figure><figure class='gallery-item'>\n\t\t\t<div class='gallery-icon landscape'>\n\t\t\t\t<a href='https:\/\/www.ecoitaliano.com.ar\/?attachment_id=37246'><img decoding=\"async\" width=\"150\" height=\"150\" src=\"https:\/\/www.ecoitaliano.com.ar\/wp-content\/uploads\/2023\/05\/3-1-150x150.jpg\" class=\"attachment-thumbnail size-thumbnail\" alt=\"\" \/><\/a>\n\t\t\t<\/div><\/figure><figure class='gallery-item'>\n\t\t\t<div class='gallery-icon landscape'>\n\t\t\t\t<a href='https:\/\/www.ecoitaliano.com.ar\/?attachment_id=37245'><img decoding=\"async\" width=\"150\" height=\"150\" src=\"https:\/\/www.ecoitaliano.com.ar\/wp-content\/uploads\/2023\/05\/1-1-150x150.jpg\" class=\"attachment-thumbnail size-thumbnail\" alt=\"\" \/><\/a>\n\t\t\t<\/div><\/figure><figure class='gallery-item'>\n\t\t\t<div class='gallery-icon landscape'>\n\t\t\t\t<a href='https:\/\/www.ecoitaliano.com.ar\/?attachment_id=37244'><img decoding=\"async\" width=\"150\" height=\"150\" src=\"https:\/\/www.ecoitaliano.com.ar\/wp-content\/uploads\/2023\/05\/2-1-150x150.jpg\" class=\"attachment-thumbnail size-thumbnail\" alt=\"\" \/><\/a>\n\t\t\t<\/div><\/figure><figure class='gallery-item'>\n\t\t\t<div class='gallery-icon landscape'>\n\t\t\t\t<a href='https:\/\/www.ecoitaliano.com.ar\/?attachment_id=37243'><img decoding=\"async\" width=\"150\" height=\"150\" src=\"https:\/\/www.ecoitaliano.com.ar\/wp-content\/uploads\/2023\/05\/a-150x150.jpg\" class=\"attachment-thumbnail size-thumbnail\" alt=\"\" \/><\/a>\n\t\t\t<\/div><\/figure>\n\t\t<\/div>\n\n<p class=\"western\" lang=\"it-IT\" align=\"center\"><span style=\"font-family: Cambria, serif;\"><span style=\"font-size: x-large;\"><b>Settimana della cultura dell\u2019Uzbekistan e degli amici<\/b><\/span><\/span><\/p>\n<p class=\"western\" lang=\"it-IT\" align=\"center\"><span style=\"font-family: Cambria, serif;\"><span style=\"font-size: medium;\"><b>Pesaro, a Palazzo Gradari e Villa Caprile il 19 &#8211; 20 &#8211; 21 Maggio 2023 \u2013 Arte, Moda, Musica<\/b><\/span><\/span><\/p>\n<p class=\"western\" lang=\"it-IT\" align=\"justify\"><a name=\"_GoBack\"><\/a> <span style=\"font-family: Cambria, serif;\"><span style=\"font-size: medium;\">PESARO &#8211; La <\/span><\/span><span style=\"font-family: Cambria, serif;\"><span style=\"font-size: medium;\"><b>Settimana della cultura dell&#8217;Uzbekistan e degli amici<\/b><\/span><\/span><span style=\"font-family: Cambria, serif;\"><span style=\"font-size: medium;\"> \u00e8 un evento ricco di significato che mira a rafforzare<\/span><\/span> <span style=\"font-family: Cambria, serif;\"><span style=\"font-size: medium;\">la collaborazione e la cooperazione culturale tra <\/span><\/span><span style=\"font-family: Cambria, serif;\"><span style=\"font-size: medium;\"><b>Italia<\/b><\/span><\/span><span style=\"font-family: Cambria, serif;\"><span style=\"font-size: medium;\"> e <\/span><\/span><span style=\"font-family: Cambria, serif;\"><span style=\"font-size: medium;\"><b>Uzbekistan<\/b><\/span><\/span><span style=\"font-family: Cambria, serif;\"><span style=\"font-size: medium;\">. Grazie all&#8217;iniziativa<\/span><\/span> <span style=\"font-family: Cambria, serif;\"><span style=\"font-size: medium;\">del presidente<\/span><\/span> <span style=\"font-family: Cambria, serif;\"><span style=\"font-size: medium;\">dell&#8217;Associazione \u201cProgetto Angeli Aps\u201d <\/span><\/span><span style=\"font-family: Cambria, serif;\"><span style=\"font-size: medium;\"><b>Aida Abdullaeva<\/b><\/span><\/span><span style=\"font-family: Cambria, serif;\"><span style=\"font-size: medium;\"> e alla visita ufficiale del <\/span><\/span><span style=\"font-family: Cambria, serif;\"><span style=\"font-size: medium;\"><b>Presidente dell&#8217;Uzbekistan<\/b><\/span><\/span><span style=\"font-family: Cambria, serif;\"><span style=\"font-size: medium;\">,<\/span><\/span> <span style=\"font-family: Cambria, serif;\"><span style=\"font-size: medium;\">avremo<\/span><\/span> <span style=\"font-family: Cambria, serif;\"><span style=\"font-size: medium;\">l&#8217;occasione<\/span><\/span> <span style=\"font-family: Cambria, serif;\"><span style=\"font-size: medium;\">di<\/span><\/span> <span style=\"font-family: Cambria, serif;\"><span style=\"font-size: medium;\">conoscere<\/span><\/span> <span style=\"font-family: Cambria, serif;\"><span style=\"font-size: medium;\">e<\/span><\/span> <span style=\"font-family: Cambria, serif;\"><span style=\"font-size: medium;\">apprezzare<\/span><\/span> <span style=\"font-family: Cambria, serif;\"><span style=\"font-size: medium;\">le<\/span><\/span> <span style=\"font-family: Cambria, serif;\"><span style=\"font-size: medium;\">meraviglie<\/span><\/span> <span style=\"font-family: Cambria, serif;\"><span style=\"font-size: medium;\">culturali,<\/span><\/span> <span style=\"font-family: Cambria, serif;\"><span style=\"font-size: medium;\">artistiche<\/span><\/span> <span style=\"font-family: Cambria, serif;\"><span style=\"font-size: medium;\">e<\/span><\/span> <span style=\"font-family: Cambria, serif;\"><span style=\"font-size: medium;\">musicali<\/span><\/span> <span style=\"font-family: Cambria, serif;\"><span style=\"font-size: medium;\">di<\/span><\/span> <span style=\"font-family: Cambria, serif;\"><span style=\"font-size: medium;\">entrambi<\/span><\/span> <span style=\"font-family: Cambria, serif;\"><span style=\"font-size: medium;\">i<\/span><\/span> <span style=\"font-family: Cambria, serif;\"><span style=\"font-size: medium;\">paesi.<\/span><\/span><\/p>\n<p class=\"western\" lang=\"it-IT\" align=\"justify\"><span style=\"font-family: Cambria, serif;\"><span style=\"font-size: medium;\">La citt\u00e0 di <\/span><\/span><span style=\"font-family: Cambria, serif;\"><span style=\"font-size: medium;\"><b>Pesaro<\/b><\/span><\/span><span style=\"font-family: Cambria, serif;\"><span style=\"font-size: medium;\"> si prepara ad accogliere l&#8217;evento, dando vita a un weekend di eventi che spaziano dalla<\/span><\/span> <span style=\"font-family: Cambria, serif;\"><span style=\"font-size: medium;\">cerimonia di apertura alla mostra di artigianato e alla performance di artisti uzbeki e italiani. In particolare,<\/span><\/span> <span style=\"font-family: Cambria, serif;\"><span style=\"font-size: medium;\">spicca<\/span><\/span> <span style=\"font-family: Cambria, serif;\"><span style=\"font-size: medium;\">la<\/span><\/span> <span style=\"font-family: Cambria, serif;\"><span style=\"font-size: medium;\">presenza<\/span><\/span> <span style=\"font-family: Cambria, serif;\"><span style=\"font-size: medium;\">dell&#8217;attrice<\/span><\/span> <span style=\"font-family: Cambria, serif;\"><span style=\"font-size: medium;\">e<\/span><\/span> <span style=\"font-family: Cambria, serif;\"><span style=\"font-size: medium;\">cantante<\/span><\/span> <span style=\"font-family: Cambria, serif;\"><span style=\"font-size: medium;\"><b>Natalia<\/b><\/span><\/span><b> <\/b><span style=\"font-family: Cambria, serif;\"><span style=\"font-size: medium;\"><b>Simonova<\/b><\/span><\/span><span style=\"font-family: Cambria, serif;\"><span style=\"font-size: medium;\">,<\/span><\/span> <span style=\"font-family: Cambria, serif;\"><span style=\"font-size: medium;\">che<\/span><\/span> <span style=\"font-family: Cambria, serif;\"><span style=\"font-size: medium;\">racconter\u00e0<\/span><\/span> <span style=\"font-family: Cambria, serif;\"><span style=\"font-size: medium;\">la<\/span><\/span> <span style=\"font-family: Cambria, serif;\"><span style=\"font-size: medium;\">figura<\/span><\/span> <span style=\"font-family: Cambria, serif;\"><span style=\"font-size: medium;\">di<\/span><\/span> <span style=\"font-family: Cambria, serif;\"><span style=\"font-size: medium;\"><b>Anna<\/b><\/span><\/span><b> <\/b><span style=\"font-family: Cambria, serif;\"><span style=\"font-size: medium;\"><b>German<\/b><\/span><\/span><span style=\"font-family: Cambria, serif;\"><span style=\"font-size: medium;\">,<\/span><\/span> <span style=\"font-family: Cambria, serif;\"><span style=\"font-size: medium;\">celebre<\/span><\/span> <span style=\"font-family: Cambria, serif;\"><span style=\"font-size: medium;\">cantante<\/span><\/span> <span style=\"font-family: Cambria, serif;\"><span style=\"font-size: medium;\">olandese-tedesca<\/span><\/span> <span style=\"font-family: Cambria, serif;\"><span style=\"font-size: medium;\">nata<\/span><\/span> <span style=\"font-family: Cambria, serif;\"><span style=\"font-size: medium;\">in<\/span><\/span> <span style=\"font-family: Cambria, serif;\"><span style=\"font-size: medium;\">Uzbekistan<\/span><\/span> <span style=\"font-family: Cambria, serif;\"><span style=\"font-size: medium;\">nella<\/span><\/span> <span style=\"font-family: Cambria, serif;\"><span style=\"font-size: medium;\">citt\u00e0<\/span><\/span><span style=\"font-family: Cambria, serif;\"><span style=\"font-size: medium;\"> di <\/span><\/span><span style=\"font-family: Cambria, serif;\"><span style=\"font-size: medium;\"><b>Urghench<\/b><\/span><\/span><span style=\"font-family: Cambria, serif;\"><span style=\"font-size: medium;\">.<\/span><\/span><\/p>\n<p class=\"western\" lang=\"it-IT\" align=\"justify\"><span style=\"font-family: Cambria, serif;\"><span style=\"font-size: medium;\">La bellezza della mostra d\u2019arte e artigianato, presentata nel Salone nobile di <\/span><\/span><span style=\"font-family: Cambria, serif;\"><span style=\"font-size: medium;\"><b>Palazzo Gradari<\/b><\/span><\/span><span style=\"font-family: Cambria, serif;\"><span style=\"font-size: medium;\">, ci riporta al<\/span><\/span> <span style=\"font-family: Cambria, serif;\"><span style=\"font-size: medium;\">cuore<\/span><\/span> <span style=\"font-family: Cambria, serif;\"><span style=\"font-size: medium;\">di<\/span><\/span> <span style=\"font-family: Cambria, serif;\"><span style=\"font-size: medium;\">entrambe<\/span><\/span> <span style=\"font-family: Cambria, serif;\"><span style=\"font-size: medium;\">le<\/span><\/span> <span style=\"font-family: Cambria, serif;\"><span style=\"font-size: medium;\">culture,<\/span><\/span> <span style=\"font-family: Cambria, serif;\"><span style=\"font-size: medium;\">dimostrando<\/span><\/span> <span style=\"font-family: Cambria, serif;\"><span style=\"font-size: medium;\">la<\/span><\/span> <span style=\"font-family: Cambria, serif;\"><span style=\"font-size: medium;\">raffinatezza<\/span><\/span> <span style=\"font-family: Cambria, serif;\"><span style=\"font-size: medium;\">e<\/span><\/span> <span style=\"font-family: Cambria, serif;\"><span style=\"font-size: medium;\">la<\/span><\/span> <span style=\"font-family: Cambria, serif;\"><span style=\"font-size: medium;\">capacit\u00e0<\/span><\/span> <span style=\"font-family: Cambria, serif;\"><span style=\"font-size: medium;\">artigiana<\/span><\/span> <span style=\"font-family: Cambria, serif;\"><span style=\"font-size: medium;\">dei<\/span><\/span> <span style=\"font-family: Cambria, serif;\"><span style=\"font-size: medium;\">ceramisti<\/span><\/span> <span style=\"font-family: Cambria, serif;\"><span style=\"font-size: medium;\">uzbeki.<\/span><\/span> <span style=\"font-family: Cambria, serif;\"><span style=\"font-size: medium;\">La<\/span><\/span> <span style=\"font-family: Cambria, serif;\"><span style=\"font-size: medium;\">mostra<\/span><\/span> <span style=\"font-family: Cambria, serif;\"><span style=\"font-size: medium;\">include<\/span><\/span> <span style=\"font-family: Cambria, serif;\"><span style=\"font-size: medium;\">una<\/span><\/span> <span style=\"font-family: Cambria, serif;\"><span style=\"font-size: medium;\">serie<\/span><\/span> <span style=\"font-family: Cambria, serif;\"><span style=\"font-size: medium;\">di<\/span><\/span> <span style=\"font-family: Cambria, serif;\"><span style=\"font-size: medium;\">pezzi<\/span><\/span> <span style=\"font-family: Cambria, serif;\"><span style=\"font-size: medium;\">realizzati<\/span><\/span> <span style=\"font-family: Cambria, serif;\"><span style=\"font-size: medium;\">dai<\/span><\/span> <span style=\"font-family: Cambria, serif;\"><span style=\"font-size: medium;\">noti<\/span><\/span> <span style=\"font-family: Cambria, serif;\"><span style=\"font-size: medium;\">ceramisti<\/span><\/span> <span style=\"font-family: Cambria, serif;\"><span style=\"font-size: medium;\">della<\/span><\/span> <span style=\"font-family: Cambria, serif;\"><span style=\"font-size: medium;\">citt\u00e0<\/span><\/span> <span style=\"font-family: Cambria, serif;\"><span style=\"font-size: medium;\">di<\/span><\/span> <span style=\"font-family: Cambria, serif;\"><span style=\"font-size: medium;\"><b>Rishtan<\/b><\/span><\/span> <span style=\"font-family: Cambria, serif;\"><span style=\"font-size: medium;\">che<\/span><\/span> <span style=\"font-family: Cambria, serif;\"><span style=\"font-size: medium;\">giungono<\/span><\/span> <span style=\"font-family: Cambria, serif;\"><span style=\"font-size: medium;\">a<\/span><\/span> <span style=\"font-family: Cambria, serif;\"><span style=\"font-size: medium;\"><b>Pesaro<\/b><\/span><\/span> <span style=\"font-family: Cambria, serif;\"><span style=\"font-size: medium;\">dopo<\/span><\/span> <span style=\"font-family: Cambria, serif;\"><span style=\"font-size: medium;\">essere<\/span><\/span> <span style=\"font-family: Cambria, serif;\"><span style=\"font-size: medium;\">stati<\/span><\/span> <span style=\"font-family: Cambria, serif;\"><span style=\"font-size: medium;\">presentati<\/span><\/span> <span style=\"font-family: Cambria, serif;\"><span style=\"font-size: medium;\">nel Museo<\/span><\/span> <span style=\"font-family: Cambria, serif;\"><span style=\"font-size: medium;\">di<\/span><\/span> <span style=\"font-family: Cambria, serif;\"><span style=\"font-size: medium;\"><b>Deruta<\/b><\/span><\/span> <span style=\"font-family: Cambria, serif;\"><span style=\"font-size: medium;\">(Perugia).<\/span><\/span><\/p>\n<p class=\"western\" lang=\"it-IT\" align=\"justify\"><span style=\"font-family: Cambria, serif;\"><span style=\"font-size: medium;\">L&#8217;evento rappresenta un importante passo verso una maggiore cooperazione tra i due paesi e un&#8217;occasione<\/span><\/span> <span style=\"font-family: Cambria, serif;\"><span style=\"font-size: medium;\">per rafforzare i legami culturali tra Italia e Uzbekistan. Inoltre, la scelta di <\/span><\/span><span style=\"font-family: Cambria, serif;\"><span style=\"font-size: medium;\"><b>Pesaro<\/b><\/span><\/span><span style=\"font-family: Cambria, serif;\"><span style=\"font-size: medium;\">, Citt\u00e0 Creativa Unesco della<\/span><\/span> <span style=\"font-family: Cambria, serif;\"><span style=\"font-size: medium;\">Musica e <\/span><\/span><span style=\"font-family: Cambria, serif;\"><span style=\"font-size: medium;\"><b>Capitale Italiana della Cultura 2024<\/b><\/span><\/span><span style=\"font-family: Cambria, serif;\"><span style=\"font-size: medium;\">, testimonia l&#8217;impegno della citt\u00e0 nel promuovere e consolidare<\/span><\/span> <span style=\"font-family: Cambria, serif;\"><span style=\"font-size: medium;\">importanti<\/span><\/span> <span style=\"font-family: Cambria, serif;\"><span style=\"font-size: medium;\">relazioni<\/span><\/span> <span style=\"font-family: Cambria, serif;\"><span style=\"font-size: medium;\">culturali<\/span><\/span> <span style=\"font-family: Cambria, serif;\"><span style=\"font-size: medium;\">in un&#8217;ottica<\/span><\/span> <span style=\"font-family: Cambria, serif;\"><span style=\"font-size: medium;\">di internazionalizzazione.<\/span><\/span><\/p>\n<p class=\"western\" lang=\"it-IT\" align=\"justify\"><span style=\"font-family: Cambria, serif;\"><span style=\"font-size: medium;\">Il <\/span><\/span><span style=\"font-family: Cambria, serif;\"><span style=\"font-size: medium;\"><b>19 maggio<\/b><\/span><\/span><span style=\"font-family: Cambria, serif;\"><span style=\"font-size: medium;\"> alle ore 17.00, nel Salone nobile di <\/span><\/span><span style=\"font-family: Cambria, serif;\"><span style=\"font-size: medium;\"><b>Palazzo Gradari<\/b><\/span><\/span><span style=\"font-family: Cambria, serif;\"><span style=\"font-size: medium;\"> si svolger\u00e0 anche l&#8217;esposizione delle opere<\/span><\/span> <span style=\"font-family: Cambria, serif;\"><span style=\"font-size: medium;\">dei vincitori del concorso per bambini della Scuola d&#8217;arte della Repubblica di Tashkent e quella d&#8217;arte degli<\/span><\/span> <span style=\"font-family: Cambria, serif;\"><span style=\"font-size: medium;\">studenti dell&#8217;Universit\u00e0 di Bukhara. Ci sar\u00e0 la consegna finale dei diplomi che certificheranno l&#8217;abilit\u00e0 artistica<\/span><\/span> <span style=\"font-family: Cambria, serif;\"><span style=\"font-size: medium;\">dei<\/span><\/span> <span style=\"font-family: Cambria, serif;\"><span style=\"font-size: medium;\">giovani<\/span><\/span> <span style=\"font-family: Cambria, serif;\"><span style=\"font-size: medium;\">partecipanti.<\/span><\/span><\/p>\n<p class=\"western\" lang=\"it-IT\" align=\"justify\"><span style=\"font-family: Cambria, serif;\"><span style=\"font-size: medium;\">Le serate saranno presentate da una serie di presentatrici di spicco, tra cui <\/span><\/span><span style=\"font-family: Cambria, serif;\"><span style=\"font-size: medium;\"><b>Francesca Guidi<\/b><\/span><\/span><span style=\"font-family: Cambria, serif;\"><span style=\"font-size: medium;\">, <\/span><\/span><span style=\"font-family: Cambria, serif;\"><span style=\"font-size: medium;\"><b>Melissa Mil<\/b><\/span><\/span><span style=\"font-family: Cambria, serif;\"><span style=\"font-size: medium;\">,<\/span><\/span> <span style=\"font-family: Cambria, serif;\"><span style=\"font-size: medium;\"><b>Mariella<\/b><\/span><\/span><b> <\/b><span style=\"font-family: Cambria, serif;\"><span style=\"font-size: medium;\"><b>Sapienza<\/b><\/span><\/span> <span style=\"font-family: Cambria, serif;\"><span style=\"font-size: medium;\">e<\/span><\/span> <span style=\"font-family: Cambria, serif;\"><span style=\"font-size: medium;\"><b>Stella<\/b><\/span><\/span><b> <\/b><span style=\"font-family: Cambria, serif;\"><span style=\"font-size: medium;\"><b>Camelia<\/b><\/span><\/span><b> <\/b><span style=\"font-family: Cambria, serif;\"><span style=\"font-size: medium;\"><b>Enescu<\/b><\/span><\/span><span style=\"font-family: Cambria, serif;\"><span style=\"font-size: medium;\">,<\/span><\/span> <span style=\"font-family: Cambria, serif;\"><span style=\"font-size: medium;\">che<\/span><\/span> <span style=\"font-family: Cambria, serif;\"><span style=\"font-size: medium;\">guideranno<\/span><\/span> <span style=\"font-family: Cambria, serif;\"><span style=\"font-size: medium;\">il<\/span><\/span> <span style=\"font-family: Cambria, serif;\"><span style=\"font-size: medium;\">pubblico<\/span><\/span> <span style=\"font-family: Cambria, serif;\"><span style=\"font-size: medium;\">alla<\/span><\/span> <span style=\"font-family: Cambria, serif;\"><span style=\"font-size: medium;\">scoperta<\/span><\/span> <span style=\"font-family: Cambria, serif;\"><span style=\"font-size: medium;\">delle<\/span><\/span> <span style=\"font-family: Cambria, serif;\"><span style=\"font-size: medium;\">opere<\/span><\/span> <span style=\"font-family: Cambria, serif;\"><span style=\"font-size: medium;\">d\u2019arte,<\/span><\/span> <span style=\"font-family: Cambria, serif;\"><span style=\"font-size: medium;\">musica<\/span><\/span> <span style=\"font-family: Cambria, serif;\"><span style=\"font-size: medium;\">e<\/span><\/span> <span style=\"font-family: Cambria, serif;\"><span style=\"font-size: medium;\">moda.<\/span><\/span> <span style=\"font-family: Cambria, serif;\"><span style=\"font-size: medium;\">Fotografo<\/span><\/span> <span style=\"font-family: Cambria, serif;\"><span style=\"font-size: medium;\">ufficiale<\/span><\/span> <span style=\"font-family: Cambria, serif;\"><span style=\"font-size: medium;\">dell\u2019evento<\/span><\/span> <span style=\"font-family: Cambria, serif;\"><span style=\"font-size: medium;\"><b>Massimiliano<\/b><\/span><\/span><b> <\/b><span style=\"font-family: Cambria, serif;\"><span style=\"font-size: medium;\"><b>Sebastiani<\/b><\/span><\/span><span style=\"font-family: Cambria, serif;\"><span style=\"font-size: medium;\">.<\/span><\/span><\/p>\n<p class=\"western\" lang=\"it-IT\" align=\"justify\"><span style=\"font-family: Cambria, serif;\"><span style=\"font-size: medium;\">Il <\/span><\/span><span style=\"font-family: Cambria, serif;\"><span style=\"font-size: medium;\"><b>20 maggio<\/b><\/span><\/span><span style=\"font-family: Cambria, serif;\"><span style=\"font-size: medium;\"> alle ore 17.00, invece, il focus si sposta sulla moda, con una sfilata organizzata presso <\/span><\/span><span style=\"font-family: Cambria, serif;\"><span style=\"font-size: medium;\"><b>Villa<\/b><\/span><\/span><b> <\/b><span style=\"font-family: Cambria, serif;\"><span style=\"font-size: medium;\"><b>Caprile<\/b><\/span><\/span><span style=\"font-family: Cambria, serif;\"><span style=\"font-size: medium;\">.<\/span><\/span> <span style=\"font-family: Cambria, serif;\"><span style=\"font-size: medium;\">Numerosi<\/span><\/span> <span style=\"font-family: Cambria, serif;\"><span style=\"font-size: medium;\">stilisti,<\/span><\/span> <span style=\"font-family: Cambria, serif;\"><span style=\"font-size: medium;\">tra<\/span><\/span> <span style=\"font-family: Cambria, serif;\"><span style=\"font-size: medium;\">cui<\/span><\/span> <span style=\"font-family: Cambria, serif;\"><span style=\"font-size: medium;\">nota<\/span><\/span> <span style=\"font-family: Cambria, serif;\"><span style=\"font-size: medium;\">stilista<\/span><\/span> <span style=\"font-family: Cambria, serif;\"><span style=\"font-size: medium;\"><b>Eleonora<\/b><\/span><\/span><b> <\/b><span style=\"font-family: Cambria, serif;\"><span style=\"font-size: medium;\"><b>Altamore<\/b><\/span><\/span><span style=\"font-family: Cambria, serif;\"><span style=\"font-size: medium;\">,<\/span><\/span> <span style=\"font-family: Cambria, serif;\"><span style=\"font-size: medium;\"><b>Aida<\/b><\/span><\/span><b> <\/b><span style=\"font-family: Cambria, serif;\"><span style=\"font-size: medium;\"><b>Abdullaeva<\/b><\/span><\/span> <span style=\"font-family: Cambria, serif;\"><span style=\"font-size: medium;\">con<\/span><\/span> <span style=\"font-family: Cambria, serif;\"><span style=\"font-size: medium;\">lo<\/span><\/span> <span style=\"font-family: Cambria, serif;\"><span style=\"font-size: medium;\">stilista<\/span><\/span> <span style=\"font-family: Cambria, serif;\"><span style=\"font-size: medium;\">uzbeko<\/span><\/span> <span style=\"font-family: Cambria, serif;\"><span style=\"font-size: medium;\"><b>Sobirov <\/b><\/span><\/span><b> <\/b><span style=\"font-family: Cambria, serif;\"><span style=\"font-size: medium;\"><b>Akbarali<\/b><\/span><\/span><span style=\"font-family: Cambria, serif;\"><span style=\"font-size: medium;\">,<\/span><\/span> <span style=\"font-family: Cambria, serif;\"><span style=\"font-size: medium;\"><b>Marina<\/b><\/span><\/span><b> <\/b><span style=\"font-family: Cambria, serif;\"><span style=\"font-size: medium;\"><b>Stepanenko<\/b><\/span><\/span><span style=\"font-family: Cambria, serif;\"><span style=\"font-size: medium;\">,<\/span><\/span> <span style=\"font-family: Cambria, serif;\"><span style=\"font-size: medium;\">la<\/span><\/span> <span style=\"font-family: Cambria, serif;\"><span style=\"font-size: medium;\">Scuola<\/span><\/span> <span style=\"font-family: Cambria, serif;\"><span style=\"font-size: medium;\">Arte<\/span><\/span> <span style=\"font-family: Cambria, serif;\"><span style=\"font-size: medium;\">Moda<\/span><\/span> <span style=\"font-family: Cambria, serif;\"><span style=\"font-size: medium;\">di<\/span><\/span> <span style=\"font-family: Cambria, serif;\"><span style=\"font-size: medium;\"><b>Michela<\/b><\/span><\/span><b> <\/b><span style=\"font-family: Cambria, serif;\"><span style=\"font-size: medium;\"><b>Ricci<\/b><\/span><\/span><span style=\"font-family: Cambria, serif;\"><span style=\"font-size: medium;\">,<\/span><\/span> <span style=\"font-family: Cambria, serif;\"><span style=\"font-size: medium;\">il marchio<\/span><\/span> <span style=\"font-family: Cambria, serif;\"><span style=\"font-size: medium;\">Anna<\/span><\/span> <span style=\"font-family: Cambria, serif;\"><span style=\"font-size: medium;\">Viviani<\/span><\/span> <span style=\"font-family: Cambria, serif;\"><span style=\"font-size: medium;\">di<\/span><\/span> <span style=\"font-family: Cambria, serif;\"><span style=\"font-size: medium;\"><b>Irina<\/b><\/span><\/span><b> <\/b><span style=\"font-family: Cambria, serif;\"><span style=\"font-size: medium;\"><b>Shkolnaya<\/b><\/span><\/span><b> <\/b><span style=\"font-family: Cambria, serif;\"><span style=\"font-size: medium;\">e con costumi veneziani di <\/span><\/span><span style=\"font-family: Cambria, serif;\"><span style=\"font-size: medium;\"><b>Alisa Karaeva<\/b><\/span><\/span><span style=\"font-family: Cambria, serif;\"><span style=\"font-size: medium;\">, presenteranno le loro collezioni. La serata sar\u00e0 accompagnata da<\/span><\/span> <span style=\"font-family: Cambria, serif;\"><span style=\"font-size: medium;\">performance<\/span><\/span> <span style=\"font-family: Cambria, serif;\"><span style=\"font-size: medium;\">di<\/span><\/span> <span style=\"font-family: Cambria, serif;\"><span style=\"font-size: medium;\">cantanti<\/span><\/span> <span style=\"font-family: Cambria, serif;\"><span style=\"font-size: medium;\">internazionali<\/span><\/span> <span style=\"font-family: Cambria, serif;\"><span style=\"font-size: medium;\">come <\/span><\/span><span style=\"font-family: Cambria, serif;\"><span style=\"font-size: medium;\"><b>Maria<\/b><\/span><\/span><b> <\/b><span style=\"font-family: Cambria, serif;\"><span style=\"font-size: medium;\"><b>Abramishvili,<\/b><\/span><\/span><b> <\/b><span style=\"font-family: Cambria, serif;\"><span style=\"font-size: medium;\"><b>Ksenia<\/b><\/span><\/span><b> <\/b><span style=\"font-family: Cambria, serif;\"><span style=\"font-size: medium;\"><b>Rega<\/b><\/span><\/span> <span style=\"font-family: Cambria, serif;\"><span style=\"font-size: medium;\">e<\/span><\/span> <span style=\"font-family: Cambria, serif;\"><span style=\"font-size: medium;\"><b>Ian<\/b><\/span><\/span><b> <\/b><span style=\"font-family: Cambria, serif;\"><span style=\"font-size: medium;\"><b>Cherliantsev<\/b><\/span><\/span><span style=\"font-family: Cambria, serif;\"><span style=\"font-size: medium;\">.<\/span><\/span><\/p>\n<p class=\"western\" lang=\"it-IT\" align=\"justify\"><span style=\"font-family: Cambria, serif;\"><span style=\"font-size: medium;\">Alla serata di musica il <\/span><\/span><span style=\"font-family: Cambria, serif;\"><span style=\"font-size: medium;\"><b>21 maggio<\/b><\/span><\/span><span style=\"font-family: Cambria, serif;\"><span style=\"font-size: medium;\"> presenti anche il tenore <\/span><\/span><span style=\"font-family: Cambria, serif;\"><span style=\"font-size: medium;\"><b>Fabio Andreotti<\/b><\/span><\/span><span style=\"font-family: Cambria, serif;\"><span style=\"font-size: medium;\"> e <\/span><\/span><span style=\"font-family: Cambria, serif;\"><span style=\"font-size: medium;\"><b>Teresa Sparaco<\/b><\/span><\/span><span style=\"font-family: Cambria, serif;\"><span style=\"font-size: medium;\">, grandi amici e<\/span><\/span> <span style=\"font-family: Cambria, serif;\"><span style=\"font-size: medium;\">sostenitori dell&#8217;Uzbekistan. Il 21 maggio alle ore 17.00, <\/span><\/span><span style=\"font-family: Cambria, serif;\"><span style=\"font-size: medium;\"><b>Villa Caprile<\/b><\/span><\/span><span style=\"font-family: Cambria, serif;\"><span style=\"font-size: medium;\"> diventer\u00e0 il palcoscenico del concerto<\/span><\/span> <span style=\"font-family: Cambria, serif;\"><span style=\"font-size: medium;\">\u00abGiorno della musica\u00bb. In questa serata, si esibiranno i giovani cantanti dell&#8217;Uzbekistan e conosciuti dell&#8217;Italia,<\/span><\/span> <span style=\"font-family: Cambria, serif;\"><span style=\"font-size: medium;\">proponendo un vasto repertorio di brani di generi diversi. Nel pomeriggio 20 maggio, sar\u00e0 protagonista<\/span><\/span> <span style=\"font-family: Cambria, serif;\"><span style=\"font-size: medium;\">l\u2019ensemble musicale Quintessenza Italiana, composto da <\/span><\/span><span style=\"font-family: Cambria, serif;\"><span style=\"font-size: medium;\"><b>Mauro Branda, Nicoletta Ricciarelli, Milena Regali,<\/b><\/span><\/span><b> <\/b><span style=\"font-family: Cambria, serif;\"><span style=\"font-size: medium;\"><b>Moreno<\/b><\/span><\/span><b> <\/b><span style=\"font-family: Cambria, serif;\"><span style=\"font-size: medium;\"><b>Ilicini<\/b><\/span><\/span><b> <\/b><span style=\"font-family: Cambria, serif;\"><span style=\"font-size: medium;\">e<\/span><\/span> <span style=\"font-family: Cambria, serif;\"><span style=\"font-size: medium;\"><b>Oriana Baldassari<\/b><\/span><\/span> <span style=\"font-family: Cambria, serif;\"><span style=\"font-size: medium;\">con<\/span><\/span> <span style=\"font-family: Cambria, serif;\"><span style=\"font-size: medium;\">una<\/span><\/span> <span style=\"font-family: Cambria, serif;\"><span style=\"font-size: medium;\">performance<\/span><\/span> <span style=\"font-family: Cambria, serif;\"><span style=\"font-size: medium;\">di<\/span><\/span> <span style=\"font-family: Cambria, serif;\"><span style=\"font-size: medium;\">canti polifonici.<\/span><\/span><\/p>\n<p class=\"western\" lang=\"it-IT\" align=\"justify\"><span style=\"font-family: Cambria, serif;\"><span style=\"font-size: medium;\">In sintesi, la \u00abSettimana della cultura dell&#8217;Uzbekistan e degli amici\u00bb rappresenta un&#8217;occasione unica per<\/span><\/span> <span style=\"font-family: Cambria, serif;\"><span style=\"font-size: medium;\">scoprire le bellezze e le sfumature che caratterizzano la cultura di questo Paese, evidenziandone la diversit\u00e0<\/span><\/span> <span style=\"font-family: Cambria, serif;\"><span style=\"font-size: medium;\">e la ricchezza, unita al patrimonio storico e artistico italiano. Si tratta di un&#8217;opportunit\u00e0 di incontro tra popoli,<\/span><\/span> <span style=\"font-family: Cambria, serif;\"><span style=\"font-size: medium;\">sottolineando<\/span><\/span> <span style=\"font-family: Cambria, serif;\"><span style=\"font-size: medium;\">l&#8217;importanza della<\/span><\/span> <span style=\"font-family: Cambria, serif;\"><span style=\"font-size: medium;\">cooperazione<\/span><\/span> <span style=\"font-family: Cambria, serif;\"><span style=\"font-size: medium;\">culturale<\/span><\/span> <span style=\"font-family: Cambria, serif;\"><span style=\"font-size: medium;\">per<\/span><\/span> <span style=\"font-family: Cambria, serif;\"><span style=\"font-size: medium;\">la<\/span><\/span> <span style=\"font-family: Cambria, serif;\"><span style=\"font-size: medium;\">costruzione di<\/span><\/span> <span style=\"font-family: Cambria, serif;\"><span style=\"font-size: medium;\">un<\/span><\/span> <span style=\"font-family: Cambria, serif;\"><span style=\"font-size: medium;\">futuro migliore. Nel corso dell&#8217;evento, ci sar\u00e0 una performance molto attesa da parte del cantante italiano <\/span><\/span><span style=\"font-family: Cambria, serif;\"><span style=\"font-size: medium;\"><b>Marcello Ma<\/b><\/span><\/span><span style=\"font-family: Cambria, serif;\"><span style=\"font-size: medium;\">.<\/span><\/span> <span style=\"font-family: Cambria, serif;\"><span style=\"font-size: medium;\">L&#8217;artista,<\/span><\/span> <span style=\"font-family: Cambria, serif;\"><span style=\"font-size: medium;\">molto<\/span><\/span> <span style=\"font-family: Cambria, serif;\"><span style=\"font-size: medium;\">amato<\/span><\/span> <span style=\"font-family: Cambria, serif;\"><span style=\"font-size: medium;\">dal<\/span><\/span> <span style=\"font-family: Cambria, serif;\"><span style=\"font-size: medium;\">popolo<\/span><\/span> <span style=\"font-family: Cambria, serif;\"><span style=\"font-size: medium;\">uzbeko,<\/span><\/span> <span style=\"font-family: Cambria, serif;\"><span style=\"font-size: medium;\">canter\u00e0<\/span><\/span> <span style=\"font-family: Cambria, serif;\"><span style=\"font-size: medium;\">la<\/span><\/span> <span style=\"font-family: Cambria, serif;\"><span style=\"font-size: medium;\">celebre<\/span><\/span> <span style=\"font-family: Cambria, serif;\"><span style=\"font-size: medium;\">canzone<\/span><\/span> <span style=\"font-family: Cambria, serif;\"><span style=\"font-size: medium;\">\u00abBARNO\u00bb<\/span><\/span> <span style=\"font-family: Cambria, serif;\"><span style=\"font-size: medium;\">nella<\/span><\/span> <span style=\"font-family: Cambria, serif;\"><span style=\"font-size: medium;\">lingua<\/span><\/span> <span style=\"font-family: Cambria, serif;\"><span style=\"font-size: medium;\">uzbeka,<\/span><\/span> <span style=\"font-family: Cambria, serif;\"><span style=\"font-size: medium;\">dimostrando<\/span><\/span> <span style=\"font-family: Cambria, serif;\"><span style=\"font-size: medium;\">l&#8217;importanza<\/span><\/span> <span style=\"font-family: Cambria, serif;\"><span style=\"font-size: medium;\">dell&#8217;interculturalit\u00e0 e<\/span><\/span> <span style=\"font-family: Cambria, serif;\"><span style=\"font-size: medium;\">dell&#8217;incontro<\/span><\/span> <span style=\"font-family: Cambria, serif;\"><span style=\"font-size: medium;\">tra<\/span><\/span> <span style=\"font-family: Cambria, serif;\"><span style=\"font-size: medium;\">le diverse<\/span><\/span> <span style=\"font-family: Cambria, serif;\"><span style=\"font-size: medium;\">culture.<\/span><\/span><\/p>\n<p class=\"western\" lang=\"it-IT\" align=\"justify\"><span style=\"font-family: Cambria, serif;\"><span style=\"font-size: medium;\">Inoltre, l&#8217;evento prevede anche l&#8217;esibizione del vincitore del concorso \u00abLa Voce dei Giovani &#8211; Bo&#8217;zatov Fest\u00bb,<\/span><\/span> <span style=\"font-family: Cambria, serif;\"><span style=\"font-size: medium;\">promosso dall&#8217;Agenzia per gli Affari della Giovent\u00f9 dello Stato. La \u00abMasterclass sessione analitica\u00bb dal titolo<\/span><\/span> <span style=\"font-family: Cambria, serif;\"><span style=\"font-size: medium;\">\u00abMarchio<\/span><\/span> <span style=\"font-family: Cambria, serif;\"><span style=\"font-size: medium;\">culturale<\/span><\/span> <span style=\"font-family: Cambria, serif;\"><span style=\"font-size: medium;\">del<\/span><\/span> <span style=\"font-family: Cambria, serif;\"><span style=\"font-size: medium;\">Paese\u00bb,<\/span><\/span> <span style=\"font-family: Cambria, serif;\"><span style=\"font-size: medium;\">condotta<\/span><\/span> <span style=\"font-family: Cambria, serif;\"><span style=\"font-size: medium;\">dal<\/span><\/span> <span style=\"font-family: Cambria, serif;\"><span style=\"font-size: medium;\">giornalista<\/span><\/span> <span style=\"font-family: Cambria, serif;\"><span style=\"font-size: medium;\">della<\/span><\/span> <span style=\"font-family: Cambria, serif;\"><span style=\"font-size: medium;\">BBC<\/span><\/span> <span style=\"font-family: Cambria, serif;\"><span style=\"font-size: medium;\">di<\/span><\/span> <span style=\"font-family: Cambria, serif;\"><span style=\"font-size: medium;\">Londra<\/span><\/span> <span style=\"font-family: Cambria, serif;\"><span style=\"font-size: medium;\"><b>Sergey<\/b><\/span><\/span><b> <\/b><span style=\"font-family: Cambria, serif;\"><span style=\"font-size: medium;\"><b>Stanovkin<\/b><\/span><\/span><span style=\"font-family: Cambria, serif;\"><span style=\"font-size: medium;\">,<\/span><\/span> <span style=\"font-family: Cambria, serif;\"><span style=\"font-size: medium;\">si<\/span><\/span> <span style=\"font-family: Cambria, serif;\"><span style=\"font-size: medium;\">svolger\u00e0<\/span><\/span> <span style=\"font-family: Cambria, serif;\"><span style=\"font-size: medium;\">nella <\/span><\/span> <span style=\"font-family: Cambria, serif;\"><span style=\"font-size: medium;\">sala<\/span><\/span> <span style=\"font-family: Cambria, serif;\"><span style=\"font-size: medium;\">del Consiglio<\/span><\/span> <span style=\"font-family: Cambria, serif;\"><span style=\"font-size: medium;\">Comunale<\/span><\/span> <span style=\"font-family: Cambria, serif;\"><span style=\"font-size: medium;\">il<\/span><\/span> <span style=\"font-family: Cambria, serif;\"><span style=\"font-size: medium;\">19<\/span><\/span> <span style=\"font-family: Cambria, serif;\"><span style=\"font-size: medium;\">maggio<\/span><\/span> <span style=\"font-family: Cambria, serif;\"><span style=\"font-size: medium;\">dalle<\/span><\/span> <span style=\"font-family: Cambria, serif;\"><span style=\"font-size: medium;\">ore<\/span><\/span> <span style=\"font-family: Cambria, serif;\"><span style=\"font-size: medium;\">14.00<\/span><\/span> <span style=\"font-family: Cambria, serif;\"><span style=\"font-size: medium;\">alle<\/span><\/span> <span style=\"font-family: Cambria, serif;\"><span style=\"font-size: medium;\">16.30.<\/span><\/span><\/p>\n<p class=\"western\" lang=\"it-IT\" align=\"justify\"><span style=\"font-family: Cambria, serif;\"><span style=\"font-size: medium;\">La Settimana della cultura dell&#8217;Uzbekistan e degli amici si conclude con l&#8217;invito a continuare la collaborazione<\/span><\/span> <span style=\"font-family: Cambria, serif;\"><span style=\"font-size: medium;\">e l&#8217;interazione culturale tra Italia e Uzbekistan. In autunno prossimo, <\/span><\/span><span style=\"font-family: Cambria, serif;\"><span style=\"font-size: medium;\"><b>Tashkent<\/b><\/span><\/span><span style=\"font-family: Cambria, serif;\"><span style=\"font-size: medium;\">, la capitale dell&#8217;Uzbekistan,<\/span><\/span> <span style=\"font-family: Cambria, serif;\"><span style=\"font-size: medium;\">accoglier\u00e0 una serie di iniziative culturali dedicate a <\/span><\/span><span style=\"font-family: Cambria, serif;\"><span style=\"font-size: medium;\"><b>Pesaro<\/b><\/span><\/span><span style=\"font-family: Cambria, serif;\"><span style=\"font-size: medium;\">, tra cui mostre, laboratori, tavole rotonde e<\/span><\/span> <span style=\"font-family: Cambria, serif;\"><span style=\"font-size: medium;\">concerti. Si tratta di un&#8217;occasione per consolidare ulteriormente i legami di amicizia e collaborazione tra i due<\/span><\/span> <span style=\"font-family: Cambria, serif;\"><span style=\"font-size: medium;\">paesi<\/span><\/span> <span style=\"font-family: Cambria, serif;\"><span style=\"font-size: medium;\">e<\/span><\/span> <span style=\"font-family: Cambria, serif;\"><span style=\"font-size: medium;\">dimostrare<\/span><\/span> <span style=\"font-family: Cambria, serif;\"><span style=\"font-size: medium;\">l&#8217;importanza<\/span><\/span> <span style=\"font-family: Cambria, serif;\"><span style=\"font-size: medium;\">della<\/span><\/span> <span style=\"font-family: Cambria, serif;\"><span style=\"font-size: medium;\">cultura<\/span><\/span> <span style=\"font-family: Cambria, serif;\"><span style=\"font-size: medium;\">come<\/span><\/span> <span style=\"font-family: Cambria, serif;\"><span style=\"font-size: medium;\">strumento<\/span><\/span> <span style=\"font-family: Cambria, serif;\"><span style=\"font-size: medium;\">di<\/span><\/span> <span style=\"font-family: Cambria, serif;\"><span style=\"font-size: medium;\">dialogo<\/span><\/span> <span style=\"font-family: Cambria, serif;\"><span style=\"font-size: medium;\">e<\/span><\/span> <span style=\"font-family: Cambria, serif;\"><span style=\"font-size: medium;\">scambio tra<\/span><\/span> <span style=\"font-family: Cambria, serif;\"><span style=\"font-size: medium;\">popoli.<\/span><\/span><\/p>\n<p class=\"western\" lang=\"it-IT\" align=\"justify\"><span style=\"font-family: Cambria, serif;\"><span style=\"font-size: medium;\">Artisti, critici d\u2019arte della mostra e ospiti: Vicesindaco di Pesaro <\/span><\/span><span style=\"font-family: Cambria, serif;\"><span style=\"font-size: medium;\"><b>Danielle Vimini<\/b><\/span><\/span><span style=\"font-family: Cambria, serif;\"><span style=\"font-size: medium;\">; <\/span><\/span><span style=\"font-family: Cambria, serif;\"><span style=\"font-size: medium;\"><b>Akmal Nur<\/b><\/span><\/span><span style=\"font-family: Cambria, serif;\"><span style=\"font-size: medium;\"> \u2013 Ospite D\u2019onore<\/span><\/span> <span style=\"font-family: Cambria, serif;\"><span style=\"font-size: medium;\">Presidente dell\u2019Academia Belle Arti dell\u2019Uzbekistan, <\/span><\/span><span style=\"font-family: Cambria, serif;\"><span style=\"font-size: medium;\"><b>Jolanda Brunetti<\/b><\/span><\/span><span style=\"font-family: Cambria, serif;\"><span style=\"font-size: medium;\"> \u2013 Ospite d\u2019onore ex ambasciatrice<\/span><\/span> <span style=\"font-family: Cambria, serif;\"><span style=\"font-size: medium;\">dell\u2019Italia in Uzbekistan, <\/span><\/span><span style=\"font-family: Cambria, serif;\"><span style=\"font-size: medium;\"><b>Luca Filipponi<\/b><\/span><\/span><span style=\"font-family: Cambria, serif;\"><span style=\"font-size: medium;\"> Presidente Menotti Art Festival, Critico d\u2019arte <\/span><\/span><span style=\"font-family: Cambria, serif;\"><span style=\"font-size: medium;\"><b>Enzo Dall\u2019Ara, Miguel<\/b><\/span><\/span><b> <\/b><span style=\"font-family: Cambria, serif;\"><span style=\"font-size: medium;\"><b>Angel Acosta Lara, Patrizia Dalla Valle, Lorenza Altamore, Marilena Tesei, Mariella Sapienza, Jiulia Benetti,<\/b><\/span><\/span><b> <\/b><span style=\"font-family: Cambria, serif;\"><span style=\"font-size: medium;\"><b>Ellana Delmar, Elena Nekrasova, Nunzio Lobasso, Luana Forcini, Veronica Severi, Druzinina Daria<\/b><\/span><\/span><span style=\"font-family: Cambria, serif;\"><span style=\"font-size: medium;\">, Scuola<\/span><\/span> <span style=\"font-family: Cambria, serif;\"><span style=\"font-size: medium;\">Repubblicana Artistica di Tashkent disegni di artisti di 13 anni , studenti dell\u2019Universit\u00e0 di Bukhara \u2013 Arte<\/span><\/span> <span style=\"font-family: Cambria, serif;\"><span style=\"font-size: medium;\">decorativa,<\/span><\/span> <span style=\"font-family: Cambria, serif;\"><span style=\"font-size: medium;\"><b>Frances<\/b><\/span><\/span><b> <\/b><span style=\"font-family: Cambria, serif;\"><span style=\"font-size: medium;\"><b>Sapphire<\/b><\/span><\/span><span style=\"font-family: Cambria, serif;\"><span style=\"font-size: medium;\">,<\/span><\/span> <span style=\"font-family: Cambria, serif;\"><span style=\"font-size: medium;\"><b>Annarita<\/b><\/span><\/span><b> <\/b><span style=\"font-family: Cambria, serif;\"><span style=\"font-size: medium;\"><b>Campo<\/b><\/span><\/span><span style=\"font-family: Cambria, serif;\"><span style=\"font-size: medium;\">.<\/span><\/span><\/p>\n<p class=\"western\" lang=\"it-IT\"><i>Foto 1 \u2013 Pesaro, Palazzo Gradari<\/i><\/p>\n<p class=\"western\" lang=\"it-IT\"><i>Foto 2 \u2013 Pesaro, Villa Caprile<\/i><\/p>\n<p class=\"western\" lang=\"it-IT\"><i>Foto 3 &#8211; Villa Caprile<\/i><\/p>\n<p class=\"western\" lang=\"it-IT\"><i>Foto 4 \u2013 poster<\/i><\/p>\n<p class=\"western\" lang=\"it-IT\"><i>Foto 5 &#8211; Un&#8217;immagine della precedente edizione<\/i><\/p>\n","protected":false},"excerpt":{"rendered":"<p>Settimana della cultura dell\u2019Uzbekistan e degli amici Pesaro, a Palazzo Gradari e Villa Caprile il 19 &#8211; 20 &#8211; 21 [&hellip;]<\/p>\n","protected":false},"author":1,"featured_media":0,"comment_status":"open","ping_status":"open","sticky":false,"template":"","format":"standard","meta":{"footnotes":""},"categories":[4,10],"tags":[],"class_list":["post-37242","post","type-post","status-publish","format-standard","hentry","category-cultura","category-italiano"],"_links":{"self":[{"href":"https:\/\/www.ecoitaliano.com.ar\/index.php?rest_route=\/wp\/v2\/posts\/37242","targetHints":{"allow":["GET"]}}],"collection":[{"href":"https:\/\/www.ecoitaliano.com.ar\/index.php?rest_route=\/wp\/v2\/posts"}],"about":[{"href":"https:\/\/www.ecoitaliano.com.ar\/index.php?rest_route=\/wp\/v2\/types\/post"}],"author":[{"embeddable":true,"href":"https:\/\/www.ecoitaliano.com.ar\/index.php?rest_route=\/wp\/v2\/users\/1"}],"replies":[{"embeddable":true,"href":"https:\/\/www.ecoitaliano.com.ar\/index.php?rest_route=%2Fwp%2Fv2%2Fcomments&post=37242"}],"version-history":[{"count":0,"href":"https:\/\/www.ecoitaliano.com.ar\/index.php?rest_route=\/wp\/v2\/posts\/37242\/revisions"}],"wp:attachment":[{"href":"https:\/\/www.ecoitaliano.com.ar\/index.php?rest_route=%2Fwp%2Fv2%2Fmedia&parent=37242"}],"wp:term":[{"taxonomy":"category","embeddable":true,"href":"https:\/\/www.ecoitaliano.com.ar\/index.php?rest_route=%2Fwp%2Fv2%2Fcategories&post=37242"},{"taxonomy":"post_tag","embeddable":true,"href":"https:\/\/www.ecoitaliano.com.ar\/index.php?rest_route=%2Fwp%2Fv2%2Ftags&post=37242"}],"curies":[{"name":"wp","href":"https:\/\/api.w.org\/{rel}","templated":true}]}}