{"id":37722,"date":"2023-05-26T12:02:04","date_gmt":"2023-05-26T12:02:04","guid":{"rendered":"http:\/\/www.ecoitaliano.com.ar\/?p=37722"},"modified":"2023-05-26T12:02:04","modified_gmt":"2023-05-26T12:02:04","slug":"comunicato-stampa-una-mostra-al-campidoglio-sul-diritto-alla-sanita-essenziale-nel-continente-africano","status":"publish","type":"post","link":"https:\/\/www.ecoitaliano.com.ar\/?p=37722","title":{"rendered":"Comunicato Stampa: Una mostra al Campidoglio sul diritto alla sanit\u00e0 essenziale nel continente africano"},"content":{"rendered":"<div id='gallery-1' class='gallery galleryid-37722 gallery-columns-4 gallery-size-thumbnail'><figure class='gallery-item'>\n\t\t\t<div class='gallery-icon portrait'>\n\t\t\t\t<a href='https:\/\/www.ecoitaliano.com.ar\/?attachment_id=37723'><img decoding=\"async\" width=\"150\" height=\"150\" src=\"https:\/\/www.ecoitaliano.com.ar\/wp-content\/uploads\/2023\/05\/unnamed-2-150x150.jpg\" class=\"attachment-thumbnail size-thumbnail\" alt=\"\" \/><\/a>\n\t\t\t<\/div><\/figure><figure class='gallery-item'>\n\t\t\t<div class='gallery-icon portrait'>\n\t\t\t\t<a href='https:\/\/www.ecoitaliano.com.ar\/?attachment_id=37725'><img decoding=\"async\" width=\"150\" height=\"150\" src=\"https:\/\/www.ecoitaliano.com.ar\/wp-content\/uploads\/2023\/05\/unnamed-3-150x150.jpg\" class=\"attachment-thumbnail size-thumbnail\" alt=\"\" \/><\/a>\n\t\t\t<\/div><\/figure><figure class='gallery-item'>\n\t\t\t<div class='gallery-icon portrait'>\n\t\t\t\t<a href='https:\/\/www.ecoitaliano.com.ar\/?attachment_id=37726'><img decoding=\"async\" width=\"150\" height=\"150\" src=\"https:\/\/www.ecoitaliano.com.ar\/wp-content\/uploads\/2023\/05\/IMG_0033-1-150x150.jpeg\" class=\"attachment-thumbnail size-thumbnail\" alt=\"\" \/><\/a>\n\t\t\t<\/div><\/figure><figure class='gallery-item'>\n\t\t\t<div class='gallery-icon portrait'>\n\t\t\t\t<a href='https:\/\/www.ecoitaliano.com.ar\/?attachment_id=37727'><img decoding=\"async\" width=\"150\" height=\"150\" src=\"https:\/\/www.ecoitaliano.com.ar\/wp-content\/uploads\/2023\/05\/unnamed-4-150x150.jpg\" class=\"attachment-thumbnail size-thumbnail\" alt=\"\" \/><\/a>\n\t\t\t<\/div><\/figure><figure class='gallery-item'>\n\t\t\t<div class='gallery-icon landscape'>\n\t\t\t\t<a href='https:\/\/www.ecoitaliano.com.ar\/?attachment_id=37728'><img decoding=\"async\" width=\"150\" height=\"150\" src=\"https:\/\/www.ecoitaliano.com.ar\/wp-content\/uploads\/2023\/05\/unnamed-5-150x150.jpg\" class=\"attachment-thumbnail size-thumbnail\" alt=\"\" \/><\/a>\n\t\t\t<\/div><\/figure><figure class='gallery-item'>\n\t\t\t<div class='gallery-icon landscape'>\n\t\t\t\t<a href='https:\/\/www.ecoitaliano.com.ar\/?attachment_id=37729'><img decoding=\"async\" width=\"150\" height=\"150\" src=\"https:\/\/www.ecoitaliano.com.ar\/wp-content\/uploads\/2023\/05\/unnamed-6-150x150.jpg\" class=\"attachment-thumbnail size-thumbnail\" alt=\"\" \/><\/a>\n\t\t\t<\/div><\/figure><figure class='gallery-item'>\n\t\t\t<div class='gallery-icon landscape'>\n\t\t\t\t<a href='https:\/\/www.ecoitaliano.com.ar\/?attachment_id=37730'><img decoding=\"async\" width=\"150\" height=\"150\" src=\"https:\/\/www.ecoitaliano.com.ar\/wp-content\/uploads\/2023\/05\/unnamed-7-150x150.jpg\" class=\"attachment-thumbnail size-thumbnail\" alt=\"\" \/><\/a>\n\t\t\t<\/div><\/figure><figure class='gallery-item'>\n\t\t\t<div class='gallery-icon landscape'>\n\t\t\t\t<a href='https:\/\/www.ecoitaliano.com.ar\/?attachment_id=37731'><img decoding=\"async\" width=\"150\" height=\"150\" src=\"https:\/\/www.ecoitaliano.com.ar\/wp-content\/uploads\/2023\/05\/unnamed-8-150x150.jpg\" class=\"attachment-thumbnail size-thumbnail\" alt=\"\" \/><\/a>\n\t\t\t<\/div><\/figure>\n\t\t<\/div>\n\n<p>&nbsp;<\/p>\n<p>&nbsp;<\/p>\n<p>Comunicato Stampa:<\/p>\n<p>Una mostra al Campidoglio sul diritto alla sanit\u00e0 essenziale nel continente africano<\/p>\n<p>Roma, 25 maggio 2023 &#8211; Si \u00e8 appena concluso il prestigioso evento presso la Sala della Protomoteca al Campidoglio, durante il quale \u00e8 stata presentata la mostra \u201cHearts in Africa\u201d, promossa dal Laboratorio Sant\u2019Anselmo.<\/p>\n<p>L&#8217;evento, dal titolo \u00abOmnia Vincit Amor\u00bb, \u00e8 stato organizzato dall&#8217;Associazione Internazionale di Volontariato Missionario \u201cE ti porto in Africa\u201d ed ha visto la partecipazione di numerose personalit\u00e0 del mondo diplomatico, politico, sociale e culturale. Dopo gli indirizzi di saluto del Presidente Fondatore Associazione Internazionale \u00abE ti porto in Africa\u00bb Vincenzo Mallamaci, ha introdotto i lavori l\u2019On. Carmine Barbati, Vicepresidente Vicario del Consiglio Capitolino.<\/p>\n<p>Si sono poi susseguiti, moderati dalla giornalista RAI Mariella Anziano, gli interventi della Dott.ssa Barbara Funari (Assessore Politiche Sociali e Salute Roma Capitale), dei rappresentanti della Ambasciate della Costa D&#8217;Avorio, del Marocco e della Repubblica Democratica del Congo, il Rev. Dott. Nader Akkad (Imam Grande Moschea Roma), Prof. Dott.Giovanni Polizzi (Ex-Ambasciatore d&#8217;Italia ad Abidjan), Prof. Nicol\u00f2 Mannino (Presidente Parlamento della Legalit\u00e0&#8217; Internazionale, Padre Giulio Cerchietti (Officiale Congregazione Vescovi Santa Sede), Mons. Paolo Cartolari (Cappellano Sovrano Militare Ordine di Malta) e il Dott. Lorenzo Pace (Responsabile Rapporti con le Ambasciate Onlus E ti porto in Africa\u00bb).<\/p>\n<p>Durante l&#8217;evento, \u00e8 stata esposta la mostra \u00abHearts in Africa\u00bb, che offre una panoramica sulla situazione della sanit\u00e0 essenziale in Africa, evidenziando le sfide e le difficolt\u00e0 che molte comunit\u00e0 africane devono affrontare nell&#8217;accesso ai servizi sanitari di base. La mostra presenta dati, storie e testimonianze che mostrano l&#8217;importanza di intervenire per migliorare la situazione. L&#8217;obiettivo \u00e8 sensibilizzare il pubblico sull&#8217;importanza del diritto alla sanit\u00e0 essenziale nel continente africano, denunciando le molte persone che vivono in condizioni di povert\u00e0 estrema e non hanno accesso ai servizi sanitari di base ed i problemi di finanziamento, di carenza di personale sanitario e di infrastrutture inadeguate aggravano ulteriormente la situazione.<\/p>\n<p>Importanti i patrocini culturali della exhibition, tra cui gli Stati Uniti del Mondo, tramite il Segretario Generale Michele Capasso, che sottolinea un passaggio del punto 6 della Costituzione SUM: \u201c\u2026rimuovere gli ostacoli di ordine economico e sociale che, limitando di fatto libert\u00e0 ed eguaglianza, impediscono il pieno sviluppo della persona, delle famiglie e delle altre formazioni sociali, nonch\u00e9 l\u2019effettiva partecipazione di tutti gli abitanti all\u2019organizzazione politica, economica e sociale dei singoli Paesi e della governance mondiale.\u201d<\/p>\n<p>Inoltre l\u2019Associazione Italiana Carlo Urbani: di spicco la dichiarazione del medico e microbiologo italiano e Presidente di Medici Senza Frontiere che per primo codific\u00f2 la Sars: \u00abIl 90% del denaro investito in ricerca sui farmaci \u00e8 per malattie che riguardano il 10% della popolazione del pianeta. Solo lo 0,3% della ricerca \u00e8 indirizzata verso le cinque principali cause di morte del mondo.\u00bb (Carlo Urbani, 1956-2003)<\/p>\n<p>E ancora, la L. Ron Hubbard Friends Foundation, con la citazione dell\u2019omonimo ispiratore: \u201cSe chi esercita influenza e autorit\u00e0 \u00e8 disposto ad ascoltare, si pu\u00f2 fare qualcosa prima che sia troppo tardi. Nel paese si levano infatti delle voci, voci di saggezza, voci che indicano una via che non conduce alla lunga, lunga fossa comune dove giacciono sepolti tutti i vecchi regimi, solitamente privi della dignit\u00e0 di una pietra tombale che non sia una macchia sui libri di storia della generazione successiva.\u201d (L. Ron Hubbard, 1911-1986)<\/p>\n<p>Inoltre, l\u2019Accademia Internazionale Senghor con il passaggio sulla negritudine del presidente Cheikh Tidiane Gaye: \u201cUn africano sub sahariano non pu\u00f2 non parlare di razzismo, di schiavit\u00f9 e di discriminazione razziale. Nero sono, nero rimango e nero rimarr\u00f2.\u201d<\/p>\n<p>Infine, la dichiarazione del dott. Mallamaci, Presidente Fondatore dell\u2019Associazione Internazionale E ti porto in Africa: \u201cNell&#8217;Africa Centrale le cure sanitarie sono a pagamento: si paga il medico, si pagano le medicine, il ricovero ospedaliero, l&#8217;intervento chirurgico, le prestazioni diagnostiche, insomma si deve pagare tutto . Ed i farmaci sono venduti a prezzi alti e sottodosati. Considerando che solo il 20% della popolazione ha possibilit\u00e0 economiche, si comprende come ll&#8217;80% muoia senza poter fare niente.\u201d<\/p>\n<p>L&#8217;Associazione di Volontariato Missionario \u201cE ti porto in Africa\u201d \u00e8 impegnata in progetti volti a migliorare la situazione della sanit\u00e0 in Africa, sostenendo la costruzione di ospedali, l&#8217;accesso a farmaci e cure mediche, la formazione di personale medico e infermieristico e altre attivit\u00e0 volte a migliorare la salute e il benessere delle comunit\u00e0 africane. Durante l&#8217;evento, il Presidente dell&#8217;Associazione ha ringraziato i rappresentanti delle associazioni che costituiscono il Laboratorio Sant\u2019Anselmo, Angelo Zanini, Irene Ambrosini e Vincenzo De Lucia per aver promosso la mostra \u00abHearts in Africa\u00bb e ha sottolineato l&#8217;importanza dell&#8217;impegno comune per migliorare la situazione della sanit\u00e0, almeno quella essenziale, in Africa.<\/p>\n<p>&nbsp;<\/p>\n<div class=\"adn ads\" data-message-id=\"#msg-f:1766953804065559648\" data-legacy-message-id=\"18857b1f81da5460\">\n<div class=\"gs\">\n<div class=\"\">\n<div id=\":5d\" class=\"ii gt\">\n<div id=\":5c\" class=\"a3s aiL \">\n<div dir=\"auto\">\n<div dir=\"ltr\">\n<p>&nbsp;<\/p>\n<\/div>\n<\/div>\n<\/div>\n<div class=\"yj6qo\"><\/div>\n<div class=\"yj6qo\"><\/div>\n<div class=\"yj6qo\"><\/div>\n<div class=\"yj6qo\"><\/div>\n<\/div>\n<div class=\"hi\"><\/div>\n<\/div>\n<\/div>\n<div class=\"ajx\"><\/div>\n<\/div>\n<div class=\"gA gt acV\">\n<div class=\"gB xu\">\n<div class=\"ip iq\">\n<div id=\":5e\">\n<table class=\"cf wS\" role=\"presentation\">\n<tbody>\n<tr>\n<td class=\"amq\"><\/td>\n<td class=\"amr\">\n<div class=\"nr wR\">\n<div class=\"amn\"><\/div>\n<\/div>\n<\/td>\n<\/tr>\n<\/tbody>\n<\/table>\n<\/div>\n<\/div>\n<\/div>\n<\/div>\n<div class=\"nH aHU\">\n<div class=\"nH hx\">\n<div class=\"nH\" role=\"list\">\n<div class=\"h7 ie nH oy8Mbf\" tabindex=\"-1\" role=\"listitem\" aria-expanded=\"true\">\n<div class=\"Bk\">\n<div class=\"G3 G2\">\n<div>\n<div id=\":5a\">\n<div class=\"gA gt acV\">\n<div class=\"gB xu\">\n<div class=\"ip iq\">\n<div id=\":5e\">\n<table class=\"cf wS\" role=\"presentation\">\n<tbody>\n<tr>\n<td class=\"amr\"><\/td>\n<\/tr>\n<\/tbody>\n<\/table>\n<\/div>\n<\/div>\n<\/div>\n<\/div>\n<\/div>\n<\/div>\n<\/div>\n<\/div>\n<\/div>\n<\/div>\n<div class=\"nH\"><\/div>\n<div class=\"nH\"><\/div>\n<\/div>\n<\/div>\n<div class=\"nH\">\n<div class=\"l2\"><\/div>\n<\/div>\n","protected":false},"excerpt":{"rendered":"<p>&nbsp; &nbsp; Comunicato Stampa: Una mostra al Campidoglio sul diritto alla sanit\u00e0 essenziale nel continente africano Roma, 25 maggio 2023 [&hellip;]<\/p>\n","protected":false},"author":1,"featured_media":0,"comment_status":"open","ping_status":"open","sticky":false,"template":"","format":"standard","meta":{"footnotes":""},"categories":[10],"tags":[],"class_list":["post-37722","post","type-post","status-publish","format-standard","hentry","category-italiano"],"_links":{"self":[{"href":"https:\/\/www.ecoitaliano.com.ar\/index.php?rest_route=\/wp\/v2\/posts\/37722","targetHints":{"allow":["GET"]}}],"collection":[{"href":"https:\/\/www.ecoitaliano.com.ar\/index.php?rest_route=\/wp\/v2\/posts"}],"about":[{"href":"https:\/\/www.ecoitaliano.com.ar\/index.php?rest_route=\/wp\/v2\/types\/post"}],"author":[{"embeddable":true,"href":"https:\/\/www.ecoitaliano.com.ar\/index.php?rest_route=\/wp\/v2\/users\/1"}],"replies":[{"embeddable":true,"href":"https:\/\/www.ecoitaliano.com.ar\/index.php?rest_route=%2Fwp%2Fv2%2Fcomments&post=37722"}],"version-history":[{"count":0,"href":"https:\/\/www.ecoitaliano.com.ar\/index.php?rest_route=\/wp\/v2\/posts\/37722\/revisions"}],"wp:attachment":[{"href":"https:\/\/www.ecoitaliano.com.ar\/index.php?rest_route=%2Fwp%2Fv2%2Fmedia&parent=37722"}],"wp:term":[{"taxonomy":"category","embeddable":true,"href":"https:\/\/www.ecoitaliano.com.ar\/index.php?rest_route=%2Fwp%2Fv2%2Fcategories&post=37722"},{"taxonomy":"post_tag","embeddable":true,"href":"https:\/\/www.ecoitaliano.com.ar\/index.php?rest_route=%2Fwp%2Fv2%2Ftags&post=37722"}],"curies":[{"name":"wp","href":"https:\/\/api.w.org\/{rel}","templated":true}]}}