{"id":38708,"date":"2023-06-11T20:01:10","date_gmt":"2023-06-11T20:01:10","guid":{"rendered":"http:\/\/www.ecoitaliano.com.ar\/?p=38708"},"modified":"2023-06-11T20:01:10","modified_gmt":"2023-06-11T20:01:10","slug":"si-alla-cultura-e-ai-media-no-alle-campagne-di-lavaggio-del-cervello-un-messaggio-aperto-alleuropa-e-al-mondo-intero","status":"publish","type":"post","link":"https:\/\/www.ecoitaliano.com.ar\/?p=38708","title":{"rendered":"S\u00cc ALLA CULTURA E AI MEDIA&#8230; NO ALLE CAMPAGNE DI LAVAGGIO DEL CERVELLO! Un messaggio aperto all&#8217;Europa e al mondo intero"},"content":{"rendered":"<div id='gallery-1' class='gallery galleryid-38708 gallery-columns-3 gallery-size-thumbnail'><figure class='gallery-item'>\n\t\t\t<div class='gallery-icon portrait'>\n\t\t\t\t<a href='https:\/\/www.ecoitaliano.com.ar\/?attachment_id=38709'><img decoding=\"async\" width=\"150\" height=\"150\" src=\"https:\/\/www.ecoitaliano.com.ar\/wp-content\/uploads\/2023\/06\/RRM3-150x150.jpg\" class=\"attachment-thumbnail size-thumbnail\" alt=\"\" \/><\/a>\n\t\t\t<\/div><\/figure><figure class='gallery-item'>\n\t\t\t<div class='gallery-icon landscape'>\n\t\t\t\t<a href='https:\/\/www.ecoitaliano.com.ar\/?attachment_id=38710'><img decoding=\"async\" width=\"150\" height=\"150\" src=\"https:\/\/www.ecoitaliano.com.ar\/wp-content\/uploads\/2023\/06\/George-Onsy-150x150.jpg\" class=\"attachment-thumbnail size-thumbnail\" alt=\"\" srcset=\"https:\/\/www.ecoitaliano.com.ar\/wp-content\/uploads\/2023\/06\/George-Onsy-150x150.jpg 150w, https:\/\/www.ecoitaliano.com.ar\/wp-content\/uploads\/2023\/06\/George-Onsy-300x300.jpg 300w, https:\/\/www.ecoitaliano.com.ar\/wp-content\/uploads\/2023\/06\/George-Onsy.jpg 750w\" sizes=\"(max-width: 150px) 100vw, 150px\" \/><\/a>\n\t\t\t<\/div><\/figure>\n\t\t<\/div>\n\n<p>&nbsp;<\/p>\n<p align=\"justify\"><span style=\"color: #000000;\"><span style=\"font-family: Times New Roman, serif;\"><span style=\"font-size: xx-large;\"><b>S\u00cc<\/b><\/span><\/span><\/span><span style=\"color: #000000;\"><span style=\"font-family: Times New Roman, serif;\"><span style=\"font-size: large;\"><b> ALLA CULTURA E AI MEDIA&#8230; <\/b><\/span><\/span><\/span><\/p>\n<p align=\"justify\"><span style=\"color: #000000;\"><span style=\"font-family: Times New Roman, serif;\"><span style=\"font-size: xx-large;\"><b>NO<\/b><\/span><\/span><\/span><b> <\/b><span style=\"color: #000000;\"><span style=\"font-family: Times New Roman, serif;\"><span style=\"font-size: large;\"><b>ALLE CAMPAGNE DI LAVAGGIO DEL CERVELLO! <\/b><\/span><\/span><\/span><\/p>\n<p align=\"justify\"><a name=\"_GoBack\"><\/a> <span style=\"font-family: Times New Roman, serif;\"><span style=\"font-size: x-large;\"><i>Un messaggio aperto all&#8217;Europa e al mondo intero<\/i><\/span><\/span><\/p>\n<p align=\"justify\">\n<p align=\"center\"><img decoding=\"async\" src=\"file:\/\/\/tmp\/lu125300obj7r.tmp\/lu125300obj9o_tmp_e3b9cda8ec6dfb0a.png\" width=\"485\" height=\"599\" name=\"Immagine 1\" align=\"bottom\" border=\"0\" \/><\/p>\n<p align=\"justify\">\n<p align=\"justify\"><span style=\"font-family: Times New Roman, serif;\"><span style=\"font-size: medium;\">Il prof. <\/span><\/span><span style=\"font-family: Times New Roman, serif;\"><span style=\"font-size: medium;\"><b>George Onsy<\/b><\/span><\/span><span style=\"font-family: Times New Roman, serif;\"><span style=\"font-size: medium;\"> (Egitto) \u00e8 il fondatore e presidente di <\/span><\/span><span style=\"font-family: Times New Roman, serif;\"><span style=\"font-size: medium;\"><b>RRM3 \u2013 RINASCIMENTO RENAISSANCE \u2013 MILLENNIUM III<\/b><\/span><\/span><span style=\"font-family: Times New Roman, serif;\"><span style=\"font-size: medium;\">, un\u2019Associazione Internazionale il cui motto \u00e8: \u00ab<\/span><\/span><span style=\"font-family: Times New Roman, serif;\"><span style=\"font-size: medium;\"><i>Together for Europe&#8217;s Future &#8212; Together with Europe for the World<\/i><\/span><\/span><span style=\"font-family: Times New Roman, serif;\"><span style=\"font-size: medium;\">; <\/span><\/span><span style=\"font-family: Times New Roman, serif;\"><span style=\"font-size: medium;\"><i>Insieme per il futuro dell\u2019Europa \u2013 Insieme con l\u2019Europa per il mondo<\/i><\/span><\/span><span style=\"font-family: Times New Roman, serif;\"><span style=\"font-size: medium;\">\u00ab. RRM3 \u00e8 un\u2019Associazione che rappresenta un\u2019Organizzazione di Pace che si preoccupa del futuro dell\u2019Europa e del mondo intero attraverso la cultura, la ricerca e il dialogo interreligioso per motivare i propri membri e l\u2019umanit\u00e0 tutta a perseguire le vie della fratellanza e dell\u2019armonia tra i popoli.<\/span><\/span><\/p>\n<p align=\"justify\"><span style=\"font-family: Times New Roman, serif;\"><span style=\"font-size: medium;\">In questo messaggio aperto all\u2019Europa e al mondo intero, il prof. <\/span><\/span><span style=\"font-family: Times New Roman, serif;\"><span style=\"font-size: medium;\"><b>George Onsy<\/b><\/span><\/span><span style=\"font-family: Times New Roman, serif;\"><span style=\"font-size: medium;\"> (Cairo, Egitto), intende richiamare l\u2019attenzione dei media su specifiche tematiche che oggi stanno prendendo piede, con particolare riguardo alla loro subordinazione al potere politico.<\/span><\/span><\/p>\n<p align=\"justify\"><span style=\"color: #000000;\"><span style=\"font-family: Times New Roman, serif;\"><span style=\"font-size: medium;\">In risposta ai numerosi progetti per la cultura e i media di RRM3, il <\/span><\/span><\/span><span style=\"color: #000000;\"><span style=\"font-family: Times New Roman, serif;\"><span style=\"font-size: medium;\"><b>prof. Onsy<\/b><\/span><\/span><\/span><span style=\"color: #000000;\"><span style=\"font-family: Times New Roman, serif;\"><span style=\"font-size: medium;\"> punta l\u2019indice contro le<\/span><\/span><\/span><span style=\"font-family: Times New Roman, serif;\"><span style=\"font-size: medium;\"> sovrastrutture culturali e mediatiche che stanno compromettendo la libera circolazione delle idee, non solo in Europa, ma nel mondo intero. Ecco perch\u00e9 <\/span><\/span><span style=\"font-family: Calibri, serif;\"><span style=\"font-size: medium;\">\u0336<\/span><\/span><span style=\"font-family: Times New Roman, serif;\"><span style=\"font-size: medium;\"> considerata la missione che si prefigge <\/span><\/span><span style=\"font-family: Times New Roman, serif;\"><span style=\"font-size: medium;\"><b>RRM3, RINASCIMENTO RENAISSANCE &#8211; MILLENNIUM III<\/b><\/span><\/span><span style=\"font-family: Calibri, serif;\"><span style=\"font-size: medium;\">, <\/span><\/span><span style=\"font-family: Times New Roman, serif;\"><span style=\"font-size: medium;\">in qualit\u00e0 di Associazione Internazionale per la cultura e la pace che meticolosamente si preoccupa e lavora per il futuro dell&#8217;Europa e del mondo attraverso un auspicato Rinascimento del Millennio <\/span><\/span><span style=\"font-family: Calibri, serif;\"><span style=\"font-size: medium;\">\u0336<\/span><\/span><span style=\"font-family: Times New Roman, serif;\"><span style=\"font-size: medium;\"> il suo appello all\u2019Europa \u00e8 inteso a ripulire la cultura ed i media europei dalle campagne di lavaggio del cervello che continuano e di cui ogni osservatore illuminato pu\u00f2 percepire i fili nascosti dietro di esse. <\/span><\/span><\/p>\n<p align=\"justify\"><span style=\"font-family: Times New Roman, serif;\"><span style=\"font-size: medium;\">In particolare, egli ritiene vergognoso che alcuni dei principali canali televisivi europei, di tutto rispetto per produzione cinematografica di alta qualit\u00e0, in particolare il canale televisivo franco-tedesco \u00ab<\/span><\/span><span style=\"color: #000000;\"><span style=\"font-family: Times New Roman, serif;\"><span style=\"font-size: medium;\">A<\/span><\/span><\/span><span style=\"font-family: Times New Roman, serif;\"><span style=\"font-size: medium;\">rte\u00bb, cos\u00ec come molti altri, continui a seguire un&#8217;agenda nascosta su una sequenza preventivamente programmata di trasmissioni di film e documentari appositamente selezionati. Infatti, inoltrando messaggi che vanno contro l&#8217;identit\u00e0 europea ed un futuro garantito per tutti i cittadini europei di domani (residenti, immigrati o rifugiati<\/span><\/span><span style=\"color: #000000;\"><span style=\"font-family: Times New Roman, serif;\"><span style=\"font-size: medium;\">, avendo tutti il diritto di vivere insieme in una societ\u00e0 stabile e sicura), il suddetto canale invia messaggi di dubbia interpretazione agli spettatori.<\/span><\/span><\/span><\/p>\n<p align=\"justify\">\u201c<span style=\"font-family: Times New Roman, serif;\"><span style=\"font-size: medium;\">JE SUIS KARL\u201d (2021), il film tedesco sottotitolato \u201c<\/span><\/span><span style=\"font-family: Times New Roman, serif;\"><span style=\"font-size: medium;\"><i>Ti Dichiariamo Guerra<\/i><\/span><\/span><span style=\"font-family: Times New Roman, serif;\"><span style=\"font-size: medium;\">\u201d \u00e8 uno degli esempi scandalosi di questa campagna che tratta il pubblico europeo, a partire da quello tedesco, come ragazzini ingenui che possono credere a qualsiasi cosa, quindi, possono essere facilmente plagiati e sottoposti al lavaggio del cervello su alcune delle questioni pi\u00f9 vitali che l&#8217;Europa deve affrontare oggi. <\/span><\/span><span style=\"color: #000000;\"><span style=\"font-family: Times New Roman, serif;\"><span style=\"font-size: medium;\">Questo film, che il \u201c71\u00b0 <\/span><\/span><\/span><span style=\"color: #000000;\"><span style=\"font-family: Times New Roman, serif;\"><span style=\"font-size: medium;\"><i>Festival Internazionale del Cinema di Berlino<\/i><\/span><\/span><\/span><span style=\"color: #000000;\"><span style=\"font-family: Times New Roman, serif;\"><span style=\"font-size: medium;\">\u201d ha premiato, proponendolo al panorama internazionale, reca un messaggio distorto a tutti gli europei e al mondo intero:<\/span><\/span><\/span><\/p>\n<p align=\"justify\">\u201c<span style=\"font-family: Times New Roman, serif;\"><span style=\"font-size: medium;\"><i>Coloro che hanno a cuore l&#8217;identit\u00e0 dell&#8217;Europa sono giovani vendicativi<\/i><\/span><\/span><span style=\"color: #ff0000;\"><span style=\"font-family: Times New Roman, serif;\"><span style=\"font-size: medium;\"><i>,<\/i><\/span><\/span><\/span><span style=\"font-family: Times New Roman, serif;\"><span style=\"font-size: medium;\"><i> aggressivi, fanatici, tossicodipendenti, deviati sessualmente, che arrivano anche ad uccidersi, come ha fatto in realt\u00e0 il loro capo, per accusare gli immigrati ed i profughi del suo assassinio e sbarazzarsi di loro con una devastante guerra civile.\u201d<\/i><\/span><\/span><\/p>\n<p align=\"justify\"><span style=\"font-family: Times New Roman, serif;\"><span style=\"font-size: medium;\">Se un film del genere \u00e8 stato premiato al Festival di Berlino, proprio nel cuore dell&#8217;Europa che un tempo invocava l&#8217;Illuminismo, allora quale nuovo <\/span><\/span><span style=\"color: #000000;\"><span style=\"font-family: Times New Roman, serif;\"><span style=\"font-size: medium;\">oscurantismo ci si parer\u00e0 davanti, ancor pi\u00f9 cupo di quello sul quale l&#8217;Europa, all&#8217;epoca, aveva messo in guardia il mondo intero? Sta di fatto che affrontare caritatevolmente le ondate di profughi e comunit\u00e0 extraeuropee che vivono da decenni in Europa non \u00e8 un problema da risolvere producendo e trasmettendo commedie a buon mercato. L&#8217;appello a difendere le radici pi\u00f9 autentiche dell\u2019identit\u00e0 europea dovrebbe essere sostenuto dalle giuste campagne <\/span><\/span><\/span><span style=\"color: #000000;\"><span style=\"font-family: Times New Roman, serif;\"><span style=\"font-size: medium;\">Culturali e Mediatiche<\/span><\/span><\/span><span style=\"color: #000000;\"><span style=\"font-family: Times New Roman, serif;\"><span style=\"font-size: medium;\">, soprattutto equilibrate, in maniera da accogliere decentemente i rifugiati e dare rispetto e dignit\u00e0 doverosi a tutti i cittadini multirazziali in Europa. In questo modo, tutte la comunit\u00e0 extraeuropee saranno integrate completamente in modo armonioso e costruttivo in un&#8217;Europa futura, ancora migliore, semplicemente perch\u00e9 il rispetto e la cura della propria identit\u00e0 e dei propri valori invitano gli altri ad essere altrettanto ossequiosi verso il paese ospitante.<\/span><\/span><\/span><\/p>\n<p align=\"justify\"><span style=\"color: #000000;\"><span style=\"font-family: Times New Roman, serif;\"><span style=\"font-size: medium;\">In conclusione, il <\/span><\/span><\/span><span style=\"color: #000000;\"><span style=\"font-family: Times New Roman, serif;\"><span style=\"font-size: medium;\"><b>prof. George Onsy<\/b><\/span><\/span><\/span><span style=\"color: #000000;\"><span style=\"font-family: Times New Roman, serif;\"><span style=\"font-size: medium;\"> si rivolge alla Commissione Europea lamentando che il comportamento di quest\u2019ultima non corrisponde ai suoi ambiziosi progetti di cultura e media, da lui creati <\/span><\/span><\/span><span style=\"color: #000000;\"><span style=\"font-family: Times New Roman, serif;\"><span style=\"font-size: medium;\"><i>ad hoc<\/i><\/span><\/span><\/span><span style=\"color: #000000;\"><span style=\"font-family: Times New Roman, serif;\"><span style=\"font-size: medium;\"> per l\u2019Europea odierna. Pertanto, lancia un grido d\u2019allarme affinch\u00e9 questo suo messaggio urgente venga accolto in tempo debito come invito a ripulire il terreno prima di costruire qualunque altra sovrastruttura. Possa diventare un messaggio foriero di gloria in un futuro di ragionevolezza e democratica coesistenza tra i popoli e la guerra ucraina possa diventare anch\u2019essa solo un brutto ricordo e non una piaga dilagante nel cuore dell\u2019Europa.<\/span><\/span><\/span><\/p>\n<p align=\"justify\"><span style=\"color: #000000;\"><span style=\"font-family: Times New Roman, serif;\"><span style=\"font-size: small;\">Dr. Arch. George Onsy &#8211; Fondatore-Presidente <\/span><\/span><\/span><span style=\"color: #000000;\"><span style=\"font-family: Times New Roman, serif;\"><span style=\"font-size: small;\">RRM3, RINASCIMENTO <\/span><\/span><\/span><span style=\"color: #000000;\"><span style=\"font-family: Calibri, serif;\"><span style=\"font-size: small;\">\u0336<\/span><\/span><\/span><span style=\"color: #000000;\"><span style=\"font-family: Times New Roman, serif;\"><span style=\"font-size: small;\"> RENAISSANCE MILLENNIO III<\/span><\/span><\/span><\/p>\n<p align=\"justify\"><span style=\"color: #000000;\"><span style=\"font-family: Times New Roman, serif;\"><span style=\"font-size: small;\"><i>\u00abInsieme per il futuro dell&#8217;Europa \u2013 Insieme con l\u2019Europa per il mondo\u00bb<\/i><\/span><\/span><\/span><\/p>\n<p align=\"justify\"><span style=\"color: #000000;\"><span style=\"font-family: Times New Roman, serif;\"><span style=\"font-size: medium;\">Traduzione e sintesi a cura dell\u2019Arch.<\/span><\/span><\/span><span style=\"color: #000000;\"><span style=\"font-family: Times New Roman, serif;\"><span style=\"font-size: medium;\"><b> Franca Colozzo <\/b><\/span><\/span><\/span><\/p>\n<p align=\"justify\"><img decoding=\"async\" src=\"file:\/\/\/tmp\/lu125300obj7r.tmp\/lu125300obj9o_tmp_f9f73fbbe2cdd5a.png\" width=\"643\" height=\"170\" name=\"Immagine 2\" align=\"bottom\" border=\"0\" \/><\/p>\n<p align=\"justify\">\n<p><em><strong>Tutte l\u2019opinioni versati nel sito correspondono solo a chi la manifesta. Non e necessariamente l\u2019opinione della Direzione.<\/strong><\/em><\/p>\n<p>&nbsp;<\/p>\n","protected":false},"excerpt":{"rendered":"<p>&nbsp; S\u00cc ALLA CULTURA E AI MEDIA&#8230; NO ALLE CAMPAGNE DI LAVAGGIO DEL CERVELLO! Un messaggio aperto all&#8217;Europa e al [&hellip;]<\/p>\n","protected":false},"author":1,"featured_media":0,"comment_status":"open","ping_status":"open","sticky":false,"template":"","format":"standard","meta":{"footnotes":""},"categories":[10,35],"tags":[],"class_list":["post-38708","post","type-post","status-publish","format-standard","hentry","category-italiano","category-opiniones"],"_links":{"self":[{"href":"https:\/\/www.ecoitaliano.com.ar\/index.php?rest_route=\/wp\/v2\/posts\/38708","targetHints":{"allow":["GET"]}}],"collection":[{"href":"https:\/\/www.ecoitaliano.com.ar\/index.php?rest_route=\/wp\/v2\/posts"}],"about":[{"href":"https:\/\/www.ecoitaliano.com.ar\/index.php?rest_route=\/wp\/v2\/types\/post"}],"author":[{"embeddable":true,"href":"https:\/\/www.ecoitaliano.com.ar\/index.php?rest_route=\/wp\/v2\/users\/1"}],"replies":[{"embeddable":true,"href":"https:\/\/www.ecoitaliano.com.ar\/index.php?rest_route=%2Fwp%2Fv2%2Fcomments&post=38708"}],"version-history":[{"count":0,"href":"https:\/\/www.ecoitaliano.com.ar\/index.php?rest_route=\/wp\/v2\/posts\/38708\/revisions"}],"wp:attachment":[{"href":"https:\/\/www.ecoitaliano.com.ar\/index.php?rest_route=%2Fwp%2Fv2%2Fmedia&parent=38708"}],"wp:term":[{"taxonomy":"category","embeddable":true,"href":"https:\/\/www.ecoitaliano.com.ar\/index.php?rest_route=%2Fwp%2Fv2%2Fcategories&post=38708"},{"taxonomy":"post_tag","embeddable":true,"href":"https:\/\/www.ecoitaliano.com.ar\/index.php?rest_route=%2Fwp%2Fv2%2Ftags&post=38708"}],"curies":[{"name":"wp","href":"https:\/\/api.w.org\/{rel}","templated":true}]}}