{"id":3874,"date":"2018-05-14T11:20:16","date_gmt":"2018-05-14T11:20:16","guid":{"rendered":"http:\/\/www.ecoitaliano.com.ar\/?p=3874"},"modified":"2018-05-14T11:20:16","modified_gmt":"2018-05-14T11:20:16","slug":"la-scuola-di-corropoli-vince-la-nave-della-legalita-e-salpa-per-palermo","status":"publish","type":"post","link":"https:\/\/www.ecoitaliano.com.ar\/?p=3874","title":{"rendered":"La Scuola di Corropoli Vince \u00abLa Nave della Legalit\u00e0\u00bb e salpa per Palermo"},"content":{"rendered":"<p>&nbsp;<\/p>\n<div id='gallery-1' class='gallery galleryid-3874 gallery-columns-3 gallery-size-thumbnail'><figure class='gallery-item'>\n\t\t\t<div class='gallery-icon landscape'>\n\t\t\t\t<a href='https:\/\/www.ecoitaliano.com.ar\/?attachment_id=3879'><img decoding=\"async\" width=\"150\" height=\"150\" src=\"https:\/\/www.ecoitaliano.com.ar\/wp-content\/uploads\/2018\/05\/una-immagine-delle-registrazioni-presso-Radio-G-150x150.jpg\" class=\"attachment-thumbnail size-thumbnail\" alt=\"\" \/><\/a>\n\t\t\t<\/div><\/figure><figure class='gallery-item'>\n\t\t\t<div class='gallery-icon landscape'>\n\t\t\t\t<a href='https:\/\/www.ecoitaliano.com.ar\/?attachment_id=3878'><img decoding=\"async\" width=\"150\" height=\"150\" src=\"https:\/\/www.ecoitaliano.com.ar\/wp-content\/uploads\/2018\/05\/la-classe-IE-con-la-docente-Alessandra-Angelucci-e-la-giornalista-Azzurra-Marcozzi-a-Radio-G-150x150.jpg\" class=\"attachment-thumbnail size-thumbnail\" alt=\"\" \/><\/a>\n\t\t\t<\/div><\/figure><figure class='gallery-item'>\n\t\t\t<div class='gallery-icon landscape'>\n\t\t\t\t<a href='https:\/\/www.ecoitaliano.com.ar\/?attachment_id=3877'><img decoding=\"async\" width=\"150\" height=\"150\" src=\"https:\/\/www.ecoitaliano.com.ar\/wp-content\/uploads\/2018\/05\/la-classe-IE-prima-delle-registrazioni-150x150.jpg\" class=\"attachment-thumbnail size-thumbnail\" alt=\"\" \/><\/a>\n\t\t\t<\/div><\/figure><figure class='gallery-item'>\n\t\t\t<div class='gallery-icon landscape'>\n\t\t\t\t<a href='https:\/\/www.ecoitaliano.com.ar\/?attachment_id=3876'><img decoding=\"async\" width=\"150\" height=\"150\" src=\"https:\/\/www.ecoitaliano.com.ar\/wp-content\/uploads\/2018\/05\/gli-studenti-che-hanno-impersonato-le-scorte-morte-nelle-stragi-di-Mafia-150x150.jpg\" class=\"attachment-thumbnail size-thumbnail\" alt=\"\" \/><\/a>\n\t\t\t<\/div><\/figure><figure class='gallery-item'>\n\t\t\t<div class='gallery-icon landscape'>\n\t\t\t\t<a href='https:\/\/www.ecoitaliano.com.ar\/?attachment_id=3875'><img decoding=\"async\" width=\"150\" height=\"150\" src=\"https:\/\/www.ecoitaliano.com.ar\/wp-content\/uploads\/2018\/05\/da-sx_Emanuele-Lupi-Paolo-Borsellino-Andrea-Tarquini-Peppino-Impastato-Mattia-Bont\u00e0-Giovanni-Falcone-negli-studi-di-Radio-G-Giulianova-150x150.jpg\" class=\"attachment-thumbnail size-thumbnail\" alt=\"\" \/><\/a>\n\t\t\t<\/div><\/figure>\n\t\t<\/div>\n\n<p align=\"center\"><b>COMUNICATO STAMPA<\/b><\/p>\n<p align=\"center\"><b>LA SCUOLA DI CORROPOLI VINCE LA \u201cNAVE DELLA LEGALIT<\/b><b>\u00c0\u201d<\/b><b> E SALPA PER PALERMO<\/b><\/p>\n<p><span style=\"font-size: small;\"><b>La classe I E della Secondaria di primo grado supera le selezioni regionali con il progetto \u201cRadio Aut Futura\u201d<\/b><\/span><\/p>\n<p align=\"justify\">Un grande successo per la <b>classe IE<\/b> della Scuola secondaria di primo grado di Corropoli, guidata dal Dirigente Scolastico <b>Manuela Divisi<\/b>: il Ministero dell\u2019Istruzione, dell\u2019Universit\u00e0 e della Ricerca ha comunicato all\u2019istituto vibratiano che sono proprio i giovani studenti corropolesi della classe IE della scuola secondaria di primo grado ad aver vinto la selezione regionale del Concorso Nazionale <b>\u201c<\/b><em><b>Angeli custodi: l\u2019esempio del coraggio, il valore della memoria<\/b><\/em><b>\u201d<\/b>, promosso ed organizzato dalla <b>Fondazione \u201cGiovanni e Francesca Falcone\u201d<\/b> di Palermo e dal <b>MIUR<\/b>. La classe IE \u00e8 stata selezionata fra tutte le scuole medie della regione Abruzzo grazie al progetto multimediale <b>\u201cRadio Aut Futura. L\u2019informazione libera che viene dal cielo\u201d<\/b> ideato e curato dalla docente di Lettere, prof.ssa <b>Alessandra Angelucci<\/b>, che ha manifestato grande gioia per il risultato inaspettatamente giunto. \u00abAbbiamo pensato di presentare \u2013 racconta la curatrice Angelucci \u2013 un progetto che mettesse a frutto le conoscenze acquisite dagli alunni sulle figure dei magistrati <b>Giovanni Falcone e Paolo Borsellino, <\/b>uccisi nel 1992 negli attentati di Capaci e Via d\u2019Amelio, e del giornalista <b>Peppino Impastato<\/b>, ucciso dalla mafia il 9 maggio 1978 e di cui quest\u2019anno ricorrono i <b>quarant\u2019anni dalla morte<\/b>. In maniera specifica gli studenti hanno riflettuto sul senso del sacrificio e dell\u2019operato delle scorte, morte negli attentati. Sono proprio loro che nel video vengono definiti \u201cangeli custodi\u201d di chi ancora in terra combatte contro ogni forma di organizzazione criminale. Siamo davvero orgogliosi degli studenti: ogni passo fatto durante l\u2019anno \u00e8 stato percorso con passione e volont\u00e0. Questo risultato ci gratifica tantissimo e restituisce l\u2019alto valore di quanto realizzato in classe e non solo nel segno della Legalit\u00e0\u00bb.<\/p>\n<p align=\"justify\">Il progetto ha per titolo <b>\u201cRadio Aut Futura. L\u2019informazione libera che viene dal cielo\u201d<\/b>, perch\u00e9 l\u2019elaborato multimediale presentato dalla classe consiste nella realizzazione di una video-trasmissione radiofonica interamente condotta dagli studenti e nella quale lo speaker radiofonico principale &#8211; Peppino Impastato &#8211; coadiuvato da due ospiti in studio, Giovanni Falcone e Paolo Borsellino, d\u00e0 vita ad una puntata tutta dedicata al ricordo di coloro che sono morti combattendo le Mafie e prestando il loro servizio allo Stato.<\/p>\n<p align=\"justify\"><b>Cinque minuti per svegliare gli uomini che, ancora viventi e storditi dal consumismo e dall\u2019agire illegale, sembrano aver dimenticato la bellezza di chi opera nella Legalit\u00e0. <\/b>Nella video-trasmissione radiofonica gli studenti della IE hanno impersonato coloro che, dopo Peppino Impastato, sono morti per difendere lo Stato dalla criminalit\u00e0 organizzata. Ciascuno studente, vestito degli abiti dell\u2019epoca, ha dato un personale contributo. La trasmissione radiofonica registrata ha ricordato in modo particolare l\u2019agire delle scorte morte negli attentati e ha fatto rivivere, sulle ali del Paradiso, tutte le anime diventate angeli in questo ambiente di libera informazione che \u00e8 \u201cRadio Aut Futura\u201d: Francesca Morvillo, Antonio Montinaro, Vito Schifani, Rocco Dicillo, Agostino Catalano, Emanuela Loi, Vincenzo Li Muli, Walter Eddie Cosina e Claudio Traina.<\/p>\n<p align=\"justify\">\u00abL\u2019ambiente adoperato per le riprese \u2013 aggiunge la prof.ssa Angelucci \u2013 \u00e8 stato realmente quello di una Radio. Il nostro ringraziamento, infatti, va a <b>Radio G Giulianova<\/b> che ha messo a nostra disposizione lo studio allestito dai ragazzi come se fosse l\u2019antica Radio Aut che Peppino Impastato aveva costituito a Cinisi, nel suo paese di nascita, e da cui ogni giorno dava vita a discorsi di alto impegno culturale per scuotere le coscienze dei suoi concittadini. Grazie in modo particolare al direttore di Radio G <b>Francesco Marcozzi<\/b>, alla giornalista <b>Azzurra Marcozzi<\/b> e a <b>Lorenzo Garbatini<\/b>, nonch\u00e9 a <b>Luca Di Mattia<\/b> per il supporto dato alla regia\u00bb. Con questo grande successo la classe IE salper\u00e0 con la Nave della Legalit\u00e0 dal porto di Civitavecchia il giorno 22 maggio per prendere la rotta di Palermo. La Nave della Legalit\u00e0 porter\u00e0 studentesse e studenti di tutto il Paese a Palermo per celebrare la memoria delle vittime delle stragi di Capaci e di Via D\u2019Amelio. Il 23 maggio, infatti, tutta l\u2019Italia sar\u00e0 coinvolta nell\u2019evento commemorativo <b>#PalermoChiamaItalia<\/b>: settantamila giovani italiani uniti per dire il loro \u201cno\u201d alle mafie e alla criminalit\u00e0 organizzata.<\/p>\n<p align=\"justify\"><b>Ecco i nomi degli studenti vincitori della classe IE<\/b>: Aurora Barulli, Hakim Bassou, Mattia Bont\u00e0, Selly Branciaroli, Silvia Branella, Nicol\u00f2 Capocasa, Cristina Conchedda, Kevin De Angelis, Agnese Di Francesco, Simone Di Presa, Francesca Giovannelli, Lorenzo Iustini, Erika Kaluhina, Emanuele Lupi, Sofia Marcattilio, Edoardo Misticoni, Denise Palma, Francesca Pantoli, Mauricio Antonio Ponce, Jacopo Qiu, Nicol\u00f2 Quinzi, Andrea Tarquini, Giovanna Vallese.<\/p>\n","protected":false},"excerpt":{"rendered":"<p>&nbsp; COMUNICATO STAMPA LA SCUOLA DI CORROPOLI VINCE LA \u201cNAVE DELLA LEGALIT\u00c0\u201d E SALPA PER PALERMO La classe I E [&hellip;]<\/p>\n","protected":false},"author":1,"featured_media":0,"comment_status":"open","ping_status":"open","sticky":false,"template":"","format":"standard","meta":{"footnotes":""},"categories":[2,10],"tags":[],"class_list":["post-3874","post","type-post","status-publish","format-standard","hentry","category-informacion","category-italiano"],"_links":{"self":[{"href":"https:\/\/www.ecoitaliano.com.ar\/index.php?rest_route=\/wp\/v2\/posts\/3874","targetHints":{"allow":["GET"]}}],"collection":[{"href":"https:\/\/www.ecoitaliano.com.ar\/index.php?rest_route=\/wp\/v2\/posts"}],"about":[{"href":"https:\/\/www.ecoitaliano.com.ar\/index.php?rest_route=\/wp\/v2\/types\/post"}],"author":[{"embeddable":true,"href":"https:\/\/www.ecoitaliano.com.ar\/index.php?rest_route=\/wp\/v2\/users\/1"}],"replies":[{"embeddable":true,"href":"https:\/\/www.ecoitaliano.com.ar\/index.php?rest_route=%2Fwp%2Fv2%2Fcomments&post=3874"}],"version-history":[{"count":0,"href":"https:\/\/www.ecoitaliano.com.ar\/index.php?rest_route=\/wp\/v2\/posts\/3874\/revisions"}],"wp:attachment":[{"href":"https:\/\/www.ecoitaliano.com.ar\/index.php?rest_route=%2Fwp%2Fv2%2Fmedia&parent=3874"}],"wp:term":[{"taxonomy":"category","embeddable":true,"href":"https:\/\/www.ecoitaliano.com.ar\/index.php?rest_route=%2Fwp%2Fv2%2Fcategories&post=3874"},{"taxonomy":"post_tag","embeddable":true,"href":"https:\/\/www.ecoitaliano.com.ar\/index.php?rest_route=%2Fwp%2Fv2%2Ftags&post=3874"}],"curies":[{"name":"wp","href":"https:\/\/api.w.org\/{rel}","templated":true}]}}