{"id":38943,"date":"2023-06-18T15:40:58","date_gmt":"2023-06-18T15:40:58","guid":{"rendered":"http:\/\/www.ecoitaliano.com.ar\/?p=38943"},"modified":"2023-06-18T15:40:58","modified_gmt":"2023-06-18T15:40:58","slug":"giulianova-un-recital-concert-per-festeggiare-i-cento-anni-dellaeronautica-militare-italiana-ingresso-libero","status":"publish","type":"post","link":"https:\/\/www.ecoitaliano.com.ar\/?p=38943","title":{"rendered":"Giulianova, Un recital concert per festeggiare i cento anni dell\u2019Aeronautica Militare italiana &#8211; ingresso libero"},"content":{"rendered":"<p>&nbsp;<\/p>\n<p><a href=\"http:\/\/www.ecoitaliano.com.ar\/wp-content\/uploads\/2023\/06\/AAA-Giulianova-b.jpg\"><img decoding=\"async\" class=\"alignnone size-full wp-image-38945\" src=\"http:\/\/www.ecoitaliano.com.ar\/wp-content\/uploads\/2023\/06\/AAA-Giulianova-b.jpg\" alt=\"\" width=\"2162\" height=\"858\" srcset=\"https:\/\/www.ecoitaliano.com.ar\/wp-content\/uploads\/2023\/06\/AAA-Giulianova-b.jpg 2162w, https:\/\/www.ecoitaliano.com.ar\/wp-content\/uploads\/2023\/06\/AAA-Giulianova-b-300x119.jpg 300w, https:\/\/www.ecoitaliano.com.ar\/wp-content\/uploads\/2023\/06\/AAA-Giulianova-b-768x305.jpg 768w, https:\/\/www.ecoitaliano.com.ar\/wp-content\/uploads\/2023\/06\/AAA-Giulianova-b-1024x406.jpg 1024w, https:\/\/www.ecoitaliano.com.ar\/wp-content\/uploads\/2023\/06\/AAA-Giulianova-b-150x60.jpg 150w\" sizes=\"(max-width: 2162px) 100vw, 2162px\" \/><\/a><\/p>\n<div id='gallery-1' class='gallery galleryid-38943 gallery-columns-3 gallery-size-thumbnail'><figure class='gallery-item'>\n\t\t\t<div class='gallery-icon landscape'>\n\t\t\t\t<a href='https:\/\/www.ecoitaliano.com.ar\/?attachment_id=38944'><img decoding=\"async\" width=\"150\" height=\"150\" src=\"https:\/\/www.ecoitaliano.com.ar\/wp-content\/uploads\/2023\/06\/AAA-Giulianova-a-150x150.jpg\" class=\"attachment-thumbnail size-thumbnail\" alt=\"\" \/><\/a>\n\t\t\t<\/div><\/figure><figure class='gallery-item'>\n\t\t\t<div class='gallery-icon portrait'>\n\t\t\t\t<a href='https:\/\/www.ecoitaliano.com.ar\/?attachment_id=38946'><img decoding=\"async\" width=\"150\" height=\"150\" src=\"https:\/\/www.ecoitaliano.com.ar\/wp-content\/uploads\/2023\/06\/Daniela-Musini-150x150.jpeg\" class=\"attachment-thumbnail size-thumbnail\" alt=\"\" \/><\/a>\n\t\t\t<\/div><\/figure><figure class='gallery-item'>\n\t\t\t<div class='gallery-icon landscape'>\n\t\t\t\t<a href='https:\/\/www.ecoitaliano.com.ar\/?attachment_id=38948'><img decoding=\"async\" width=\"150\" height=\"150\" src=\"https:\/\/www.ecoitaliano.com.ar\/wp-content\/uploads\/2023\/06\/AAA-Giulianova-C-150x150.jpg\" class=\"attachment-thumbnail size-thumbnail\" alt=\"\" \/><\/a>\n\t\t\t<\/div><\/figure><figure class='gallery-item'>\n\t\t\t<div class='gallery-icon portrait'>\n\t\t\t\t<a href='https:\/\/www.ecoitaliano.com.ar\/?attachment_id=38949'><img decoding=\"async\" width=\"150\" height=\"150\" src=\"https:\/\/www.ecoitaliano.com.ar\/wp-content\/uploads\/2023\/06\/AAA-Giulianova-D-150x150.jpg\" class=\"attachment-thumbnail size-thumbnail\" alt=\"\" \/><\/a>\n\t\t\t<\/div><\/figure><figure class='gallery-item'>\n\t\t\t<div class='gallery-icon landscape'>\n\t\t\t\t<a href='https:\/\/www.ecoitaliano.com.ar\/?attachment_id=38950'><img decoding=\"async\" width=\"150\" height=\"150\" src=\"https:\/\/www.ecoitaliano.com.ar\/wp-content\/uploads\/2023\/06\/AAA-Giulianova-e-150x150.jpg\" class=\"attachment-thumbnail size-thumbnail\" alt=\"\" \/><\/a>\n\t\t\t<\/div><\/figure><figure class='gallery-item'>\n\t\t\t<div class='gallery-icon portrait'>\n\t\t\t\t<a href='https:\/\/www.ecoitaliano.com.ar\/?attachment_id=38951'><img decoding=\"async\" width=\"150\" height=\"150\" src=\"https:\/\/www.ecoitaliano.com.ar\/wp-content\/uploads\/2023\/06\/Daniela-Musini-a-Giulianova-150x150.jpeg\" class=\"attachment-thumbnail size-thumbnail\" alt=\"\" \/><\/a>\n\t\t\t<\/div><\/figure>\n\t\t<\/div>\n\n<p>&nbsp;<\/p>\n<p>&nbsp;<\/p>\n<p><strong>COMUNICATO STAMPA (foto libere per l\u2019uso editoriale)<\/strong><\/p>\n<p><strong>Un recital concert per festeggiare i cento anni dell\u2019Aeronautica Militare Italiana <\/strong><\/p>\n<p><strong>A Giulianova ospite l\u2019attrice e musicista Daniela Musini <\/strong><\/p>\n<p><strong>Esposizioni di aeromodelli statici e documenti d\u2019archivio sulla terrazza Kursaal <\/strong><\/p>\n<p>&nbsp;<\/p>\n<p>Giulianova &#8211; Promosso dall\u2019Associazione Arma Aeronautica &#8211; sezione Teramo-Giulianova, il prossimo sabato, <strong>24 giugno<\/strong>, alle <strong>ore 21<\/strong>, all\u2019interno dei <strong>saloni del Kursaal<\/strong>, si terr\u00e0 il Recital-Concerto di\u00a0<strong>Daniela Musini<\/strong>. La nota attrice, scrittrice e pianista, metter\u00e0 in scena un emozionante recital\/concerto dal titolo: \u201cLA POESIA DEL VOLO. IL VOLO DELLA POESIA. Liriche dannunziane e musiche immortali\u201d.<\/p>\n<p>Acclamata conoscitrice e interprete dell\u2019opera di <strong>d\u2019Annunzio<\/strong> e della figura di <strong>Eleonora Duse <\/strong>in Italia e nel mondo, <strong>Daniela Musini <\/strong>interpreter\u00e0 alcune fra le liriche pi\u00f9 suggestive del Vate, di cui racconter\u00e0 la vita, gli amori, le gesta, punteggiando di volta in volta la narrazione e le interpretazioni attoriali con l\u2019esecuzione al pianoforte di brani emozionanti ed appassionati. La manifestazione sar\u00e0 anticipata sulla terrazza, alle <strong>ore 17<\/strong>, con l\u2019<strong>apertura della mostra di aeromodelli<\/strong> statici, la raccolta documentaria sul periodo delle due guerre a cura del ricercatore storico militare <strong>Walter De Berardinis <\/strong>e dell\u2019esposizione dei vini della cantina \u201cBiagi\u201d di Colonnella, quest\u2019ultima licenziatario ufficiale del marchio del centenario dell\u2019Aeronautica.<\/p>\n<p>La manifestazione giuliese ricalca l\u2019esperienza fatta alla fine degli anni \u201990 e inizio anni 2000, quando, con la stessa locale Associazione Arma Aeronautica, veniva organizzata la \u201cFesta dell\u2019Aria\u201d. Grazie agli attuali presidenti e Vice, rispettivamente: <strong>Tommaso Di Remigio, Nino Sugaroni (onorario) <\/strong>e<strong> Gabriele Barcaroli<\/strong>, il comitato del centenario \u00e8 riuscito a coinvolgere anche altri partecipanti alla serata dedicata all\u2019arma pi\u00f9 giovane d\u2019Italia come: la delegazione del Liceo Scientifico Istituto Tecnico Aeronautico Navale \u201cAntonio Locatelli\u201d di Grottammare con il corpo docenti e gli alunni, e il pilota campione su aliante, il giuliese <strong>Iwan Piccioni<\/strong>, che verr\u00e0 premiato dal comitato organizzatore.<\/p>\n<p>Prima del recital, sempre a cura dell\u2019associazione, verr\u00e0 scoperta la targa che ricorder\u00e0 i caduti giuliesi della <strong>Regia Aeronautica Militare<\/strong> durante l\u2019ultimo conflitto mondiale: <strong>Capitano Pilota Francesco Bargagna<\/strong>, caduto nella Baia di Bongie in <strong>Algeria<\/strong> il 23 maggio 1943 alla guida del SM79, pluridecorato; l\u2019<strong>aviere Domenico Canzari<\/strong>, disperso all&#8217;aeroporto di Tirana in <strong>Albania<\/strong> dopo l\u20198 settembre 1943; l\u2019<strong>aviere scelto Mario Dino Lucio Di Pietro<\/strong>, morto nell\u2019affondamento dell\u2019incrociatore ausiliario Citt\u00e0 di Palermo nei pressi di Capo Dukato-Mar Ionio in <strong>Grecia<\/strong> il 5 gennaio 1942; l\u2019<strong>aviere Alberto Manocchia<\/strong>, morto per malattia a Roma il 13 giugno 1945; l\u2019<strong>aviere scelto marconista Ernesto Dino Benedetto Marinucci<\/strong>, disperso a seguito dell\u2019abbattimento del velivolo SM79 nella Baia di Bongie in <strong>Algeria <\/strong>il 28 novembre 1942 e l\u2019<strong>aviere volontario Pierino Sponcichetti<\/strong>, morto per malattia a Giulianova il 15 maggio 1940. L\u2019evento \u00e8 stato patrocinato dalla Citt\u00e0 di Giulianova con ingresso libero.<\/p>\n","protected":false},"excerpt":{"rendered":"<p>&nbsp; &nbsp; &nbsp; COMUNICATO STAMPA (foto libere per l\u2019uso editoriale) Un recital concert per festeggiare i cento anni dell\u2019Aeronautica Militare [&hellip;]<\/p>\n","protected":false},"author":1,"featured_media":0,"comment_status":"open","ping_status":"open","sticky":false,"template":"","format":"standard","meta":{"footnotes":""},"categories":[2,10],"tags":[],"class_list":["post-38943","post","type-post","status-publish","format-standard","hentry","category-informacion","category-italiano"],"_links":{"self":[{"href":"https:\/\/www.ecoitaliano.com.ar\/index.php?rest_route=\/wp\/v2\/posts\/38943","targetHints":{"allow":["GET"]}}],"collection":[{"href":"https:\/\/www.ecoitaliano.com.ar\/index.php?rest_route=\/wp\/v2\/posts"}],"about":[{"href":"https:\/\/www.ecoitaliano.com.ar\/index.php?rest_route=\/wp\/v2\/types\/post"}],"author":[{"embeddable":true,"href":"https:\/\/www.ecoitaliano.com.ar\/index.php?rest_route=\/wp\/v2\/users\/1"}],"replies":[{"embeddable":true,"href":"https:\/\/www.ecoitaliano.com.ar\/index.php?rest_route=%2Fwp%2Fv2%2Fcomments&post=38943"}],"version-history":[{"count":0,"href":"https:\/\/www.ecoitaliano.com.ar\/index.php?rest_route=\/wp\/v2\/posts\/38943\/revisions"}],"wp:attachment":[{"href":"https:\/\/www.ecoitaliano.com.ar\/index.php?rest_route=%2Fwp%2Fv2%2Fmedia&parent=38943"}],"wp:term":[{"taxonomy":"category","embeddable":true,"href":"https:\/\/www.ecoitaliano.com.ar\/index.php?rest_route=%2Fwp%2Fv2%2Fcategories&post=38943"},{"taxonomy":"post_tag","embeddable":true,"href":"https:\/\/www.ecoitaliano.com.ar\/index.php?rest_route=%2Fwp%2Fv2%2Ftags&post=38943"}],"curies":[{"name":"wp","href":"https:\/\/api.w.org\/{rel}","templated":true}]}}