{"id":39726,"date":"2023-06-29T00:11:01","date_gmt":"2023-06-29T00:11:01","guid":{"rendered":"http:\/\/www.ecoitaliano.com.ar\/?p=39726"},"modified":"2023-06-29T00:11:01","modified_gmt":"2023-06-29T00:11:01","slug":"serena-conduce-operaclassica-eco-italiano-2517","status":"publish","type":"post","link":"https:\/\/www.ecoitaliano.com.ar\/?p=39726","title":{"rendered":"Serena conduce operaclassica eco italiano"},"content":{"rendered":"<p><a href=\"http:\/\/www.ecoitaliano.com.ar\/wp-content\/uploads\/2023\/06\/image001-4.jpg\"><img decoding=\"async\" class=\"alignnone  wp-image-39727\" src=\"http:\/\/www.ecoitaliano.com.ar\/wp-content\/uploads\/2023\/06\/image001-4.jpg\" alt=\"\" width=\"345\" height=\"99\" srcset=\"https:\/\/www.ecoitaliano.com.ar\/wp-content\/uploads\/2023\/06\/image001-4.jpg 188w, https:\/\/www.ecoitaliano.com.ar\/wp-content\/uploads\/2023\/06\/image001-4-150x43.jpg 150w\" sizes=\"(max-width: 345px) 100vw, 345px\" \/><\/a><\/p>\n<p style=\"font-weight: 400;\"><strong>A<\/strong><strong>L VIA LA\u00a0<\/strong><strong>71<\/strong><strong>ESIMA EDIZIONE DEL\u00a0<\/strong><strong>R<\/strong><strong>AVELLO\u00a0<\/strong><strong>F<\/strong><strong>ESTIVAL<\/strong><\/p>\n<p style=\"font-weight: 400;\"><strong>\u00a0<\/strong><\/p>\n<p style=\"font-weight: 400;\"><strong>Domenica 2 luglio\u00a0<\/strong>(ore 20), la musica torna ad essere protagonista su uno dei palcoscenici pi\u00f9 belli del mondo, quello del Belvedere di Villa Rufolo, con il concerto che aprir\u00e0 la 71esima edizione del Ravello Festival. \u00c8 Richard Wagner, come da oramai consolidata tradizione, a dare inizio ad una stagione che vedr\u00e0 alternarsi grandi orchestre, grandi direttori e grandi solisti, talenti italiani ed eccellenze campane premiando lo sforzo di tutta la struttura organizzativa di un Festival firmato da\u00a0<strong>Alessio Vlad<\/strong>, con un cartellone ampio e dall\u2019offerta differenziata, ricco di produzioni ed esclusive appositamente pensate per il pubblico della Citt\u00e0 della musica. Sar\u00e0\u00a0<strong>Andrey Boreyko<\/strong>, direttore d\u2019orchestra nato a San Pietroburgo e con una ricca carriera internazionale, a salire sul podio del concerto inaugurale.<\/p>\n<p style=\"font-weight: 400;\">Boreyko diriger\u00e0 la\u00a0<strong>ORF Radio-Symphonieorchester Wien<\/strong>, l&#8217;Orchestra Sinfonica della Radio di Vienna in un programma totalmente dedicato alle composizioni del nume tutelare del Festival (Preludio de\u00a0<em>I maestri cantori di Norimberga<\/em>, l\u2019Ouverture di\u00a0<em>Rienzi<\/em>, i preludi dell\u2019atto I e dell\u2019atto III di\u00a0<em>Lohengrin<\/em>, l\u2019Ouverture de\u00a0<em>L&#8217;olandese volante\u00a0<\/em>e una serie di estratti dal\u00a0<em>Parsifal<\/em>). Concerto wagneriano che non vuole essere solo una consuetudine ma un indirizzo caratterizzante, ancor pi\u00f9 delle passate edizioni, il programma del Ravello Festival.<\/p>\n<p style=\"font-weight: 400;\">\u00c8 importante segnalare, infatti, anche un\u2019altra data: quella del\u00a0<strong>20 agosto\u00a0<\/strong>con la\u00a0<strong>Dresdner Festspielorchester\u00a0<\/strong>e il\u00a0<strong>Concerto K\u00f6ln<\/strong>, diretti da\u00a0<strong>Kent Nagano\u00a0<\/strong>(produzione in collaborazione con il Summer Festival di Lucerna in esclusiva per l\u2019Italia) quando sul palco del Belvedere di Villa Rufolo ritorner\u00e0 l\u2019esecuzione integrale, in forma di concerto, di un\u2019opera di Wagner dopo 26 anni da quel memorabile Parsifal diretto da Gergiev con Placido Domingo protagonista.<\/p>\n<p style=\"font-weight: 400;\">Ascoltare, e nel nostro caso anche vedere, un concerto a Ravello vuole essere una esperienza unica anche perch\u00e9 Il Ravello Festival \u00e8 innanzitutto Ravello, ovvero sito meraviglioso in cui si definisce un inimitabile rapporto tra musica e paesaggio. \u201c<em>Una magia che rende indimenticabile ogni esibizione in un luogo unico che appartiene non solo a noi tutti ma alla storia della nostra civilt\u00e0<\/em>\u201d, scrive Alessio Vlad. \u201c<em>Uno scenario naturale di unico fascino<\/em>\u201d, aggiunge il presidente della Fondazione Ravello\u00a0<strong>Dino Falconio<\/strong>, che quest\u2019anno far\u00e0 da cornice a un programma \u201c<em>che rispecchia in pieno la tradizione della nostra rassegna e introduce elementi innovativi nel giusto connubio fra Memoria e Futuro, che spesso sono i poli, fra i quali gioca l\u2019Arte<\/em>\u201d.<\/p>\n<p style=\"font-weight: 400;\">Il Ravello Festival \u00e8 Il Ravello Festival \u00e8 sostenuto dalla\u00a0<strong>Regione Campania<\/strong>\u00a0e dal\u00a0<strong>MiC<\/strong>.<\/p>\n<p style=\"font-weight: 400;\"><strong><a href=\"http:\/\/www.ravellofestival.com\/\">www.ravellofestival.com<\/a>\u00a0| Tel. 089 858422 |\u00a0<\/strong><a href=\"mailto:boxoffice@ravellofestival.com\"><strong>boxoffice@ravellofestival.com<\/strong><\/a><\/p>\n<p style=\"font-weight: 400;\"><strong>\u00a0<\/strong><\/p>\n<p style=\"font-weight: 400;\">Domenica 2 luglio<\/p>\n<p style=\"font-weight: 400;\">Belvedere di Villa Rufolo, ore 20.00<\/p>\n<p style=\"font-weight: 400;\"><strong>ORF Radio-Symphonieorchester Wien<\/strong><\/p>\n<p style=\"font-weight: 400;\">Direttore\u00a0<strong>Andrey Boreyko<\/strong><\/p>\n<p style=\"font-weight: 400;\"><em>Produzione Ravello Festival<\/em><\/p>\n<p style=\"font-weight: 400;\"><em>Posto unico \u20ac 50<\/em><\/p>\n<p style=\"font-weight: 400;\"><em>\u00a0<\/em><\/p>\n<p style=\"font-weight: 400;\">Programma<\/p>\n<p style=\"font-weight: 400;\">\n<p style=\"font-weight: 400;\"><strong>Richard Wagner<\/strong><\/p>\n<p style=\"font-weight: 400;\"><em>Die Mastersinger<\/em>\u00a0Preludio<\/p>\n<p style=\"font-weight: 400;\"><em>Rienzi<\/em>, Ouverture<\/p>\n<p style=\"font-weight: 400;\"><em>Lohengrin<\/em>, Preludio Atto I, Preludio Atto III<\/p>\n<p style=\"font-weight: 400;\"><em>Die Fliegende Hollander<\/em>, Ouverture<\/p>\n<p style=\"font-weight: 400;\"><em>Parsifal<\/em>, estratti sinfonici<\/p>\n<p style=\"font-weight: 400;\"><strong>\u00a0<\/strong><\/p>\n<p style=\"font-weight: 400;\">\n<p style=\"font-weight: 400;\">\n<p style=\"font-weight: 400;\"><strong>Fondazione Ravello &#8211; Ufficio Stampa e Comunicazione<\/strong><\/p>\n<p style=\"font-weight: 400;\">\n<p style=\"font-weight: 400;\"><strong>Nicola Mansi\u00a0\u00a0<\/strong><\/p>\n<p style=\"font-weight: 400;\">Responsabile Ufficio Stampa e Comunicazione<\/p>\n<p style=\"font-weight: 400;\"><a href=\"mailto:n.mansi@fondazioneravello.it\">n.mansi@fondazioneravello.it<\/a><\/p>\n<p style=\"font-weight: 400;\">cell.\u00a0340 9002415 \u2013 tel. 089 858360<\/p>\n<p style=\"font-weight: 400;\">\n<p style=\"font-weight: 400;\">Consulenza specialistica<\/p>\n<p style=\"font-weight: 400;\"><strong>Lucia Serino<\/strong><\/p>\n<p style=\"font-weight: 400;\"><a href=\"mailto:serinolu@gmail.com\">serinolu@gmail.com<\/a><\/p>\n<p style=\"font-weight: 400;\">cell. 333 4396157<\/p>\n<p style=\"font-weight: 400;\">\n<p style=\"font-weight: 400;\">\n<p style=\"font-weight: 400;\"><a href=\"https:\/\/www.fondazioneravello.it\/\">www.fondazioneravello.it<\/a><\/p>\n<p style=\"font-weight: 400;\"><a href=\"https:\/\/www.villarufolo.it\/\">www.villarufolo.it<\/a><\/p>\n<p style=\"font-weight: 400;\"><a href=\"https:\/\/www.ravellofestival.com\/\">www.ravellofestival.com<\/a><\/p>\n<p><a href=\"http:\/\/www.ecoitaliano.com.ar\/wp-content\/uploads\/2023\/06\/Belvedere-di-Villa-Rufolo-2022-\u00a9-Ravello-Festival-ph-Vincent-Ruocco-21-1.jpg\"><img decoding=\"async\" class=\"alignnone size-medium wp-image-39728\" src=\"http:\/\/www.ecoitaliano.com.ar\/wp-content\/uploads\/2023\/06\/Belvedere-di-Villa-Rufolo-2022-\u00a9-Ravello-Festival-ph-Vincent-Ruocco-21-1-300x200.jpg\" alt=\"\" width=\"300\" height=\"200\" srcset=\"https:\/\/www.ecoitaliano.com.ar\/wp-content\/uploads\/2023\/06\/Belvedere-di-Villa-Rufolo-2022-\u00a9-Ravello-Festival-ph-Vincent-Ruocco-21-1-300x200.jpg 300w, https:\/\/www.ecoitaliano.com.ar\/wp-content\/uploads\/2023\/06\/Belvedere-di-Villa-Rufolo-2022-\u00a9-Ravello-Festival-ph-Vincent-Ruocco-21-1-768x512.jpg 768w, https:\/\/www.ecoitaliano.com.ar\/wp-content\/uploads\/2023\/06\/Belvedere-di-Villa-Rufolo-2022-\u00a9-Ravello-Festival-ph-Vincent-Ruocco-21-1.jpg 1024w, https:\/\/www.ecoitaliano.com.ar\/wp-content\/uploads\/2023\/06\/Belvedere-di-Villa-Rufolo-2022-\u00a9-Ravello-Festival-ph-Vincent-Ruocco-21-1-150x100.jpg 150w\" sizes=\"(max-width: 300px) 100vw, 300px\" \/><\/a> <a href=\"http:\/\/www.ecoitaliano.com.ar\/wp-content\/uploads\/2023\/06\/boreyko_43486-fot.-Micha\u0142-Zag\u00f3rny.jpg\"><img decoding=\"async\" class=\"alignnone size-medium wp-image-39729\" src=\"http:\/\/www.ecoitaliano.com.ar\/wp-content\/uploads\/2023\/06\/boreyko_43486-fot.-Micha\u0142-Zag\u00f3rny-300x200.jpg\" alt=\"\" width=\"300\" height=\"200\" srcset=\"https:\/\/www.ecoitaliano.com.ar\/wp-content\/uploads\/2023\/06\/boreyko_43486-fot.-Micha\u0142-Zag\u00f3rny-300x200.jpg 300w, https:\/\/www.ecoitaliano.com.ar\/wp-content\/uploads\/2023\/06\/boreyko_43486-fot.-Micha\u0142-Zag\u00f3rny-768x513.jpg 768w, https:\/\/www.ecoitaliano.com.ar\/wp-content\/uploads\/2023\/06\/boreyko_43486-fot.-Micha\u0142-Zag\u00f3rny.jpg 1024w, https:\/\/www.ecoitaliano.com.ar\/wp-content\/uploads\/2023\/06\/boreyko_43486-fot.-Micha\u0142-Zag\u00f3rny-150x100.jpg 150w\" sizes=\"(max-width: 300px) 100vw, 300px\" \/><\/a> <a href=\"http:\/\/www.ecoitaliano.com.ar\/wp-content\/uploads\/2023\/06\/RSO-Wien-2022_QUER_A4_c_Nancy-Horowitz.jpg\"><img decoding=\"async\" class=\"alignnone size-medium wp-image-39730\" src=\"http:\/\/www.ecoitaliano.com.ar\/wp-content\/uploads\/2023\/06\/RSO-Wien-2022_QUER_A4_c_Nancy-Horowitz-300x212.jpg\" alt=\"\" width=\"300\" height=\"212\" srcset=\"https:\/\/www.ecoitaliano.com.ar\/wp-content\/uploads\/2023\/06\/RSO-Wien-2022_QUER_A4_c_Nancy-Horowitz-300x212.jpg 300w, https:\/\/www.ecoitaliano.com.ar\/wp-content\/uploads\/2023\/06\/RSO-Wien-2022_QUER_A4_c_Nancy-Horowitz-768x543.jpg 768w, https:\/\/www.ecoitaliano.com.ar\/wp-content\/uploads\/2023\/06\/RSO-Wien-2022_QUER_A4_c_Nancy-Horowitz.jpg 1024w, https:\/\/www.ecoitaliano.com.ar\/wp-content\/uploads\/2023\/06\/RSO-Wien-2022_QUER_A4_c_Nancy-Horowitz-150x106.jpg 150w\" sizes=\"(max-width: 300px) 100vw, 300px\" \/><\/a><\/p>\n","protected":false},"excerpt":{"rendered":"<p>AL VIA LA\u00a071ESIMA EDIZIONE DEL\u00a0RAVELLO\u00a0FESTIVAL \u00a0 Domenica 2 luglio\u00a0(ore 20), la musica torna ad essere protagonista su uno dei palcoscenici [&hellip;]<\/p>\n","protected":false},"author":1,"featured_media":0,"comment_status":"open","ping_status":"open","sticky":false,"template":"","format":"standard","meta":{"footnotes":""},"categories":[1],"tags":[],"class_list":["post-39726","post","type-post","status-publish","format-standard","hentry","category-sin-categoria"],"_links":{"self":[{"href":"https:\/\/www.ecoitaliano.com.ar\/index.php?rest_route=\/wp\/v2\/posts\/39726","targetHints":{"allow":["GET"]}}],"collection":[{"href":"https:\/\/www.ecoitaliano.com.ar\/index.php?rest_route=\/wp\/v2\/posts"}],"about":[{"href":"https:\/\/www.ecoitaliano.com.ar\/index.php?rest_route=\/wp\/v2\/types\/post"}],"author":[{"embeddable":true,"href":"https:\/\/www.ecoitaliano.com.ar\/index.php?rest_route=\/wp\/v2\/users\/1"}],"replies":[{"embeddable":true,"href":"https:\/\/www.ecoitaliano.com.ar\/index.php?rest_route=%2Fwp%2Fv2%2Fcomments&post=39726"}],"version-history":[{"count":0,"href":"https:\/\/www.ecoitaliano.com.ar\/index.php?rest_route=\/wp\/v2\/posts\/39726\/revisions"}],"wp:attachment":[{"href":"https:\/\/www.ecoitaliano.com.ar\/index.php?rest_route=%2Fwp%2Fv2%2Fmedia&parent=39726"}],"wp:term":[{"taxonomy":"category","embeddable":true,"href":"https:\/\/www.ecoitaliano.com.ar\/index.php?rest_route=%2Fwp%2Fv2%2Fcategories&post=39726"},{"taxonomy":"post_tag","embeddable":true,"href":"https:\/\/www.ecoitaliano.com.ar\/index.php?rest_route=%2Fwp%2Fv2%2Ftags&post=39726"}],"curies":[{"name":"wp","href":"https:\/\/api.w.org\/{rel}","templated":true}]}}