{"id":40098,"date":"2023-07-08T00:33:59","date_gmt":"2023-07-08T00:33:59","guid":{"rendered":"http:\/\/www.ecoitaliano.com.ar\/?p=40098"},"modified":"2023-07-08T00:34:14","modified_gmt":"2023-07-08T00:34:14","slug":"ivano-iai-eletto-presidente-della-conferenza-nazionale-dei-presidenti-dei-conservatori","status":"publish","type":"post","link":"https:\/\/www.ecoitaliano.com.ar\/?p=40098","title":{"rendered":"Ivano Iai eletto Presidente della Conferenza Nazionale  dei Presidenti dei Conservatori"},"content":{"rendered":"<p><a href=\"http:\/\/www.ecoitaliano.com.ar\/wp-content\/uploads\/2023\/07\/Ivano-Iai-Presidente-Conf.-Pres.-Conserv.-7.07.2023.jpg\"><img decoding=\"async\" class=\"alignnone size-full wp-image-40099\" src=\"http:\/\/www.ecoitaliano.com.ar\/wp-content\/uploads\/2023\/07\/Ivano-Iai-Presidente-Conf.-Pres.-Conserv.-7.07.2023.jpg\" alt=\"\" width=\"1179\" height=\"865\" srcset=\"https:\/\/www.ecoitaliano.com.ar\/wp-content\/uploads\/2023\/07\/Ivano-Iai-Presidente-Conf.-Pres.-Conserv.-7.07.2023.jpg 1179w, https:\/\/www.ecoitaliano.com.ar\/wp-content\/uploads\/2023\/07\/Ivano-Iai-Presidente-Conf.-Pres.-Conserv.-7.07.2023-300x220.jpg 300w, https:\/\/www.ecoitaliano.com.ar\/wp-content\/uploads\/2023\/07\/Ivano-Iai-Presidente-Conf.-Pres.-Conserv.-7.07.2023-768x563.jpg 768w, https:\/\/www.ecoitaliano.com.ar\/wp-content\/uploads\/2023\/07\/Ivano-Iai-Presidente-Conf.-Pres.-Conserv.-7.07.2023-1024x751.jpg 1024w, https:\/\/www.ecoitaliano.com.ar\/wp-content\/uploads\/2023\/07\/Ivano-Iai-Presidente-Conf.-Pres.-Conserv.-7.07.2023-150x110.jpg 150w\" sizes=\"(max-width: 1179px) 100vw, 1179px\" \/><\/a><\/p>\n<p>&nbsp;<\/p>\n<p>&nbsp;<\/p>\n<p class=\"western\" align=\"center\"><b>Comunicato stampa<\/b><\/p>\n<p class=\"western\" align=\"justify\"><b>Ivano Iai eletto Presidente della Conferenza Nazionale <\/b><\/p>\n<p class=\"western\" align=\"justify\"><b>dei Presidenti dei Conservatori.<\/b><\/p>\n<p class=\"western\" align=\"justify\">L\u2019Avv. Ivano Iai, Presidente del Conservatorio di Sassari, \u00e8 stato eletto Presidente della Conferenza Nazionale dei Presidenti dei Conservatori italiani.<\/p>\n<p class=\"western\" align=\"justify\">Il Consiglio Direttivo della Conferenza ha espresso consenso unanime sull\u2019Avv. Iai, che succede all\u2019On. Raffaello Vignali, Presidente del Conservatorio di Milano.<\/p>\n<p class=\"western\" align=\"justify\">Oltre alla Conferenza Nazionale, costituita dai Presidenti dei Conservatori italiani, il neo eletto presieder\u00e0 anche il Consiglio Direttivo, composto da sette membri eletti nell\u2019ottobre dello scorso anno dall\u2019Assemblea dei Conservatori (con Iai e Vignali fanno parte del Direttivo Anna Carli, Enzo Fiano, Andrea Rurale, Gianandrea Polazzi e Mattia Sismonda).<\/p>\n<p class=\"western\" align=\"justify\">La Conferenza Nazionale, che ha sede stabile presso il Ministero dell\u2019Universit\u00e0 e della Ricerca, \u00e8 organo consultivo della Pubblica Amministrazione e svolge funzioni di raccordo e coordinamento delle attivit\u00e0 istituzionali dei Conservatori nel contesto dell\u2019alta formazione e specializzazione accademica nelle materie musicali per la cui funzionalit\u00e0 assicura uniformit\u00e0 di indirizzi operativi.<\/p>\n<p class=\"western\" align=\"justify\">Sin dal suo insediamento, il Ministro Anna Maria Bernini ha sottolineato l\u2019importanza dell\u2019alta formazione artistica, musicale e coreutica nel sistema universitario italiano e le potenzialit\u00e0 connesse con la particolare qualit\u00e0 dell\u2019offerta didattica delle Istituzioni conservatoriali, capaci di attrarre una rilevante domanda formativa estera.<\/p>\n<p class=\"western\" align=\"justify\">Concetto ribadito, tra l\u2019altro, nella prestigiosa sede del ministero per gli Affari Esteri il 21 febbraio scorso, presenti oltre al ministro Bernini, i ministri degli Esteri, dell\u2019Istruzione e del Turismo, nel corso del Convegno sul \u201critorno\u201d in patria degli italodiscendenti.<\/p>\n","protected":false},"excerpt":{"rendered":"<p>&nbsp; &nbsp; Comunicato stampa Ivano Iai eletto Presidente della Conferenza Nazionale dei Presidenti dei Conservatori. L\u2019Avv. Ivano Iai, Presidente del [&hellip;]<\/p>\n","protected":false},"author":1,"featured_media":0,"comment_status":"open","ping_status":"open","sticky":false,"template":"","format":"standard","meta":{"footnotes":""},"categories":[10,46],"tags":[],"class_list":["post-40098","post","type-post","status-publish","format-standard","hentry","category-italiano","category-musica"],"_links":{"self":[{"href":"https:\/\/www.ecoitaliano.com.ar\/index.php?rest_route=\/wp\/v2\/posts\/40098","targetHints":{"allow":["GET"]}}],"collection":[{"href":"https:\/\/www.ecoitaliano.com.ar\/index.php?rest_route=\/wp\/v2\/posts"}],"about":[{"href":"https:\/\/www.ecoitaliano.com.ar\/index.php?rest_route=\/wp\/v2\/types\/post"}],"author":[{"embeddable":true,"href":"https:\/\/www.ecoitaliano.com.ar\/index.php?rest_route=\/wp\/v2\/users\/1"}],"replies":[{"embeddable":true,"href":"https:\/\/www.ecoitaliano.com.ar\/index.php?rest_route=%2Fwp%2Fv2%2Fcomments&post=40098"}],"version-history":[{"count":0,"href":"https:\/\/www.ecoitaliano.com.ar\/index.php?rest_route=\/wp\/v2\/posts\/40098\/revisions"}],"wp:attachment":[{"href":"https:\/\/www.ecoitaliano.com.ar\/index.php?rest_route=%2Fwp%2Fv2%2Fmedia&parent=40098"}],"wp:term":[{"taxonomy":"category","embeddable":true,"href":"https:\/\/www.ecoitaliano.com.ar\/index.php?rest_route=%2Fwp%2Fv2%2Fcategories&post=40098"},{"taxonomy":"post_tag","embeddable":true,"href":"https:\/\/www.ecoitaliano.com.ar\/index.php?rest_route=%2Fwp%2Fv2%2Ftags&post=40098"}],"curies":[{"name":"wp","href":"https:\/\/api.w.org\/{rel}","templated":true}]}}