{"id":40107,"date":"2023-07-08T17:48:33","date_gmt":"2023-07-08T17:48:33","guid":{"rendered":"http:\/\/www.ecoitaliano.com.ar\/?p=40107"},"modified":"2023-07-08T17:48:33","modified_gmt":"2023-07-08T17:48:33","slug":"serena-conduce-operaclassica-eco-italiano-2546","status":"publish","type":"post","link":"https:\/\/www.ecoitaliano.com.ar\/?p=40107","title":{"rendered":"Serena conduce operaclassica eco italiano"},"content":{"rendered":"<p style=\"text-align: center;\"><a href=\"http:\/\/www.ecoitaliano.com.ar\/wp-content\/uploads\/2023\/07\/image001-1.png\"><img decoding=\"async\" class=\"alignnone size-full wp-image-40052\" src=\"http:\/\/www.ecoitaliano.com.ar\/wp-content\/uploads\/2023\/07\/image001-1.png\" alt=\"\" width=\"148\" height=\"93\" \/><\/a><\/p>\n<p>Ufficio stampa\u00a0\u00a0\u00a0\u00a0\u00a0\u00a0\u00a0\u00a0\u00a0\u00a0\u00a0\u00a0\u00a0\u00a0\u00a0\u00a0\u00a0\u00a0\u00a0\u00a0\u00a0\u00a0\u00a0\u00a0\u00a0\u00a0\u00a0\u00a0\u00a0\u00a0\u00a0\u00a0\u00a0\u00a0\u00a0\u00a0\u00a0\u00a0\u00a0\u00a0\u00a0\u00a0\u00a0\u00a0\u00a0\u00a0\u00a0\u00a0\u00a0\u00a0\u00a0\u00a0 \u00a0\u00a0\u00a0\u00a0\u00a0\u00a0\u00a0 \u00a0\u00a0\u00a008\/07\/2023<\/p>\n<p><strong>\u00a0<\/strong><\/p>\n<p>&nbsp;<\/p>\n<p><strong>DOMENICA TORNA L\u2019<em>AIDA<\/em> \u201cDI CRISTALLO\u201d AL 100\u00b0 ARENA DI VERONA OPERA FESTIVAL <\/strong><\/p>\n<p><strong>\u00a0<\/strong><\/p>\n<p><strong><em>5^ rappresentazione dell\u2019opera regina dell\u2019Arena nella spettacolare nuova produzione firmata da Stefano Poda: il cast internazionale vede protagonisti Siri, Eyvazov, Petrova, Siwek e Park diretti dal M\u00b0 Armiliato<\/em><\/strong><\/p>\n<p><strong><em>Stasera la prima de <\/em><\/strong><strong>La Traviata, <em>nel classico allestimento di Franco Zeffirelli, sua ultima creazione in assoluto con Fiume, Meli e Salsi diretti da Battistoni<\/em><\/strong><\/p>\n<p><em>\u00a0<\/em><\/p>\n<p><strong>AIDA<\/strong><\/p>\n<p><em><u>domenica 9 luglio alle 21.00<\/u><\/em><\/p>\n<p><strong>\u00a0<\/strong><\/p>\n<p><strong>Maria Jos\u00e8 Siri torna nei panni della protagonista verdiana per la quinta recita del titolo che ha inaugurato il il 100\u00b0 Festival areniano: Stefano Poda cura regia, scene, costumi, luci e coreografie <\/strong>di questa <em>Aida<\/em> definita \u201cdi cristallo\u201d per le trasparenze che dominano l\u2019enorme palcoscenico, un piano inclinato, con piramidi di luce e laser e una colossale mano, simbolo del potere dell\u2019uomo di creare e distruggere, benedire e uccidere. Con lei tornano gli applauditi interpreti della prima: il Radam\u00e9s del tenore <strong>Yusif Eyvazov<\/strong>, forte anche del felice debutto come Duca in <em>Rigoletto<\/em>, e la principessa Amneris del mezzosoprano <strong>Olesya Petrova<\/strong>. Si confermano <strong>Youngjun<\/strong> <strong>Park<\/strong> nel ruolo di Amonasro, padre di Aida e re degli Etiopi, <strong>Abramo Rosalen<\/strong> come Re degli Egizi e <strong>Riccardo Rados<\/strong> come messaggero. Debuttano invece il basso <strong>Rafa\u0142 Siwek<\/strong> come gran sacerdote Ramfis e il soprano <strong>Yao Bohui<\/strong> come sacerdotessa.<\/p>\n<p>Il mondo in guerra che divide Aida e Radames \u00e8 rappresentato in scena da <strong>300 figuranti<\/strong> partecipi dei conflitti dentro e fuori i personaggi, oltre al <strong>Ballo<\/strong> coordinato da Gaetano Petrosino e al <strong>Coro<\/strong> preparato da Roberto Gabbiani, coinvolti <strong>in un viaggio dantesco<\/strong> dagli inferi alla pace. <strong>Led, laser e inediti effetti luce esaltano le linee dell\u2019Arena<\/strong>. I costumi rimandano all\u2019iconografia classica dell\u2019Egitto, a una ritualit\u00e0 senza tempo, all\u2019arte contemporanea, Paco Rabanne, Capucci, Damien Hirst.<\/p>\n<p><u>Repliche: 16, 21, 30 luglio &#8211; 2, 18, 23 agosto &#8211; 3, 8 settembre <\/u><\/p>\n<p>Biglietti a partire da 24 euro. Info: <a href=\"http:\/\/www.arena.it\">www.arena.it<\/a><\/p>\n<p>&nbsp;<\/p>\n<p>Stasera, sabato 8 luglio, va in scena la prima stagionale de <strong><em>La Traviata<\/em><\/strong> di Verdi nell\u2019allestimento classico e romantico che Franco Zeffirelli ha pensato come suo lascito artistico per l\u2019Arena di Verona, con costumi di Maurizio Millenotti: Andrea Battistoni dirige un cast italiano capitanato da Gilda Fiume, Francesco Meli e Luca Salsi. Nelle coreografie debuttano i primi ballerini Timofej Andrijashenko e Nicoletta Manni, gi\u00e0 protagonisti della spettacolare promessa di matrimonio in Arena nel 2022.<\/p>\n<p>Il 100\u00b0 Arena di Verona Opera Festival 2023, che si svolge con il doppio <strong>patrocinio del Ministero della Cultura e della Regione del Veneto<\/strong>, \u00e8 in scena fino al 9 settembre con 8 titoli d\u2019opera, 4 serate di gala e un concerto straordinario. L\u2019eccezionalit\u00e0 di questa edizione si rispecchia anche nel parterre degli sponsor privati. Ai partner storici si aggiunge un folto numero di nuovi marchi. Tra gli sponsor di lungo corso Fondazione Arena di Verona desidera ringraziare in primis <strong>UniCredit<\/strong>, che vanta una longevit\u00e0 di collaborazione di oltre 25 anni, <strong>Calzedonia, Pastificio Rana, Volkswagen Group Italia, DB Bahn, RTL 102.5<\/strong>. Alla compagine degli official sponsor si aggiungono quest\u2019anno <strong>Forno Bonomi<\/strong>, <strong>Metinvest\/Saving Lives<\/strong>, <strong>Genny<\/strong>, che firma le nuove divise del personale adibito all\u2019accoglienza del pubblico e <strong>M\u00fcller<\/strong>, che sosterr\u00e0 i progetti di accessibilit\u00e0 dedicati alle persone con disabilit\u00e0. Tra gli official partner, a marchi storici quali <strong>Veronafiere<\/strong>, <strong>Air Dolomiti, A4 Holding, Casa Sartori, SABA Italia, SDG Group<\/strong> e al Cultural Partner <strong>Palazzo Maffei<\/strong>, vanno ad aggiungersi <strong>Acqua Dolomia, Sanagol<\/strong> e <strong>Mantova Village<\/strong>. Un ringraziamento doveroso va naturalmente anche a imprese, privati, ordini professionali che compongono la schiera della Membership <strong>67 Colonne per l\u2019Arena di Verona<\/strong>, fondata da Gianluca Rana, dell\u2019omonimo pastificio, e da Sandro Veronesi, patron del Gruppo Calzedonia, che giunge quest\u2019anno alla sua terza edizione.<\/p>\n<p><strong>\u00a0<\/strong><\/p>\n<p>&nbsp;<\/p>\n<p><strong>Informazioni\u00a0 <\/strong><\/p>\n<p><strong>Ufficio Stampa Fondazione Arena di Verona\u00a0 <\/strong><\/p>\n<p>Via Roma 7\/D, 37121 Verona\u00a0 &#8211; tel. (+39) 045 805.1861-1905-1891-1939<\/p>\n<p><a href=\"mailto:ufficio.stampa@arenadiverona.it\">ufficio.stampa@arenadiverona.it<\/a><\/p>\n<p><strong>\u00a0<\/strong><\/p>\n<p><strong>Biglietteria\u00a0 <\/strong><\/p>\n<p>Via Dietro Anfiteatro 6\/B, 37121 Verona &#8211; <a href=\"mailto:biglietteria@arenadiverona.it\">biglietteria@arenadiverona.it<\/a><\/p>\n<p>Call center (+39) 045 800.51.51 &#8211; <a href=\"http:\/\/www.arena.it\">www.arena.it<\/a><\/p>\n<p>Punti di prevendita TicketOne<\/p>\n<p><strong>\u00a0<\/strong><\/p>\n<p><strong>\u00a0<\/strong><\/p>\n<p><strong>100\u00b0 Arena di Verona Opera Festival 2023<\/strong><\/p>\n<p>dal 16 giugno al 9 settembre<\/p>\n<p>&nbsp;<\/p>\n<p><strong>Aida<\/strong><\/p>\n<p>di Giuseppe Verdi | <em>Regia <\/em>Stefano Poda | <strong>NUOVA PRODUZIONE<\/strong><\/p>\n<p>16, 17, 25, 29 giugno <em>ore<\/em> <em>21.15<\/em> | 9, 16, 21, 30 luglio <em>ore<\/em> <em>21.00<\/em><\/p>\n<p>2, 18, 23 agosto <em>ore<\/em> <em>20.45<\/em> | 3, 8 settembre <em>ore<\/em> <em>20.45<\/em><\/p>\n<p><strong>Carmen<\/strong><\/p>\n<p>di Georges Bizet | <em>Regia<\/em> Franco Zeffirelli<\/p>\n<p>23 giugno <em>ore<\/em> <em>21.15 <\/em>| 6 luglio <em>ore<\/em> <em>21.00<\/em><\/p>\n<p>11, 24 agosto <em>ore<\/em> <em>20.45 <\/em>| 6 settembre <em>ore<\/em> <em>20.45<\/em><\/p>\n<p><strong>Il Barbiere di Siviglia<\/strong><\/p>\n<p>di Gioachino Rossini | <em>Regia<\/em> Hugo de Ana<\/p>\n<p>24, 30 giugno <em>ore<\/em> <em>21.15 <\/em>| 13, 22 luglio <em>ore<\/em> <em>21.00<\/em><\/p>\n<p><strong>Rigoletto<\/strong><\/p>\n<p>di Giuseppe Verdi | <em>Regia <\/em>Antonio Albanese | <strong>NUOVA PRODUZIONE<\/strong><\/p>\n<p>1, 7, 20 luglio <em>ore<\/em> <em>21.00 <\/em>| 4 agosto <em>ore<\/em> <em>20.45<\/em><\/p>\n<p><strong>La Traviata<\/strong><\/p>\n<p>di Giuseppe Verdi | <em>Regia<\/em> Franco Zeffirelli<\/p>\n<p>8, 14, 27 luglio <em>ore<\/em> <em>21.00<\/em> | 19, 26 agosto <em>ore<\/em> <em>20.45<\/em> | 9 settembre <em>ore<\/em> <em>20.45<\/em><\/p>\n<p><strong>Nabucco<\/strong><\/p>\n<p>di Giuseppe Verdi | <em>Regia<\/em> Gianfranco de Bosio<\/p>\n<p>15, 28 luglio <em>ore<\/em> <em>21.00 <\/em>| 3, 17 agosto <em>ore<\/em> <em>20.45<\/em><\/p>\n<p><strong>Roberto Bolle and Friends<\/strong><\/p>\n<p>19 luglio <em>ore<\/em> <em>21.15<\/em><\/p>\n<p><strong>Juan Diego Fl<\/strong><strong>\u00f3<\/strong><strong>rez <\/strong><strong>in Opera-Arena 100<\/strong><\/p>\n<p>23 luglio <em>ore<\/em> <em>21.00<\/em><\/p>\n<p><strong>Tosca<\/strong><\/p>\n<p>di Giacomo Puccini | <em>Regia<\/em> Hugo de Ana<\/p>\n<p>29 luglio <em>ore<\/em> <em>21.00<\/em> | 5, 10 agosto <em>ore<\/em> <em>20.45<\/em> | 1 settembre <em>ore<\/em> <em>20.45<\/em><\/p>\n<p><strong>Pl<\/strong><strong>\u00e1<\/strong><strong>cido Domingo<\/strong><strong> in Opera-Arena 100<\/strong><\/p>\n<p>6 agosto <em>ore<\/em> <em>21.00<\/em><\/p>\n<p><strong>Madama Butterfly<\/strong><\/p>\n<p>di Giacomo Puccini | <em>Regia<\/em> Franco Zeffirelli<\/p>\n<p>12, 25 agosto <em>ore<\/em> <em>20.45 <\/em>| 2, 7 settembre <em>ore<\/em> <em>20.45<\/em><\/p>\n<p><strong>Jonas Kaufmann <\/strong><strong>in Opera-Arena 100<\/strong><\/p>\n<p>20 agosto <em>ore<\/em> <em>21.00<\/em><\/p>\n<p><strong>Teatro alla Scala in Arena di Verona<\/strong><\/p>\n<p>31 agosto <em>ore 21.00<\/em><\/p>\n<p><em>\u00a0<\/em><\/p>\n<p><a href=\"http:\/\/www.ecoitaliano.com.ar\/wp-content\/uploads\/2023\/07\/Aida_290623_EnneviFoto_DSCF5192-min.jpg\"><img decoding=\"async\" class=\"alignnone size-medium wp-image-40108\" src=\"http:\/\/www.ecoitaliano.com.ar\/wp-content\/uploads\/2023\/07\/Aida_290623_EnneviFoto_DSCF5192-min-200x300.jpg\" alt=\"\" width=\"200\" height=\"300\" srcset=\"https:\/\/www.ecoitaliano.com.ar\/wp-content\/uploads\/2023\/07\/Aida_290623_EnneviFoto_DSCF5192-min-200x300.jpg 200w, https:\/\/www.ecoitaliano.com.ar\/wp-content\/uploads\/2023\/07\/Aida_290623_EnneviFoto_DSCF5192-min-768x1152.jpg 768w, https:\/\/www.ecoitaliano.com.ar\/wp-content\/uploads\/2023\/07\/Aida_290623_EnneviFoto_DSCF5192-min-683x1024.jpg 683w, https:\/\/www.ecoitaliano.com.ar\/wp-content\/uploads\/2023\/07\/Aida_290623_EnneviFoto_DSCF5192-min-100x150.jpg 100w\" sizes=\"(max-width: 200px) 100vw, 200px\" \/><\/a> <a href=\"http:\/\/www.ecoitaliano.com.ar\/wp-content\/uploads\/2023\/07\/Aida_290623_EnneviFoto_DSCF5964-min.jpg\"><img decoding=\"async\" class=\"alignnone size-medium wp-image-40109\" src=\"http:\/\/www.ecoitaliano.com.ar\/wp-content\/uploads\/2023\/07\/Aida_290623_EnneviFoto_DSCF5964-min-300x200.jpg\" alt=\"\" width=\"300\" height=\"200\" srcset=\"https:\/\/www.ecoitaliano.com.ar\/wp-content\/uploads\/2023\/07\/Aida_290623_EnneviFoto_DSCF5964-min-300x200.jpg 300w, https:\/\/www.ecoitaliano.com.ar\/wp-content\/uploads\/2023\/07\/Aida_290623_EnneviFoto_DSCF5964-min-768x512.jpg 768w, https:\/\/www.ecoitaliano.com.ar\/wp-content\/uploads\/2023\/07\/Aida_290623_EnneviFoto_DSCF5964-min-1024x683.jpg 1024w, https:\/\/www.ecoitaliano.com.ar\/wp-content\/uploads\/2023\/07\/Aida_290623_EnneviFoto_DSCF5964-min-150x100.jpg 150w\" sizes=\"(max-width: 300px) 100vw, 300px\" \/><\/a> <a href=\"http:\/\/www.ecoitaliano.com.ar\/wp-content\/uploads\/2023\/07\/Aida_EnneviFoto_170623_MM48275-min.jpg\"><img decoding=\"async\" class=\"alignnone size-medium wp-image-40110\" src=\"http:\/\/www.ecoitaliano.com.ar\/wp-content\/uploads\/2023\/07\/Aida_EnneviFoto_170623_MM48275-min-300x200.jpg\" alt=\"\" width=\"300\" height=\"200\" srcset=\"https:\/\/www.ecoitaliano.com.ar\/wp-content\/uploads\/2023\/07\/Aida_EnneviFoto_170623_MM48275-min-300x200.jpg 300w, https:\/\/www.ecoitaliano.com.ar\/wp-content\/uploads\/2023\/07\/Aida_EnneviFoto_170623_MM48275-min-768x512.jpg 768w, https:\/\/www.ecoitaliano.com.ar\/wp-content\/uploads\/2023\/07\/Aida_EnneviFoto_170623_MM48275-min-1024x683.jpg 1024w, https:\/\/www.ecoitaliano.com.ar\/wp-content\/uploads\/2023\/07\/Aida_EnneviFoto_170623_MM48275-min-150x100.jpg 150w\" sizes=\"(max-width: 300px) 100vw, 300px\" \/><\/a> <a href=\"http:\/\/www.ecoitaliano.com.ar\/wp-content\/uploads\/2023\/07\/Aida_EnneviFoto_170623_MM48332-min.jpg\"><img decoding=\"async\" class=\"alignnone size-medium wp-image-40111\" src=\"http:\/\/www.ecoitaliano.com.ar\/wp-content\/uploads\/2023\/07\/Aida_EnneviFoto_170623_MM48332-min-200x300.jpg\" alt=\"\" width=\"200\" height=\"300\" srcset=\"https:\/\/www.ecoitaliano.com.ar\/wp-content\/uploads\/2023\/07\/Aida_EnneviFoto_170623_MM48332-min-200x300.jpg 200w, https:\/\/www.ecoitaliano.com.ar\/wp-content\/uploads\/2023\/07\/Aida_EnneviFoto_170623_MM48332-min-768x1152.jpg 768w, https:\/\/www.ecoitaliano.com.ar\/wp-content\/uploads\/2023\/07\/Aida_EnneviFoto_170623_MM48332-min-683x1024.jpg 683w, https:\/\/www.ecoitaliano.com.ar\/wp-content\/uploads\/2023\/07\/Aida_EnneviFoto_170623_MM48332-min-100x150.jpg 100w\" sizes=\"(max-width: 200px) 100vw, 200px\" \/><\/a> <a href=\"http:\/\/www.ecoitaliano.com.ar\/wp-content\/uploads\/2023\/07\/Aida_EnneviFoto_170623_MM48530-min.jpg\"><img decoding=\"async\" class=\"alignnone size-medium wp-image-40112\" src=\"http:\/\/www.ecoitaliano.com.ar\/wp-content\/uploads\/2023\/07\/Aida_EnneviFoto_170623_MM48530-min-300x200.jpg\" alt=\"\" width=\"300\" height=\"200\" srcset=\"https:\/\/www.ecoitaliano.com.ar\/wp-content\/uploads\/2023\/07\/Aida_EnneviFoto_170623_MM48530-min-300x200.jpg 300w, https:\/\/www.ecoitaliano.com.ar\/wp-content\/uploads\/2023\/07\/Aida_EnneviFoto_170623_MM48530-min-768x512.jpg 768w, https:\/\/www.ecoitaliano.com.ar\/wp-content\/uploads\/2023\/07\/Aida_EnneviFoto_170623_MM48530-min-1024x683.jpg 1024w, https:\/\/www.ecoitaliano.com.ar\/wp-content\/uploads\/2023\/07\/Aida_EnneviFoto_170623_MM48530-min-150x100.jpg 150w\" sizes=\"(max-width: 300px) 100vw, 300px\" \/><\/a><\/p>\n","protected":false},"excerpt":{"rendered":"<p>Ufficio stampa\u00a0\u00a0\u00a0\u00a0\u00a0\u00a0\u00a0\u00a0\u00a0\u00a0\u00a0\u00a0\u00a0\u00a0\u00a0\u00a0\u00a0\u00a0\u00a0\u00a0\u00a0\u00a0\u00a0\u00a0\u00a0\u00a0\u00a0\u00a0\u00a0\u00a0\u00a0\u00a0\u00a0\u00a0\u00a0\u00a0\u00a0\u00a0\u00a0\u00a0\u00a0\u00a0\u00a0\u00a0\u00a0\u00a0\u00a0\u00a0\u00a0\u00a0\u00a0\u00a0 \u00a0\u00a0\u00a0\u00a0\u00a0\u00a0\u00a0 \u00a0\u00a0\u00a008\/07\/2023 \u00a0 &nbsp; DOMENICA TORNA L\u2019AIDA \u201cDI CRISTALLO\u201d AL 100\u00b0 ARENA DI VERONA OPERA FESTIVAL \u00a0 5^ [&hellip;]<\/p>\n","protected":false},"author":1,"featured_media":0,"comment_status":"open","ping_status":"open","sticky":false,"template":"","format":"standard","meta":{"footnotes":""},"categories":[1],"tags":[],"class_list":["post-40107","post","type-post","status-publish","format-standard","hentry","category-sin-categoria"],"_links":{"self":[{"href":"https:\/\/www.ecoitaliano.com.ar\/index.php?rest_route=\/wp\/v2\/posts\/40107","targetHints":{"allow":["GET"]}}],"collection":[{"href":"https:\/\/www.ecoitaliano.com.ar\/index.php?rest_route=\/wp\/v2\/posts"}],"about":[{"href":"https:\/\/www.ecoitaliano.com.ar\/index.php?rest_route=\/wp\/v2\/types\/post"}],"author":[{"embeddable":true,"href":"https:\/\/www.ecoitaliano.com.ar\/index.php?rest_route=\/wp\/v2\/users\/1"}],"replies":[{"embeddable":true,"href":"https:\/\/www.ecoitaliano.com.ar\/index.php?rest_route=%2Fwp%2Fv2%2Fcomments&post=40107"}],"version-history":[{"count":0,"href":"https:\/\/www.ecoitaliano.com.ar\/index.php?rest_route=\/wp\/v2\/posts\/40107\/revisions"}],"wp:attachment":[{"href":"https:\/\/www.ecoitaliano.com.ar\/index.php?rest_route=%2Fwp%2Fv2%2Fmedia&parent=40107"}],"wp:term":[{"taxonomy":"category","embeddable":true,"href":"https:\/\/www.ecoitaliano.com.ar\/index.php?rest_route=%2Fwp%2Fv2%2Fcategories&post=40107"},{"taxonomy":"post_tag","embeddable":true,"href":"https:\/\/www.ecoitaliano.com.ar\/index.php?rest_route=%2Fwp%2Fv2%2Ftags&post=40107"}],"curies":[{"name":"wp","href":"https:\/\/api.w.org\/{rel}","templated":true}]}}