{"id":40126,"date":"2023-07-09T20:00:28","date_gmt":"2023-07-09T20:00:28","guid":{"rendered":"http:\/\/www.ecoitaliano.com.ar\/?p=40126"},"modified":"2023-07-09T20:00:28","modified_gmt":"2023-07-09T20:00:28","slug":"fazendas-cafe-cana-de-acucar-vinha-e-uvas-marchigiani-in-brasile","status":"publish","type":"post","link":"https:\/\/www.ecoitaliano.com.ar\/?p=40126","title":{"rendered":"\u2018Fazendas, caf\u00e9, cana-de-a\u00e7\u00facar, vinha e uvas- Marchigiani in Brasile\u2019"},"content":{"rendered":"<p>&nbsp;<\/p>\n<p><a href=\"http:\/\/www.ecoitaliano.com.ar\/wp-content\/uploads\/2023\/07\/Fazendas-Immagine-grande.jpg\"><img decoding=\"async\" class=\"alignnone size-full wp-image-40127\" src=\"http:\/\/www.ecoitaliano.com.ar\/wp-content\/uploads\/2023\/07\/Fazendas-Immagine-grande.jpg\" alt=\"\" width=\"628\" height=\"843\" srcset=\"https:\/\/www.ecoitaliano.com.ar\/wp-content\/uploads\/2023\/07\/Fazendas-Immagine-grande.jpg 628w, https:\/\/www.ecoitaliano.com.ar\/wp-content\/uploads\/2023\/07\/Fazendas-Immagine-grande-223x300.jpg 223w, https:\/\/www.ecoitaliano.com.ar\/wp-content\/uploads\/2023\/07\/Fazendas-Immagine-grande-112x150.jpg 112w\" sizes=\"(max-width: 628px) 100vw, 628px\" \/><\/a><\/p>\n<div><\/div>\n<div><\/div>\n<div><strong>\u2018Fazendas, caf\u00e9, cana-de-a\u00e7\u00facar, vinha e uvas- Marchigiani in Brasile\u2019<\/strong><\/div>\n<div><\/div>\n<div>E&#8217; uscito in questi giorni, per i tipi della Mazzanti Libri di Venezia, \u2018<strong>Fazendas, caf\u00e9, cana-de-a\u00e7\u00facar, vinha e uvas- Marchigiani in Brasile<\/strong>\u2019 della giornalista pesarese Paola Cecchini, secondo al Premio \u2018Dispatriati- opere inedite di migrazioni\u2019 (Jesolo, 2022).<br \/>\nPartendo dai cartografi e bandeirantes del XVI secolo, il libro racconta la colonizzazione del Paese, l\u2019emigrazione di massa con le sue leggi e decreti vari, soffermandosi sul cammino verso la libert\u00e0 degli schiavi neri, fino ad arrivare alla Lei Visconde do Rio Branco (detta Lei do Ventre Livre) del 1871 (che garantiva ai figli di madre schiava la libert\u00e0 al 21\u00b0 anno di et\u00e0) e alla Lei Aurea del 1888, tramite cui la Principessa Imperiale Reggente Isabella Gonzaga d&#8217;Orl\u00e9ans-Braganza (figlia e erede del erede dell&#8217;imperatore Pietro II) \u2018declara extinta a escravid\u00e3o no Brasil\u201d guadagnandosi il titolo di Redentora.<br \/>\nL\u2019autrice si addentra, quindi, nell\u2019era del caff\u00e8 che segue quella dello zucchero (engenho de a\u00e7\u00facar) e dell&#8217;oro (con il ritrovamento di giacimenti alluvionali nel Minas Gerais) e che finir\u00e0 per dominare la vita economica, culturale e sociale dell\u2019intero Paese, conferendo a S\u00e3o Paulo il titolo di centro dell\u2019immigrazione europea e italiana in particolare, grazie alle aziende di valenti imprenditori : Rodolfo Crespi, Alessandro Siciliano, Egidio Pinotti Gamba, Geremia Lunardelli e soprattutto il salernitano Francesco Matarazzo che rappresentava \u2018dal punto di vista economico e finanziario il 2\u00b0 Stato brasiliano\u2019.<br \/>\nLa seconda parte del libro \u00e8 dedicata all\u2019emigrazione di 25 famiglie che nei primi anni Cinquanta lasciarono le Marche dopo aver acquistato terreni agricoli in Brasile.<br \/>\nIngannati dallo Stato italiano, si ritroveranno a vivere in regime di semi-schiavit\u00f9 nelle fazendas di caff\u00e8 e canna da zucchero da cui fuggiranno di notte grazie all\u2019aiuto di un sacerdote veneto.<br \/>\nAbbandonato il sogno che li aveva spinti oltreoceano, si rimboccheranno le maniche in citt\u00e0 dove costruiranno una seconda vita, godendo di un Paese ospitale e con un buon clima, ricordando sorridendo le parole del leader del gruppo:<br \/>\n\u2018 I primi dieci anni sono sempre terribili, si sa, ma dopo passa!\u2019<\/div>\n<p>&nbsp;<\/p>\n<p><a href=\"http:\/\/www.ecoitaliano.com.ar\/wp-content\/uploads\/2023\/07\/Sin-t\u00edtulo.jpeg\"><img decoding=\"async\" class=\"alignnone size-full wp-image-40128\" src=\"http:\/\/www.ecoitaliano.com.ar\/wp-content\/uploads\/2023\/07\/Sin-t\u00edtulo.jpeg\" alt=\"\" width=\"225\" height=\"225\" srcset=\"https:\/\/www.ecoitaliano.com.ar\/wp-content\/uploads\/2023\/07\/Sin-t\u00edtulo.jpeg 225w, https:\/\/www.ecoitaliano.com.ar\/wp-content\/uploads\/2023\/07\/Sin-t\u00edtulo-150x150.jpeg 150w\" sizes=\"(max-width: 225px) 100vw, 225px\" \/><\/a><\/p>\n<p class=\"western\" align=\"justify\"><span style=\"font-family: Arial, serif;\"><span style=\"font-size: small;\"><b>Paola Cecchini (cenni biografici)<\/b><\/span><\/span><\/p>\n<p class=\"western\" align=\"justify\"><span style=\"font-family: Arial, serif;\"><span style=\"font-size: small;\">Giornalista professionista pesarese, Paola Cecchini collabora con numerose testate online nazionali ed estere, occupandosi di musica, arte, storia e migrazioni.<\/span><\/span><\/p>\n<p class=\"western\" align=\"justify\"><span style=\"font-family: Arial, serif;\"><span style=\"font-size: small;\">Presso i pi\u00f9 importanti Istituti Italiani di Cultura in Europa e Sud America ha presentato i suoi libri: \u2018<\/span><\/span><span style=\"font-family: Arial, serif;\"><span style=\"font-size: small;\"><i>In cucina con Rossini\u2019 (<\/i><\/span><\/span><span style=\"font-family: Arial, serif;\"><span style=\"font-size: small;\">1992); \u2018<\/span><\/span><span style=\"font-family: Arial, serif;\"><span style=\"font-size: small;\"><i>La Corte squisita\u2026(1995), \u2018Loreto ieri e oggi, nella storia e nell\u2019arte\u2019<\/i><\/span><\/span><span style=\"font-family: Arial, serif;\"><span style=\"font-size: small;\"> (2005); \u2018<\/span><\/span><span style=\"font-family: Arial, serif;\"><span style=\"font-size: small;\"><i>Habemus papam- un modo nuovo di interpretare una vecchia storia\u2019<\/i><\/span><\/span><span style=\"font-family: Arial, serif;\"><span style=\"font-size: small;\"> (2006); \u2018<\/span><\/span><span style=\"font-family: Arial, serif;\"><span style=\"font-size: small;\"><i>Terra promessa-il sogno argentino\u2019<\/i><\/span><\/span><span style=\"font-family: Arial, serif;\"><span style=\"font-size: small;\"> (2006); \u2018<\/span><\/span><span style=\"font-family: Arial, serif;\"><span style=\"font-size: small;\"><i>Fumo nero -Marcinelle 1956-2006\u2019 <\/i><\/span><\/span><span style=\"font-family: Arial, serif;\"><span style=\"font-size: small;\">(2006); \u2018<\/span><\/span><span style=\"font-family: Arial, serif;\"><span style=\"font-size: small;\"><i>All\u2019ombra di un sogno. Viaggio nell\u2019emigrazione italiana in Brasile\u2019 (<\/i><\/span><\/span><span style=\"font-family: Arial, serif;\"><span style=\"font-size: small;\">2007). <\/span><\/span><\/p>\n<p class=\"western\" align=\"justify\"><span style=\"font-family: Arial, serif;\"><span style=\"font-size: small;\">Vincitrice di diversi premi giornalistici e letterari, il 27 giugno scorso \u00e8 stata insignita presso il Senato della Repubblica del Premio Istituzionale \u2018<\/span><\/span><span style=\"font-family: Arial, serif;\"><span style=\"font-size: small;\"><i>Marchigiano dell\u2019anno\u2019<\/i><\/span><\/span><span style=\"font-family: Arial, serif;\"><span style=\"font-size: small;\">.<\/span><\/span><\/p>\n<p>&nbsp;<\/p>\n","protected":false},"excerpt":{"rendered":"<p>&nbsp; \u2018Fazendas, caf\u00e9, cana-de-a\u00e7\u00facar, vinha e uvas- Marchigiani in Brasile\u2019 E&#8217; uscito in questi giorni, per i tipi della Mazzanti [&hellip;]<\/p>\n","protected":false},"author":1,"featured_media":0,"comment_status":"open","ping_status":"open","sticky":false,"template":"","format":"standard","meta":{"footnotes":""},"categories":[10,22],"tags":[],"class_list":["post-40126","post","type-post","status-publish","format-standard","hentry","category-italiano","category-libros-y-revistas-literatura"],"_links":{"self":[{"href":"https:\/\/www.ecoitaliano.com.ar\/index.php?rest_route=\/wp\/v2\/posts\/40126","targetHints":{"allow":["GET"]}}],"collection":[{"href":"https:\/\/www.ecoitaliano.com.ar\/index.php?rest_route=\/wp\/v2\/posts"}],"about":[{"href":"https:\/\/www.ecoitaliano.com.ar\/index.php?rest_route=\/wp\/v2\/types\/post"}],"author":[{"embeddable":true,"href":"https:\/\/www.ecoitaliano.com.ar\/index.php?rest_route=\/wp\/v2\/users\/1"}],"replies":[{"embeddable":true,"href":"https:\/\/www.ecoitaliano.com.ar\/index.php?rest_route=%2Fwp%2Fv2%2Fcomments&post=40126"}],"version-history":[{"count":0,"href":"https:\/\/www.ecoitaliano.com.ar\/index.php?rest_route=\/wp\/v2\/posts\/40126\/revisions"}],"wp:attachment":[{"href":"https:\/\/www.ecoitaliano.com.ar\/index.php?rest_route=%2Fwp%2Fv2%2Fmedia&parent=40126"}],"wp:term":[{"taxonomy":"category","embeddable":true,"href":"https:\/\/www.ecoitaliano.com.ar\/index.php?rest_route=%2Fwp%2Fv2%2Fcategories&post=40126"},{"taxonomy":"post_tag","embeddable":true,"href":"https:\/\/www.ecoitaliano.com.ar\/index.php?rest_route=%2Fwp%2Fv2%2Ftags&post=40126"}],"curies":[{"name":"wp","href":"https:\/\/api.w.org\/{rel}","templated":true}]}}