{"id":40149,"date":"2023-07-10T15:07:30","date_gmt":"2023-07-10T15:07:30","guid":{"rendered":"http:\/\/www.ecoitaliano.com.ar\/?p=40149"},"modified":"2023-07-10T15:07:30","modified_gmt":"2023-07-10T15:07:30","slug":"serena-conduce-operaclassica-eco-italiano-2548","status":"publish","type":"post","link":"https:\/\/www.ecoitaliano.com.ar\/?p=40149","title":{"rendered":"Serena conduce operaclassica eco italiano"},"content":{"rendered":"<p><a href=\"http:\/\/www.ecoitaliano.com.ar\/wp-content\/uploads\/2023\/07\/fghjk.jpg\"><img decoding=\"async\" class=\"alignnone  wp-image-40150\" src=\"http:\/\/www.ecoitaliano.com.ar\/wp-content\/uploads\/2023\/07\/fghjk-300x63.jpg\" alt=\"\" width=\"367\" height=\"77\" srcset=\"https:\/\/www.ecoitaliano.com.ar\/wp-content\/uploads\/2023\/07\/fghjk-300x63.jpg 300w, https:\/\/www.ecoitaliano.com.ar\/wp-content\/uploads\/2023\/07\/fghjk-150x31.jpg 150w, https:\/\/www.ecoitaliano.com.ar\/wp-content\/uploads\/2023\/07\/fghjk.jpg 493w\" sizes=\"(max-width: 367px) 100vw, 367px\" \/><\/a><\/p>\n<p><strong><u>Piazza Verdi 19 luglio 2023, ore 21<\/u><\/strong><\/p>\n<p><strong>\u00a0<\/strong><\/p>\n<p><strong><em>\u201cMille e una Nota con gli Ottoni\u201d<\/em><\/strong><\/p>\n<p><strong>\u201cViaggio dal Rinascimento alla grande musica italiana da Film\u201d<\/strong><\/p>\n<ol>\n<li>Strauss (1864-1949) Also Sprach Zarathustra<\/li>\n<li>Susato (1510-1570) Susato Suite<\/li>\n<li>Charpentier (1643-1704) Preludio al \u201cTe Deum\u201d<\/li>\n<li>Purcell (1659-1663) Trumpet tune and air<\/li>\n<li>Clarke (1674-1707) Trumpet voluntary<\/li>\n<li>Verdi (1813-1901) Aida, \u201cMarcia Trionfale\u201d<\/li>\n<li>Puccini (1858-1924) Turandot, \u201cNessun Dorma\u201d<\/li>\n<li>Morricone (1928-2020) Nuovo cinema Paradiso, Mos\u00e8, Per un pugno di dollari<\/li>\n<li>Rota (1911-1979) Il Padrino<\/li>\n<li>Piovani La Vita \u00e8 Bella<\/li>\n<li>Hazell Three Brass Cats, Kraken<\/li>\n<\/ol>\n<p>&nbsp;<\/p>\n<p><strong>\u00abGLI OTTONI DEL TEATRO G. VERDI\u00bb<\/strong><\/p>\n<p><strong>Trombe: \u017diva Komar, Massimiliano Morosini, Massimiliano Oldrati, Carlo Beltrami<\/strong><\/p>\n<p><strong>Tromboni: Domenico Lazzaroni, Luca Erra<\/strong><\/p>\n<p><strong>Corni: Paolo Rizzuto, Simone Berteni, Chiara Bosco, Giorgio Raseni<\/strong><\/p>\n<p><strong>Tuba: Francesco Porta<\/strong><\/p>\n<p>&nbsp;<\/p>\n<p>Cambia il programma del concerto pubblico e gratuito previsto in Piazza Verdi il 19 luglio con un impaginato tutto dedicato alla musica per ottoni: colto nel suo spaziare dal grande Rinascimento alla musica contemporanea da film, bandistico nell\u2019accezione pi\u00f9 alta e famigliare; perci\u00f2, popolare e festoso per la natura dello strumento e per la collocazione en plein air in una delle piazze pi\u00f9 amate di Trieste.<\/p>\n<p>Gli ottoni del Verdi sono oggi uno degli ensemble pi\u00f9 vivaci e curiosi nella ricerca di nuovi repertori fra quelli nati in seno all\u2019orchestra del teatro lirico di Trieste e in tal senso meritano di essere valorizzati per il contributo che danno all\u2019esplorazione musicale in citt\u00e0, soprattutto all\u2019aperto dove la natura anche bandistica dello strumento supera naturalmente i problemi di suono. Dall\u2019iconico <em>Also Sprach <\/em><em>Zarathustra<\/em> di Richard Strauss al rarissimo Tielman Susato, compositore fiammingo cinquecentesco, arrivando all\u2019opera italiana attraverso il Barocco inglese per finire nel Novecento cinematografico italiano, il programma <em>Mille e una Nota <\/em>degli Ottoni del Verdi far\u00e0 scoprire e riscoprire pagine musicali di grande impatto emotivo e indubbia curiosit\u00e0 culturale col suono antico e moderno, festoso e famigliare per eccellenza, quello che domina ogni banda di paese, ma che ancora oggi ci parla la lingua della regalit\u00e0.<\/p>\n<p>&nbsp;<\/p>\n<p><a href=\"mailto:ufficiostampa@teatroverdi-trieste.com\">ufficiostampa@teatroverdi-trieste.com<\/a><\/p>\n<p><a href=\"http:\/\/www.teatroverdi-trieste.com\">www.teatroverdi-trieste.com<\/a><\/p>\n<p>&nbsp;<\/p>\n<p>&nbsp;<\/p>\n<p>&nbsp;<\/p>\n<p>&nbsp;<\/p>\n<p>&nbsp;<\/p>\n<p>&nbsp;<\/p>\n<p>&nbsp;<\/p>\n<p>&nbsp;<\/p>\n<p>&nbsp;<\/p>\n<p>&nbsp;<\/p>\n<p>&nbsp;<\/p>\n<p>&nbsp;<\/p>\n<p>&nbsp;<\/p>\n<p>&nbsp;<\/p>\n<p>&nbsp;<\/p>\n<p>&nbsp;<\/p>\n<p>&nbsp;<\/p>\n<p>&nbsp;<\/p>\n<p>&nbsp;<\/p>\n<p>&nbsp;<\/p>\n","protected":false},"excerpt":{"rendered":"<p>Piazza Verdi 19 luglio 2023, ore 21 \u00a0 \u201cMille e una Nota con gli Ottoni\u201d \u201cViaggio dal Rinascimento alla grande [&hellip;]<\/p>\n","protected":false},"author":1,"featured_media":0,"comment_status":"open","ping_status":"open","sticky":false,"template":"","format":"standard","meta":{"footnotes":""},"categories":[1],"tags":[],"class_list":["post-40149","post","type-post","status-publish","format-standard","hentry","category-sin-categoria"],"_links":{"self":[{"href":"https:\/\/www.ecoitaliano.com.ar\/index.php?rest_route=\/wp\/v2\/posts\/40149","targetHints":{"allow":["GET"]}}],"collection":[{"href":"https:\/\/www.ecoitaliano.com.ar\/index.php?rest_route=\/wp\/v2\/posts"}],"about":[{"href":"https:\/\/www.ecoitaliano.com.ar\/index.php?rest_route=\/wp\/v2\/types\/post"}],"author":[{"embeddable":true,"href":"https:\/\/www.ecoitaliano.com.ar\/index.php?rest_route=\/wp\/v2\/users\/1"}],"replies":[{"embeddable":true,"href":"https:\/\/www.ecoitaliano.com.ar\/index.php?rest_route=%2Fwp%2Fv2%2Fcomments&post=40149"}],"version-history":[{"count":0,"href":"https:\/\/www.ecoitaliano.com.ar\/index.php?rest_route=\/wp\/v2\/posts\/40149\/revisions"}],"wp:attachment":[{"href":"https:\/\/www.ecoitaliano.com.ar\/index.php?rest_route=%2Fwp%2Fv2%2Fmedia&parent=40149"}],"wp:term":[{"taxonomy":"category","embeddable":true,"href":"https:\/\/www.ecoitaliano.com.ar\/index.php?rest_route=%2Fwp%2Fv2%2Fcategories&post=40149"},{"taxonomy":"post_tag","embeddable":true,"href":"https:\/\/www.ecoitaliano.com.ar\/index.php?rest_route=%2Fwp%2Fv2%2Ftags&post=40149"}],"curies":[{"name":"wp","href":"https:\/\/api.w.org\/{rel}","templated":true}]}}