{"id":41252,"date":"2023-07-27T15:42:30","date_gmt":"2023-07-27T15:42:30","guid":{"rendered":"http:\/\/www.ecoitaliano.com.ar\/?p=41252"},"modified":"2023-07-27T15:51:57","modified_gmt":"2023-07-27T15:51:57","slug":"serena-conduce-operaclassica-eco-italiano-2616","status":"publish","type":"post","link":"https:\/\/www.ecoitaliano.com.ar\/?p=41252","title":{"rendered":"Serena conduce operaclassica eco italiano"},"content":{"rendered":"<p style=\"text-align: center;\"><a href=\"http:\/\/www.ecoitaliano.com.ar\/wp-content\/uploads\/2023\/07\/Part_6-4.gif\"><img decoding=\"async\" class=\"alignnone size-full wp-image-41253\" src=\"http:\/\/www.ecoitaliano.com.ar\/wp-content\/uploads\/2023\/07\/Part_6-4.gif\" alt=\"\" width=\"116\" height=\"71\" \/><\/a><\/p>\n<p>Comunicato stampa<\/p>\n<p>&nbsp;<\/p>\n<p><strong>TCBO: IN PIAZZA MAGGIORE IL CONCERTO FINALE DEL CONCORSO DI COMPOSIZIONE \u201c2 AGOSTO\u201d<\/strong><\/p>\n<p>&nbsp;<\/p>\n<p><strong>Oltre ai tre brani premiati verr\u00e0 eseguito\u00a0il\u00a0<em>Requiem<\/em>\u00a0di Verdi<\/strong><\/p>\n<p>&nbsp;<\/p>\n<p><em>Mercoled\u00ec 2 agosto 2023 alle 21.15\u00a0anche in diretta su Rai5 e Rai Radio3<\/em><\/p>\n<p>&nbsp;<\/p>\n<p>Sar\u00e0 scandito da due momenti altamente simbolici il concerto finale della ventinovesima edizione del Concorso Internazionale di Composizione \u201c2 agosto\u201d che, come di consueto, si svolger\u00e0 in\u00a0Piazza Maggiore a Bologna\u00a0il 2 agosto alle 21.15, con trasmissione in diretta su Rai5 e Rai Radio3, per ricordare le vittime della strage alla Stazione di Bologna in quello stesso giorno del 1980.<\/p>\n<p>&nbsp;<\/p>\n<p>La prima parte della serata guarder\u00e0 al futuro, dando spazio ai giovani talenti, con la premiazione e l\u2019esecuzione delle tre partiture per orchestra senza strumenti solisti vincitrici del concorso di composizione, selezionate dalla giuria presieduta da Silvia\u00a0Colasanti e composta da Raquel Garc\u00eda Tom\u00e1s, Pedro Halffter, Francesco Filidei e\u00a0Jaume Santonja. Quest\u2019ultimo sar\u00e0 anche sul podio dell\u2019Orchestra del Teatro Comunale di Bologna per dirigere le tre composizioni premiate:\u00a0<em>How to repair your<\/em>\u00a0<em>Zeitgeist<\/em>\u00a0del siciliano\u00a0Leonardo Marino, classe 1992, ha ricevuto il\u00a0primo premio<em>,<\/em>\u00a0<em>Broken Streams<\/em>\u00a0del ventitreenne piacentino Davide Tramontano il secondo\u00a0e a\u00a0<em>Tides<\/em>\u00a0di Giovanni Ciardi, nato a Empoli nel 1989, \u00e8 andato\u00a0il terzo premio<em>.\u00a0<\/em>Ha ottenuto, inoltre, una menzione speciale il brano\u00a0<em>Scattered Views<\/em>\u00a0del compositore trentaquattrenne ceco basato a Vienna Otto Wanke.<\/p>\n<p>&nbsp;<\/p>\n<p>Nella seconda parte del concerto si potr\u00e0 ascoltare una grande pagina sinfonico-corale come la celebre<em>\u00a0Messa da Requiem<\/em>\u00a0di Giuseppe Verdi, con l\u2019Orchestra e il Coro del Teatro Comunale di Bologna diretti da Donato Renzetti e con la partecipazione del Coro del Teatro Regio di Parma. Solisti grandi artisti di fama internazionale come il soprano Selene Zanetti, il mezzosoprano Vasilisa Berzhanskaya, il tenore Antonio Poli e il basso Roberto Tagliavini. Maestro del Coro \u00e8 Gea Garatti Ansini. L\u2019esecuzione del\u00a0<em>Requiem<\/em>\u00a0\u00e8 frutto di una coproduzione tra il TCBO e il Macerata Opera Festival, di cui Renzetti \u00e8 il direttore musicale, che vedr\u00e0 i complessi artistici bolognesi e gli stessi interpreti protagonisti nel capolavoro verdiano anche sabato 29 luglio alle 21.00 allo Sferisterio.<\/p>\n<p>&nbsp;<\/p>\n<p>Il Concorso \u201c2 agosto\u201d, che dal 2019 \u00e8 organizzato dal Teatro Comunale di Bologna, \u00e8 patrocinato e promosso dall\u2019Associazione tra i Familiari delle Vittime della Strage alla Stazione di Bologna del 2 agosto 1980 e dal Comitato di Solidariet\u00e0 alle Vittime delle Stragi, ed \u00e8 nato nel 1994 con l\u2019intento non solo di tenere viva la memoria delle vittime, ma anche di rispondere alla violenza con la creativit\u00e0 dell\u2019arte e della musica. La manifestazione ha costituito, inoltre, un\u2019importante occasione per i giovani compositori di tutto il mondo di farsi conoscere e ascoltare, facendo eseguire le proprie opere da solisti di fama e orchestre di alto livello.<\/p>\n<p>&nbsp;<\/p>\n<p>L\u2019ingresso al concerto \u00e8 libero fino ad esaurimento dei posti disponibili.<\/p>\n<p>&nbsp;<\/p>\n<p>27.07.2023<\/p>\n<p>A questo link alle foto dei protagonisti:\u00a0<a href=\"https:\/\/www.dropbox.com\/sh\/5s44mdvbpbg9oae\/AADTih0lrsXZT62bT9NDsE82a?dl=0\">https:\/\/www.dropbox.com\/sh\/5s44mdvbpbg9oae\/AADTih0lrsXZT62bT9NDsE82a?dl=0<\/a><\/p>\n<p>Qui le biografie dei tre compositori e le presentazioni dei brani vincitori:\u00a0<a href=\"https:\/\/www.dropbox.com\/sh\/11r6fvpwc9cxxvq\/AAB6llZog7ib1V84RpELjJjwa?dl=0\">https:\/\/www.dropbox.com\/sh\/11r6fvpwc9cxxvq\/AAB6llZog7ib1V84RpELjJjwa?dl=0<\/a><\/p>\n<p>Ufficio Stampa &#8211; Skill&amp;Music<\/p>\n<p>Irene Sala &#8211; Carla Monni<\/p>\n<p>Fondazione Teatro Comunale di Bologna<\/p>\n<p>Largo Respighi, 1\u00a0&#8211; 40126 Bologna<\/p>\n<ol>\n<li><a href=\"tel:+39%20051%20529947\">+39 051 529947<\/a><\/li>\n<\/ol>\n<p>W-mail:\u00a0<a href=\"mailto:ufficiostampa@comunalebologna.it\">ufficiostampa@comunalebologna.it<\/a><\/p>\n<p><a href=\"http:\/\/www.tcbo.it\/\">www.tcbo.it<\/a><\/p>\n<p>&nbsp;<\/p>\n<p><strong>CONCORSO INTERNAZIONALE DI COMPOSIZIONE \u201c2 AGOSTO\u201d, XXIX edizione<\/strong><\/p>\n<p><strong><em>Concerto Finale<\/em><\/strong><\/p>\n<p><strong>Mercoled\u00ec 2 agosto, ore 21.15<\/strong><\/p>\n<p><strong>Piazza Maggiore, Bologna<\/strong><\/p>\n<p><strong>\u00a0<\/strong><\/p>\n<p>Primo Premio<\/p>\n<p>Leonardo Marino<br \/>\n<em>How to repair your\u00a0Zeitgeist<\/em><\/p>\n<p>&nbsp;<\/p>\n<p>Secondo Premio<br \/>\nDavide Tramontano<br \/>\n<em>Broken Streams<\/em><\/p>\n<p>&nbsp;<\/p>\n<p>Terzo Premio<br \/>\nGiovanni Ciardi<br \/>\n<em>Tides<\/em><\/p>\n<p><em>\u00a0<\/em><\/p>\n<p>Jaume Santonja<em>\u00a0direttore<\/em><\/p>\n<p>Orchestra del Teatro Comunale di Bologna<\/p>\n<p>&nbsp;<\/p>\n<p>***<\/p>\n<p>&nbsp;<\/p>\n<p>Giuseppe Verdi<\/p>\n<p><em>Messa da Requiem\u00a0<\/em>per soli,\u00a0coro e orchestra<\/p>\n<p>&nbsp;<\/p>\n<p>Donato Renzetti\u00a0<em>direttore<\/em><\/p>\n<p>Gea Garatti Ansini\u00a0<em>maestro del coro<\/em><\/p>\n<p>&nbsp;<\/p>\n<p>Selene Zanetti\u00a0<em>soprano<\/em><\/p>\n<p>Vasilisa Berzhanskaya\u00a0<em>mezzosoprano<\/em><\/p>\n<p>Antonio Poli\u00a0<em>tenore<\/em><\/p>\n<p>Roberto Tagliavini\u00a0<em>basso<\/em><\/p>\n<p>&nbsp;<\/p>\n<p>Orchestra e Coro del Teatro Comunale di Bologna<br \/>\nCoro del Teatro Regio di Parma<\/p>\n<p>&nbsp;<\/p>\n<table>\n<tbody>\n<tr>\n<td><strong>Ufficio Stampa<\/strong><\/p>\n<p><strong>telefono: 051-529947<\/strong><\/td>\n<td><em>\u00a0 \u00a0 \u00a0 \u00a0 \u00a0 \u00a0 \u00a0 \u00a0<\/em><\/td>\n<td>Fondazione Teatro Comunale di Bologna<br \/>\nLargo Respighi, 1 &#8211; 40126 Bologna<br \/>\n<a href=\"http:\/\/www.tcbo.it\/\"><em>www.tcbo.it<\/em><\/a><\/td>\n<\/tr>\n<\/tbody>\n<\/table>\n<h5>foto dei protagonisti<\/h5>\n<p>brani vincitori<\/p>\n<p><a href=\"http:\/\/www.ecoitaliano.com.ar\/wp-content\/uploads\/2023\/07\/1.-Leonardo-Marino_\u00a9SamuelRubio.jpg\"><img decoding=\"async\" class=\"alignnone size-medium wp-image-41254\" src=\"http:\/\/www.ecoitaliano.com.ar\/wp-content\/uploads\/2023\/07\/1.-Leonardo-Marino_\u00a9SamuelRubio-300x200.jpg\" alt=\"\" width=\"300\" height=\"200\" srcset=\"https:\/\/www.ecoitaliano.com.ar\/wp-content\/uploads\/2023\/07\/1.-Leonardo-Marino_\u00a9SamuelRubio-300x200.jpg 300w, https:\/\/www.ecoitaliano.com.ar\/wp-content\/uploads\/2023\/07\/1.-Leonardo-Marino_\u00a9SamuelRubio-768x512.jpg 768w, https:\/\/www.ecoitaliano.com.ar\/wp-content\/uploads\/2023\/07\/1.-Leonardo-Marino_\u00a9SamuelRubio-1024x683.jpg 1024w, https:\/\/www.ecoitaliano.com.ar\/wp-content\/uploads\/2023\/07\/1.-Leonardo-Marino_\u00a9SamuelRubio-150x100.jpg 150w, https:\/\/www.ecoitaliano.com.ar\/wp-content\/uploads\/2023\/07\/1.-Leonardo-Marino_\u00a9SamuelRubio.jpg 1080w\" sizes=\"(max-width: 300px) 100vw, 300px\" \/><\/a> <a href=\"http:\/\/www.ecoitaliano.com.ar\/wp-content\/uploads\/2023\/07\/2.-Davide-Tramontano.jpg\"><img decoding=\"async\" class=\"alignnone size-medium wp-image-41255\" src=\"http:\/\/www.ecoitaliano.com.ar\/wp-content\/uploads\/2023\/07\/2.-Davide-Tramontano-200x300.jpg\" alt=\"\" width=\"200\" height=\"300\" srcset=\"https:\/\/www.ecoitaliano.com.ar\/wp-content\/uploads\/2023\/07\/2.-Davide-Tramontano-200x300.jpg 200w, https:\/\/www.ecoitaliano.com.ar\/wp-content\/uploads\/2023\/07\/2.-Davide-Tramontano-768x1152.jpg 768w, https:\/\/www.ecoitaliano.com.ar\/wp-content\/uploads\/2023\/07\/2.-Davide-Tramontano-683x1024.jpg 683w, https:\/\/www.ecoitaliano.com.ar\/wp-content\/uploads\/2023\/07\/2.-Davide-Tramontano-100x150.jpg 100w\" sizes=\"(max-width: 200px) 100vw, 200px\" \/><\/a> <a href=\"http:\/\/www.ecoitaliano.com.ar\/wp-content\/uploads\/2023\/07\/3.-Giovanni-Ciardi.jpeg\"><img decoding=\"async\" class=\"alignnone size-medium wp-image-41256\" src=\"http:\/\/www.ecoitaliano.com.ar\/wp-content\/uploads\/2023\/07\/3.-Giovanni-Ciardi-300x200.jpeg\" alt=\"\" width=\"300\" height=\"200\" srcset=\"https:\/\/www.ecoitaliano.com.ar\/wp-content\/uploads\/2023\/07\/3.-Giovanni-Ciardi-300x200.jpeg 300w, https:\/\/www.ecoitaliano.com.ar\/wp-content\/uploads\/2023\/07\/3.-Giovanni-Ciardi-768x512.jpeg 768w, https:\/\/www.ecoitaliano.com.ar\/wp-content\/uploads\/2023\/07\/3.-Giovanni-Ciardi-1024x683.jpeg 1024w, https:\/\/www.ecoitaliano.com.ar\/wp-content\/uploads\/2023\/07\/3.-Giovanni-Ciardi-150x100.jpeg 150w\" sizes=\"(max-width: 300px) 100vw, 300px\" \/><\/a> <a href=\"http:\/\/www.ecoitaliano.com.ar\/wp-content\/uploads\/2023\/07\/Jaume-Santonja-Conductor-by-Anna-Tena-3.png\"><img decoding=\"async\" class=\"alignnone size-medium wp-image-41257\" src=\"http:\/\/www.ecoitaliano.com.ar\/wp-content\/uploads\/2023\/07\/Jaume-Santonja-Conductor-by-Anna-Tena-3-300x200.png\" alt=\"\" width=\"300\" height=\"200\" srcset=\"https:\/\/www.ecoitaliano.com.ar\/wp-content\/uploads\/2023\/07\/Jaume-Santonja-Conductor-by-Anna-Tena-3-300x200.png 300w, https:\/\/www.ecoitaliano.com.ar\/wp-content\/uploads\/2023\/07\/Jaume-Santonja-Conductor-by-Anna-Tena-3-768x512.png 768w, https:\/\/www.ecoitaliano.com.ar\/wp-content\/uploads\/2023\/07\/Jaume-Santonja-Conductor-by-Anna-Tena-3-1024x683.png 1024w, https:\/\/www.ecoitaliano.com.ar\/wp-content\/uploads\/2023\/07\/Jaume-Santonja-Conductor-by-Anna-Tena-3-150x100.png 150w\" sizes=\"(max-width: 300px) 100vw, 300px\" \/><\/a><\/p>\n<h5>Messa Da Requiem<\/h5>\n<p><a href=\"http:\/\/www.ecoitaliano.com.ar\/wp-content\/uploads\/2023\/07\/Antonio-Poli_@Greta-Buratto.jpeg\"><img decoding=\"async\" class=\"alignnone size-medium wp-image-41258\" src=\"http:\/\/www.ecoitaliano.com.ar\/wp-content\/uploads\/2023\/07\/Antonio-Poli_@Greta-Buratto-200x300.jpeg\" alt=\"\" width=\"200\" height=\"300\" srcset=\"https:\/\/www.ecoitaliano.com.ar\/wp-content\/uploads\/2023\/07\/Antonio-Poli_@Greta-Buratto-200x300.jpeg 200w, https:\/\/www.ecoitaliano.com.ar\/wp-content\/uploads\/2023\/07\/Antonio-Poli_@Greta-Buratto-768x1152.jpeg 768w, https:\/\/www.ecoitaliano.com.ar\/wp-content\/uploads\/2023\/07\/Antonio-Poli_@Greta-Buratto-683x1024.jpeg 683w, https:\/\/www.ecoitaliano.com.ar\/wp-content\/uploads\/2023\/07\/Antonio-Poli_@Greta-Buratto-100x150.jpeg 100w\" sizes=\"(max-width: 200px) 100vw, 200px\" \/><\/a> <a href=\"http:\/\/www.ecoitaliano.com.ar\/wp-content\/uploads\/2023\/07\/Berzhanskaya_photo10_Lena-Fainberg.jpeg\"><img decoding=\"async\" class=\"alignnone size-medium wp-image-41259\" src=\"http:\/\/www.ecoitaliano.com.ar\/wp-content\/uploads\/2023\/07\/Berzhanskaya_photo10_Lena-Fainberg-200x300.jpeg\" alt=\"\" width=\"200\" height=\"300\" srcset=\"https:\/\/www.ecoitaliano.com.ar\/wp-content\/uploads\/2023\/07\/Berzhanskaya_photo10_Lena-Fainberg-200x300.jpeg 200w, https:\/\/www.ecoitaliano.com.ar\/wp-content\/uploads\/2023\/07\/Berzhanskaya_photo10_Lena-Fainberg-768x1151.jpeg 768w, https:\/\/www.ecoitaliano.com.ar\/wp-content\/uploads\/2023\/07\/Berzhanskaya_photo10_Lena-Fainberg-683x1024.jpeg 683w, https:\/\/www.ecoitaliano.com.ar\/wp-content\/uploads\/2023\/07\/Berzhanskaya_photo10_Lena-Fainberg-100x150.jpeg 100w\" sizes=\"(max-width: 200px) 100vw, 200px\" \/><\/a> <a href=\"http:\/\/www.ecoitaliano.com.ar\/wp-content\/uploads\/2023\/07\/RENZETTI-Donato-in-action-photo-Monica-Ramaccioni-2018.jpg\"><img decoding=\"async\" class=\"alignnone size-medium wp-image-41260\" src=\"http:\/\/www.ecoitaliano.com.ar\/wp-content\/uploads\/2023\/07\/RENZETTI-Donato-in-action-photo-Monica-Ramaccioni-2018-300x200.jpg\" alt=\"\" width=\"300\" height=\"200\" srcset=\"https:\/\/www.ecoitaliano.com.ar\/wp-content\/uploads\/2023\/07\/RENZETTI-Donato-in-action-photo-Monica-Ramaccioni-2018-300x200.jpg 300w, https:\/\/www.ecoitaliano.com.ar\/wp-content\/uploads\/2023\/07\/RENZETTI-Donato-in-action-photo-Monica-Ramaccioni-2018-768x512.jpg 768w, https:\/\/www.ecoitaliano.com.ar\/wp-content\/uploads\/2023\/07\/RENZETTI-Donato-in-action-photo-Monica-Ramaccioni-2018-1024x682.jpg 1024w, https:\/\/www.ecoitaliano.com.ar\/wp-content\/uploads\/2023\/07\/RENZETTI-Donato-in-action-photo-Monica-Ramaccioni-2018-150x100.jpg 150w, https:\/\/www.ecoitaliano.com.ar\/wp-content\/uploads\/2023\/07\/RENZETTI-Donato-in-action-photo-Monica-Ramaccioni-2018.jpg 2000w\" sizes=\"(max-width: 300px) 100vw, 300px\" \/><\/a> <a href=\"http:\/\/www.ecoitaliano.com.ar\/wp-content\/uploads\/2023\/07\/Selene-Zanetti_@Giacomo-Orlando-credits.jpeg\"><img decoding=\"async\" class=\"alignnone size-medium wp-image-41261\" src=\"http:\/\/www.ecoitaliano.com.ar\/wp-content\/uploads\/2023\/07\/Selene-Zanetti_@Giacomo-Orlando-credits-300x200.jpeg\" alt=\"\" width=\"300\" height=\"200\" srcset=\"https:\/\/www.ecoitaliano.com.ar\/wp-content\/uploads\/2023\/07\/Selene-Zanetti_@Giacomo-Orlando-credits-300x200.jpeg 300w, https:\/\/www.ecoitaliano.com.ar\/wp-content\/uploads\/2023\/07\/Selene-Zanetti_@Giacomo-Orlando-credits-768x512.jpeg 768w, https:\/\/www.ecoitaliano.com.ar\/wp-content\/uploads\/2023\/07\/Selene-Zanetti_@Giacomo-Orlando-credits-1024x683.jpeg 1024w, https:\/\/www.ecoitaliano.com.ar\/wp-content\/uploads\/2023\/07\/Selene-Zanetti_@Giacomo-Orlando-credits-150x100.jpeg 150w\" sizes=\"(max-width: 300px) 100vw, 300px\" \/><\/a> <a href=\"http:\/\/www.ecoitaliano.com.ar\/wp-content\/uploads\/2023\/07\/Tagliavini_photo1_VictorSantiago-lr_0.jpg\"><img decoding=\"async\" class=\"alignnone size-medium wp-image-41262\" src=\"http:\/\/www.ecoitaliano.com.ar\/wp-content\/uploads\/2023\/07\/Tagliavini_photo1_VictorSantiago-lr_0-300x200.jpg\" alt=\"\" width=\"300\" height=\"200\" srcset=\"https:\/\/www.ecoitaliano.com.ar\/wp-content\/uploads\/2023\/07\/Tagliavini_photo1_VictorSantiago-lr_0-300x200.jpg 300w, https:\/\/www.ecoitaliano.com.ar\/wp-content\/uploads\/2023\/07\/Tagliavini_photo1_VictorSantiago-lr_0-768x512.jpg 768w, https:\/\/www.ecoitaliano.com.ar\/wp-content\/uploads\/2023\/07\/Tagliavini_photo1_VictorSantiago-lr_0-1024x683.jpg 1024w, https:\/\/www.ecoitaliano.com.ar\/wp-content\/uploads\/2023\/07\/Tagliavini_photo1_VictorSantiago-lr_0-150x100.jpg 150w\" sizes=\"(max-width: 300px) 100vw, 300px\" \/><\/a><\/p>\n<p>concerto 2 agosto &#8211; Piazza Maggiore Bologna_ Michele Lapini<\/p>\n<p><a href=\"http:\/\/www.ecoitaliano.com.ar\/wp-content\/uploads\/2023\/07\/Concerto-2-agosto-Piazza-Maggiore-Bologna_LPN7412-copia_Michele-Lapini.jpg\"><img decoding=\"async\" class=\"alignnone size-medium wp-image-41263\" src=\"http:\/\/www.ecoitaliano.com.ar\/wp-content\/uploads\/2023\/07\/Concerto-2-agosto-Piazza-Maggiore-Bologna_LPN7412-copia_Michele-Lapini-300x200.jpg\" alt=\"\" width=\"300\" height=\"200\" srcset=\"https:\/\/www.ecoitaliano.com.ar\/wp-content\/uploads\/2023\/07\/Concerto-2-agosto-Piazza-Maggiore-Bologna_LPN7412-copia_Michele-Lapini-300x200.jpg 300w, https:\/\/www.ecoitaliano.com.ar\/wp-content\/uploads\/2023\/07\/Concerto-2-agosto-Piazza-Maggiore-Bologna_LPN7412-copia_Michele-Lapini-768x512.jpg 768w, https:\/\/www.ecoitaliano.com.ar\/wp-content\/uploads\/2023\/07\/Concerto-2-agosto-Piazza-Maggiore-Bologna_LPN7412-copia_Michele-Lapini-1024x683.jpg 1024w, https:\/\/www.ecoitaliano.com.ar\/wp-content\/uploads\/2023\/07\/Concerto-2-agosto-Piazza-Maggiore-Bologna_LPN7412-copia_Michele-Lapini-150x100.jpg 150w\" sizes=\"(max-width: 300px) 100vw, 300px\" \/><\/a><\/p>\n<p>le biografie dei tre compositori e le presentazioni dei brani vincitori.<\/p>\n<p>how to repair your Zeitgeist &#8211; Leonardo Marino<\/p>\n<p><a href=\"http:\/\/www.ecoitaliano.com.ar\/wp-content\/uploads\/2023\/07\/85c954570b6c4d7ff2f5782608eb38aa0bBdzEOTWt0sPzhn-0.jpg\"><img decoding=\"async\" class=\"alignnone size-medium wp-image-41266\" src=\"http:\/\/www.ecoitaliano.com.ar\/wp-content\/uploads\/2023\/07\/85c954570b6c4d7ff2f5782608eb38aa0bBdzEOTWt0sPzhn-0-212x300.jpg\" alt=\"\" width=\"212\" height=\"300\" srcset=\"https:\/\/www.ecoitaliano.com.ar\/wp-content\/uploads\/2023\/07\/85c954570b6c4d7ff2f5782608eb38aa0bBdzEOTWt0sPzhn-0-212x300.jpg 212w, https:\/\/www.ecoitaliano.com.ar\/wp-content\/uploads\/2023\/07\/85c954570b6c4d7ff2f5782608eb38aa0bBdzEOTWt0sPzhn-0-768x1087.jpg 768w, https:\/\/www.ecoitaliano.com.ar\/wp-content\/uploads\/2023\/07\/85c954570b6c4d7ff2f5782608eb38aa0bBdzEOTWt0sPzhn-0-724x1024.jpg 724w, https:\/\/www.ecoitaliano.com.ar\/wp-content\/uploads\/2023\/07\/85c954570b6c4d7ff2f5782608eb38aa0bBdzEOTWt0sPzhn-0-106x150.jpg 106w, https:\/\/www.ecoitaliano.com.ar\/wp-content\/uploads\/2023\/07\/85c954570b6c4d7ff2f5782608eb38aa0bBdzEOTWt0sPzhn-0.jpg 1653w\" sizes=\"(max-width: 212px) 100vw, 212px\" \/><\/a> <a href=\"http:\/\/www.ecoitaliano.com.ar\/wp-content\/uploads\/2023\/07\/85c954570b6c4d7ff2f5782608eb38aa0bBdzEOTWt0sPzhn-1.jpg\"><img decoding=\"async\" class=\"alignnone size-medium wp-image-41267\" src=\"http:\/\/www.ecoitaliano.com.ar\/wp-content\/uploads\/2023\/07\/85c954570b6c4d7ff2f5782608eb38aa0bBdzEOTWt0sPzhn-1-212x300.jpg\" alt=\"\" width=\"212\" height=\"300\" srcset=\"https:\/\/www.ecoitaliano.com.ar\/wp-content\/uploads\/2023\/07\/85c954570b6c4d7ff2f5782608eb38aa0bBdzEOTWt0sPzhn-1-212x300.jpg 212w, https:\/\/www.ecoitaliano.com.ar\/wp-content\/uploads\/2023\/07\/85c954570b6c4d7ff2f5782608eb38aa0bBdzEOTWt0sPzhn-1-768x1087.jpg 768w, https:\/\/www.ecoitaliano.com.ar\/wp-content\/uploads\/2023\/07\/85c954570b6c4d7ff2f5782608eb38aa0bBdzEOTWt0sPzhn-1-724x1024.jpg 724w, https:\/\/www.ecoitaliano.com.ar\/wp-content\/uploads\/2023\/07\/85c954570b6c4d7ff2f5782608eb38aa0bBdzEOTWt0sPzhn-1-106x150.jpg 106w, https:\/\/www.ecoitaliano.com.ar\/wp-content\/uploads\/2023\/07\/85c954570b6c4d7ff2f5782608eb38aa0bBdzEOTWt0sPzhn-1.jpg 1653w\" sizes=\"(max-width: 212px) 100vw, 212px\" \/><\/a><\/p>\n<p>broken streams &#8211; Davide Tramontano<\/p>\n<p>&nbsp;<\/p>\n<p>tides &#8211; Giovanni Ciardi<\/p>\n<p><a href=\"http:\/\/www.ecoitaliano.com.ar\/wp-content\/uploads\/2023\/07\/3.-Tides-Giovanni-Ciardi.jpg\"><img decoding=\"async\" class=\"alignnone size-medium wp-image-41269\" src=\"http:\/\/www.ecoitaliano.com.ar\/wp-content\/uploads\/2023\/07\/3.-Tides-Giovanni-Ciardi-212x300.jpg\" alt=\"\" width=\"212\" height=\"300\" srcset=\"https:\/\/www.ecoitaliano.com.ar\/wp-content\/uploads\/2023\/07\/3.-Tides-Giovanni-Ciardi-212x300.jpg 212w, https:\/\/www.ecoitaliano.com.ar\/wp-content\/uploads\/2023\/07\/3.-Tides-Giovanni-Ciardi-768x1087.jpg 768w, https:\/\/www.ecoitaliano.com.ar\/wp-content\/uploads\/2023\/07\/3.-Tides-Giovanni-Ciardi-724x1024.jpg 724w, https:\/\/www.ecoitaliano.com.ar\/wp-content\/uploads\/2023\/07\/3.-Tides-Giovanni-Ciardi-106x150.jpg 106w, https:\/\/www.ecoitaliano.com.ar\/wp-content\/uploads\/2023\/07\/3.-Tides-Giovanni-Ciardi.jpg 1653w\" sizes=\"(max-width: 212px) 100vw, 212px\" \/><\/a><\/p>\n","protected":false},"excerpt":{"rendered":"<p>Comunicato stampa &nbsp; TCBO: IN PIAZZA MAGGIORE IL CONCERTO FINALE DEL CONCORSO DI COMPOSIZIONE \u201c2 AGOSTO\u201d &nbsp; Oltre ai tre [&hellip;]<\/p>\n","protected":false},"author":1,"featured_media":0,"comment_status":"open","ping_status":"open","sticky":false,"template":"","format":"standard","meta":{"footnotes":""},"categories":[1],"tags":[],"class_list":["post-41252","post","type-post","status-publish","format-standard","hentry","category-sin-categoria"],"_links":{"self":[{"href":"https:\/\/www.ecoitaliano.com.ar\/index.php?rest_route=\/wp\/v2\/posts\/41252","targetHints":{"allow":["GET"]}}],"collection":[{"href":"https:\/\/www.ecoitaliano.com.ar\/index.php?rest_route=\/wp\/v2\/posts"}],"about":[{"href":"https:\/\/www.ecoitaliano.com.ar\/index.php?rest_route=\/wp\/v2\/types\/post"}],"author":[{"embeddable":true,"href":"https:\/\/www.ecoitaliano.com.ar\/index.php?rest_route=\/wp\/v2\/users\/1"}],"replies":[{"embeddable":true,"href":"https:\/\/www.ecoitaliano.com.ar\/index.php?rest_route=%2Fwp%2Fv2%2Fcomments&post=41252"}],"version-history":[{"count":0,"href":"https:\/\/www.ecoitaliano.com.ar\/index.php?rest_route=\/wp\/v2\/posts\/41252\/revisions"}],"wp:attachment":[{"href":"https:\/\/www.ecoitaliano.com.ar\/index.php?rest_route=%2Fwp%2Fv2%2Fmedia&parent=41252"}],"wp:term":[{"taxonomy":"category","embeddable":true,"href":"https:\/\/www.ecoitaliano.com.ar\/index.php?rest_route=%2Fwp%2Fv2%2Fcategories&post=41252"},{"taxonomy":"post_tag","embeddable":true,"href":"https:\/\/www.ecoitaliano.com.ar\/index.php?rest_route=%2Fwp%2Fv2%2Ftags&post=41252"}],"curies":[{"name":"wp","href":"https:\/\/api.w.org\/{rel}","templated":true}]}}