{"id":41620,"date":"2023-08-05T10:41:57","date_gmt":"2023-08-05T10:41:57","guid":{"rendered":"http:\/\/www.ecoitaliano.com.ar\/?p=41620"},"modified":"2023-08-05T10:41:57","modified_gmt":"2023-08-05T10:41:57","slug":"omaggio-a-italo-calvino-vocivoci-festival-marcovalda-e-lelezioni-cubane-ossia-marcovaldo-e-le-lezioni-americane-pacentro-aq-chiostro-ex-convento-lunedi-7-agosto-ore-21-30","status":"publish","type":"post","link":"https:\/\/www.ecoitaliano.com.ar\/?p=41620","title":{"rendered":"OMAGGIO A ITALO CALVINO &#8211; VOCI&#038;VOCI FESTIVAL \u201c Marcovalda e lelezioni cubane ossia Marcovaldo e le lezioni americane\u201d &#8211; Pacentro (AQ), Chiostro ex Convento -luned\u00ec 7 agosto ore 21.30"},"content":{"rendered":"<p><a href=\"http:\/\/www.ecoitaliano.com.ar\/wp-content\/uploads\/2023\/08\/R.Vacca-C.Della-Ciana-A.Matucci.jpg\"><img decoding=\"async\" class=\"alignnone size-full wp-image-41621\" src=\"http:\/\/www.ecoitaliano.com.ar\/wp-content\/uploads\/2023\/08\/R.Vacca-C.Della-Ciana-A.Matucci.jpg\" alt=\"\" width=\"472\" height=\"409\" srcset=\"https:\/\/www.ecoitaliano.com.ar\/wp-content\/uploads\/2023\/08\/R.Vacca-C.Della-Ciana-A.Matucci.jpg 472w, https:\/\/www.ecoitaliano.com.ar\/wp-content\/uploads\/2023\/08\/R.Vacca-C.Della-Ciana-A.Matucci-300x260.jpg 300w, https:\/\/www.ecoitaliano.com.ar\/wp-content\/uploads\/2023\/08\/R.Vacca-C.Della-Ciana-A.Matucci-150x130.jpg 150w\" sizes=\"(max-width: 472px) 100vw, 472px\" \/><\/a><\/p>\n<p style=\"font-weight: 400;\">R.Vacca &#8211; A.Matucci &#8211; C.D.Ciana<\/p>\n<p style=\"font-weight: 400;\">&#8211;\u00a0<a href=\"http:\/\/www.ecoitaliano.com.ar\/wp-content\/uploads\/2023\/08\/image-1.png\"><img decoding=\"async\" class=\"alignnone size-full wp-image-41622\" src=\"http:\/\/www.ecoitaliano.com.ar\/wp-content\/uploads\/2023\/08\/image-1.png\" alt=\"\" width=\"515\" height=\"353\" srcset=\"https:\/\/www.ecoitaliano.com.ar\/wp-content\/uploads\/2023\/08\/image-1.png 515w, https:\/\/www.ecoitaliano.com.ar\/wp-content\/uploads\/2023\/08\/image-1-300x206.png 300w, https:\/\/www.ecoitaliano.com.ar\/wp-content\/uploads\/2023\/08\/image-1-150x103.png 150w\" sizes=\"(max-width: 515px) 100vw, 515px\" \/><\/a><\/p>\n<p style=\"font-weight: 400;\">Festival di arte vocale e strumentale<\/p>\n<p style=\"font-weight: 400;\">Pacentro (AQ) &#8211; Estate 2023<\/p>\n<p style=\"font-weight: 400;\">Chiostro dell\u2019ex Convento dei\u00a0 Minori Osservanti<\/p>\n<p style=\"font-weight: 400;\"><strong>Direttore Artistico Guido Galterio<\/strong><\/p>\n<p style=\"font-weight: 400;\"><strong>\u00a0<\/strong><\/p>\n<p style=\"font-weight: 400;\"><strong>\u00a0<\/strong><\/p>\n<p style=\"font-weight: 400;\"><strong>\u201c Marcovalda e le lezioni cubane<\/strong><\/p>\n<p style=\"font-weight: 400;\"><strong><em>ossia<\/em><\/strong><strong>\u00a0<em>Marcovaldo e le lezioni americane<\/em>\u201d<\/strong><\/p>\n<p style=\"font-weight: 400;\"><em>reading teatrale con<\/em><\/p>\n<p style=\"font-weight: 400;\"><strong>Roberta Vacca, Cinzia Della Ciana, Andrea Matucci<\/strong><\/p>\n<p style=\"font-weight: 400;\"><em>sonorizzazione a cura di Roberta Vacca<\/em><\/p>\n<p style=\"font-weight: 400;\"><strong>luned\u00ec 7 agosto ore 21.30 &#8211; Pacentro (AQ) Chiostro ex Convento Minori Osservanti<\/strong><\/p>\n<p style=\"font-weight: 400;\">\u00a0<em>\u00a0<\/em><\/p>\n<p style=\"font-weight: 400;\">\n<p style=\"font-weight: 400;\">Quarto appuntamento per Voci&amp;Voci Festival\u00a0luned\u00ec 7 agosto ore 21,30 a Pacentro (AQ), nel Chiostro dell\u2019ex Convento dei Minori Osservanti: in scena\u00a0\u00a0\u201cMarcovalda e le lezioni cubane\u00a0<em>ossia Marcovaldo e le lezioni americane<\/em>\u201d, \u00a0un omaggio a Italo Calvino nel\u00a0centenario della sua nascita.<\/p>\n<p style=\"font-weight: 400;\">Un&#8217;occasione per riscoprire\u00a0uno scrittore e intellettuale di grande impegno politico, civile e culturale.\u00a0 Uno dei narratori italiani considerato tra i pi\u00f9 importanti del secondo Novecento, \u00a0<em>un autore per tutte le generazioni, il pi\u00f9 moderno tra i moderni.<\/em><\/p>\n<p style=\"font-weight: 400;\">\n<p style=\"font-weight: 400;\">Cinzia Della Ciana, autrice di prosa e poesia, ha scritto un atto unico dal sapore ironico \u201cma non troppo\u201d dal titolo \u201cMarcovalda e le lezioni cubane\u201d, un testo che vede in scena tre personaggi le cui dinamiche rievocano la \u201cgrandezza\u201d dell\u2019Autore e delle sue pubblicazioni (nel caso di specie Marcovaldo e Le lezioni Americane).<\/p>\n<p style=\"font-weight: 400;\">L\u2019atto unico \u00e8 stato sonorizzato dalla compositrice aquilana Roberta Vacca (docente del Conservatore dell\u2019Aquila) e si presta a un reading teatrale che vede in scena direttamente l\u2019autrice, la compositrice della sonorizzazione, e il professor Andrea Matucci, docente di letteratura italiana UNISI, il quale introduce brevemente il senso di questa opera e il suo rapporto con la scrittura di Calvino.<\/p>\n<p style=\"font-weight: 400;\">\n<p style=\"font-weight: 400;\">In un\u2019epoca in cui tutto \u00e8 estremamente complicato, il messaggio di leggerezza, intesa come capacit\u00e0 di proiettare la fantasia in immagini che sdrammatizzano la realt\u00e0, diventa estremamente significativo. Tanto pi\u00f9 che l\u2019opera immagina il dialogo dello stesso Calvino con ombre attualizzate dei suoi personaggi e della sua\u00a0voce poetica.<\/p>\n<p style=\"font-weight: 400;\">\n<p style=\"font-weight: 400;\">\u00a0Il festival, ideato e diretto da Guido Galterio, \u00e8 realizzato in collaborazione con il Comune di Pacentro, la Camerata Musicale Sulmonese, l\u2019Associazione Euterpe, Coro Maschile Majella e grazie al lungimirante atto di mecenatismo della \u00a0professoressa Edvige Coleman Agostinelli\u00a0 e\u00a0 William Coleman III, dovuto all\u2019amore per la propria terra.<\/p>\n<p style=\"font-weight: 400;\">\n<p style=\"font-weight: 400;\">\n<p style=\"font-weight: 400;\">\n<p style=\"font-weight: 400;\">\n<p style=\"font-weight: 400;\">\n<p style=\"font-weight: 400;\"><strong>Prossimo appuntamento 14 agosto ore 21,30<\/strong><\/p>\n<p style=\"font-weight: 400;\"><strong>Dalla parte delle cattive<\/strong><strong>\u00a0&#8211;\u00a0<\/strong><strong><em>cinque storie necessarie<\/em><\/strong><\/p>\n<p style=\"font-weight: 400;\"><strong>Ottavia Fusco Squitieri\u00a0<\/strong><strong>\u00a0<\/strong><em>cantattrice<\/em><\/p>\n<p style=\"font-weight: 400;\"><strong>Orietta Caianiello<\/strong><strong>\u00a0\u00a0<\/strong><em>pianoforte<\/em><\/p>\n<p style=\"font-weight: 400;\">\n<p style=\"font-weight: 400;\">\n<p style=\"font-weight: 400;\">\n<p style=\"font-weight: 400;\"><em>Ufficio stampa<\/em><\/p>\n<p style=\"font-weight: 400;\"><em>Fiorentina Galterio<\/em><\/p>\n<p style=\"font-weight: 400;\"><em>Tel e wapp 3497031924<\/em><\/p>\n<p style=\"font-weight: 400;\"><em>stampacameratam<\/em><em><a href=\"mailto:usic@gmail.com\">usic@gmail.com<\/a><\/em><\/p>\n","protected":false},"excerpt":{"rendered":"<p>R.Vacca &#8211; A.Matucci &#8211; C.D.Ciana &#8211;\u00a0 Festival di arte vocale e strumentale Pacentro (AQ) &#8211; Estate 2023 Chiostro dell\u2019ex Convento [&hellip;]<\/p>\n","protected":false},"author":1,"featured_media":0,"comment_status":"open","ping_status":"open","sticky":false,"template":"","format":"standard","meta":{"footnotes":""},"categories":[10,22],"tags":[],"class_list":["post-41620","post","type-post","status-publish","format-standard","hentry","category-italiano","category-libros-y-revistas-literatura"],"_links":{"self":[{"href":"https:\/\/www.ecoitaliano.com.ar\/index.php?rest_route=\/wp\/v2\/posts\/41620","targetHints":{"allow":["GET"]}}],"collection":[{"href":"https:\/\/www.ecoitaliano.com.ar\/index.php?rest_route=\/wp\/v2\/posts"}],"about":[{"href":"https:\/\/www.ecoitaliano.com.ar\/index.php?rest_route=\/wp\/v2\/types\/post"}],"author":[{"embeddable":true,"href":"https:\/\/www.ecoitaliano.com.ar\/index.php?rest_route=\/wp\/v2\/users\/1"}],"replies":[{"embeddable":true,"href":"https:\/\/www.ecoitaliano.com.ar\/index.php?rest_route=%2Fwp%2Fv2%2Fcomments&post=41620"}],"version-history":[{"count":0,"href":"https:\/\/www.ecoitaliano.com.ar\/index.php?rest_route=\/wp\/v2\/posts\/41620\/revisions"}],"wp:attachment":[{"href":"https:\/\/www.ecoitaliano.com.ar\/index.php?rest_route=%2Fwp%2Fv2%2Fmedia&parent=41620"}],"wp:term":[{"taxonomy":"category","embeddable":true,"href":"https:\/\/www.ecoitaliano.com.ar\/index.php?rest_route=%2Fwp%2Fv2%2Fcategories&post=41620"},{"taxonomy":"post_tag","embeddable":true,"href":"https:\/\/www.ecoitaliano.com.ar\/index.php?rest_route=%2Fwp%2Fv2%2Ftags&post=41620"}],"curies":[{"name":"wp","href":"https:\/\/api.w.org\/{rel}","templated":true}]}}