{"id":41769,"date":"2023-08-10T17:41:41","date_gmt":"2023-08-10T17:41:41","guid":{"rendered":"http:\/\/www.ecoitaliano.com.ar\/?p=41769"},"modified":"2023-08-10T17:41:41","modified_gmt":"2023-08-10T17:41:41","slug":"nuovo-singolo-andrea-cia-come-una-giraffa","status":"publish","type":"post","link":"https:\/\/www.ecoitaliano.com.ar\/?p=41769","title":{"rendered":"Nuovo singolo &#8211; Andrea Cia \u00abCome una giraffa\u00bb"},"content":{"rendered":"<p><a href=\"http:\/\/www.ecoitaliano.com.ar\/wp-content\/uploads\/2023\/08\/unnamed-2.jpg\"><img decoding=\"async\" class=\"alignnone size-full wp-image-41770\" src=\"http:\/\/www.ecoitaliano.com.ar\/wp-content\/uploads\/2023\/08\/unnamed-2.jpg\" alt=\"\" width=\"1730\" height=\"1730\" srcset=\"https:\/\/www.ecoitaliano.com.ar\/wp-content\/uploads\/2023\/08\/unnamed-2.jpg 1730w, https:\/\/www.ecoitaliano.com.ar\/wp-content\/uploads\/2023\/08\/unnamed-2-150x150.jpg 150w, https:\/\/www.ecoitaliano.com.ar\/wp-content\/uploads\/2023\/08\/unnamed-2-300x300.jpg 300w, https:\/\/www.ecoitaliano.com.ar\/wp-content\/uploads\/2023\/08\/unnamed-2-768x768.jpg 768w, https:\/\/www.ecoitaliano.com.ar\/wp-content\/uploads\/2023\/08\/unnamed-2-1024x1024.jpg 1024w\" sizes=\"(max-width: 1730px) 100vw, 1730px\" \/><\/a><\/p>\n<p align=\"center\"><b>Con gli occhi dei giovani:\u00a0<\/b><b>l<\/b><b>e sfide dell&#8217;adolescenza raccontate in musica\u00a0<\/b><b>da\u00a0<\/b><b>Andrea Cia<\/b><\/p>\n<p align=\"justify\"><span style=\"font-family: Liberation Sans, sans-serif;\"><span>Il cantautore friulano Andrea Cia riprende il suo percorso artistico con il nuovo brano \u00abCome una giraffa\u00bb, anticipando un emozionante viaggio nel mondo dei giovani nel suo album in uscita nel 2024. Il singolo nasce dalla collaborazione con ragazzi dai 14 ai 18 anni, che hanno ispirato il testo del brano affrontando tematiche importanti come la diversit\u00e0, l&#8217;amicizia e i ricordi. Durante questo coinvolgente progetto, il cantautore ha aperto spazi di discussione approfondita, ascoltando e dando voce alle esperienze e ai pensieri dei ragazzi, per cogliere autenticamente la realt\u00e0 e le emozioni del mondo giovanile.<\/span><\/span><\/p>\n<p align=\"justify\"><span style=\"font-family: Liberation Sans, sans-serif;\"><span>La canzone affronta le sfide dei ragazzi nel sentirsi compresi e riconosciuti per ci\u00f2 che sono, utilizzando la metafora della giraffa, un animale imponente ma spesso frainteso, che rappresenta un grido di speranza dei giovani. L&#8217;idea \u00e8 stata proposta da Marta Civiero di Azzano Decimo, mentre l&#8217;intervento degli altri ragazzi ha arricchito il messaggio.<\/span><\/span><\/p>\n<p align=\"justify\"><span style=\"font-family: Liberation Sans, sans-serif;\"><span>Il brano \u00e8 stato registrato presso gli Angel\u2019s Wings Recording Studio di Pantianicco, sotto la guida di Nico Odorico, e ha visto il coinvolgimento di giovani musicisti dai 16 ai 20 anni: Davide Cia, batteria, Alan Barro, chitarra, Alessia Rui, basso, e Piergiorgio Basso, tastiere. L&#8217;entusiasmo e la dedizione di questi talenti emergenti hanno colpito positivamente il cantautore.<\/span><\/span><\/p>\n<p align=\"justify\"><span style=\"font-family: Liberation Sans, sans-serif;\"><span>Il videoclip, curato da Al Bruni, trasmette il messaggio del brano attraverso la danza aerea di Irene Roberti dell&#8217;accademia Kataklo\u0300 di Milano, simboleggiando l&#8217;importanza di alzare lo sguardo per comprendere appieno i giovani e le loro esperienze.<\/span><\/span><\/p>\n<p align=\"justify\"><span style=\"color: #000000;\"><span style=\"font-family: Liberation Sans, sans-serif;\"><span>Il singolo, che unisce rock e pop italiano, offre un&#8217;esperienza coinvolgente, trasmettendo autenticit\u00e0 attraverso le storie dei giovani. Andrea Cia dimostra ancora una volta la sua capacit\u00e0 di comunicare messaggi profondi e universali, creando un&#8217;esperienza magnetica e impattante. Il videoclip \u00e8 disponibile sul canale YouTube di Andrea Cia.<\/span><\/span><\/span><\/p>\n<div><\/div>\n<div>\n<p><span style=\"color: #000000;\"><span style=\"font-family: Liberation Sans, sans-serif;\"><b>Link video:<\/b><\/span><\/span><span style=\"color: #333333;\"><span style=\"font-family: Liberation Sans, sans-serif;\">\u00a0<\/span><\/span><span style=\"color: #333333; font-family: Liberation Sans, sans-serif;\"><a href=\"https:\/\/www.youtube.com\/watch?v=1XwTsNHj7iI\" target=\"_blank\" rel=\"noopener\" data-saferedirecturl=\"https:\/\/www.google.com\/url?q=https:\/\/www.youtube.com\/watch?v%3D1XwTsNHj7iI&amp;source=gmail&amp;ust=1691775564051000&amp;usg=AOvVaw2lt5oWnUBinhr1LKECzMsX\">https:\/\/www.youtube.<wbr \/>com\/watch?v=1XwTsNHj7iI<\/a>\u00a0<\/span><\/p>\n<p><a href=\"http:\/\/www.ecoitaliano.com.ar\/wp-content\/uploads\/2023\/08\/Andrea-Cia-copia.jpg\"><img decoding=\"async\" class=\"alignnone size-full wp-image-41771\" src=\"http:\/\/www.ecoitaliano.com.ar\/wp-content\/uploads\/2023\/08\/Andrea-Cia-copia.jpg\" alt=\"\" width=\"840\" height=\"630\" srcset=\"https:\/\/www.ecoitaliano.com.ar\/wp-content\/uploads\/2023\/08\/Andrea-Cia-copia.jpg 840w, https:\/\/www.ecoitaliano.com.ar\/wp-content\/uploads\/2023\/08\/Andrea-Cia-copia-300x225.jpg 300w, https:\/\/www.ecoitaliano.com.ar\/wp-content\/uploads\/2023\/08\/Andrea-Cia-copia-768x576.jpg 768w, https:\/\/www.ecoitaliano.com.ar\/wp-content\/uploads\/2023\/08\/Andrea-Cia-copia-150x113.jpg 150w\" sizes=\"(max-width: 840px) 100vw, 840px\" \/><\/a><\/p>\n<p><span style=\"font-family: Liberation Sans, sans-serif;\"><span><span style=\"color: #000000;\"><b>M<\/b><\/span><span style=\"color: #000000;\"><b>USICISTI<\/b><\/span>\u00a0<\/span><\/span><\/p>\n<p><strong><span style=\"color: #000000;\"><span style=\"font-family: Liberation Sans, sans-serif;\"><span>Voce:\u00a0<\/span><\/span><\/span><\/strong><strong><span style=\"color: #000000;\"><span style=\"font-family: Liberation Sans, sans-serif;\"><span>Andrea Cia<\/span><\/span><\/span><\/strong><strong><span style=\"color: #000000;\"><span style=\"font-family: Liberation Sans, sans-serif;\"><span><br \/>\n<\/span><\/span><\/span><\/strong><strong><span style=\"color: #000000;\"><span style=\"font-family: Liberation Sans, sans-serif;\"><span>Chitarra:\u00a0<\/span><\/span><\/span><\/strong><strong><span style=\"color: #000000;\"><span style=\"font-family: Liberation Sans, sans-serif;\"><span>Alan Barro<\/span><\/span><\/span><\/strong><strong><span style=\"color: #000000;\"><span style=\"font-family: Liberation Sans, sans-serif;\"><span><br \/>\n<\/span><\/span><\/span><\/strong><strong><span style=\"color: #000000;\"><span style=\"font-family: Liberation Sans, sans-serif;\"><span>Basso:<\/span><\/span><\/span><\/strong><strong><span style=\"color: #000000;\"><span style=\"font-family: Liberation Sans, sans-serif;\"><span>\u00a0<\/span><\/span><\/span><\/strong><strong><span style=\"color: #000000;\"><span style=\"font-family: Liberation Sans, sans-serif;\"><span>Alessia Rui<\/span><\/span><\/span><\/strong><strong><span style=\"color: #000000;\"><span style=\"font-family: Liberation Sans, sans-serif;\"><span><br \/>\n<\/span><\/span><\/span><\/strong><strong><span style=\"color: #000000;\"><span style=\"font-family: Liberation Sans, sans-serif;\"><span>Batteria:\u00a0<\/span><\/span><\/span><\/strong><strong><span style=\"color: #000000;\"><span style=\"font-family: Liberation Sans, sans-serif;\"><span>Davide Cia<br \/>\nTastiere: Piergiorgio Basso<\/span><\/span><\/span><\/strong><\/p>\n<p><strong><span style=\"color: #000000;\"><span style=\"font-family: Liberation Sans, sans-serif;\"><span>CREDITI\u00a0<\/span><\/span><\/span><\/strong><strong><span style=\"color: #000000;\"><span style=\"font-family: Liberation Sans, sans-serif;\"><span>SINGOLO<\/span><\/span><\/span><\/strong><\/p>\n<p><span style=\"color: #000000;\"><span style=\"font-family: Liberation Sans, sans-serif;\"><span>Testo: Andrea Cia, Marta Civiero e i ragazzi del campo estivo Agosto 2021 di Azzano Decimo.<\/span><\/span><\/span><\/p>\n<p><span style=\"color: #000000;\"><span style=\"font-family: Liberation Sans, sans-serif;\"><span>Registrato,<\/span><\/span><\/span><span style=\"color: #000000;\"><span style=\"font-family: Liberation Sans, sans-serif;\"><span>\u00a0Mixato e Masterizzato:<\/span><\/span><\/span><span style=\"color: #000000;\"><span style=\"font-family: Liberation Sans, sans-serif;\"><span>\u00a0<\/span><\/span><\/span><span style=\"color: #000000;\"><span style=\"font-family: Liberation Sans, sans-serif;\"><span>Nico Odorico agli Angel\u2019s Wings Recording Studios (UD)<\/span><\/span><\/span><strong><span style=\"color: #000000;\"><span style=\"font-family: Liberation Sans, sans-serif;\"><span><br \/>\n<\/span><\/span><\/span><\/strong><strong><span style=\"color: #000000;\"><span style=\"font-family: Liberation Sans, sans-serif;\"><span>R<\/span><\/span><\/span><\/strong><strong><span style=\"color: #000000;\"><span style=\"font-family: Liberation Sans, sans-serif;\"><span>egia, r<\/span><\/span><\/span><\/strong><strong><span style=\"color: #000000;\"><span style=\"font-family: Liberation Sans, sans-serif;\"><span>iprese e post produzione video:\u00a0<\/span><\/span><\/span><\/strong><strong><span style=\"color: #000000;\"><span style=\"font-family: Liberation Sans, sans-serif;\"><span>Al Bruni<\/span><\/span><\/span><\/strong><\/p>\n<p><span style=\"color: #000000;\">U<\/span><span style=\"color: #000000;\">fficio stampa e promozione: AW Promotion &#8211; Monica Zinutti<\/span><\/p>\n<p><b>CONTATTI SOCIAL<\/b><\/p>\n<p><a href=\"https:\/\/www.instagram.com\/andrea.cia.music\/?hl=it\" target=\"_blank\" rel=\"noopener\" data-saferedirecturl=\"https:\/\/www.google.com\/url?q=https:\/\/www.instagram.com\/andrea.cia.music\/?hl%3Dit&amp;source=gmail&amp;ust=1691775564051000&amp;usg=AOvVaw3sV50gewa2FoVm-avddyLj\">INSTAGRAM Andrea.Cia.Music<\/a><\/p>\n<p><span style=\"font-family: Liberation Sans, sans-serif;\"><span><a href=\"https:\/\/www.facebook.com\/andreaciarock\" target=\"_blank\" rel=\"noopener\" data-saferedirecturl=\"https:\/\/www.google.com\/url?q=https:\/\/www.facebook.com\/andreaciarock&amp;source=gmail&amp;ust=1691775564051000&amp;usg=AOvVaw015CmL3SKnNKKFZg9z2W12\">FACEBOOK Andrea Cia<\/a><\/span><\/span><\/p>\n<p><a href=\"https:\/\/open.spotify.com\/artist\/6Yq8AnTdTEfdTE83amD7R3?si=YE7iC3SNQSCldprqOHWR_A\" target=\"_blank\" rel=\"noopener\" data-saferedirecturl=\"https:\/\/www.google.com\/url?q=https:\/\/open.spotify.com\/artist\/6Yq8AnTdTEfdTE83amD7R3?si%3DYE7iC3SNQSCldprqOHWR_A&amp;source=gmail&amp;ust=1691775564051000&amp;usg=AOvVaw1OzZKjiNE-RAlYstnJkMYS\"><span style=\"font-family: Liberation Sans, sans-serif;\"><span>SPOTIFY Andrea Cia<\/span><\/span><\/a><\/p>\n<\/div>\n","protected":false},"excerpt":{"rendered":"<p>Con gli occhi dei giovani:\u00a0le sfide dell&#8217;adolescenza raccontate in musica\u00a0da\u00a0Andrea Cia Il cantautore friulano Andrea Cia riprende il suo percorso [&hellip;]<\/p>\n","protected":false},"author":1,"featured_media":0,"comment_status":"open","ping_status":"open","sticky":false,"template":"","format":"standard","meta":{"footnotes":""},"categories":[10,46],"tags":[],"class_list":["post-41769","post","type-post","status-publish","format-standard","hentry","category-italiano","category-musica"],"_links":{"self":[{"href":"https:\/\/www.ecoitaliano.com.ar\/index.php?rest_route=\/wp\/v2\/posts\/41769","targetHints":{"allow":["GET"]}}],"collection":[{"href":"https:\/\/www.ecoitaliano.com.ar\/index.php?rest_route=\/wp\/v2\/posts"}],"about":[{"href":"https:\/\/www.ecoitaliano.com.ar\/index.php?rest_route=\/wp\/v2\/types\/post"}],"author":[{"embeddable":true,"href":"https:\/\/www.ecoitaliano.com.ar\/index.php?rest_route=\/wp\/v2\/users\/1"}],"replies":[{"embeddable":true,"href":"https:\/\/www.ecoitaliano.com.ar\/index.php?rest_route=%2Fwp%2Fv2%2Fcomments&post=41769"}],"version-history":[{"count":0,"href":"https:\/\/www.ecoitaliano.com.ar\/index.php?rest_route=\/wp\/v2\/posts\/41769\/revisions"}],"wp:attachment":[{"href":"https:\/\/www.ecoitaliano.com.ar\/index.php?rest_route=%2Fwp%2Fv2%2Fmedia&parent=41769"}],"wp:term":[{"taxonomy":"category","embeddable":true,"href":"https:\/\/www.ecoitaliano.com.ar\/index.php?rest_route=%2Fwp%2Fv2%2Fcategories&post=41769"},{"taxonomy":"post_tag","embeddable":true,"href":"https:\/\/www.ecoitaliano.com.ar\/index.php?rest_route=%2Fwp%2Fv2%2Ftags&post=41769"}],"curies":[{"name":"wp","href":"https:\/\/api.w.org\/{rel}","templated":true}]}}