{"id":41978,"date":"2023-08-17T16:36:12","date_gmt":"2023-08-17T16:36:12","guid":{"rendered":"http:\/\/www.ecoitaliano.com.ar\/?p=41978"},"modified":"2023-08-17T16:36:12","modified_gmt":"2023-08-17T16:36:12","slug":"serena-conduce-operaclassica-eco-italiano-2658","status":"publish","type":"post","link":"https:\/\/www.ecoitaliano.com.ar\/?p=41978","title":{"rendered":"Serena conduce operaclassica eco italiano"},"content":{"rendered":"<p style=\"text-align: center;\"><a href=\"http:\/\/www.ecoitaliano.com.ar\/wp-content\/uploads\/2023\/08\/230812ConcertiMuseo3.jpg\"><img decoding=\"async\" class=\"alignnone  wp-image-41857\" src=\"http:\/\/www.ecoitaliano.com.ar\/wp-content\/uploads\/2023\/08\/230812ConcertiMuseo3-300x252.jpg\" alt=\"\" width=\"246\" height=\"207\" srcset=\"https:\/\/www.ecoitaliano.com.ar\/wp-content\/uploads\/2023\/08\/230812ConcertiMuseo3-300x252.jpg 300w, https:\/\/www.ecoitaliano.com.ar\/wp-content\/uploads\/2023\/08\/230812ConcertiMuseo3-150x126.jpg 150w, https:\/\/www.ecoitaliano.com.ar\/wp-content\/uploads\/2023\/08\/230812ConcertiMuseo3.jpg 357w\" sizes=\"(max-width: 246px) 100vw, 246px\" \/><\/a><\/p>\n<p><strong>Comunicato stampa<\/strong><\/p>\n<p><strong>TERESA IERVOLINO APRE LA SERIE DEI <\/strong><\/p>\n<p><strong><em>CONCERTI DI BELCANTO<\/em><\/strong><\/p>\n<p>&nbsp;<\/p>\n<p>&nbsp;<\/p>\n<p>&nbsp;<\/p>\n<p>Ad inaugurare il ciclo di <em>Concerti di Belcanto<\/em>\u00a0del Rossini Opera Festival <strong>il 19 agosto alle 16 al Teatro Sperimentale<\/strong> sar\u00e0 <strong>Teresa Iervolino <\/strong>accompagnata al pianoforte da <strong>Giulio Zappa<\/strong>. Il mezzosoprano, che torna al Festival dopo aver interpretato Lucia ne <em>La gazza ladra<\/em> del 2015 ed Ernestina nell\u2019<em>Equivoco stravagante<\/em> del 2019, eseguir\u00e0 brani dalle opere e dai <em>P\u00e9ch\u00e9s de vieillesse<\/em> di Gioachino Rossini.<\/p>\n<p>In programma il Recitativo \u00abOh patria!\u00bb e Cavatina di Tancredi \u00abTu che accendi questo core&#8230; Di tanti palpiti\u00bb dall\u2019omonima opera; Cavatina di Andromaca \u00abMia delizia! Un solo istante\u00bb da<em> Ermione<\/em>; dai <em>P\u00e9ch\u00e9s de vieillesse: <\/em>Vol. V <em>Album pour les enfants adolescents<\/em> 5. Valse lugubre <em>piano solo;<\/em> Vol. XI <em>Miscellan\u00e9e de musique vocale <\/em>2. La Chanson du b\u00e9b\u00e9; Vol. II <em>Album fran\u00e7ais<\/em> 7. Le Dodo des enfants, 5. Chanson de Zora. La Petite Boh\u00e9mienne; Vol. VI <em>Album pour les enfants adolescents<\/em> 7. L\u2019Innocence italienne. La Candeur fran\u00e7aise <em>piano solo<\/em>; Aria di Ciro \u00abT\u2019abbraccio, ti stringo\u00bb da <em>Ciro in Babilonia;<\/em> Semiramide Recitativo \u00abEccomi alfine in Babilonia\u00bb e Cavatina di Arsace \u00abAh! quel giorno ognor rammento\u00bb dalla <em>Semiramide<\/em>.<\/p>\n<p>Nata a Roma, Teresa Iervolino si diploma al Conservatorio Cimarosa di Avellino con il massimo dei voti e lode. Nel 2012 si qualifica al Concorso AsLiCo come vincitrice esordiente e con quella istituzione si esibisce in vari spettacoli del Circuito Lombardo. Nel 2012 \u00e8 vincitrice del primo premio al Concorso Citt\u00e0 di Bologna e dei Premi speciali G. Frazzoni e A. Colzani. In occasione del Concorso Citt\u00e0 di Bologna segue, inoltre, un corso tenuto da Cinzia Forte e Francesco Micheli. Successivamente \u00e8 vincitrice del primo premio al Concorso Salicedoro 2012 e al Concorso Maria Caniglia 2012. Nel 2013 vince l\u2019AsLiCo per il ruolo di Tancredi e il primo premio al Concorso Etta Limiti. Tra i suoi recenti impegni ricordiamo <em>Lucrezia Borgia<\/em> a Bilbao e al Festival di Salisburgo, <em>La gazza ladra<\/em> alla Scala, <em>La Cenerentola <\/em>all\u2019Op\u00e9ra di Parigi e a Piacenza, <em>Juditha triumphans<\/em> ad Amsterdam, <em>Nabucco <\/em>all\u2019Arena di Verona<\/p>\n<p>Il secondo appuntamento con i\u00a0<em>Concerti di Belcanto<\/em>\u00a0si terr\u00e0 il 21 agosto alle 16, al Teatro Sperimentale.e avr\u00e0 come protagonista Enea Scala.<\/p>\n<p>&nbsp;<\/p>\n<p>Info: 0721.3800294 \u2013 https:\/\/rossinioperafestival.vivaticket.it\/<\/p>\n<p>&nbsp;<\/p>\n<p>Pesaro, 17 agosto 2023.<\/p>\n<p><a href=\"http:\/\/www.ecoitaliano.com.ar\/wp-content\/uploads\/2023\/08\/Iervolino_photo6_VictorSantiago.jpg\"><img decoding=\"async\" class=\"alignnone  wp-image-41979\" src=\"http:\/\/www.ecoitaliano.com.ar\/wp-content\/uploads\/2023\/08\/Iervolino_photo6_VictorSantiago-300x200.jpg\" alt=\"\" width=\"443\" height=\"295\" srcset=\"https:\/\/www.ecoitaliano.com.ar\/wp-content\/uploads\/2023\/08\/Iervolino_photo6_VictorSantiago-300x200.jpg 300w, https:\/\/www.ecoitaliano.com.ar\/wp-content\/uploads\/2023\/08\/Iervolino_photo6_VictorSantiago-768x512.jpg 768w, https:\/\/www.ecoitaliano.com.ar\/wp-content\/uploads\/2023\/08\/Iervolino_photo6_VictorSantiago-1024x683.jpg 1024w, https:\/\/www.ecoitaliano.com.ar\/wp-content\/uploads\/2023\/08\/Iervolino_photo6_VictorSantiago-150x100.jpg 150w\" sizes=\"(max-width: 443px) 100vw, 443px\" \/><\/a><\/p>\n","protected":false},"excerpt":{"rendered":"<p>Comunicato stampa TERESA IERVOLINO APRE LA SERIE DEI CONCERTI DI BELCANTO &nbsp; &nbsp; &nbsp; Ad inaugurare il ciclo di Concerti [&hellip;]<\/p>\n","protected":false},"author":1,"featured_media":0,"comment_status":"open","ping_status":"open","sticky":false,"template":"","format":"standard","meta":{"footnotes":""},"categories":[1],"tags":[],"class_list":["post-41978","post","type-post","status-publish","format-standard","hentry","category-sin-categoria"],"_links":{"self":[{"href":"https:\/\/www.ecoitaliano.com.ar\/index.php?rest_route=\/wp\/v2\/posts\/41978","targetHints":{"allow":["GET"]}}],"collection":[{"href":"https:\/\/www.ecoitaliano.com.ar\/index.php?rest_route=\/wp\/v2\/posts"}],"about":[{"href":"https:\/\/www.ecoitaliano.com.ar\/index.php?rest_route=\/wp\/v2\/types\/post"}],"author":[{"embeddable":true,"href":"https:\/\/www.ecoitaliano.com.ar\/index.php?rest_route=\/wp\/v2\/users\/1"}],"replies":[{"embeddable":true,"href":"https:\/\/www.ecoitaliano.com.ar\/index.php?rest_route=%2Fwp%2Fv2%2Fcomments&post=41978"}],"version-history":[{"count":0,"href":"https:\/\/www.ecoitaliano.com.ar\/index.php?rest_route=\/wp\/v2\/posts\/41978\/revisions"}],"wp:attachment":[{"href":"https:\/\/www.ecoitaliano.com.ar\/index.php?rest_route=%2Fwp%2Fv2%2Fmedia&parent=41978"}],"wp:term":[{"taxonomy":"category","embeddable":true,"href":"https:\/\/www.ecoitaliano.com.ar\/index.php?rest_route=%2Fwp%2Fv2%2Fcategories&post=41978"},{"taxonomy":"post_tag","embeddable":true,"href":"https:\/\/www.ecoitaliano.com.ar\/index.php?rest_route=%2Fwp%2Fv2%2Ftags&post=41978"}],"curies":[{"name":"wp","href":"https:\/\/api.w.org\/{rel}","templated":true}]}}