{"id":42744,"date":"2023-09-07T22:08:04","date_gmt":"2023-09-07T22:08:04","guid":{"rendered":"http:\/\/www.ecoitaliano.com.ar\/?p=42744"},"modified":"2023-09-07T22:08:04","modified_gmt":"2023-09-07T22:08:04","slug":"serena-conduce-operaclassica-eco-italiano-2711","status":"publish","type":"post","link":"https:\/\/www.ecoitaliano.com.ar\/?p=42744","title":{"rendered":"Serena conduce operaclassica eco italiano"},"content":{"rendered":"<p style=\"text-align: center;\"><a href=\"http:\/\/www.ecoitaliano.com.ar\/wp-content\/uploads\/2023\/09\/b20b2525-3365-4118-bce3-236cc9b78316.png\"><img decoding=\"async\" class=\"alignnone size-full wp-image-42458\" src=\"http:\/\/www.ecoitaliano.com.ar\/wp-content\/uploads\/2023\/09\/b20b2525-3365-4118-bce3-236cc9b78316.png\" alt=\"\" width=\"100\" height=\"124\" \/><\/a><\/p>\n<table class=\"templateContainer\" border=\"0\" width=\"100%\" cellspacing=\"0\" cellpadding=\"0\">\n<tbody>\n<tr>\n<td id=\"templateBody\" valign=\"top\">\n<table class=\"mcnTextBlock\" border=\"0\" width=\"100%\" cellspacing=\"0\" cellpadding=\"0\">\n<tbody class=\"mcnTextBlockOuter\">\n<tr>\n<td class=\"mcnTextBlockInner\" valign=\"top\">\n<table class=\"mcnTextContentContainer\" border=\"0\" width=\"100%\" cellspacing=\"0\" cellpadding=\"0\" align=\"left\">\n<tbody>\n<tr>\n<td class=\"mcnTextContent\" valign=\"top\">\n<div>comunicato stampa\n<\/div>\n<div><strong>RICCARDO MUTI IN CONCERTO<\/strong><br \/>\n<strong>PER BERGAMO BRESCIA CAPITALE DELLA CULTURA 2023<\/strong><\/p>\n<p><strong>Grazie alla collaborazione tra la Fondazione Teatro Donizetti e l\u2019Associazione di Bergamo degli Amici del festival pianistico Internazionale con il Corpo Palchisti Teatro Donizetti e il prezioso supporto dello sponsor Zanetti<\/strong><\/div>\n<div><\/div>\n<div><em>Programma musicale tutto dedicato a Verdi al Teatro Donizetti il 9 settembre con l\u2019Orchestra Giovanile \u201cLuigi Cherubini\u201d e il Coro del Teatro Municipale di Piacenza<\/em><br \/>\n<em>Due i solisti vocali, il soprano Benedetta Torre e il basso Riccardo Zanellato<\/em>\n<\/div>\n<div>\n<p>Tutto pronto per l\u2019appuntamento speciale di Bergamo Brescia Capitale Italiana della Cultura promosso dalla Fondazione Teatro Donizetti con l&#8217;Associazione di Bergamo degli Amici del Festival Pianistico Internazionale, il Corpo Palchisti Teatro Donizetti e il sostegno specifico dell\u2019azienda Zanetti:\u00a0<strong>sabato 9 settembre<\/strong>\u00a0<strong>alle ore 20.30 al Teatro Donizetti di Bergamo<\/strong>\u00a0ci sar\u00e0 infatti il\u00a0<strong>concerto diretto da Riccardo Muti<\/strong>\u00a0sul podio della \u201csua\u201d\u00a0<strong>Orchestra Giovanile \u201cLuigi Cherubini\u201d<\/strong>, il soprano\u00a0<strong>Benedetta Torre<\/strong>, il basso\u00a0<strong>Riccardo Zanellato<\/strong>\u00a0e con la partecipazione del\u00a0<strong>Coro del Teatro Municipale di Piacenza<\/strong>. Fondata nel 2004 per musicisti tra i 18 e i 30 anni, l\u2019Orchestra \u00e8 affidata alla Fondazione Cherubini costituita dalle municipalit\u00e0 di Piacenza e Ravenna e da Ravenna Manifestazioni; l\u2019attivit\u00e0 \u00e8 resa possibile grazie al sostegno del Ministero della Cultura e al contributo del main sponsor SIDRA Dredging, Marine &amp; Environmental Solutions.<\/p>\n<p><strong>Programma<\/strong>\u00a0monotematico\u00a0<strong>dedicato interamente Giuseppe Verdi<\/strong>, con la\u00a0Sinfonia\u00a0e\u00a0\u201cVa\u2019 pensiero\u201d da\u00a0<em>Nabucco<\/em>, due pagine da\u00a0<em>Macbeth<\/em>\u00a0\u201cCome dal ciel precipita\u201d (aria di Banco)\u00a0e\u00a0\u201cPatria oppressa\u201d (coro), la Sinfonia da\u00a0<em>Giovanna d\u2019Arco<\/em>, \u201cAve Maria\u201d da\u00a0<em>Otello<\/em>\u00a0(preghiera di Desdemona), la\u00a0Sinfonia e \u201cIl Santo nome di Dio\u2026 La vergine degli angeli\u201d da\u00a0<em>La forza del destino<\/em>\u00a0e infine\u00a0la\u00a0Sinfonia da\u00a0<em>I vespri siciliani.<\/em><\/p>\n<p>\u00abLa Fondazione Teatro Donizetti \u2013 afferma il presidente\u00a0<strong>Giorgio Berta<\/strong>\u00a0\u2013 \u00e8 in prima linea nel programma di Bergamo Brescia Capitale della Cultura Italiana 2023, dando prova ancora una volta della capacit\u00e0 di raccogliere nei propri programmi le tante anime delle arti performative dal vivo. Tutti i cartelloni delle nostre stagioni 2023 accolgono a Bergamo artisti di primo piano, giovani che si stanno imponendo sulla scena internazionale, classici del repertorio teatrale e musicale accanto a sperimentazioni e novit\u00e0. Tutto questo \u00e8 reso possibile da un teatro sano, che ha acquisito molto prestigio grazie anche ai lavori di ristrutturazione e che raccoglie attorno a s\u00e9 un gruppo fondamentale di sponsor e mecenati. Cos\u00ec come sono fondamentali le collaborazioni con le altre istituzioni culturali della citt\u00e0, come in questo caso il Festival pianistico Internazionale di Bergamo e Brescia e l&#8217;Universit\u00e0 di Bergamo. Siamo molto felici di accogliere nuovamente il maestro Riccardo Muti, per una serata che \u2013 come le precedenti \u2013 rester\u00e0 impressa nella memoria collettiva\u00bb.<\/p>\n<p>\u00abEra da tempo \u2013 dichiara\u00a0<strong>Daniela Gennaro Guadalupi<\/strong>\u00a0Presidente del Festival Pianistico Internazionale di Brescia e Bergamo \u2013 che volevamo organizzare con la Fondazione Teatro Donizetti un grande evento per festeggiare insieme Bergamo Brescia Capitale Italiana della Cultura 2023. Quando \u00e8 arrivata la notizia della possibilit\u00e0 di avere sul palcoscenico del Donizetti il M\u00b0 Muti per uno straordinario concerto abbiamo immediatamente risposto positivamente alla proposta dell&#8217;amico Giorgio Berta. L&#8217;abbiamo fatto coinvolgendo nello specifico gli Amici di Bergamo del Festival Pianistico, che rappresentano l&#8217; anima bergamasca del nostro Festival, il Corpo Palchisti del Teatro Donizetti e la Zanetti Spa che da sempre \u00e8 saldamente presente sul territorio bergamasco pur esportando in tutto il mondo. Un&#8217;occasione d&#8217;oro per una vetrina bergamasca a favore della grande cultura musicale che mettiamo ben volentieri a disposizione del nostro pubblico e della Capitale della Cultura 2023\u00bb.<\/p>\n<p>Un ritorno del grande musicista italiano a Bergamo dopo il concerto celebrativo per i suoi 50 anni di carriera (che ebbe inizio proprio a Bergamo con un concerto nel 1966, poco prima di vincere il prestigioso Concorso Cantelli), ospite del festival Donizetti Opera 2016, applaudito anche dal presidente della Repubblica Sergio Mattarella; senza dimenticare il concerto a porte chiuse, sempre con la Cherubini, tenuto il 10 marzo 2021 in piena emergenza Covid e trasmesso in streaming alcune settimane dopo, un segno di partecipazione al dramma pandemico che ha colpito in particolar modo la terra bergamasca. Il rapporto di Muti con Bergamo \u00e8 poi scandito dalle periodiche presenze nei programmi del Festival Pianistico Internazionale di Brescia e Bergamo, l\u2019ultimo dei quali nel 2015.<\/p>\n<p>Questo ritorno a Bergamo di Riccardo Muti \u00e8 reso possibile dalla generosit\u00e0 di una storica azienda bergamasca, la Zanetti SpA, giunta ormai alla quinta generazione.<br \/>\n\u00abNell&#8217;anno di Bergamo Brescia Capitale italiana della Cultura \u2013 sottolinea\u00a0<strong>Matteo Zanetti\u00a0<\/strong>vice presidente e amministratore delegato di Zanetti Spa \u2013 siamo particolarmente lieti di poter offrire un contributo importante al ritorno a Bergamo del maestro Riccardo Muti, simbolo della musica italiana nel mondo, come nel mondo la nostra azienda distribuisce in oltre 85 Paesi i propri prodotti, rendendola leader internazionale di mercato. Abbiamo ritenuto importante dare un segnale alla nostra comunit\u00e0 alla quale siamo profondamente legati e un sostegno concreto a due istituzioni altamente rappresentative che da sempre si distinguono per le proposte musicali di alto profilo internazionale. Crediamo che l\u2019armonia e la condivisione necessarie nella gestione dell\u2019impresa siano per certi versi assimilabili alla direzione d\u2019orchestra in cui il direttore detta tempi, ritmi ed esecuzione\u00bb.<\/p>\n<p><em>Il concerto di Riccardo Muti al Teatro Donizetti<\/em>\u00a0vede la sponsorizzazione di Intesa Sanpaolo e Brembo, attraverso il Comitato Bergamo Brescia 2023.<\/p>\n<p>La manifestazione Bergamo Brescia Capitale Italiana della Cultura 2023 vede Intesa Sanpaolo e A2A nel ruolo di Main Partner, Brembo nel ruolo di Partner di Sistema, Ferrovie dello Stato Italiane e SACBO quali Partner di Area. Il Ministero della Cultura e Regione Lombardia sono partner istituzionali insieme a Fondazione Cariplo, Fondazione della Comunit\u00e0 Bresciana e Fondazione della Comunit\u00e0 Bergamasca.<\/p>\n<p><strong>Biglietteria<\/strong><br \/>\nPiazza Cavour, 15 \u2013 Bergamo \u2013 T.\u00a0<a href=\"tel:035 4160601\" target=\"_blank\" rel=\"noopener\">035 4160601<\/a>\/602\/603 \u2013 marted\u00ec-sabato, ore 13-20<br \/>\n<a>biglietteria@fondazioneteatrodonizetti.org<\/a><br \/>\n<a>gruppi@fondazioneteatrodonizetti.org<\/a><\/p>\n<p><em>Ufficio stampa della Fondazione Teatro Donizetti di Bergamo<\/em><br \/>\nFloriana Tessitore\u00a0<a href=\"tel:+39 3387339981\" target=\"_blank\" rel=\"noopener\">+39 3387339981<\/a>\u00a0<a class=\"mailto-link\" href=\"mailto:tessitore@fondazioneteatrodonizetti.org\" target=\"_blank\" rel=\"noopener\">tessitore@fondazioneteatrodonizetti.org<\/a><br \/>\nWalter Vitale\u00a0<a href=\"tel:+39 3335243419\" target=\"_blank\" rel=\"noopener\">+39 3335243419<\/a>\u00a0<a class=\"mailto-link\" href=\"mailto:pressopera@fondazioneteatrodonizetti.org\" target=\"_blank\" rel=\"noopener\">pressopera@fondazioneteatrodonizetti.org<\/a><\/p>\n<p><em>Bergamo, 7 settembre 2023 (f.t.)<\/em><\/div>\n<\/td>\n<\/tr>\n<\/tbody>\n<\/table>\n<\/td>\n<\/tr>\n<\/tbody>\n<\/table>\n<\/td>\n<\/tr>\n<\/tbody>\n<\/table>\n<p>FONDAZIONE TEATRO DONIZETTI \u2013 FESTIVAL DONIZETTI OPERA<br \/>\nUfficio stampa<br \/>\nPiazza Matteotti 60 &#8211; 20121 Bergamo (I)<br \/>\n<a class=\"mailto-link\" href=\"mailto:pressopera@fondazioneteatrodonizetti.org\" target=\"_blank\" rel=\"noopener\">pressopera@fondazioneteatrodonizetti.org<\/a><\/p>\n<p><em>Copyright \u00a9 2023 Tessitore Vitale, All rights reserved.<\/em><\/p>\n<p>le fotografie ufficiali<\/p>\n<p><a href=\"http:\/\/www.ecoitaliano.com.ar\/wp-content\/uploads\/2023\/09\/benedetta-torre-ph-mattia-di-pasquale.jpg\"><img decoding=\"async\" class=\"alignnone size-full wp-image-42745\" src=\"http:\/\/www.ecoitaliano.com.ar\/wp-content\/uploads\/2023\/09\/benedetta-torre-ph-mattia-di-pasquale.jpg\" alt=\"\" width=\"6000\" height=\"4000\" srcset=\"https:\/\/www.ecoitaliano.com.ar\/wp-content\/uploads\/2023\/09\/benedetta-torre-ph-mattia-di-pasquale.jpg 6000w, https:\/\/www.ecoitaliano.com.ar\/wp-content\/uploads\/2023\/09\/benedetta-torre-ph-mattia-di-pasquale-300x200.jpg 300w, https:\/\/www.ecoitaliano.com.ar\/wp-content\/uploads\/2023\/09\/benedetta-torre-ph-mattia-di-pasquale-768x512.jpg 768w, https:\/\/www.ecoitaliano.com.ar\/wp-content\/uploads\/2023\/09\/benedetta-torre-ph-mattia-di-pasquale-1024x683.jpg 1024w, https:\/\/www.ecoitaliano.com.ar\/wp-content\/uploads\/2023\/09\/benedetta-torre-ph-mattia-di-pasquale-150x100.jpg 150w\" sizes=\"(max-width: 6000px) 100vw, 6000px\" \/><\/a> <a href=\"http:\/\/www.ecoitaliano.com.ar\/wp-content\/uploads\/2023\/09\/benedetta-torre-photo-by-mattia-di-pasquale.jpg\"><img decoding=\"async\" class=\"alignnone size-full wp-image-42746\" src=\"http:\/\/www.ecoitaliano.com.ar\/wp-content\/uploads\/2023\/09\/benedetta-torre-photo-by-mattia-di-pasquale.jpg\" alt=\"\" width=\"4000\" height=\"6000\" srcset=\"https:\/\/www.ecoitaliano.com.ar\/wp-content\/uploads\/2023\/09\/benedetta-torre-photo-by-mattia-di-pasquale.jpg 4000w, https:\/\/www.ecoitaliano.com.ar\/wp-content\/uploads\/2023\/09\/benedetta-torre-photo-by-mattia-di-pasquale-200x300.jpg 200w, https:\/\/www.ecoitaliano.com.ar\/wp-content\/uploads\/2023\/09\/benedetta-torre-photo-by-mattia-di-pasquale-768x1152.jpg 768w, https:\/\/www.ecoitaliano.com.ar\/wp-content\/uploads\/2023\/09\/benedetta-torre-photo-by-mattia-di-pasquale-683x1024.jpg 683w, https:\/\/www.ecoitaliano.com.ar\/wp-content\/uploads\/2023\/09\/benedetta-torre-photo-by-mattia-di-pasquale-100x150.jpg 100w\" sizes=\"(max-width: 4000px) 100vw, 4000px\" \/><\/a><\/p>\n<figure id=\"attachment_42747\" aria-describedby=\"caption-attachment-42747\" style=\"width: 3744px\" class=\"wp-caption alignnone\"><a href=\"http:\/\/www.ecoitaliano.com.ar\/wp-content\/uploads\/2023\/09\/Muti-\u00a9-Todd-Rosenberg-Photography-courtesy-of-riccardomutimusic.com_.jpeg\"><img decoding=\"async\" class=\"size-full wp-image-42747\" src=\"http:\/\/www.ecoitaliano.com.ar\/wp-content\/uploads\/2023\/09\/Muti-\u00a9-Todd-Rosenberg-Photography-courtesy-of-riccardomutimusic.com_.jpeg\" alt=\"\" width=\"3744\" height=\"5616\" srcset=\"https:\/\/www.ecoitaliano.com.ar\/wp-content\/uploads\/2023\/09\/Muti-\u00a9-Todd-Rosenberg-Photography-courtesy-of-riccardomutimusic.com_.jpeg 3744w, https:\/\/www.ecoitaliano.com.ar\/wp-content\/uploads\/2023\/09\/Muti-\u00a9-Todd-Rosenberg-Photography-courtesy-of-riccardomutimusic.com_-200x300.jpeg 200w, https:\/\/www.ecoitaliano.com.ar\/wp-content\/uploads\/2023\/09\/Muti-\u00a9-Todd-Rosenberg-Photography-courtesy-of-riccardomutimusic.com_-768x1152.jpeg 768w, https:\/\/www.ecoitaliano.com.ar\/wp-content\/uploads\/2023\/09\/Muti-\u00a9-Todd-Rosenberg-Photography-courtesy-of-riccardomutimusic.com_-683x1024.jpeg 683w, https:\/\/www.ecoitaliano.com.ar\/wp-content\/uploads\/2023\/09\/Muti-\u00a9-Todd-Rosenberg-Photography-courtesy-of-riccardomutimusic.com_-100x150.jpeg 100w\" sizes=\"(max-width: 3744px) 100vw, 3744px\" \/><\/a><figcaption id=\"caption-attachment-42747\" class=\"wp-caption-text\">2\/10\/12 4:46:48 PM &#8212; Portrait of Maestro Riccardo Muti. \u00a9 Todd Rosenberg Photography 2012<\/figcaption><\/figure>\n<p><a href=\"http:\/\/www.ecoitaliano.com.ar\/wp-content\/uploads\/2023\/09\/Muti_7682_ph_Silvia_Lelli.jpg\"><img decoding=\"async\" class=\"alignnone size-full wp-image-42748\" src=\"http:\/\/www.ecoitaliano.com.ar\/wp-content\/uploads\/2023\/09\/Muti_7682_ph_Silvia_Lelli.jpg\" alt=\"\" width=\"3543\" height=\"2343\" srcset=\"https:\/\/www.ecoitaliano.com.ar\/wp-content\/uploads\/2023\/09\/Muti_7682_ph_Silvia_Lelli.jpg 3543w, https:\/\/www.ecoitaliano.com.ar\/wp-content\/uploads\/2023\/09\/Muti_7682_ph_Silvia_Lelli-300x198.jpg 300w, https:\/\/www.ecoitaliano.com.ar\/wp-content\/uploads\/2023\/09\/Muti_7682_ph_Silvia_Lelli-768x508.jpg 768w, https:\/\/www.ecoitaliano.com.ar\/wp-content\/uploads\/2023\/09\/Muti_7682_ph_Silvia_Lelli-1024x677.jpg 1024w, https:\/\/www.ecoitaliano.com.ar\/wp-content\/uploads\/2023\/09\/Muti_7682_ph_Silvia_Lelli-150x99.jpg 150w\" sizes=\"(max-width: 3543px) 100vw, 3543px\" \/><\/a> <a href=\"http:\/\/www.ecoitaliano.com.ar\/wp-content\/uploads\/2023\/09\/OrchestraCherubini_ph_Silvia-Lelli_16giu2018_2479-1.jpg\"><img decoding=\"async\" class=\"alignnone size-full wp-image-42749\" src=\"http:\/\/www.ecoitaliano.com.ar\/wp-content\/uploads\/2023\/09\/OrchestraCherubini_ph_Silvia-Lelli_16giu2018_2479-1.jpg\" alt=\"\" width=\"3543\" height=\"2377\" srcset=\"https:\/\/www.ecoitaliano.com.ar\/wp-content\/uploads\/2023\/09\/OrchestraCherubini_ph_Silvia-Lelli_16giu2018_2479-1.jpg 3543w, https:\/\/www.ecoitaliano.com.ar\/wp-content\/uploads\/2023\/09\/OrchestraCherubini_ph_Silvia-Lelli_16giu2018_2479-1-300x201.jpg 300w, https:\/\/www.ecoitaliano.com.ar\/wp-content\/uploads\/2023\/09\/OrchestraCherubini_ph_Silvia-Lelli_16giu2018_2479-1-768x515.jpg 768w, https:\/\/www.ecoitaliano.com.ar\/wp-content\/uploads\/2023\/09\/OrchestraCherubini_ph_Silvia-Lelli_16giu2018_2479-1-1024x687.jpg 1024w, https:\/\/www.ecoitaliano.com.ar\/wp-content\/uploads\/2023\/09\/OrchestraCherubini_ph_Silvia-Lelli_16giu2018_2479-1-150x101.jpg 150w\" sizes=\"(max-width: 3543px) 100vw, 3543px\" \/><\/a> <a href=\"http:\/\/www.ecoitaliano.com.ar\/wp-content\/uploads\/2023\/09\/Riccardo-Zanellato.jpeg\"><img decoding=\"async\" class=\"alignnone size-full wp-image-42750\" src=\"http:\/\/www.ecoitaliano.com.ar\/wp-content\/uploads\/2023\/09\/Riccardo-Zanellato.jpeg\" alt=\"\" width=\"3500\" height=\"5250\" srcset=\"https:\/\/www.ecoitaliano.com.ar\/wp-content\/uploads\/2023\/09\/Riccardo-Zanellato.jpeg 3500w, https:\/\/www.ecoitaliano.com.ar\/wp-content\/uploads\/2023\/09\/Riccardo-Zanellato-200x300.jpeg 200w, https:\/\/www.ecoitaliano.com.ar\/wp-content\/uploads\/2023\/09\/Riccardo-Zanellato-768x1152.jpeg 768w, https:\/\/www.ecoitaliano.com.ar\/wp-content\/uploads\/2023\/09\/Riccardo-Zanellato-683x1024.jpeg 683w, https:\/\/www.ecoitaliano.com.ar\/wp-content\/uploads\/2023\/09\/Riccardo-Zanellato-100x150.jpeg 100w\" sizes=\"(max-width: 3500px) 100vw, 3500px\" \/><\/a><\/p>\n","protected":false},"excerpt":{"rendered":"<p>comunicato stampa RICCARDO MUTI IN CONCERTO PER BERGAMO BRESCIA CAPITALE DELLA CULTURA 2023 Grazie alla collaborazione tra la Fondazione Teatro [&hellip;]<\/p>\n","protected":false},"author":1,"featured_media":0,"comment_status":"open","ping_status":"open","sticky":false,"template":"","format":"standard","meta":{"footnotes":""},"categories":[1],"tags":[],"class_list":["post-42744","post","type-post","status-publish","format-standard","hentry","category-sin-categoria"],"_links":{"self":[{"href":"https:\/\/www.ecoitaliano.com.ar\/index.php?rest_route=\/wp\/v2\/posts\/42744","targetHints":{"allow":["GET"]}}],"collection":[{"href":"https:\/\/www.ecoitaliano.com.ar\/index.php?rest_route=\/wp\/v2\/posts"}],"about":[{"href":"https:\/\/www.ecoitaliano.com.ar\/index.php?rest_route=\/wp\/v2\/types\/post"}],"author":[{"embeddable":true,"href":"https:\/\/www.ecoitaliano.com.ar\/index.php?rest_route=\/wp\/v2\/users\/1"}],"replies":[{"embeddable":true,"href":"https:\/\/www.ecoitaliano.com.ar\/index.php?rest_route=%2Fwp%2Fv2%2Fcomments&post=42744"}],"version-history":[{"count":0,"href":"https:\/\/www.ecoitaliano.com.ar\/index.php?rest_route=\/wp\/v2\/posts\/42744\/revisions"}],"wp:attachment":[{"href":"https:\/\/www.ecoitaliano.com.ar\/index.php?rest_route=%2Fwp%2Fv2%2Fmedia&parent=42744"}],"wp:term":[{"taxonomy":"category","embeddable":true,"href":"https:\/\/www.ecoitaliano.com.ar\/index.php?rest_route=%2Fwp%2Fv2%2Fcategories&post=42744"},{"taxonomy":"post_tag","embeddable":true,"href":"https:\/\/www.ecoitaliano.com.ar\/index.php?rest_route=%2Fwp%2Fv2%2Ftags&post=42744"}],"curies":[{"name":"wp","href":"https:\/\/api.w.org\/{rel}","templated":true}]}}