{"id":42968,"date":"2023-09-11T17:44:25","date_gmt":"2023-09-11T17:44:25","guid":{"rendered":"http:\/\/www.ecoitaliano.com.ar\/?p=42968"},"modified":"2023-09-11T17:44:25","modified_gmt":"2023-09-11T17:44:25","slug":"serena-conduce-operaclassica-eco-italiano-2718","status":"publish","type":"post","link":"https:\/\/www.ecoitaliano.com.ar\/?p=42968","title":{"rendered":"Serena conduce operaclassica eco italiano"},"content":{"rendered":"<p><a href=\"http:\/\/www.ecoitaliano.com.ar\/wp-content\/uploads\/2023\/09\/Logo-skill_senza-nomi.png\"><img decoding=\"async\" class=\"alignnone  wp-image-42969\" src=\"http:\/\/www.ecoitaliano.com.ar\/wp-content\/uploads\/2023\/09\/Logo-skill_senza-nomi.png\" alt=\"\" width=\"475\" height=\"72\" srcset=\"https:\/\/www.ecoitaliano.com.ar\/wp-content\/uploads\/2023\/09\/Logo-skill_senza-nomi.png 756w, https:\/\/www.ecoitaliano.com.ar\/wp-content\/uploads\/2023\/09\/Logo-skill_senza-nomi-300x46.png 300w, https:\/\/www.ecoitaliano.com.ar\/wp-content\/uploads\/2023\/09\/Logo-skill_senza-nomi-150x23.png 150w\" sizes=\"(max-width: 475px) 100vw, 475px\" \/><\/a><\/p>\n<p style=\"font-weight: 400;\">Comunicato stampa<\/p>\n<p style=\"font-weight: 400;\">\n<p style=\"font-weight: 400;\"><strong>LUCA MICHELETTI\u00a0<\/strong><strong>METTE IN SCENA\u00a0<em>AIACE<\/em>\u00a0DI SOFOCLE E DEBUTTA AL TEATRO GRECO DI SIRACUSA<\/strong><\/p>\n<p style=\"font-weight: 400;\">\n<p style=\"font-weight: 400;\"><em>Lo spettacolo apre la 59esima Stagione che celebra i 110 anni di attivit\u00e0 dell\u2019Istituto nazionale del dramma antico, venerd\u00ec 10 maggio 2024<\/em><\/p>\n<p style=\"font-weight: 400;\">\n<p style=\"font-weight: 400;\">\u00abTragedia dell\u2019orrore e della follia,\u00a0<em>Aiace<\/em>\u00a0\u00e8 una potente meditazione sulla condizione dell\u2019uomo in lotta con il proprio destino, incerto e spesso insensato\u00bb. Cos\u00ec Luca Micheletti \u2013\u00a0attore, regista e baritono \u2013 descrive la tragedia di Sofocle che mette in scena il 10 maggio prossimo, nella serata inaugurale della\u00a059esima Stagione di rappresentazioni classiche del Teatro greco di Siracusa, che festeggia quest\u2019anno i\u00a0110 anni di attivit\u00e0 dell\u2019Istituto nazionale del dramma antico (INDA). Le repliche sono in programma fino a venerd\u00ec 7 giugno 2024.<\/p>\n<p style=\"font-weight: 400;\">\u00abCome sempre in Sofocle\u00a0\u2013 prosegue Micheletti, al suo debutto come regista al Teatro greco di Siracusa \u2013\u00a0il protagonista \u00e8 solo, fiero, intransigente, ma ostaggio del capriccio degli dei. Ci\u00f2 che distrugge l\u2019eroe non \u00e8 la codardia, ma il ridicolo. Aiace, come Don Chisciotte (Starobinski), al risveglio da una notte di strage furibonda, sceglie l\u2019autodistruzione poich\u00e9 si accorge di avere miseramente smarrito il suo eroismo, di essere ormai solo un uomo, capace di atti vergognosi e grotteschi. Il suicidio dell\u2019eroe arcaico prefigura il passaggio a una nuova societ\u00e0 di cui Odisseo \u00e8 paradigma: se Aiace soccombe perch\u00e9 non sa perdonare il suo errore e abbracciare la propria condizione di creatura fallibile, Odisseo, al contrario, si fa ambiguo portavoce della complessit\u00e0 dell\u2019umano, attinge con sgomento e saggezza ad un nuovo sapere: \u00e8 finita l\u2019era degli eroi, \u201ci viventi non sono che fantasmi, o vane ombre\u201d\u00bb.<\/p>\n<p style=\"font-weight: 400;\">Il testo di Sofocle\u00a0\u00e8 proposto nella traduzione di Walter Lapini\u00a0e viene rappresentato per la quarta volta a Siracusa dopo gli allestimenti del 1939, 1988 e 2010.<\/p>\n<p style=\"font-weight: 400;\">In scena dal 10 maggio al 29 giugno, la Stagione 2024 del Teatro greco di Siracusa, dal tema \u201cPassioni e illusioni\u201d, vede inoltre protagonisti Paul Curran che firma la regia di\u00a0<em>Fedra (Ippolito portatore di corona)<\/em>\u00a0di Euripide e Leo Muscato che mette in scena la commedia latina\u00a0<em>Miles gloriosus<\/em>\u00a0di Plauto.<\/p>\n<p style=\"font-weight: 400;\">I biglietti per la 59esima Stagione di rappresentazioni classiche al Teatro Greco di Siracusa sono in vendita da oggi, 11 settembre, nella biglietteria INDA in corso Matteotti 29, sui siti\u00a0<a href=\"http:\/\/www.indafondazione.org\/\">www.indafondazione.org<\/a>\u00a0e\u00a0<a href=\"http:\/\/www.ticketone.it\/\">www.ticketone.it<\/a>\u00a0e nei punti vendita Ticketone presenti in tutta Italia.<\/p>\n<p style=\"font-weight: 400;\">Luca Micheletti \u00e8 attualmente impegnato nelle prove al Teatro alla Scala come protagonista de\u00a0<em>Le nozze di Figaro<\/em>\u00a0in scena dal 30 settembre. Il suo successivo appuntamento registico sar\u00e0 al Teatro dell\u2019Opera di Roma con il nuovo allestimento de\u00a0<em>L\u2019ultimo viaggio di Sindbad<\/em>\u00a0di Silvia Colasanti in prima assoluta dal 16 ottobre 2024.<\/p>\n<p style=\"font-weight: 400;\">Regista stabile della Compagnia teatrale I Guitti, ha firmato creazioni e recitato per i maggiori festival e teatri nazionali collaborando, tra gli altri, con Umberto Orsini, Marco Bellocchio, Luca Ronconi, ottenendo insigni riconoscimenti come il\u202fPremio Ubu\u202f(2011) e il\u202fPremio Internazionale Pirandello\u202f(2015). Parallelamente all\u2019attivit\u00e0 sui palcoscenici di prosa, debutta come\u202fbaritono all\u2019opera e approda, sia come regista sia come cantante, nei pi\u00f9 illustri teatri lirici nazionali e internazionali (dalla Scala al Covent Garden, da Tokyo a Sydney), collaborando con direttori quali Riccardo Muti, Zubin Mehta, Fabio Luisi, Daniel Harding. Ha all\u2019attivo inoltre un\u2019intensa attivit\u00e0 editoriale\u202fche include traduzioni, curatele, adattamenti drammaturgici e opere proprie.<\/p>\n<p style=\"font-weight: 400;\">\u00a011.09.2023<\/p>\n<p style=\"font-weight: 400;\">\n<p style=\"font-weight: 400;\">Skill&amp;Music\u00a0\u2013 Ufficio stampa<\/p>\n<p style=\"font-weight: 400;\">Paolo Cairoli \u2013 Rossana Adorno<\/p>\n<ol>\n<li style=\"font-weight: 400;\">+39 3317066369\u00a0\u00a0(Rossana Adorno)<\/li>\n<\/ol>\n<p style=\"font-weight: 400;\"><a href=\"mailto:info@skillandmusic.com\">info@skillandmusic.com<\/a><\/p>\n<p style=\"font-weight: 400;\"><a href=\"http:\/\/www.skillandmusic.com\/\">www.skillandmusic.com<\/a><\/p>\n<p>&nbsp;<\/p>\n<p>ritratti dell\u2019attore, regista e baritono Luca Micheletti.<\/p>\n<p>Luca Micheletti_c_Fabio Anselmini_<\/p>\n<p><a href=\"http:\/\/www.ecoitaliano.com.ar\/wp-content\/uploads\/2023\/09\/Luca-Micheletti_c_Fabio-Anselmini_.jpg\"><img decoding=\"async\" class=\"alignnone size-full wp-image-42970\" src=\"http:\/\/www.ecoitaliano.com.ar\/wp-content\/uploads\/2023\/09\/Luca-Micheletti_c_Fabio-Anselmini_.jpg\" alt=\"\" width=\"3840\" height=\"5760\" srcset=\"https:\/\/www.ecoitaliano.com.ar\/wp-content\/uploads\/2023\/09\/Luca-Micheletti_c_Fabio-Anselmini_.jpg 3840w, https:\/\/www.ecoitaliano.com.ar\/wp-content\/uploads\/2023\/09\/Luca-Micheletti_c_Fabio-Anselmini_-200x300.jpg 200w, https:\/\/www.ecoitaliano.com.ar\/wp-content\/uploads\/2023\/09\/Luca-Micheletti_c_Fabio-Anselmini_-768x1152.jpg 768w, https:\/\/www.ecoitaliano.com.ar\/wp-content\/uploads\/2023\/09\/Luca-Micheletti_c_Fabio-Anselmini_-683x1024.jpg 683w, https:\/\/www.ecoitaliano.com.ar\/wp-content\/uploads\/2023\/09\/Luca-Micheletti_c_Fabio-Anselmini_-100x150.jpg 100w\" sizes=\"(max-width: 3840px) 100vw, 3840px\" \/><\/a><\/p>\n<p>&nbsp;<\/p>\n","protected":false},"excerpt":{"rendered":"<p>Comunicato stampa LUCA MICHELETTI\u00a0METTE IN SCENA\u00a0AIACE\u00a0DI SOFOCLE E DEBUTTA AL TEATRO GRECO DI SIRACUSA Lo spettacolo apre la 59esima Stagione [&hellip;]<\/p>\n","protected":false},"author":1,"featured_media":0,"comment_status":"open","ping_status":"open","sticky":false,"template":"","format":"standard","meta":{"footnotes":""},"categories":[1],"tags":[],"class_list":["post-42968","post","type-post","status-publish","format-standard","hentry","category-sin-categoria"],"_links":{"self":[{"href":"https:\/\/www.ecoitaliano.com.ar\/index.php?rest_route=\/wp\/v2\/posts\/42968","targetHints":{"allow":["GET"]}}],"collection":[{"href":"https:\/\/www.ecoitaliano.com.ar\/index.php?rest_route=\/wp\/v2\/posts"}],"about":[{"href":"https:\/\/www.ecoitaliano.com.ar\/index.php?rest_route=\/wp\/v2\/types\/post"}],"author":[{"embeddable":true,"href":"https:\/\/www.ecoitaliano.com.ar\/index.php?rest_route=\/wp\/v2\/users\/1"}],"replies":[{"embeddable":true,"href":"https:\/\/www.ecoitaliano.com.ar\/index.php?rest_route=%2Fwp%2Fv2%2Fcomments&post=42968"}],"version-history":[{"count":0,"href":"https:\/\/www.ecoitaliano.com.ar\/index.php?rest_route=\/wp\/v2\/posts\/42968\/revisions"}],"wp:attachment":[{"href":"https:\/\/www.ecoitaliano.com.ar\/index.php?rest_route=%2Fwp%2Fv2%2Fmedia&parent=42968"}],"wp:term":[{"taxonomy":"category","embeddable":true,"href":"https:\/\/www.ecoitaliano.com.ar\/index.php?rest_route=%2Fwp%2Fv2%2Fcategories&post=42968"},{"taxonomy":"post_tag","embeddable":true,"href":"https:\/\/www.ecoitaliano.com.ar\/index.php?rest_route=%2Fwp%2Fv2%2Ftags&post=42968"}],"curies":[{"name":"wp","href":"https:\/\/api.w.org\/{rel}","templated":true}]}}