{"id":43722,"date":"2023-09-17T17:15:24","date_gmt":"2023-09-17T17:15:24","guid":{"rendered":"http:\/\/www.ecoitaliano.com.ar\/?p=43722"},"modified":"2023-09-17T17:15:24","modified_gmt":"2023-09-17T17:15:24","slug":"serena-conduce-operaclassica-eco-italiano-2741","status":"publish","type":"post","link":"https:\/\/www.ecoitaliano.com.ar\/?p=43722","title":{"rendered":"Serena conduce operaclassica eco italiano"},"content":{"rendered":"<p style=\"text-align: center;\"><a href=\"http:\/\/www.ecoitaliano.com.ar\/wp-content\/uploads\/2023\/09\/171f0d23f60b4818b059feb8af35143b-2.jpg\"><img decoding=\"async\" class=\"alignnone size-full wp-image-43723\" src=\"http:\/\/www.ecoitaliano.com.ar\/wp-content\/uploads\/2023\/09\/171f0d23f60b4818b059feb8af35143b-2.jpg\" alt=\"\" width=\"300\" height=\"97\" srcset=\"https:\/\/www.ecoitaliano.com.ar\/wp-content\/uploads\/2023\/09\/171f0d23f60b4818b059feb8af35143b-2.jpg 300w, https:\/\/www.ecoitaliano.com.ar\/wp-content\/uploads\/2023\/09\/171f0d23f60b4818b059feb8af35143b-2-150x49.jpg 150w\" sizes=\"(max-width: 300px) 100vw, 300px\" \/><\/a><\/p>\n<table class=\"row row-3\" border=\"0\" width=\"100%\" cellspacing=\"0\" cellpadding=\"0\" align=\"center\">\n<tbody>\n<tr>\n<td>\n<table class=\"row-content stack\" border=\"0\" width=\"600\" cellspacing=\"0\" cellpadding=\"0\" align=\"center\">\n<tbody>\n<tr>\n<td class=\"column column-1\" width=\"100%\">\n<table class=\"text_block block-1\" border=\"0\" width=\"100%\" cellspacing=\"0\" cellpadding=\"10\">\n<tbody>\n<tr>\n<td class=\"pad\">\n<div class=\"\">\n<p><strong>COMUNICATO STAMPA<\/strong><\/p>\n<p>&nbsp;<\/p>\n<p>&nbsp;<\/p>\n<p>&nbsp;<\/p>\n<p><strong>WHEELDON, MONTERO E PASTOR:<\/strong><\/p>\n<p><strong>IL FASCINO DEL BALLETTO CONTEMPORANEO<\/strong><\/p>\n<p><strong>SU MUSICHE DI BOSSO, BACH E RAVEL<\/strong><\/p>\n<p>&nbsp;<\/p>\n<p>&nbsp;<\/p>\n<p><strong><em>Within the Golden Hour<\/em><\/strong><strong>,\u00a0<em>Chacona\u00a0<\/em>e\u00a0<em>Bolero<\/em>\u00a0i titoli del Trittico di danza<\/strong><\/p>\n<p><strong>in scena dal 19 al 24 settembre all\u2019Opera di Roma<\/strong><\/p>\n<p>&nbsp;<\/p>\n<p>&nbsp;<\/p>\n<p>&nbsp;<\/p>\n<p>Un omaggio al compositore e pianista\u00a0<strong>Ezio Bosso<\/strong>\u00a0nel mese in cui avrebbe compiuto 52 anni: ad aprire la\u00a0<em>Serata Coreografi Contemporanei\u00a0\u2013\u00a0<\/em>in scena al Teatro Costanzi dal 19 al 24 settembre\u00a0\u2013 \u00e8\u00a0<em>Within the Golden Hour<\/em>\u00a0di\u00a0<strong>Christopher Wheeldon<\/strong>, coreografia sulla musica del compositore e musicista italiano scomparso nel 2020. Questo balletto \u00e8 solo il primo dei tre titoli che costituiscono la\u00a0<em>Serata<\/em>, con cui torna e si rinnova\u00a0\u2013 a seguito del successo ottenuto nelle precedenti stagioni &#8211; la formula del Trittico di danza fortemente voluta da\u00a0<strong>Eleonora Abbagnato<\/strong>. Tre lavori molto diversi tra loro vengono accostati in un unico programma: oltre a\u00a0<em>Within the Golden Hour<\/em>, saranno eseguiti\u00a0<em>Chacona<\/em>\u00a0di\u00a0<strong>Goyo Montero<\/strong>\u00a0\u2013 entrambi i titoli entrano per la prima volta nel repertorio della compagnia dell\u2019Opera di Roma\u00a0\u2013 e\u00a0<em>Bolero<\/em>\u00a0di\u00a0<strong>Krzysztof Pastor\u00a0\u2013\u00a0<\/strong>andato in scena a Caracalla lo scorso luglio. Protagonisti le \u00e9toiles\u00a0<strong>Alessandra Amato, Rebecca Bianchi<\/strong>\u00a0e\u00a0<strong>Alessio Rezza<\/strong>, i primi ballerini\u00a0<strong>Claudio Cocino<\/strong>\u00a0e\u00a0<strong>Michele Satriano<\/strong>, i solisti\u00a0<strong>Federica Maine<\/strong>,\u00a0<strong>Marianna Suriano<\/strong>\u00a0e\u00a0<strong>Giacomo Castellana<\/strong>, e il\u00a0<strong>Corpo di Ballo del Teatro dell\u2019Opera di Roma<\/strong>. Dopo la prima di marted\u00ec 19, cinque le repliche fino al 24 settembre.<\/p>\n<p>&nbsp;<\/p>\n<p>La serata si apre dunque con\u00a0<em>Within the Golden Hour<\/em>, creato dal coreografo Christopher Wheeldon nel 2008 per il San Francisco Ballet: balletto contemporaneo in un atto unico, \u00e8 una poesia per quattordici danzatori sulla partitura per archi composta da Ezio Bosso e sul\u00a0<em>Movimento andante<\/em>\u00a0del\u00a0<em>Concerto per violino in si bemolle maggiore<\/em>\u00a0RV583 di Vivaldi. La pulsante partitura prende corpo nel linguaggio coreografico di Wheeldon, intimo, ipnotizzante e valorizzante la bellezza del movimento puro. Uno spettacolo per gli occhi, cui contribuiscono gli scintillanti costumi di\u00a0<strong>Anna Biagiotti<\/strong>\u00a0e le luci di\u00a0<strong>Peter Mumford<\/strong>. Christopher Wheeldon \u2013 Officer of the Order of the British Empire\u00a0\u2013 \u00e8 stato un danzatore del Royal Ballet (1991), di cui \u00e8 attualmente Artistic Associate, e del New York City Ballet (1993), dove ha iniziato il percorso come coreografo nel 2001. Da allora ha creato e messo in scena produzioni per molte delle principali compagnie di balletto del mondo. Ha vinto il Tony Award e l\u2019Outer Critics Award (<em>An American in Paris<\/em>), il Benois de la Danse<em>\u00a0<\/em>(<em>Cenerentola<\/em>\u00a0e\u00a0<em>Winter\u2019s Tale<\/em>)<em>,\u00a0<\/em>l\u2019Olivier Award (<em>Aeternum<\/em>\u00a0e\u00a0<em>Polifonia<\/em>).\u00a0<em>Within the Golden Hour<\/em>\u00a0\u00e8 considerata una delle sue migliori creazioni.<\/p>\n<p>&nbsp;<\/p>\n<p>Il Trittico prosegue con\u00a0<em>Chacona<\/em>, coreografia che lo spagnolo\u00a0<strong>Goyo Montero<\/strong>\u00a0ha creato nel 2011. La musica di Bach \u2013 che il coreografo ama particolarmente, utilizzandola spesso nelle sue creazioni \u2013 \u00e8 eseguita dal vivo da\u00a0<strong>Vincenzo Bolognese<\/strong>\u00a0(violino solo),\u00a0<strong>Enrica Ruggiero\u00a0<\/strong>(pianoforte) e\u00a0<strong>Sergio Segato<\/strong>\u00a0(chitarra). Il balletto, che vede otto coppie, \u00e8 stato pensato per danzatori classici ma si realizza in uno stile contemporaneo dinamico e brillante tale da renderlo particolarmente impegnativo dal punto di vista fisico. In questa danza ritroviamo la cifra distintiva del coreografo spagnolo che, formatosi inizialmente a Madrid, sua citt\u00e0 natale, ha proseguito la formazione in ambito internazionale e soprattutto in Germania, dove ha potuto studiare un ampio repertorio che abbraccia lavori contemporanei e neoclassici oltre a quelli pi\u00f9 classici. Coreografo dal 2000, ha lavorato per le maggiori compagnie europee. Dal 2008, \u00e8 direttore del Balletto dello Staatstheater N\u00fcrnberg. Con\u00a0<em>Chacona\u00a0<\/em>debutta\u00a0all\u2019Opera di Roma. Di\u00a0<em>Chacona<\/em>\u00a0Montero firma anche costumi e scene, con\u00a0<strong>Verena Hemmerlein<\/strong>, oltre che le luci con\u00a0<strong>Nicol\u00e1s Fischtel<\/strong>.<\/p>\n<p>&nbsp;<\/p>\n<p>Conclude la serata il\u00a0<em>Bolero<\/em>\u00a0di\u00a0<strong>Krzysztof Pastor<\/strong>, creato nel 2012 sul capolavoro di Ravel e che la compagnia capitolina ha interpretato per la prima volta sul palcoscenico delle Terme di Caracalla lo scorso luglio. Il\u00a0<em>Bolero<\/em>\u00a0occupa un posto speciale nella storia della musica e della danza: anche all\u2019Opera di Roma, il balletto \u00e8 stato presente nel cartellone gi\u00e0 dal 1944, andando in scena nella versione di Milloss, Dolin, Urbani e in quella che ha segnato la storia e che ancora oggi si pone come un\u2019icona \u00e8 quella leggendaria di Maurice B\u00e9jart. Da sempre il\u00a0<em>Bolero<\/em>\u00a0\u00e8 stato concepito \u201cin cerchio\u201d, generalmente con un tavolo rotondo al centro del palcoscenico su cui danza un solista, donna o uomo, e gli altri ballerini tutti intorno: nella sua versione, Pastor sceglie di usare un ampio spazio rettangolare e di affidare l\u2019esecuzione del suo\u00a0<em>Bolero<\/em>\u00a0a un uomo e a una donna, una coppia principale, con un corpo di ballo che li ingloba e li rilascia. Le scene e i costumi sono di\u00a0<strong>Tatyana van Walsum<\/strong>, le luci di\u00a0<strong>Bert Dalhuysen<\/strong>. Dopo essersi ritirato come ballerino e aver intrapreso la strada della coreografia al Washington Ballet (1997-1999), Pastor ha proseguito la carriera ad Amsterdam, come coreografo residente al Dutch National Ballet (2003-2017). \u00c8 qui che ha creato la maggior parte dei suoi balletti originali incluso il\u00a0<em>Bolero<\/em>. Nel 2009 prende la direzione del balletto al Teatr Wielki di Varsavia, riuscendo a portare la compagnia ad una tale autonomia artistica da essere elevata allo status di Balletto Nazionale Polacco.<\/p>\n<p>&nbsp;<\/p>\n<p>Lo spettacolo\u00a0<em>Serata Coreografi Contemporanei<\/em>\u00a0\u00e8 preceduto dall\u2019<strong>Incontro con la Danza\u00a0<\/strong>di sabato 16 settembre, ore 16.00. L\u2019ingresso \u00e8 gratuito.\u00a0<strong>Rossella Battisti<\/strong>, prestigiosa firma del mondo della cultura e della danza, affronta dalla sua personale prospettiva l\u2019analisi della proposta artistica intrecciando un dialogo con il pubblico e offrendo una visione originale dello spettacolo.<\/p>\n<p>&nbsp;<\/p>\n<p>Le musiche di\u00a0<em>Chacona<\/em>\u00a0sono eseguite dal vivo.\u00a0<em>Within the Golden Hour<\/em>\u00a0e\u00a0<em>Bolero<\/em>\u00a0vedono le musiche su base registrata eseguite dall\u2019Orchestra del Teatro dell\u2019Opera di Roma. Nel primo titolo le parti soliste sono affidate a<strong>\u00a0Vincenzo Bolognese<\/strong>\u00a0(violino) e\u00a0<strong>Koram Jablonko<\/strong>\u00a0(viola), la direzione a\u00a0<strong>Carlo Donadio<\/strong>. Nel secondo l\u2019orchestra \u00e8 diretta da<strong>\u00a0Kevin Rhodes<\/strong>.<\/p>\n<p>&nbsp;<\/p>\n<p><strong>Lo stesso programma verr\u00e0 portato a Bologna dove la compagnia, diretta da Eleonora Abbagnato, sar\u00e0 ospite del Teatro Comunale il 10 e 11 novembre.<\/strong><\/p>\n<p>&nbsp;<\/p>\n<p><strong>Info e biglietti:<\/strong>\u00a0<a href=\"https:\/\/fondazioneteatrodelloperadirom.musvc2.net\/e\/tr?q=9%3dEfBdC%26I%3d4%26J%3dBZ5a%26x%3dX3bCb7%26Q%3dqQvL2_OSyY_ZC_NZzR_XO_OSyY_YHOqLtP4On.73_OSyY_YHI3UNf%26m%3dJwO504.JnQ%26kO%3dCf6W%263P%3d4fAZBe0d37j8cfDdBd%26q%3dd8AC9BbncgfAZ4Zk99Z0B87md9YBC5bjB5fm969EcdbF9edHZ8cAagbH008n867E&amp;mupckp=mupAtu4m8OiX0wt\" target=\"_blank\" rel=\"noopener\">https:\/\/shorturl.at\/mtxL0<\/a><\/p>\n<p>&nbsp;<\/p>\n<p>&nbsp;<\/p>\n<p>&nbsp;<\/p>\n<p>&nbsp;<\/p>\n<p><strong>17 settembre 2023<\/strong><\/p>\n<p><strong>\u00a0<\/strong><\/p>\n<p><strong>\u00a0<\/strong><\/p>\n<p><strong>\u00a0<\/strong><\/p>\n<p><strong>TEATRO DELL\u2019OPERA DI ROMA<\/strong><\/p>\n<p><strong>Cosimo Manicone<\/strong><\/p>\n<p>ufficio stampa<\/p>\n<p><a class=\"mailto-link\" href=\"mailto:cosimo.manicone@operaroma.it\" target=\"_blank\" rel=\"noopener\">cosimo.manicone@operaroma.it<\/a><\/p>\n<p>&nbsp;<\/p>\n<p>&nbsp;<\/p>\n<p><strong>Paolo Cairoli<\/strong><\/p>\n<p>direttore della comunicazione<\/p>\n<p><a class=\"mailto-link\" href=\"mailto:paolo.cairoli@operaroma.it\" target=\"_blank\" rel=\"noopener\">paolo.cairoli@operaroma.it<\/a><\/p>\n<p>&nbsp;<\/p>\n<p>&nbsp;<\/p>\n<p>&nbsp;<\/p>\n<p><strong>STAGIONE 2022-23 TEATRO COSTANZI<\/strong><\/p>\n<p><strong><em>Serata Coreografi Contemporanei<\/em><\/strong><\/p>\n<p><strong>Christopher Wheeldon, Goyo Montero, Krzysztof Pastor<\/strong><\/p>\n<p>&nbsp;<\/p>\n<p><strong>INTERPRETI<\/strong><\/p>\n<p>Alessandra Amato<\/p>\n<p>Rebecca Bianchi<\/p>\n<p>Alessio Rezza<\/p>\n<p>Claudio Cocino<\/p>\n<p>Michele Satriano<\/p>\n<p>Federica Maine<\/p>\n<p>Marianna Suriano<\/p>\n<p>Giacomo Castellana<\/p>\n<p>&nbsp;<\/p>\n<p><strong>WITHIN THE GOLDEN HOUR<\/strong><\/p>\n<p>MUSICA Ezio Bosso, Antonio Vivaldi<\/p>\n<p>COREOGRAFIA Christopher Wheeldon<\/p>\n<p>COSTUMI Anna Biagiotti<\/p>\n<p>LUCI Peter Mumford<\/p>\n<p><strong>\u00a0<\/strong><\/p>\n<p>Vincenzo Bolognese, violino solo<\/p>\n<p>Koram Jablonko, viola sola<\/p>\n<p>Orchestra del Teatro dell\u2019Opera di Roma diretta da Carlo Donadio. Musiche su base registrata<\/p>\n<p>&nbsp;<\/p>\n<p>&nbsp;<\/p>\n<p><strong>CHACONA<\/strong><\/p>\n<p>MUSICA Johann Sebastian Bach<\/p>\n<p>COREOGRAFIA Goyo Montero<\/p>\n<p>SCENE E COSTUMI Verena Hemmerlein, Goyo Montero<\/p>\n<p>LUCI Nicol\u00e1s Fischtel, Goyo Montero<\/p>\n<p>&nbsp;<\/p>\n<p>Vincenzo Bolognese, violino solo<\/p>\n<p>Enrica Ruggiero, pianoforte<\/p>\n<p>Sergio Segato, chitarra<\/p>\n<p>&nbsp;<\/p>\n<p>&nbsp;<\/p>\n<p><strong>BOLERO<\/strong><\/p>\n<p>MUSICA Maurice Ravel<\/p>\n<p>COREOGRAFIA Krzysztof Pastor<\/p>\n<p>SCENE E COSTUMI Tatyana van Walsum<\/p>\n<p>LUCI Bert Dalhuysen<\/p>\n<p>&nbsp;<\/p>\n<p>Orchestra del Teatro dell\u2019Opera di Roma diretta da Kevin Rhodes. Musiche su base registrata<\/p>\n<p>&nbsp;<\/p>\n<p><strong>\u00c9TOILES, PRIMI BALLERINI, SOLISTI E CORPO DI BALLO DEL TEATRO DELL\u2019OPERA DI ROMA<\/strong><\/p>\n<p><strong>\u00a0<\/strong><\/p>\n<p>Nuovo allestimento Teatro dell\u2019Opera di Roma<\/p>\n<p>&nbsp;<\/p>\n<p><strong>Incontro con la danza tenuto da Rossella Battisti\u00a0<\/strong>sabato 16 settembre 2023, ore 16.00<\/p>\n<p><strong>Prima rappresentazione<\/strong><strong>\u00a0<\/strong>marted\u00ec 19 settembre 2023, ore 20.00<\/p>\n<p><strong>Repliche<\/strong><\/p>\n<p>Mercoled\u00ec 20 settembre, ore 20.00<\/p>\n<p>Gioved\u00ec 21 settembre, ore 20.00<\/p>\n<p>Venerd\u00ec 22 settembre, ore 20.00<\/p>\n<p>Sabato 23 settembre, ore 18.00<\/p>\n<p>Domenica 24 settembre, ore 16.30<\/p>\n<p>&nbsp;<\/p>\n<p>&nbsp;<\/p>\n<p>&nbsp;<\/p>\n<p>&nbsp;<\/p>\n<\/div>\n<\/td>\n<\/tr>\n<\/tbody>\n<\/table>\n<\/td>\n<\/tr>\n<\/tbody>\n<\/table>\n<\/td>\n<\/tr>\n<\/tbody>\n<\/table>\n<table class=\"row row-4\" border=\"0\" width=\"100%\" cellspacing=\"0\" cellpadding=\"0\" align=\"center\">\n<tbody>\n<tr>\n<td>\n<table class=\"row-content stack\" border=\"0\" width=\"600\" cellspacing=\"0\" cellpadding=\"0\" align=\"center\">\n<tbody>\n<tr>\n<td class=\"column column-1\" width=\"100%\">\n<table class=\"text_block block-1\" border=\"0\" width=\"100%\" cellspacing=\"0\" cellpadding=\"10\">\n<tbody>\n<tr>\n<td class=\"pad\">\n<div>\n<div class=\"\">\n<p><strong>Interviste a\u00a0Christopher Wheeldon, Goyo Montero, Krzysztof Pastor<\/strong><\/p>\n<p><strong>VIDEO DI FRANCESCO SICILIANO<\/strong><\/p>\n<\/div>\n<\/div>\n<\/td>\n<\/tr>\n<\/tbody>\n<\/table>\n<\/td>\n<\/tr>\n<\/tbody>\n<\/table>\n<\/td>\n<\/tr>\n<\/tbody>\n<\/table>\n<p><iframe loading=\"lazy\" title=\"Serata Coreografi Contemporanei - Wheeldon, Montero, Pastor\" width=\"500\" height=\"281\" src=\"https:\/\/www.youtube.com\/embed\/Jp2y2c2NhtM?feature=oembed\" frameborder=\"0\" allow=\"accelerometer; autoplay; clipboard-write; encrypted-media; gyroscope; picture-in-picture; web-share\" referrerpolicy=\"strict-origin-when-cross-origin\" allowfullscreen><\/iframe><\/p>\n<p><a href=\"http:\/\/www.ecoitaliano.com.ar\/wp-content\/uploads\/2023\/09\/51111a50cb0b42a6bcd886505ddbf941-1.jpg\"><img decoding=\"async\" class=\"alignnone size-full wp-image-43724\" src=\"http:\/\/www.ecoitaliano.com.ar\/wp-content\/uploads\/2023\/09\/51111a50cb0b42a6bcd886505ddbf941-1.jpg\" alt=\"\" width=\"300\" height=\"147\" srcset=\"https:\/\/www.ecoitaliano.com.ar\/wp-content\/uploads\/2023\/09\/51111a50cb0b42a6bcd886505ddbf941-1.jpg 300w, https:\/\/www.ecoitaliano.com.ar\/wp-content\/uploads\/2023\/09\/51111a50cb0b42a6bcd886505ddbf941-1-150x74.jpg 150w\" sizes=\"(max-width: 300px) 100vw, 300px\" \/><\/a><\/p>\n<p>nuove foto<\/p>\n<p>&nbsp;<\/p>\n","protected":false},"excerpt":{"rendered":"<p>COMUNICATO STAMPA &nbsp; &nbsp; &nbsp; WHEELDON, MONTERO E PASTOR: IL FASCINO DEL BALLETTO CONTEMPORANEO SU MUSICHE DI BOSSO, BACH E [&hellip;]<\/p>\n","protected":false},"author":1,"featured_media":0,"comment_status":"open","ping_status":"open","sticky":false,"template":"","format":"standard","meta":{"footnotes":""},"categories":[1],"tags":[],"class_list":["post-43722","post","type-post","status-publish","format-standard","hentry","category-sin-categoria"],"_links":{"self":[{"href":"https:\/\/www.ecoitaliano.com.ar\/index.php?rest_route=\/wp\/v2\/posts\/43722","targetHints":{"allow":["GET"]}}],"collection":[{"href":"https:\/\/www.ecoitaliano.com.ar\/index.php?rest_route=\/wp\/v2\/posts"}],"about":[{"href":"https:\/\/www.ecoitaliano.com.ar\/index.php?rest_route=\/wp\/v2\/types\/post"}],"author":[{"embeddable":true,"href":"https:\/\/www.ecoitaliano.com.ar\/index.php?rest_route=\/wp\/v2\/users\/1"}],"replies":[{"embeddable":true,"href":"https:\/\/www.ecoitaliano.com.ar\/index.php?rest_route=%2Fwp%2Fv2%2Fcomments&post=43722"}],"version-history":[{"count":0,"href":"https:\/\/www.ecoitaliano.com.ar\/index.php?rest_route=\/wp\/v2\/posts\/43722\/revisions"}],"wp:attachment":[{"href":"https:\/\/www.ecoitaliano.com.ar\/index.php?rest_route=%2Fwp%2Fv2%2Fmedia&parent=43722"}],"wp:term":[{"taxonomy":"category","embeddable":true,"href":"https:\/\/www.ecoitaliano.com.ar\/index.php?rest_route=%2Fwp%2Fv2%2Fcategories&post=43722"},{"taxonomy":"post_tag","embeddable":true,"href":"https:\/\/www.ecoitaliano.com.ar\/index.php?rest_route=%2Fwp%2Fv2%2Ftags&post=43722"}],"curies":[{"name":"wp","href":"https:\/\/api.w.org\/{rel}","templated":true}]}}