{"id":44809,"date":"2023-10-08T15:42:51","date_gmt":"2023-10-08T15:42:51","guid":{"rendered":"http:\/\/www.ecoitaliano.com.ar\/?p=44809"},"modified":"2023-10-08T16:16:34","modified_gmt":"2023-10-08T16:16:34","slug":"serena-conduce-operaclassica-eco-italiano-2802","status":"publish","type":"post","link":"https:\/\/www.ecoitaliano.com.ar\/?p=44809","title":{"rendered":"Serena conduce operaclassica eco italiano"},"content":{"rendered":"<p><a href=\"http:\/\/www.ecoitaliano.com.ar\/wp-content\/uploads\/2023\/09\/dfghjkl\u00f2\u00e0-768x204-3.jpg\"><img decoding=\"async\" class=\"size-full wp-image-43912 aligncenter\" src=\"http:\/\/www.ecoitaliano.com.ar\/wp-content\/uploads\/2023\/09\/dfghjkl\u00f2\u00e0-768x204-3.jpg\" alt=\"\" width=\"768\" height=\"204\" srcset=\"https:\/\/www.ecoitaliano.com.ar\/wp-content\/uploads\/2023\/09\/dfghjkl\u00f2\u00e0-768x204-3.jpg 768w, https:\/\/www.ecoitaliano.com.ar\/wp-content\/uploads\/2023\/09\/dfghjkl\u00f2\u00e0-768x204-3-300x80.jpg 300w, https:\/\/www.ecoitaliano.com.ar\/wp-content\/uploads\/2023\/09\/dfghjkl\u00f2\u00e0-768x204-3-150x40.jpg 150w\" sizes=\"(max-width: 768px) 100vw, 768px\" \/><\/a><\/p>\n<p><strong>10 OTTOBRE 2023<\/strong><\/p>\n<p><strong>210\u00b0 COMPLEANNO DI GIUSEPPE VERDI<\/strong><\/p>\n<p><strong>\u00a0<\/strong><\/p>\n<p><strong>LE CERIMONIE IN SUO ONORE A BUSSETO E A PARMA<\/strong><\/p>\n<p><strong>E AL REGIO IL <em>GALA VERDIANO<\/em> PER VILLA SANT\u2019AGATA<\/strong><\/p>\n<p><strong>\u00a0<\/strong><\/p>\n<p><strong>Le cerimonie alla Casa Natale a Roncole Verdi di Busseto alle ore 9.00<\/strong><\/p>\n<p><strong>e a Parma al Monumento a Verdi in Piazza della Pace alle ore 11.30<\/strong><\/p>\n<p><strong>\u00a0<\/strong><\/p>\n<p><strong>Al Teatro Regio di Parma alle ore 20.00<\/strong><\/p>\n<p><strong>Eleonora Buratto, Clementine Margaine, Gregory Kunde, Michele Pertusi,<\/strong><\/p>\n<p><strong>diretti da Omer Meir Wellber sul podio della Filarmonica Arturo Toscanini<\/strong><\/p>\n<p><strong>e del Coro del Teatro Regio di Parma preparato da Martino Faggiani,<\/strong><\/p>\n<p><strong>protagonisti del <em>Gala Verdiano<\/em> realizzato collaborazione con Reggio Parma Festival<\/strong><\/p>\n<p><strong>a sostegno del progetto del Ministero della Cultura \u201cViva Verdi\u201d,<\/strong><\/p>\n<p><strong>per l\u2019acquisizione e la valorizzazione della casa-museo del Maestro,<\/strong><\/p>\n<p><strong>trasmesso in live streaming al Teatro Verdi di Busseto e su operavision.eu<\/strong><\/p>\n<p><strong>\u00a0<\/strong><\/p>\n<p>Il <strong><em>Gala Verdiano<\/em><\/strong>, <strong>marted\u00ec 10 ottobre 2023, alle ore 20.00<\/strong>, chiude le celebrazioni del <strong>duecentodecimo compleanno di Giuseppe Verdi<\/strong> con la direzione di <strong>Omer Meir Wellber<\/strong> sul podio della <strong>Filarmonica Arturo Toscanini<\/strong> e del <strong>Coro del Teatro Regio di Parma<\/strong> preparato da <strong>Martino Faggiani<\/strong>. Protagonista un cast d\u2019eccezione, composto da <strong>Eleonora Buratto, Clementine Margaine, Gregory Kunde, Michele Pertusi.<\/strong> Il concerto, realizzato in collaborazione con <strong>Reggio Parma Festival<\/strong>, \u00e8 parte del <strong>progetto \u201cViva Verdi\u201d<\/strong> promosso dal Ministero della Cultura per l\u2019acquisizione e la valorizzazione della casa-museo a Sant\u2019Agata di Villanova sull\u2019Arda, dove il compositore e sua moglie vissero a partire dal 1851, attraverso una raccolta fondi a cui anche i singoli possono partecipare con una donazione (IBAN IT81E01000032453480 29368004).<\/p>\n<p>Il Gala sar\u00e0 <strong>trasmesso in live streaming al Teatro Verdi di Busseto e su operavision.eu<\/strong>, dove rester\u00e0 disponibile alla visione gratuita fino al 10 aprile 2024. La serata sar\u00e0 presentata da <strong>Ilaria Notari.<\/strong><\/p>\n<p>&nbsp;<\/p>\n<p>Il ricco programma del Gala Verdiano vede alternarsi ouverture, brani corali, arie e scene da <em>I Vespri siciliani<\/em>,<em> Otello<\/em>, <em>Macbeth<\/em>, <em>Ernani<\/em>, <em>I Lombardi alla prima Crociata<\/em>, <em>Nabucco<\/em>, <em>Aida<\/em>, <em>Don Carlo<\/em>. A fare da filo conduttore, i temi politici affrontati da Verdi nelle sue opere, con particolare focus sulla produzione matura, ma senza tralasciare i suoi primi anni.<\/p>\n<p>&nbsp;<\/p>\n<p>\u201cUn aspetto che mi interessa sempre \u00e8 quello del Verdi politico, che propone risvolti legati all\u2019attualit\u00e0, non ultimo la questione mai risolta sull\u2019opportunit\u00e0 per un artista di occuparsi di politica \u2013 spiega <strong>Omer Meir Wellber<\/strong>. La risposta di Verdi \u00e8 chiara, e anche questa contribuisce all\u2019attualit\u00e0 della sua musica sotto il profilo politico. Ho perci\u00f2 pensato a un programma scuro e anche oscuro, che andasse a toccare anche un paio di punti culminanti come la grande scena di <em>Otello<\/em> \u201cDio, mi potevi scagliar\u201d, anche questo uno dei momenti verdiani pi\u00f9 profondi e attuali, che impone all\u2019interprete una forte immedesimazione con il personaggio. \u00c8 questo l\u2019interesse che ho coltivato in questi dieci anni in cui mi sono dedicato tantissimo alla produzione di Verdi. Nel 2013, anno del centenario, ho diretto ben tredici opere verdiane, come sfida personale. Ed \u00e8 stato un percorso che mi ha fornito tutte le risposte sull\u2019attualit\u00e0 di Verdi e sui motivi per cui la sua presenza nella nostra vita \u00e8 ancora cos\u00ec importante\u201d.<\/p>\n<p><strong>\u00a0<\/strong><\/p>\n<p><strong>BIGLIETTERIA DEL TEATRO REGIO DI PARMA <\/strong><\/p>\n<p>&nbsp;<\/p>\n<p>Biglietti da \u20ac15 a \u20ac100. Promozioni e agevolazioni per under30, gruppi e aziende. Il Teatro Regio aderisce a Bonus Cultura 18 app e Carta del Docente.<\/p>\n<p>Biglietteria del Teatro Regio di Parma Strada Giuseppe Garibaldi, 16\/A 43121 Parma Tel. +39 0521 203999 <a href=\"mailto:biglietteria@teatroregioparma.it\">biglietteria@teatroregioparma.it<\/a> Orari di apertura: dal marted\u00ec al sabato ore 11.00-13.00 e 17.00-19.00 e un\u2019ora precedente lo spettacolo. In caso di spettacolo nei giorni di chiusura, da un\u2019ora precedente lo spettacolo. Chiuso il luned\u00ec, la domenica e i giorni festivi. Il pagamento presso la Biglietteria del Teatro Regio di Parma pu\u00f2 essere effettuato con denaro contante in Euro, con assegno circolare non trasferibile intestato a Fondazione Teatro Regio di Parma, con PagoBancomat, con carte di credito Visa, Cartasi, Diners, Mastercard, American Express. I biglietti per tutti gli spettacoli sono disponibili anche su teatroregioparma.it. L\u2019acquisto online non comporta alcuna commissione di servizio.<\/p>\n<p>&nbsp;<\/p>\n<p><strong>LE CERIMONIE IN ONORE DI VERDI<\/strong><\/p>\n<p>&nbsp;<\/p>\n<p>Le celebrazioni per il compleanno del Maestro si apriranno come di consueto al mattino <strong>alle ore 9.00 a Roncole<\/strong> <strong>Verdi<\/strong> <strong>di Busseto<\/strong> dove il <strong>Gruppo Appassionati verdiani Club dei 27<\/strong> come da tradizione ultrasessantennale deporr\u00e0 un mazzo di 27 rose rosse nella stanza della Casa Natale del Maestro.<\/p>\n<p>A seguire, alle <strong>ore 11.30<\/strong>, la <strong><em>Cerimonia<\/em><\/strong><em> <strong>in onore di Verdi<\/strong><\/em> in <strong>Piazza della Pace<\/strong>, presso il Monumento a lui intitolato come ogni anno omaggia il Maestro sulle note del <em>Va\u2019, pensiero<\/em> intonate dal <strong>Coro del Teatro Regio di Parma<\/strong> e dalla <strong>Corale Giuseppe Verdi<\/strong> diretti da <strong>Martino Faggiani <\/strong>e accompagnati al pianoforte da <strong>Claudia Zucconi<\/strong>. La cerimonia vedr\u00e0 la partecipazione delle istituzioni, delle associazioni cittadine e dell\u2019associazione Viva Verdi di Norimberga, in un momento di incontro e condivisione gioiosa per l\u2019immenso patrimonio che il Maestro ha offerto al mondo.<\/p>\n<p><strong>\u00a0<\/strong><\/p>\n<p><strong>VERDI 10\/10 A BUSSETO<\/strong><\/p>\n<p>&nbsp;<\/p>\n<p><strong>La giornata del 10 ottobre a Busseto <\/strong>\u00e8 scandita da un programma di appuntamenti a <strong>Roncole Verdi<\/strong>, per scoprire i luoghi e i personaggi legati alla vita e alla carriera del compositore, a cura di Verdi 10\/10 \u2013 Verdi 27\/01, rete di associazioni del territorio di Busseto (Doremiusic APS, Amici di Verdi, Associazione Nicolas Comati, Associazione Margherita Barezzi, Archivio Guareschi) e in partnership con Comune di Busseto, IAT di Busseto, Istituto Comprensivo di Busseto e Scuola Libera il Seme di Roncole Verdi. Si inizia alle <strong>ore 10.00<\/strong> con <strong><em>Andiamo a casa di Peppino<\/em><\/strong>, il racconto della nascita del piccolo Peppino alla <strong>Casa Natale a Roncole Verdi<\/strong>. Alle <strong>ore 11.00<\/strong>, presso la <strong>Sala Civica Giuseppina Strepponi, <\/strong>la favola <strong><em>Un<\/em><\/strong> <strong><em>incontro speciale: Nicolas e Giuseppe Verdi in paradiso <\/em><\/strong>letta e interpretata dall\u2019autrice Sonia Mezzadri (Associazione Nicolas Comati). A seguire <strong><em>Un, due, tre\u2026 Verdi!<\/em><\/strong> Un gioco danzerino con una lettura animata a cura di Sabina Borelli. La<strong><em> Commedia di Falstaff e della sete<\/em><\/strong>, favola di Giancarlo Zanasi letta da Simona Colombi (Associazione Margherita Barezzi), racconta un incontro tra Peppino, figlio dell\u2019oste delle Roncole, e Falstaff, Re delle osterie. Alle <strong>ore 12.15 <\/strong>Antonia Guareschi ci invita nella casa museo di Giovannino Guareschi per conoscere <strong><em>Uno speciale vicino di casa <\/em><\/strong>nella visita guidata dedicata al celebre scrittore, giornalista e intellettuale parmense. <strong>Lungo le strade di Roncole Verdi, dalle ore 14.30<\/strong>, si terr\u00e0 la <strong><em>Caccia al tesoro verdiana \u201cDalle 2 alle 3: Dov\u2019\u00e8 il tesoro di Mastro Ford?\u201d<\/em><\/strong>, con interventi musicali a cura degli allievi di Doremiusic APS e delle classi dell\u2019Indirizzo Musicale dell\u2019Istituto Comprensivo di Busseto. Alle <strong>ore 16.00<\/strong> in <strong>Piazza Giovannino Guareschi, <\/strong>la <strong><em>Lezione Concerto <\/em><\/strong>dedicata a <strong>Falstaff <\/strong>a cura del mezzosoprano Sara Piceni con la partecipazione del baritono Riccardo Certi. A seguire il<strong><em> Piccolo Concerto<\/em><\/strong> dell\u2019Ensemble di Doremiusic APS e delle classi dell\u2019Indirizzo Musicale dell\u2019Istituto Comprensivo di Busseto. Chiude la giornata il concerto in <strong>Piazza Giovannino Guareschi, ore 18.00 <\/strong><strong><em>Verdi\u2019s Melodies<\/em><\/strong>, che reinterpreta le musiche verdiane in chiave jazz, soul e pop. Con Alessandro Bertozzi (sax), Andrea Pollione (tastiere), Alex Carreri (contrabbasso), Marco Orsi (batteria), Miriam De Luca (cantante pop), Paolo Airoldi (cantante soul), Rino Mataf\u00f9 (tenore).<\/p>\n<p>&nbsp;<\/p>\n<p>&nbsp;<\/p>\n<p>&nbsp;<\/p>\n<p><strong>PARTNER E SPONSOR<\/strong><\/p>\n<p>&nbsp;<\/p>\n<p><em>Il Festival Verdi \u00e8 realizzato grazie al contributo di<\/em> Ministero della Cultura, Regione Emilia-Romagna, Reggio Parma Festival, Comune di Parma. <em>Main<\/em> <em>partner <\/em>Chiesi. <em>Major partner<\/em> Fondazione Cariparma. <em>Media partner<\/em> Mediaset. <em>Main<\/em> <em>sponsor<\/em> Iren, Barilla. <em>Sponsor<\/em> Cr\u00e9dit Agricole, Unione Parmense degli Industriali, Dallara, Opem. <em>Sostenitori<\/em> La Giovane, Fidenza Village, Sicim, Colser, Mutti, CePIM, Parmacotto, Grasselli, Parmalat. <em>Con il contributo di <\/em>Comune di Fidenza, Ascom e Ascom Confcommercio Parma Fondazione, Camera di Commercio di Parma, Fondazione Monte Parma, Comune di Busseto. <em>Wine partner <\/em>Oinoe. <em>Con il supporto di <\/em>\u201cParma, io ci sto!\u201d.<em> Legal counselling <\/em>Villa&amp;Partners.<em> Partner scientifico <\/em>Istituto Nazionale di Studi Verdiani. <em>Digital counselling<\/em> Unsocials. <em>Radio Ufficiale<\/em> Radio Monte Carlo. <em>Tour Operator Partner<\/em> Parma Incoming. <em>Sostenitori tecnici<\/em> De Simoni, Milosped, Cavalca, Teamwork, Graphital. <em>Il Teatro Regio aderisce a <\/em>Fedora, Opera Europa, Opera Vision, Emilia taste, nature &amp; culture. <em>Partner istituzionali<\/em> Teatro Comunale di Bologna, La Toscanini. <em>Partner artistici<\/em> Societ\u00e0 dei Concerti di Parma, Casa della musica, Conservatorio \u201cArrigo Boito\u201d di Parma, Coro del Teatro Regio di Parma. L\u2019immagine esclusiva del Festival \u00e8 il ritratto di Giuseppe Verdi realizzato a matita da Renato Guttuso negli anni \u201960, donato al Teatro Regio di Parma dall\u2019Archivio storico Bocchi e concesso da Fabio Carapezza Guttuso \u00a9Renato Guttuso by SIAE 2023.<\/p>\n<p><strong>\u00a0<\/strong><\/p>\n<p>&nbsp;<\/p>\n<p>&nbsp;<\/p>\n<p>&nbsp;<\/p>\n<p>&nbsp;<\/p>\n<p>&nbsp;<\/p>\n<p>&nbsp;<\/p>\n<p>&nbsp;<\/p>\n<p>&nbsp;<\/p>\n<p>&nbsp;<\/p>\n<p>&nbsp;<\/p>\n<p>&nbsp;<\/p>\n<p>&nbsp;<\/p>\n<p>&nbsp;<\/p>\n<p>&nbsp;<\/p>\n<p>&nbsp;<\/p>\n<p>&nbsp;<\/p>\n<p>&nbsp;<\/p>\n<p>&nbsp;<\/p>\n<p>&nbsp;<\/p>\n<p>&nbsp;<\/p>\n<p>&nbsp;<\/p>\n<p>&nbsp;<\/p>\n<p>&nbsp;<\/p>\n<p>&nbsp;<\/p>\n<p>&nbsp;<\/p>\n<p>&nbsp;<\/p>\n<p>Parma, 7 ottobre 2023<\/p>\n<p>&nbsp;<\/p>\n<p>Paolo Maier<\/p>\n<p><em>Responsabile Comunicazione Istituzionale, Ufficio Stampa, Archivio<\/em><\/p>\n<p>Teatro Regio di Parma strada Garibaldi<\/p>\n<p>16\/A, 43121 Parma \u2013 Italia<\/p>\n<p>Tel. +39 0521 203969<\/p>\n<p>p.maier@teatroregioparma.it<\/p>\n<p>stampa@teatroregioparma.it<\/p>\n<p>www.teatroregioparma.it<\/p>\n<p>&nbsp;<\/p>\n<p><strong>Teatro Regio di Parma<\/strong><\/p>\n<p>marted\u00ec 10 ottobre 2023, alle ore 20.00<\/p>\n<p>Durata 2 ore, compreso un intervallo<\/p>\n<p>&nbsp;<\/p>\n<p><strong>GALA VERDIANO<\/strong><\/p>\n<p><strong>In occasione del 210\u00b0 compleanno di Giuseppe Verdi<\/strong><\/p>\n<p>&nbsp;<\/p>\n<p>Gala lirico a sostegno del progetto \u201cViva Verdi\u201d promosso dal Ministero della Cultura,<\/p>\n<p>per l\u2019acquisizione e la valorizzazione della casa-museo del compositore a Sant\u2019Agata di Villanova sull\u2019Arda.<\/p>\n<p>&nbsp;<\/p>\n<p><em>Soprano<\/em> <strong>ELEONORA BURATTO<\/strong><\/p>\n<p><em>Mezzosoprano<\/em> <strong>CLEMENTINE MARGAINE<\/strong><\/p>\n<p><em>Tenore<\/em> <strong>GREGORY KUNDE<\/strong><\/p>\n<p><em>Basso<\/em> <strong>MICHELE PERTUSI<\/strong><\/p>\n<p>&nbsp;<\/p>\n<p><em>Direttore <\/em><strong>OMER MEIR WELLBER<\/strong><\/p>\n<p>&nbsp;<\/p>\n<p><strong>FILARMONICA ARTURO TOSCANINI<\/strong><\/p>\n<p><strong>CORO DEL TEATRO REGIO DI PARMA<\/strong><\/p>\n<p><em>Maestro del coro<\/em><\/p>\n<p><strong>MARTINO FAGGIANI<\/strong><\/p>\n<p>&nbsp;<\/p>\n<p><em>Musiche di <\/em>GIUSEPPE VERDI<\/p>\n<p>&nbsp;<\/p>\n<p><strong>I Vespri siciliani<\/strong><\/p>\n<p><em>Ouverture<\/em><\/p>\n<p><strong>Otello<\/strong><\/p>\n<p><em>Gi\u00e0 nella notte densa<\/em><\/p>\n<p><em>Dio! Mi potevi scagliar<\/em><\/p>\n<p><strong>Macbeth\u00a0<\/strong><\/p>\n<p><em>Patria oppressa!<\/em><\/p>\n<p><strong>Ernani\u00a0<\/strong><\/p>\n<p>Scena, aria e cabaletta <em>Che mai vegg\u2019io, Infelice!\u2026 E tuo credevi, infin che un brando vindice<\/em><\/p>\n<p><strong>I Lombardi alla prima Crociata<\/strong><\/p>\n<p>Coro <em>O Signor dal tetto natio<\/em><\/p>\n<p><strong>Nabucco<\/strong><\/p>\n<p><em>Ouverture<\/em><\/p>\n<p><em>Gli arredi festivi<\/em><\/p>\n<p><strong>Aida<\/strong><\/p>\n<p><em>Gi\u00e0 i sacerdoti adunansi<\/em><\/p>\n<p><strong>Don Carlo<\/strong><\/p>\n<p><em>Ella giammai m\u2019am\u00f2<\/em><\/p>\n<p><em>Tu che le vanit\u00e0<\/em><\/p>\n<p><strong>Nabucco<\/strong><\/p>\n<p>Coro <em>Va pensiero<\/em><\/p>\n<p>&nbsp;<\/p>\n<p><em><u>\u00a0<\/u><\/em><\/p>\n<p>&nbsp;<\/p>\n<p><strong>\u00a0<\/strong><\/p>\n<p><strong>FESTIVAL VERDI<\/strong><\/p>\n<p>Parma e Busseto, 16 settembre &#8211; 16 ottobre 2023<\/p>\n<p><strong>\u00a0<\/strong><\/p>\n<p><strong>XXIII Edizione<\/strong><\/p>\n<p>&nbsp;<\/p>\n<p>&nbsp;<\/p>\n<p><strong>Parma, Centro storico e Oltretorrente<\/strong><\/p>\n<p>16 settembre 2023<\/p>\n<p><strong>VERDI STREET PARADE<\/strong><\/p>\n<p><strong><em>\u00a0<\/em><\/strong><\/p>\n<p><strong>Teatro Regio di Parma<\/strong><\/p>\n<p>21, 29 settembre, 7, 15 ottobre 2023<\/p>\n<p><strong>I LOMBARDI <\/strong><\/p>\n<p><strong>ALLA PRIMA CROCIATA<\/strong><\/p>\n<p><strong><em>\u00a0<\/em><\/strong><\/p>\n<p><strong>Teatro Giuseppe Verdi di Busseto<\/strong><\/p>\n<p>22, 30 settembre, 8, 14, ottobre 2023<\/p>\n<p><strong>FALSTAFF <\/strong><strong><em>Tutto nel mondo \u00e8 burla<\/em><\/strong><\/p>\n<p><strong><em>\u00a0<\/em><\/strong><\/p>\n<p><strong>Palazzo Ducale <\/strong><\/p>\n<p>1, 7, 8, 14, 15 ottobre 2023<\/p>\n<p><strong>MEZZOGIORNO IN MUSICA<\/strong><\/p>\n<p><strong><em>\u00a0<\/em><\/strong><\/p>\n<p><strong>Teatro Regio di Parma<\/strong><\/p>\n<p>23 settembre 2023<\/p>\n<p><strong>MESSA DA REQUIEM<\/strong><\/p>\n<p><strong><em>\u00a0<\/em><\/strong><\/p>\n<p><strong>Teatro Regio di Parma<\/strong><\/p>\n<p>24 settembre, 1, 5, 12 ottobre 2023<\/p>\n<p><strong>IL TROVATORE<\/strong><\/p>\n<p><strong><em>\u00a0<\/em><\/strong><\/p>\n<p><strong>Teatro Girolamo Magnani di Fidenza<\/strong><\/p>\n<p>28 settembre, 6 ottobre 2023<\/p>\n<p><strong>NABUCCO <\/strong><strong><em>In forma di concerto<\/em><\/strong><\/p>\n<p><strong><em>\u00a0<\/em><\/strong><\/p>\n<p><strong>Teatro Regio di Parma<\/strong><\/p>\n<p>27 settembre 2023<\/p>\n<p><strong>FUOCO DI GIOIA<\/strong><\/p>\n<p><strong><em>\u00a0<\/em><\/strong><\/p>\n<p><strong>Teatro Giuseppe Verdi di Busseto<\/strong><\/p>\n<p>1 ottobre 2023<\/p>\n<p><strong>CONCERTO CORALE<\/strong><\/p>\n<p><strong><em>\u00a0<\/em><\/strong><\/p>\n<p><strong>Teatro Regio di Parma<\/strong><\/p>\n<p>3 ottobre 2023<\/p>\n<p><strong>CANDLELIGHT<\/strong><\/p>\n<p><strong><em>\u00a0<\/em><\/strong><\/p>\n<p><strong>Parma, Wopa<\/strong><\/p>\n<p>8 ottobre 2023<\/p>\n<p><strong>OTELLO CIRCUS<\/strong><\/p>\n<p><strong><em>\u00a0<\/em><\/strong><\/p>\n<p><strong>Teatro Regio di Parma<\/strong><\/p>\n<p>10 ottobre 2022<\/p>\n<p><strong>GALA VERDIANO<\/strong><\/p>\n<p><strong><em>\u00a0<\/em><\/strong><\/p>\n<p><strong>Parma, Wopa<\/strong><\/p>\n<p>11 ottobre 2023<\/p>\n<p><strong>OPERA CRIME<\/strong><\/p>\n<p><strong><em>\u00a0<\/em><\/strong><\/p>\n<p><strong>Teatro Girolamo Magnani di Fidenza<\/strong><\/p>\n<p>11 ottobre 2023<\/p>\n<p><strong>RECITAL VERDIANO<\/strong><\/p>\n<p><strong>\u00a0<\/strong><\/p>\n<p><strong>Teatro Giuseppe Verdi di Busseto<\/strong><\/p>\n<p>13 ottobre<\/p>\n<p><strong>CONCERTO SINFONICO<\/strong><\/p>\n<p><strong>\u00a0<\/strong><\/p>\n<p><strong>Teatro Regio di Parma<\/strong><\/p>\n<p>13 ottobre 2023<\/p>\n<p><strong>LETTERALMENTE VERDI<\/strong><\/p>\n<p><em>con<\/em> <strong>ALESSANDRO PREZIOSI<\/strong><\/p>\n<p><strong>\u00a0<\/strong><\/p>\n<p><strong>Teatro Regio di Parma<\/strong><\/p>\n<p>16 ottobre 2023<\/p>\n<p><strong>CONCERTO DI GALA<\/strong><\/p>\n<p><strong>DELL\u2019ACCADEMIA VERDIANA<\/strong><\/p>\n<p><strong>\u00a0<\/strong><\/p>\n<p>&nbsp;<\/p>\n<p>&nbsp;<\/p>\n<p><strong>\u00a0<\/strong><\/p>\n<p><strong>CALENDARIO<\/strong><\/p>\n<p><strong>\u00a0<\/strong><\/p>\n<p><strong>FESTIVAL VERDI<\/strong><strong> VERDI OFF<\/strong><\/p>\n<p>&nbsp;<\/p>\n<p><strong>SETTEMBRE<\/strong><\/p>\n<p>&nbsp;<\/p>\n<p><strong>9 sab \u00a0\u00a0\u00a0\u00a0\u00a0\u00a0\u00a0\u00a0\u00a0\u00a0\u00a0\u00a0\u00a0 <\/strong>17.00 Ridotto del Regio <strong>PRIMA CHE SI ALZI IL SIPARIO I Lombardi<\/strong><\/p>\n<p>21.00 Parma Lirica <strong>IL CORO IN PROVA<\/strong><\/p>\n<p><strong>\u00a0<\/strong><\/p>\n<p><strong>13 mer \u00a0\u00a0\u00a0\u00a0\u00a0\u00a0\u00a0\u00a0\u00a0\u00a0 <\/strong>18.00 Teatro Magnani, Fidenza <strong>PRIMA CHE SI ALZI IL SIPARIO Nabucco<\/strong><\/p>\n<p><strong>\u00a0<\/strong><\/p>\n<p><strong>14 gio \u00a0\u00a0\u00a0\u00a0\u00a0\u00a0\u00a0\u00a0\u00a0\u00a0\u00a0\u00a0 <\/strong>17.00 Ridotto del Regio <strong>PRIMA CHE SI ALZI IL SIPARIO Il trovatore<\/strong><\/p>\n<p>21.00 Casa Barezzi, Busseto <strong>PRIMA CHE SI ALZI IL SIPARIO Falstaff<\/strong><\/p>\n<p><strong>\u00a0<\/strong><\/p>\n<p><strong>15 ven \u00a0\u00a0\u00a0\u00a0\u00a0\u00a0\u00a0\u00a0\u00a0\u00a0\u00a0 <\/strong>10.00 Universit\u00e0 di Parma <strong>VERDI IN CATTEDRA<\/strong><\/p>\n<p><strong>\u00a0<\/strong><\/p>\n<p><strong>16 sab \u00a0\u00a0\u00a0\u00a0\u00a0\u00a0\u00a0\u00a0\u00a0\u00a0\u00a0 <\/strong>11.00 Forte Verdi <strong>A TU PER TU COL MAESTRO I Lombardi<\/strong><\/p>\n<p>13.00 Fornici del Teatro Regio <strong>CUC\u00d9 VERDIANO<\/strong><\/p>\n<p>15.00 Teatro Regio <strong>PROVA APERTA I Lombardi<\/strong><\/p>\n<p>15.00 &#8211; 18.00 Borgo del Correggio 9\/b <strong>VIVA VERDI!<\/strong><\/p>\n<p>16.30 &#8211; 19.00 Busseto, Piazza Giuseppe Verdi <strong>A SPASSO CON VERDI<\/strong><\/p>\n<p>18.00 Parma <strong>VERDI STREET PARADE<\/strong><\/p>\n<p>21.00 Piazzale della Pace <strong>SULL\u2019ALI DORATE<\/strong><\/p>\n<p><strong>\u00a0<\/strong><\/p>\n<p><strong>17 dom<\/strong><strong>\u00a0\u00a0\u00a0\u00a0\u00a0\u00a0\u00a0\u00a0\u00a0\u00a0\u00a0 <\/strong>10.00 Yurta <strong>CIP\u00cc, IL GIOCO DEL TEATRO<\/strong><\/p>\n<p>10.30 Via Spadolini <strong>BICIRCO<\/strong><\/p>\n<p>10.30 Via Pozzuolo dal Friuli 13 <strong>CONCERTO LIRICO<\/strong><\/p>\n<p>11.00 Forte Verdi <strong>A TU PER TU COL MAESTRO Il trovatore<\/strong><\/p>\n<p>11.00 Via dei Bersaglieri 13 <strong>CONCERTO STRUMENTALE<\/strong><\/p>\n<p>11.30 Vie Verona, Pescara, Rimini, Savona, Cuneo <strong>VERDI BAND<\/strong><\/p>\n<p>13.00 Fornici del Teatro Regio <strong>CUC\u00d9 VERDIANO<\/strong><\/p>\n<p>13.00 Busseto, Balcone della Rocca Pallavicino <strong>CUC\u00d9 VERDIANO<\/strong><\/p>\n<p>15.00 Teatro Regio <strong>PROVA APERTA Il trovatore<\/strong><\/p>\n<p>15.00 &#8211; 18.00 Borgo del Correggio 9\/b <strong>VIVA VERDI!<\/strong><\/p>\n<p>15.00 &#8211; 17.30 Centro Giovani di Baganzola, Via Nabucco <strong>ESCAPE ROOM<\/strong><\/p>\n<p>16.00 Yurta <strong>CIP\u00cc, IL GIOCO DEL TEATRO<\/strong><\/p>\n<p>17.00 Via Confalonieri Casati <strong>DANZA CREATIVA<\/strong><\/p>\n<p>17.30 Via Confalonieri Casati <strong>VERDI BAND<\/strong><\/p>\n<p>17.30 Centro Giovani di Baganzola, Via Nabucco <strong>CONCERTO VERDIANO<\/strong><\/p>\n<p>18.00 Piazza Codroipo <strong>VERDI CONCERT<\/strong><\/p>\n<p>18.00 \u2013 20.30 Centro Giovani di Baganzola, Via Nabucco <strong>ESCAPE ROOM<\/strong><\/p>\n<p>19.00 Circolo Dipendenti Sanit\u00e0 <strong>PIZZA VERDIANA<\/strong><\/p>\n<p>20.30 &#8211; 24.00 Centro Giovani di Baganzola <strong>DJ SET<\/strong><\/p>\n<p>21.00 Palazzo dell\u2019Agricoltore <strong>A LETTO CON VERDI<\/strong><\/p>\n<p>21.00 Museo Barezzi, Busseto <strong>A TU PER TU COL MAESTRO Falstaff<\/strong><\/p>\n<p><strong>\u00a0<\/strong><\/p>\n<p><strong>18 lun \u00a0\u00a0\u00a0\u00a0\u00a0\u00a0\u00a0\u00a0\u00a0\u00a0\u00a0\u00a0 <\/strong>13.00 Fornici del Teatro Regio <strong>CUC\u00d9 VERDIANO<\/strong><\/p>\n<p>15.00 \u2013 18.00 Borgo del Correggio 9\/b <strong>VIVA VERDI!<\/strong><\/p>\n<p>17.30 Ridotto del Regio <strong>PRESENTAZIONE DEL LIBRO DI PIER LUIGI PIZZI<\/strong><\/p>\n<p>18.30 Fronte Teatro Regio <strong>VERDI A PASSO DI DANZA<\/strong><\/p>\n<p>19.30 Teatro Regio <strong>PROVA UNDER30 I Lombardi<\/strong><\/p>\n<p>21.00 Palazzo dell\u2019Agricoltore <strong>A LETTO CON VERDI<\/strong><\/p>\n<p>22.30 Ridotto del Regio <strong>AFTERSHOW UNDER30<\/strong><strong><br \/>\n<\/strong><\/p>\n<p><strong>19 mar \u00a0\u00a0\u00a0\u00a0\u00a0\u00a0\u00a0\u00a0\u00a0\u00a0 <\/strong>13.00 Fornici del Teatro Regio <strong>CUC\u00d9 VERDIANO<\/strong><\/p>\n<p>15.00 \u2013 18.00 Borgo del Correggio 9\/b <strong>VIVA VERDI!<\/strong><\/p>\n<p>18.30 Fronte Teatro Regio <strong>VERDI A PASSO DI DANZA<\/strong><\/p>\n<p>19.30 Teatro Regio <strong>PROVA UNDER30 Il trovatore<\/strong><\/p>\n<p>22.30 Teatro Regio <strong>AFTERSHOW UNDER30<\/strong><\/p>\n<p><strong>\u00a0<\/strong><\/p>\n<p><strong>20 mer \u00a0\u00a0\u00a0\u00a0\u00a0\u00a0\u00a0\u00a0\u00a0\u00a0 <\/strong>13.00 Fornici del Teatro Regio <strong>CUC\u00d9 VERDIANO<\/strong><\/p>\n<p>15.00 \u2013 18.00 Borgo del Correggio 9\/b <strong>VIVA VERDI!<\/strong><\/p>\n<p>18.00 Piazzale Inzani <strong>CASA VERDI<\/strong><\/p>\n<p>18.30 Palazzo Soragna <strong>VOCI ED ARPE<\/strong><\/p>\n<p>18.30 Teatro Verdi, Busseto <strong>PROVA APERTA Falstaff<\/strong><\/p>\n<p><strong>\u00a0<\/strong><\/p>\n<p><strong>21 gio \u00a0\u00a0\u00a0\u00a0\u00a0\u00a0\u00a0\u00a0\u00a0\u00a0\u00a0\u00a0 <\/strong>13.00 Fornici del Teatro Regio <strong>CUC\u00d9 VERDIANO<\/strong><\/p>\n<p>15.00 \u2013 18.00 Borgo del Correggio 9\/b <strong>VIVA VERDI!<\/strong><\/p>\n<p>16.00 Foyer Teatro Regio <strong>UMILMENTE DEDICATO<\/strong><\/p>\n<p>18.00 Chiesa di San Tiburzio <strong>UNA CHITARRA ALL\u2019OPERA<\/strong><\/p>\n<p>18.00 Teatro Magnani, Fidenza <strong>NABUCCO, IL LINGUAGGIO E LO STILE&#8230;<\/strong><\/p>\n<p>19.00 Fronte Teatro Regio <strong>VERDI A PASSO DI DANZA<\/strong><\/p>\n<p>20.00 Teatro Regio <strong>I LOMBARDI ALLA PRIMA CROCIATA<\/strong><\/p>\n<p><strong>\u00a0<\/strong><\/p>\n<p><strong>22 ven \u00a0\u00a0\u00a0\u00a0\u00a0\u00a0\u00a0\u00a0\u00a0\u00a0\u00a0 <\/strong>13.00 Fornici del Teatro Regio <strong>CUC\u00d9 VERDIANO<\/strong><\/p>\n<p>15.00 \u2013 18.00 Borgo del Correggio 9\/b <strong>VIVA VERDI!<\/strong><\/p>\n<p>16.30 Traversetolo, Chiesa di San Martino <strong>VERDI SACRO<\/strong><\/p>\n<p>16.30 &#8211; 19.00 Centro storico <strong>A SPASSO CON VERDI<\/strong><\/p>\n<p>18.00 Sede ANMIC \u201cIl Giardino di Luana\u201d <strong>MAN IN BRASS<\/strong><\/p>\n<p>19.00 Busseto, Fronte Teatro Verdi <strong>VERDI A PASSO DI DANZA<\/strong><\/p>\n<p>20.00 Teatro Verdi, Busseto <strong>FALSTAFF<\/strong><\/p>\n<p>21.30 Borgo Santa Brigida <strong>THE POLICE ARE COMING<\/strong><\/p>\n<p><strong>\u00a0<\/strong><\/p>\n<p><strong>23 sab \u00a0\u00a0\u00a0\u00a0\u00a0\u00a0\u00a0\u00a0\u00a0\u00a0\u00a0 <\/strong>10.00 Yurta <strong>PICCOLISSIMI VERDI<\/strong><\/p>\n<p>10-12 e 15-17 Museo Tebaldi, Busseto <strong>ZEFFIRELLI E CALLAS&#8230;<\/strong><\/p>\n<p>11.00 Chiesa delle Sacre Stimmate <strong>UN INCONTRO SPECIALE:&#8230;<\/strong><\/p>\n<p>11.00 Museo Glauco Lombardi <strong>IL LOMBARDO AL LOMBARDI<\/strong><\/p>\n<p>12.00 Fidenza, Balcone del Municipio di Fidenza <strong>CUC\u00d9 VERDIANO<\/strong><\/p>\n<p>13.00 Fornici del Teatro Regio <strong>CUC\u00d9 VERDIANO<\/strong><\/p>\n<p>15.00 \u2013 18.00 Borgo del Correggio 9\/b <strong>VIVA VERDI!<\/strong><\/p>\n<p>16.00 Yurta <strong>PICCOLISSIMI VERDI<\/strong><\/p>\n<p>16.00 \u2013 19.30 Quartiere SPIP (Via Nobel) <strong>VERDI SPIP PARADE<\/strong><\/p>\n<p>17.30 Casa della Musica <strong>PARMA INTERNATIONAL MUSIC FILM<\/strong><\/p>\n<p>19.00 Fronte Teatro Regio <strong>VERDI A PASSO DI DANZA<\/strong><\/p>\n<p>20.00 Teatro Regio <strong>MESSA DA REQUIEM<\/strong><\/p>\n<p><strong>\u00a0<\/strong><\/p>\n<p><strong>24 dom<\/strong><strong> \u00a0\u00a0\u00a0\u00a0\u00a0\u00a0\u00a0\u00a0\u00a0 <\/strong>10.00 Yurta <strong>IL GATTO CON GLI STIVALI<\/strong><\/p>\n<p>13.00 Fornici del Teatro Regio <strong>CUC\u00d9 VERDIANO<\/strong><\/p>\n<p>13.00 Busseto, Balcone della Rocca Pallavicino <strong>CUC\u00d9 VERDIANO<\/strong><\/p>\n<p>15.00 \u2013 18.00 Borgo del Correggio 9\/b <strong>VIVA VERDI!<\/strong><\/p>\n<p>16.00 Yurta <strong>IL GATTO CON GLI STIVALI<\/strong><\/p>\n<p>17.00 Incrocio Via Pasubio \u2013 Via Trento <strong>OH\u2026TELLO!<\/strong><\/p>\n<p>12.00 Palazzo Ducale <strong>MEZZOGIORNO IN MUSICA<\/strong><\/p>\n<p>18.00 Busseto, Salone di Casa Barezzi <strong>BAREZZI YOUNG<\/strong><\/p>\n<p>19.00 Fronte Teatro Regio <strong>VERDI A PASSO DI DANZA<\/strong><\/p>\n<p>20.00 Teatro Regio <strong>IL TROVATORE<\/strong><\/p>\n<p>20.00 Montechiarugolo, Chiesa di San Quintino <strong>VERDI SACRO<\/strong><\/p>\n<p><strong>25<\/strong> <strong>lun<\/strong>\u00a0\u00a0\u00a0\u00a0\u00a0\u00a0\u00a0\u00a0\u00a0\u00a0\u00a0\u00a0\u00a0\u00a0\u00a0\u00a0\u00a0\u00a0\u00a0\u00a0\u00a0\u00a0 13.00 Fornici del Teatro Regio <strong>CUC\u00d9 VERDIANO<\/strong><\/p>\n<p>15.00 \u2013 18.00 Borgo del Correggio 9\/b <strong>VIVA VERDI!<\/strong><\/p>\n<p>&nbsp;<\/p>\n<p><strong>26 mar \u00a0\u00a0\u00a0\u00a0\u00a0\u00a0\u00a0\u00a0\u00a0\u00a0 <\/strong>13.00 Fornici del Teatro Regio <strong>CUC\u00d9 VERDIANO<\/strong><\/p>\n<p>15.00 \u2013 18.00 Borgo del Correggio 9\/b <strong>VIVA VERDI!<\/strong><\/p>\n<p>20.00 Teatro Magnani, Fidenza <strong>PROVA APERTA Nabucco<\/strong><\/p>\n<p><strong>\u00a0<\/strong><\/p>\n<p><strong>27 mer \u00a0\u00a0\u00a0\u00a0\u00a0\u00a0\u00a0\u00a0\u00a0\u00a0 <\/strong>13.00 Fornici del Teatro Regio <strong>CUC\u00d9 VERDIANO<\/strong><\/p>\n<p>15.00 \u2013 18.00 Borgo del Correggio 9\/b <strong>VIVA VERDI!<\/strong><\/p>\n<p>19.00 Fronte Teatro Regio <strong>VERDI A PASSO DI DANZA<\/strong><\/p>\n<p>20.00 Teatro Regio <strong>FUOCO DI GIOIA<\/strong><\/p>\n<p><strong>\u00a0<\/strong><\/p>\n<p><strong>28 gio \u00a0\u00a0\u00a0\u00a0\u00a0\u00a0\u00a0\u00a0\u00a0\u00a0\u00a0 <\/strong>13.00 Fornici del Teatro Regio <strong>CUC\u00d9 VERDIANO<\/strong><\/p>\n<p>15.00 \u2013 18.00 Borgo del Correggio 9\/b <strong>VIVA VERDI!<\/strong><\/p>\n<p>18.00 Chiesa di San Tiburzio <strong>TRIO D\u2019ANCE<\/strong><\/p>\n<p>19.00 Fidenza, Piazza Garibaldi <strong>VERDI A PASSO DI DANZA<\/strong><\/p>\n<p>20.00 Teatro Magnani, Fidenza <strong>NABUCCO<\/strong><\/p>\n<p><strong>\u00a0<\/strong><\/p>\n<p><strong>29 ven \u00a0\u00a0\u00a0\u00a0\u00a0\u00a0\u00a0\u00a0\u00a0\u00a0\u00a0 <\/strong>13.00 Fornici del Teatro Regio <strong>CUC\u00d9 VERDIANO<\/strong><\/p>\n<p>15.00 \u2013 18.00 Borgo del Correggio 9\/b <strong>VIVA VERDI!<\/strong><\/p>\n<p>18.00 Piazzale Inzani <strong>CASA VERDI<\/strong><\/p>\n<p>19.30 \u2013 21.00 Piazzale Borri <strong>VERDI POPERA<\/strong><\/p>\n<p>20.00 Teatro Regio <strong>I LOMBARDI ALLA PRIMA CROCIATA<\/strong><\/p>\n<p>23.00 Borgo Santa Brigida <strong>AROUND MONK<\/strong><\/p>\n<p><strong>\u00a0<\/strong><\/p>\n<p><strong>30 sab \u00a0\u00a0\u00a0\u00a0\u00a0\u00a0\u00a0\u00a0\u00a0\u00a0\u00a0 <\/strong>10.00 Yurta <strong>RESPIRO<\/strong><\/p>\n<p>12.00 Fidenza, Balcone del Municipio di Fidenza <strong>CUC\u00d9 VERDIANO<\/strong><\/p>\n<p>13.00 Fornici del Teatro Regio <strong>CUC\u00d9 VERDIANO<\/strong><\/p>\n<p>15.00 \u2013 18.00 Borgo del Correggio 9\/b <strong>VIVA VERDI!<\/strong><\/p>\n<p>16.00 Yurta <strong>RESPIRO<\/strong><\/p>\n<p>17.00 Portici del grano <strong>LA NOTTE DEI CORI<\/strong><\/p>\n<p>17.00 Ridotto del Regio <strong>CORI AL RIDOTTO Voci bianche Parma Musicale<\/strong><\/p>\n<p>20.00 Teatro Verdi, Busseto <strong>FALSTAFF<\/strong><\/p>\n<p>&nbsp;<\/p>\n<p>&nbsp;<\/p>\n<p><strong>OTTOBRE<\/strong><\/p>\n<p>&nbsp;<\/p>\n<p><strong>1 dom<\/strong><strong> \u00a0\u00a0\u00a0\u00a0\u00a0\u00a0\u00a0\u00a0\u00a0\u00a0\u00a0 <\/strong>10.00 Yurta <strong>SAFARI<\/strong><\/p>\n<p>12.00 Palazzo Ducale <strong>MEZZOGIORNO IN MUSICA<\/strong><\/p>\n<p>13.00 Fornici del Teatro Regio <strong>CUC\u00d9 VERDIANO<\/strong><\/p>\n<p>13.00 Busseto, Balcone della Rocca Pallavicino <strong>CUC\u00d9 VERDIANO<\/strong><\/p>\n<p>15.00 \u2013 18.00 Borgo del Correggio 9\/b <strong>VIVA VERDI!<\/strong><\/p>\n<p>15.00 \u2013 18.00 Portici del grano <strong>VERDI BAND<\/strong><\/p>\n<p>15.30 Teatro Regio <strong>IL TROVATORE <\/strong><\/p>\n<p>16.00 Yurta <strong>SAFARI<\/strong><\/p>\n<p>17.00 Piazza Rastelli <strong>SPAZIO(84) PER TUTTI<\/strong><\/p>\n<p>19.00 Ridotto del Regio <strong>CORI AL RIDOTTO Corale Verdi<\/strong><\/p>\n<p>20.00 Teatro Verdi, Busseto <strong>CONCERTO CORALE<\/strong><\/p>\n<p><strong>\u00a0<\/strong><\/p>\n<p><strong>\u00a0<\/strong><\/p>\n<p><strong>\u00a0<\/strong><\/p>\n<p><strong>3 mar \u00a0\u00a0\u00a0\u00a0\u00a0\u00a0\u00a0\u00a0\u00a0\u00a0\u00a0\u00a0 <\/strong>13.00 Fornici del Teatro Regio <strong>CUC\u00d9 VERDIANO<\/strong><\/p>\n<p>15.00 &#8211; 18.00 Borgo del Correggio 9\/b <strong>VIVA VERDI!<\/strong><\/p>\n<p>19.30 Chiesa di San Giovanni Evangelista <strong>L\u2019ABBRACCIO DELLE ARTI<\/strong><\/p>\n<p>20.00 Teatro Regio <strong>CANDLELIGHT<\/strong><\/p>\n<p><strong>\u00a0<\/strong><\/p>\n<p><strong>mer 4\u00a0\u00a0\u00a0\u00a0\u00a0\u00a0\u00a0\u00a0\u00a0\u00a0\u00a0\u00a0\u00a0 <\/strong> 9.30 Unit\u00e0 di Strada <strong>JOS\u00c9 VERDES NETTURBINO<\/strong><\/p>\n<p>13.00 Fornici del Teatro Regio <strong>CUC\u00d9 VERDIANO<\/strong><\/p>\n<p>15.00 \u2013 18.00 Borgo del Correggio 9\/b <strong>VIVA VERDI!<\/strong><\/p>\n<p><strong>\u00a0<\/strong><\/p>\n<p><strong>5 gio \u00a0\u00a0\u00a0\u00a0\u00a0\u00a0\u00a0\u00a0\u00a0\u00a0\u00a0\u00a0\u00a0 <\/strong>13.00 Fornici del Teatro Regio <strong>CUC\u00d9 VERDIANO<\/strong><\/p>\n<p>15.00 \u2013 18.00 Borgo del Correggio 9\/b <strong>VIVA VERDI!<\/strong><\/p>\n<p>16.30 Fondazione Cassa di Risparmio <strong>LA CASA DEL MUSEO&#8230;<\/strong><\/p>\n<p>18.00 Chiesa di San Tiburzio <strong>ENSEMBLE DI FAGOTTI<\/strong><\/p>\n<p>20.00 Teatro Regio <strong>IL TROVATORE <\/strong><\/p>\n<p><strong>\u00a0<\/strong><\/p>\n<p><strong>6 ven \u00a0\u00a0\u00a0\u00a0\u00a0\u00a0\u00a0\u00a0\u00a0\u00a0\u00a0\u00a0\u00a0 <\/strong>10.00 Yurta <strong>CON VERDI PER GIOCO<\/strong><\/p>\n<p>13.00 Fornici del Teatro Regio <strong>CUC\u00d9 VERDIANO<\/strong><\/p>\n<p>15.00 &#8211; 18.00 Borgo del Correggio 9\/b <strong>VIVA VERDI!<\/strong><\/p>\n<p>16.30 &#8211; 19.00 Centro storico <strong>A SPASSO CON VERDI<\/strong><\/p>\n<p>18.00 Casa della Musica <strong>I GIOVANI PER VERDI<\/strong><\/p>\n<p>19.30 Yurta <strong>LA VITA SUL NAVIGLIO<\/strong><\/p>\n<p>20.00 Teatro Magnani, Fidenza <strong>NABUCCO<\/strong><\/p>\n<p>21.00 Busseto, Biblioteca Fond. Cariparma <strong>DALL\u2019ESERCIZIO ALLA CREAZIONE<\/strong><\/p>\n<p>22.00 Colonne28 <strong>THE CIRCLE \u2013 VERDI EDITION<\/strong><\/p>\n<p><strong>\u00a0<\/strong><\/p>\n<p><strong>7 sab \u00a0\u00a0\u00a0\u00a0\u00a0\u00a0\u00a0\u00a0\u00a0\u00a0\u00a0\u00a0\u00a0 <\/strong>10.00 &#8211; 13.00 Ridotto del Regio <strong>PRASSI ESECUTIVA&#8230;<\/strong><\/p>\n<p>12.00 Fidenza, Balcone del Municipio di Fidenza <strong>CUC\u00d9 VERDIANO<\/strong><\/p>\n<p>13.00 Fornici del Teatro Regio <strong>CUC\u00d9 VERDIANO<\/strong><\/p>\n<p>15.00 \u2013 18.00 Borgo del Correggio 9\/b <strong>VIVA VERDI!<\/strong><\/p>\n<p>15.00 \u2013 19.00 Galleria San Ludovico <strong>HA RUOTE E PIEDI L\u2019ARIA<\/strong><\/p>\n<p>16.00 Yurta <strong>RIGOLETTI<\/strong><\/p>\n<p>16.00 Fondazione Cariparma <strong>SEMPRE VERDI RICORDI<\/strong><\/p>\n<p>16.00 &#8211; 18.00 Teatro Regio di Parma <strong>UN PALCO ALL\u2019OPERA<\/strong><\/p>\n<p>17.00 Abbazia di Valserena <strong>WELCOME BLACK NIGHT. GALA IN NERO<\/strong><\/p>\n<p>17.00 Ridotto del Regio <strong>CORI AL RIDOTTO Voci bianche Corale Verdi<\/strong><\/p>\n<p>20.00 Teatro Regio <strong>I LOMBARDI ALLA PRIMA CROCIATA<\/strong><\/p>\n<p>21.00 Collecchio, Chiesa di San Prospero <strong>VERDI SACRO<\/strong><\/p>\n<p>21.00 Teatro Pallavicino <strong>VERDI, ROMANZE DA CAMERA<\/strong><\/p>\n<p><strong>\u00a0<\/strong><\/p>\n<p><strong>8 dom<\/strong><strong> \u00a0\u00a0\u00a0\u00a0\u00a0\u00a0\u00a0\u00a0\u00a0\u00a0\u00a0 <\/strong>10.00 Busseto, Biblioteca Fond. Cariparma <strong>MERAVIGLIOSA BIBLIOTECA<\/strong><\/p>\n<p>11.15 Busseto, Biblioteca Fond. Cariparma <strong>MERAVIGLIOSA BIBLIOTECA<\/strong><\/p>\n<p>13.00 Fornici del Teatro Regio <strong>CUC\u00d9 VERDIANO<\/strong><\/p>\n<p>13.00 Busseto, Balcone della Rocca Pallavicino <strong>CUC\u00d9 VERDIANO<\/strong><\/p>\n<p>12.00 Palazzo Ducale <strong>MEZZOGIORNO IN MUSICA<\/strong><\/p>\n<p>15.00 Wopa <strong>OTELLO CIRCUS<\/strong><\/p>\n<p>15.00 \u2013 18.00 Borgo del Correggio 9\/b <strong>VIVA VERDI!<\/strong><\/p>\n<p>15.00 \u2013 19.00 Galleria San Ludovico <strong>HA RUOTE E PIEDI L\u2019ARIA<\/strong><\/p>\n<p>15.30 Teatro Verdi, Busseto <strong>FALSTAFF<\/strong><\/p>\n<p>16.00 Museo Glauco Lombardi <strong>A PIZZICO CON TASTI<\/strong><\/p>\n<p>16.00 Forte Verdi <strong>RIGOLETTI<\/strong><\/p>\n<p>17.00 Ridotto del Regio <strong>CORI AL RIDOTTO Voci bianche Chorus Cordis<\/strong><\/p>\n<p>20.00 Wopa <strong>OTELLO CIRCUS<\/strong><\/p>\n<p>21.00 Corale Verdi <strong>ESSER AMATA AMANDO<\/strong><\/p>\n<p><strong>lun 9\u00a0\u00a0\u00a0\u00a0\u00a0\u00a0\u00a0\u00a0\u00a0\u00a0\u00a0\u00a0\u00a0\u00a0 <\/strong>13.00 Fornici del Teatro Regio <strong>CUC\u00d9 VERDIANO<\/strong><\/p>\n<p>15.00 \u2013 18.00 Borgo del Correggio 9\/b <strong>VIVA VERDI!<\/strong><\/p>\n<p>21.00 Busseto, Biblioteca Fond. Cariparma <strong>DUO GABRIELLI \u2013 BOCEDI<\/strong><\/p>\n<p><strong>\u00a0<\/strong><\/p>\n<p><strong>\u00a0<\/strong><\/p>\n<p><strong>10 mar \u00a0\u00a0\u00a0\u00a0\u00a0\u00a0\u00a0\u00a0\u00a0\u00a0 <\/strong>10.00 Zibello, Teatro Pallavicino <strong>FALSTAFF, TUTTO NEL MONDO \u00c8 BURLA<\/strong><\/p>\n<p>10.00 Busseto, Roncole Verdi <strong>A CASA DI PEPPINO<\/strong><\/p>\n<p>11.00 Busseto, Sala Civica G. Strepponi <strong>UN INCONTRO SPECIALE&#8230;<\/strong><\/p>\n<p>11.00 Busseto, Sala Civica G. Strepponi <strong>UN, DUE, TRE\u2026 VERDI!<\/strong><\/p>\n<p>11.00 Busseto, Sala Civica G. Strepponi <strong>COMMEDIA DI FALSTAFF E DELLA SETE<\/strong><\/p>\n<p>11.30 Monumento a Verdi, Parma <strong>CERIMONIA IN ONORE DI VERDI<\/strong><\/p>\n<p>12.15 Busseto, Casa Museo Guareschi <strong>UNO SPECIALE VICINO DI CASA<\/strong><\/p>\n<p>13.00 Fornici del Teatro Regio <strong>CUC\u00d9 VERDIANO<\/strong><\/p>\n<p>14.30 Busseto, Roncole Verdi <strong>DALLE 2 ALLE 3&#8230;<\/strong><\/p>\n<p>15.00 \u2013 18.00 Borgo del Correggio 9\/b <strong>VIVA VERDI!<\/strong><\/p>\n<p>16.00 Busseto, Piazza Giovannino Guareschi <strong>IL FALSTAFF<\/strong><\/p>\n<p>16.00 Busseto, Piazza Giovannino Guareschi <strong>PICCOLO CONCERTO<\/strong><\/p>\n<p>18.00 Busseto, Piazza Giovannino Guareschi <strong>VERDI\u2019S MELODIES<\/strong><\/p>\n<p>18.00 Fondazione Cassa di Risparmio <strong>RECITAL VERDIANO<\/strong><\/p>\n<p>19.00 Fronte Teatro Regio <strong>VERDI A PASSO DI DANZA<\/strong><\/p>\n<p>20.00 Teatro Regio <strong>GALA VERDIANO<\/strong><\/p>\n<p>21.00 Palazzo Marchi <strong>OPERA DRAMA<\/strong><\/p>\n<p><strong>\u00a0<\/strong><\/p>\n<p><strong>11 mer \u00a0\u00a0\u00a0\u00a0\u00a0\u00a0\u00a0\u00a0\u00a0\u00a0\u00a0\u00a0\u00a0\u00a0\u00a0\u00a0\u00a0\u00a0\u00a0\u00a0\u00a0\u00a0\u00a0 <\/strong>10.00 Fidenza, Teatro Magnani <strong>FALSTAFF, TUTTO NEL MONDO \u00c8 BURLA<\/strong><\/p>\n<p>13.00 Fornici del Teatro Regio <strong>CUC\u00d9 VERDIANO<\/strong><\/p>\n<p>15.00 &#8211; 18.00 Borgo del Correggio 9\/b <strong>VIVA VERDI!<\/strong><\/p>\n<p>20.00 Wopa <strong>OPERA CRIME<\/strong><\/p>\n<p>20.00 Teatro Magnani, Fidenza <strong>RECITAL VERDIANO<\/strong><\/p>\n<p>22.30 Wopa <strong>OPERA CRIME<\/strong><\/p>\n<p>21.00 Casa della Musica <strong>DUO VIOLINO E PIANOFORTE<\/strong><\/p>\n<p><strong>\u00a0<\/strong><\/p>\n<p><strong>12 gio \u00a0\u00a0\u00a0\u00a0\u00a0\u00a0\u00a0\u00a0\u00a0\u00a0\u00a0\u00a0 <\/strong>11.00 Ospedale dei bambini <strong>INSIEME PER VERDI<\/strong><\/p>\n<p>13.00 Fornici del Teatro Regio <strong>CUC\u00d9 VERDIANO<\/strong><\/p>\n<p>15.00 \u2013 18.00 Borgo del Correggio 9\/b <strong>VIVA VERDI!<\/strong><\/p>\n<p>16.30 Fondazione Cassa di Risparmio <strong>ROGO D\u2019EROI<\/strong><\/p>\n<p>18.00 Chiesa di San Tiburzio <strong>MARIMBABEAT<\/strong><\/p>\n<p>18.00 Borgo Lalatta <strong>VERDI IN SALOTTO<\/strong><\/p>\n<p>20.00 Teatro Regio <strong>IL TROVATORE <\/strong><\/p>\n<p><strong>\u00a0<\/strong><\/p>\n<p><strong>13 ven \u00a0\u00a0\u00a0\u00a0\u00a0\u00a0\u00a0\u00a0\u00a0\u00a0\u00a0 <\/strong>9.00 Sottopasso ferroviario del Ponte Europa <strong>\u00abVA&#8217; PENSIERO\u00bb GO THOUGHT<\/strong><\/p>\n<p>10.00 Yurta <strong>CON VERDI PER GIOCO<\/strong><\/p>\n<p>10.00 Busseto, Teatro Verdi <strong>FALSTAFF, TUTTO NEL MONDO \u00c8 BURLA<\/strong><\/p>\n<p>13.00 Fornici del Teatro Regio <strong>CUC\u00d9 VERDIANO<\/strong><\/p>\n<p>15.00 \u2013 18.00 Borgo del Correggio 9\/b <strong>VIVA VERDI!<\/strong><\/p>\n<p>17.00 Ridotto del Regio <strong>CORI AL RIDOTTO Voci bianche Ars canto<\/strong><\/p>\n<p>18.00 &#8211; 20.00 Palazzo dei Ministeri <strong>V.V.V.<\/strong><\/p>\n<p>20.00 Teatro Verdi, Busseto <strong>CONCERTO LIRICO SINFONICO<\/strong><\/p>\n<p>20.00 Teatro Regio <strong>LETTERALMENTE VERDI<\/strong><\/p>\n<p>21.00 Busseto, Collegiata di San Bartolomeo Apostolo <strong>VERDI SACRO<\/strong><\/p>\n<p><strong>\u00a0<\/strong><\/p>\n<p><strong>\u00a0<\/strong><\/p>\n<p><strong>14 sab \u00a0\u00a0\u00a0\u00a0\u00a0\u00a0\u00a0\u00a0\u00a0\u00a0\u00a0 <\/strong>9.00 Sottopasso ferroviario del Ponte Europa <strong>\u00abVA&#8217; PENSIERO\u00bb GO THOUGHT<\/strong><\/p>\n<p>10.00 Yurta <strong>PICCOLISSIMI VERDI &#8211; TRACCE DI ME<\/strong><\/p>\n<p>11.00 Club dei 27 <strong>VISITA AL CLUB<\/strong><\/p>\n<p>12.00 Fidenza, Balcone del Municipio di Fidenza <strong>CUC\u00d9 VERDIANO<\/strong><\/p>\n<p>13.00 Fornici del Teatro Regio <strong>CUC\u00d9 VERDIANO<\/strong><\/p>\n<p>15.00 \u2013 18.00 Borgo del Correggio 9\/b <strong>VIVA VERDI!<\/strong><\/p>\n<p>15.30 Fidenza, Casa Protetta Citt\u00e0 di Fidenza <strong>DANZA CON VERDI<\/strong><\/p>\n<p>16.00 Yurta <strong>PICCOLISSIMI VERDI &#8211; TRACCE DI ME<\/strong><\/p>\n<p>17.00\u00a0\u00a0\u00a0 Ridotto del Regio <strong>CORI AL RIDOTTO Voci bianche Teatro Regio<\/strong><\/p>\n<p>18.00 &#8211; 20.00 Palazzo dei Ministeri <strong>V.V.V.<\/strong><\/p>\n<p>20.00\u00a0\u00a0\u00a0 Teatro Verdi, Busseto <strong>FALSTAFF<\/strong><\/p>\n<p>21.00 Balera del Centro Sociale \u00abIl Tulipano\u00bb <strong>NEL VENTRE DELLA BALERA<\/strong><\/p>\n<p>21.00 Sala Baganza, Oratorio <strong>DUO VIOLINO E PIANOFORTE<\/strong><\/p>\n<p>21.00 Felino, Chiesa della Purificazione della Beata Vergine <strong>VERDI SACRO<\/strong><\/p>\n<p><strong>\u00a0<\/strong><\/p>\n<p><strong>15 dom<\/strong><strong> \u00a0\u00a0\u00a0\u00a0\u00a0\u00a0\u00a0\u00a0\u00a0 <\/strong>9.00 Sottopasso ferroviario del Ponte Europa <strong>\u00abVA&#8217; PENSIERO\u00bb GO THOUGHT<\/strong><\/p>\n<p>10.00 Yurta <strong>3 PIGS. COSA \u00c8 CASA<\/strong><\/p>\n<p>12.00\u00a0\u00a0\u00a0 Palazzo Ducale <strong>MEZZOGIORNO IN MUSICA<\/strong><\/p>\n<p>13.00 Fornici del Teatro Regio <strong>CUC\u00d9 VERDIANO<\/strong><\/p>\n<p>13.00 Busseto, Balcone della Rocca Pallavicino <strong>CUC\u00d9 VERDIANO<\/strong><\/p>\n<p>15.00 \u2013 18.00 Borgo del Correggio 9\/b <strong>VIVA VERDI!<\/strong><\/p>\n<p>15.30\u00a0\u00a0\u00a0 Teatro Regio <strong>I LOMBARDI ALLA PRIMA CROCIATA<\/strong><\/p>\n<p>16.00 Yurta <strong>3 PIGS. COSA \u00c8 CASA<\/strong><\/p>\n<p>17.30 Busseto, Salone di Casa Barezzi <strong>MY CALLAS<\/strong><\/p>\n<p>18.00 Corale Verdi <strong>LO BRANDO CORTESE<\/strong><\/p>\n<p>21.00 Borgo Santa Brigida <strong>CUARTETO T\u00cdPICO<\/strong><\/p>\n<p><strong>\u00a0<\/strong><\/p>\n<p><strong>16 lun \u00a0\u00a0\u00a0\u00a0\u00a0\u00a0\u00a0\u00a0\u00a0\u00a0\u00a0\u00a0 <\/strong>10.00 Fidenza, Ospedale di Vaio &#8211; Giardino delle Rose <strong>VA&#8217; PENSIERO<\/strong><\/p>\n<p>13.00 Fornici del Teatro Regio <strong>CUC\u00d9 VERDIANO<\/strong><\/p>\n<p>15.00 \u2013 18.00 Borgo del Correggio 9\/b <strong>VIVA VERDI!<\/strong><\/p>\n<p>19.00 Fronte Teatro Regio <strong>VERDI A PASSO DI DANZA<\/strong><\/p>\n<p>20.00\u00a0\u00a0\u00a0 Teatro Regio <strong>CONCERTO DI GALA DELL&#8217;ACCADEMIA VERDIANA<\/strong><\/p>\n<p><strong>\u00a0<\/strong><a href=\"http:\/\/www.ecoitaliano.com.ar\/wp-content\/uploads\/2023\/10\/Giuseppe-Verdi-@Pierpaolo-Gaballo.jpg\"><img decoding=\"async\" class=\"alignnone size-full wp-image-44810\" src=\"http:\/\/www.ecoitaliano.com.ar\/wp-content\/uploads\/2023\/10\/Giuseppe-Verdi-@Pierpaolo-Gaballo.jpg\" alt=\"\" width=\"1849\" height=\"2600\" srcset=\"https:\/\/www.ecoitaliano.com.ar\/wp-content\/uploads\/2023\/10\/Giuseppe-Verdi-@Pierpaolo-Gaballo.jpg 1849w, https:\/\/www.ecoitaliano.com.ar\/wp-content\/uploads\/2023\/10\/Giuseppe-Verdi-@Pierpaolo-Gaballo-213x300.jpg 213w, https:\/\/www.ecoitaliano.com.ar\/wp-content\/uploads\/2023\/10\/Giuseppe-Verdi-@Pierpaolo-Gaballo-768x1080.jpg 768w, https:\/\/www.ecoitaliano.com.ar\/wp-content\/uploads\/2023\/10\/Giuseppe-Verdi-@Pierpaolo-Gaballo-728x1024.jpg 728w, https:\/\/www.ecoitaliano.com.ar\/wp-content\/uploads\/2023\/10\/Giuseppe-Verdi-@Pierpaolo-Gaballo-107x150.jpg 107w\" sizes=\"(max-width: 1849px) 100vw, 1849px\" \/><\/a><\/p>\n<p>foto cast<\/p>\n<p><a href=\"http:\/\/www.ecoitaliano.com.ar\/wp-content\/uploads\/2023\/10\/eleonora-buratto_photo-by-dario-acosta.jpg\"><img decoding=\"async\" class=\"alignnone size-full wp-image-44813\" src=\"http:\/\/www.ecoitaliano.com.ar\/wp-content\/uploads\/2023\/10\/eleonora-buratto_photo-by-dario-acosta.jpg\" alt=\"\" width=\"6240\" height=\"4160\" srcset=\"https:\/\/www.ecoitaliano.com.ar\/wp-content\/uploads\/2023\/10\/eleonora-buratto_photo-by-dario-acosta.jpg 6240w, https:\/\/www.ecoitaliano.com.ar\/wp-content\/uploads\/2023\/10\/eleonora-buratto_photo-by-dario-acosta-300x200.jpg 300w, https:\/\/www.ecoitaliano.com.ar\/wp-content\/uploads\/2023\/10\/eleonora-buratto_photo-by-dario-acosta-768x512.jpg 768w, https:\/\/www.ecoitaliano.com.ar\/wp-content\/uploads\/2023\/10\/eleonora-buratto_photo-by-dario-acosta-1024x683.jpg 1024w, https:\/\/www.ecoitaliano.com.ar\/wp-content\/uploads\/2023\/10\/eleonora-buratto_photo-by-dario-acosta-150x100.jpg 150w\" sizes=\"(max-width: 6240px) 100vw, 6240px\" \/><\/a> <a href=\"http:\/\/www.ecoitaliano.com.ar\/wp-content\/uploads\/2023\/10\/CoroTRP.jpg\"><img decoding=\"async\" class=\"alignnone size-full wp-image-44814\" src=\"http:\/\/www.ecoitaliano.com.ar\/wp-content\/uploads\/2023\/10\/CoroTRP.jpg\" alt=\"\" width=\"3008\" height=\"2008\" srcset=\"https:\/\/www.ecoitaliano.com.ar\/wp-content\/uploads\/2023\/10\/CoroTRP.jpg 3008w, https:\/\/www.ecoitaliano.com.ar\/wp-content\/uploads\/2023\/10\/CoroTRP-300x200.jpg 300w, https:\/\/www.ecoitaliano.com.ar\/wp-content\/uploads\/2023\/10\/CoroTRP-768x513.jpg 768w, https:\/\/www.ecoitaliano.com.ar\/wp-content\/uploads\/2023\/10\/CoroTRP-1024x684.jpg 1024w, https:\/\/www.ecoitaliano.com.ar\/wp-content\/uploads\/2023\/10\/CoroTRP-150x100.jpg 150w\" sizes=\"(max-width: 3008px) 100vw, 3008px\" \/><\/a> <a href=\"http:\/\/www.ecoitaliano.com.ar\/wp-content\/uploads\/2023\/10\/Faggiani_IMG_2673-1_ph-Paola-Cirani.jpg\"><img decoding=\"async\" class=\"alignnone size-full wp-image-44815\" src=\"http:\/\/www.ecoitaliano.com.ar\/wp-content\/uploads\/2023\/10\/Faggiani_IMG_2673-1_ph-Paola-Cirani.jpg\" alt=\"\" width=\"3264\" height=\"2448\" srcset=\"https:\/\/www.ecoitaliano.com.ar\/wp-content\/uploads\/2023\/10\/Faggiani_IMG_2673-1_ph-Paola-Cirani.jpg 3264w, https:\/\/www.ecoitaliano.com.ar\/wp-content\/uploads\/2023\/10\/Faggiani_IMG_2673-1_ph-Paola-Cirani-300x225.jpg 300w, https:\/\/www.ecoitaliano.com.ar\/wp-content\/uploads\/2023\/10\/Faggiani_IMG_2673-1_ph-Paola-Cirani-768x576.jpg 768w, https:\/\/www.ecoitaliano.com.ar\/wp-content\/uploads\/2023\/10\/Faggiani_IMG_2673-1_ph-Paola-Cirani-1024x768.jpg 1024w, https:\/\/www.ecoitaliano.com.ar\/wp-content\/uploads\/2023\/10\/Faggiani_IMG_2673-1_ph-Paola-Cirani-150x113.jpg 150w\" sizes=\"(max-width: 3264px) 100vw, 3264px\" \/><\/a> <a href=\"http:\/\/www.ecoitaliano.com.ar\/wp-content\/uploads\/2023\/10\/Filarmonica-Arturo-Toscanini-ph.-Luca-Pezzani.jpg\"><img decoding=\"async\" class=\"alignnone size-full wp-image-44816\" src=\"http:\/\/www.ecoitaliano.com.ar\/wp-content\/uploads\/2023\/10\/Filarmonica-Arturo-Toscanini-ph.-Luca-Pezzani.jpg\" alt=\"\" width=\"5695\" height=\"3789\" srcset=\"https:\/\/www.ecoitaliano.com.ar\/wp-content\/uploads\/2023\/10\/Filarmonica-Arturo-Toscanini-ph.-Luca-Pezzani.jpg 5695w, https:\/\/www.ecoitaliano.com.ar\/wp-content\/uploads\/2023\/10\/Filarmonica-Arturo-Toscanini-ph.-Luca-Pezzani-300x200.jpg 300w, https:\/\/www.ecoitaliano.com.ar\/wp-content\/uploads\/2023\/10\/Filarmonica-Arturo-Toscanini-ph.-Luca-Pezzani-768x511.jpg 768w, https:\/\/www.ecoitaliano.com.ar\/wp-content\/uploads\/2023\/10\/Filarmonica-Arturo-Toscanini-ph.-Luca-Pezzani-1024x681.jpg 1024w, https:\/\/www.ecoitaliano.com.ar\/wp-content\/uploads\/2023\/10\/Filarmonica-Arturo-Toscanini-ph.-Luca-Pezzani-150x100.jpg 150w\" sizes=\"(max-width: 5695px) 100vw, 5695px\" \/><\/a> <a href=\"http:\/\/www.ecoitaliano.com.ar\/wp-content\/uploads\/2023\/10\/Kunde_e89662be-78cb-4951-847f-d048b41ad669.jpg\"><img decoding=\"async\" class=\"alignnone size-full wp-image-44817\" src=\"http:\/\/www.ecoitaliano.com.ar\/wp-content\/uploads\/2023\/10\/Kunde_e89662be-78cb-4951-847f-d048b41ad669.jpg\" alt=\"\" width=\"2880\" height=\"1920\" srcset=\"https:\/\/www.ecoitaliano.com.ar\/wp-content\/uploads\/2023\/10\/Kunde_e89662be-78cb-4951-847f-d048b41ad669.jpg 2880w, https:\/\/www.ecoitaliano.com.ar\/wp-content\/uploads\/2023\/10\/Kunde_e89662be-78cb-4951-847f-d048b41ad669-300x200.jpg 300w, https:\/\/www.ecoitaliano.com.ar\/wp-content\/uploads\/2023\/10\/Kunde_e89662be-78cb-4951-847f-d048b41ad669-768x512.jpg 768w, https:\/\/www.ecoitaliano.com.ar\/wp-content\/uploads\/2023\/10\/Kunde_e89662be-78cb-4951-847f-d048b41ad669-1024x683.jpg 1024w, https:\/\/www.ecoitaliano.com.ar\/wp-content\/uploads\/2023\/10\/Kunde_e89662be-78cb-4951-847f-d048b41ad669-150x100.jpg 150w\" sizes=\"(max-width: 2880px) 100vw, 2880px\" \/><\/a> <a href=\"http:\/\/www.ecoitaliano.com.ar\/wp-content\/uploads\/2023\/10\/Margaine_photo1_DarioAcosta.jpeg\"><img decoding=\"async\" class=\"alignnone size-full wp-image-44818\" src=\"http:\/\/www.ecoitaliano.com.ar\/wp-content\/uploads\/2023\/10\/Margaine_photo1_DarioAcosta.jpeg\" alt=\"\" width=\"1920\" height=\"1280\" srcset=\"https:\/\/www.ecoitaliano.com.ar\/wp-content\/uploads\/2023\/10\/Margaine_photo1_DarioAcosta.jpeg 1920w, https:\/\/www.ecoitaliano.com.ar\/wp-content\/uploads\/2023\/10\/Margaine_photo1_DarioAcosta-300x200.jpeg 300w, https:\/\/www.ecoitaliano.com.ar\/wp-content\/uploads\/2023\/10\/Margaine_photo1_DarioAcosta-768x512.jpeg 768w, https:\/\/www.ecoitaliano.com.ar\/wp-content\/uploads\/2023\/10\/Margaine_photo1_DarioAcosta-1024x683.jpeg 1024w, https:\/\/www.ecoitaliano.com.ar\/wp-content\/uploads\/2023\/10\/Margaine_photo1_DarioAcosta-150x100.jpeg 150w\" sizes=\"(max-width: 1920px) 100vw, 1920px\" \/><\/a><\/p>\n<figure id=\"attachment_44819\" aria-describedby=\"caption-attachment-44819\" style=\"width: 2000px\" class=\"wp-caption alignnone\"><a href=\"http:\/\/www.ecoitaliano.com.ar\/wp-content\/uploads\/2023\/10\/MichelePertusi-2019-\u00a9-RobertoRicci.jpg\"><img decoding=\"async\" class=\"size-full wp-image-44819\" src=\"http:\/\/www.ecoitaliano.com.ar\/wp-content\/uploads\/2023\/10\/MichelePertusi-2019-\u00a9-RobertoRicci.jpg\" alt=\"\" width=\"2000\" height=\"2995\" srcset=\"https:\/\/www.ecoitaliano.com.ar\/wp-content\/uploads\/2023\/10\/MichelePertusi-2019-\u00a9-RobertoRicci.jpg 2000w, https:\/\/www.ecoitaliano.com.ar\/wp-content\/uploads\/2023\/10\/MichelePertusi-2019-\u00a9-RobertoRicci-200x300.jpg 200w, https:\/\/www.ecoitaliano.com.ar\/wp-content\/uploads\/2023\/10\/MichelePertusi-2019-\u00a9-RobertoRicci-768x1150.jpg 768w, https:\/\/www.ecoitaliano.com.ar\/wp-content\/uploads\/2023\/10\/MichelePertusi-2019-\u00a9-RobertoRicci-684x1024.jpg 684w, https:\/\/www.ecoitaliano.com.ar\/wp-content\/uploads\/2023\/10\/MichelePertusi-2019-\u00a9-RobertoRicci-100x150.jpg 100w\" sizes=\"(max-width: 2000px) 100vw, 2000px\" \/><\/a><figcaption id=\"caption-attachment-44819\" class=\"wp-caption-text\">charset=Ascii<\/figcaption><\/figure>\n<p><a href=\"http:\/\/www.ecoitaliano.com.ar\/wp-content\/uploads\/2023\/10\/20180723_OMW\u00a9PMeisel_661-Bearbeitet.jpg\"><img decoding=\"async\" class=\"alignnone size-full wp-image-44820\" src=\"http:\/\/www.ecoitaliano.com.ar\/wp-content\/uploads\/2023\/10\/20180723_OMW\u00a9PMeisel_661-Bearbeitet.jpg\" alt=\"\" width=\"2934\" height=\"1956\" srcset=\"https:\/\/www.ecoitaliano.com.ar\/wp-content\/uploads\/2023\/10\/20180723_OMW\u00a9PMeisel_661-Bearbeitet.jpg 2934w, https:\/\/www.ecoitaliano.com.ar\/wp-content\/uploads\/2023\/10\/20180723_OMW\u00a9PMeisel_661-Bearbeitet-300x200.jpg 300w, https:\/\/www.ecoitaliano.com.ar\/wp-content\/uploads\/2023\/10\/20180723_OMW\u00a9PMeisel_661-Bearbeitet-768x512.jpg 768w, https:\/\/www.ecoitaliano.com.ar\/wp-content\/uploads\/2023\/10\/20180723_OMW\u00a9PMeisel_661-Bearbeitet-1024x683.jpg 1024w, https:\/\/www.ecoitaliano.com.ar\/wp-content\/uploads\/2023\/10\/20180723_OMW\u00a9PMeisel_661-Bearbeitet-150x100.jpg 150w\" sizes=\"(max-width: 2934px) 100vw, 2934px\" \/><\/a><\/p>\n","protected":false},"excerpt":{"rendered":"<p>10 OTTOBRE 2023 210\u00b0 COMPLEANNO DI GIUSEPPE VERDI \u00a0 LE CERIMONIE IN SUO ONORE A BUSSETO E A PARMA E [&hellip;]<\/p>\n","protected":false},"author":1,"featured_media":0,"comment_status":"open","ping_status":"open","sticky":false,"template":"","format":"standard","meta":{"footnotes":""},"categories":[1],"tags":[],"class_list":["post-44809","post","type-post","status-publish","format-standard","hentry","category-sin-categoria"],"_links":{"self":[{"href":"https:\/\/www.ecoitaliano.com.ar\/index.php?rest_route=\/wp\/v2\/posts\/44809","targetHints":{"allow":["GET"]}}],"collection":[{"href":"https:\/\/www.ecoitaliano.com.ar\/index.php?rest_route=\/wp\/v2\/posts"}],"about":[{"href":"https:\/\/www.ecoitaliano.com.ar\/index.php?rest_route=\/wp\/v2\/types\/post"}],"author":[{"embeddable":true,"href":"https:\/\/www.ecoitaliano.com.ar\/index.php?rest_route=\/wp\/v2\/users\/1"}],"replies":[{"embeddable":true,"href":"https:\/\/www.ecoitaliano.com.ar\/index.php?rest_route=%2Fwp%2Fv2%2Fcomments&post=44809"}],"version-history":[{"count":0,"href":"https:\/\/www.ecoitaliano.com.ar\/index.php?rest_route=\/wp\/v2\/posts\/44809\/revisions"}],"wp:attachment":[{"href":"https:\/\/www.ecoitaliano.com.ar\/index.php?rest_route=%2Fwp%2Fv2%2Fmedia&parent=44809"}],"wp:term":[{"taxonomy":"category","embeddable":true,"href":"https:\/\/www.ecoitaliano.com.ar\/index.php?rest_route=%2Fwp%2Fv2%2Fcategories&post=44809"},{"taxonomy":"post_tag","embeddable":true,"href":"https:\/\/www.ecoitaliano.com.ar\/index.php?rest_route=%2Fwp%2Fv2%2Ftags&post=44809"}],"curies":[{"name":"wp","href":"https:\/\/api.w.org\/{rel}","templated":true}]}}