{"id":44834,"date":"2023-10-08T17:29:36","date_gmt":"2023-10-08T17:29:36","guid":{"rendered":"http:\/\/www.ecoitaliano.com.ar\/?p=44834"},"modified":"2023-10-08T17:29:36","modified_gmt":"2023-10-08T17:29:36","slug":"atrocita-filistee-di-alan-david-baumann","status":"publish","type":"post","link":"https:\/\/www.ecoitaliano.com.ar\/?p=44834","title":{"rendered":"Atrocit\u00e0 filistee di Alan Dav\u00ecd Baumann"},"content":{"rendered":"<div id='gallery-1' class='gallery galleryid-44834 gallery-columns-3 gallery-size-thumbnail'><figure class='gallery-item'>\n\t\t\t<div class='gallery-icon landscape'>\n\t\t\t\t<a href='https:\/\/www.ecoitaliano.com.ar\/?attachment_id=44837'><img decoding=\"async\" width=\"150\" height=\"150\" src=\"https:\/\/www.ecoitaliano.com.ar\/wp-content\/uploads\/2023\/10\/hamas_nazi-150x150.jpg\" class=\"attachment-thumbnail size-thumbnail\" alt=\"\" \/><\/a>\n\t\t\t<\/div><\/figure><figure class='gallery-item'>\n\t\t\t<div class='gallery-icon portrait'>\n\t\t\t\t<a href='https:\/\/www.ecoitaliano.com.ar\/?attachment_id=44838'><img decoding=\"async\" width=\"150\" height=\"150\" src=\"https:\/\/www.ecoitaliano.com.ar\/wp-content\/uploads\/2023\/10\/1943-2023-150x150.jpg\" class=\"attachment-thumbnail size-thumbnail\" alt=\"\" \/><\/a>\n\t\t\t<\/div><\/figure>\n\t\t<\/div>\n\n<p>&nbsp;<\/p>\n<p><b>Atrocit\u00e0 filistee<\/b><\/p>\n<p>&nbsp;<\/p>\n<p>Forse scrivo per sfogarmi, molto vorrei farlo per trasmettere la Storia, quella che non pu\u00f2 essere cambiata perch\u00e9 vissuta, ma che viene invece raccontata in forma distorta anche nelle scuole di Gaza ed in Cisgiordania. Per coloro che mi hanno gi\u00e0 letto nel tempo, sembrer\u00f2 in gran parte arteriosclerotico, ma a quanto pare, risulta difficile far capire la realt\u00e0 delle cose.<\/p>\n<p>Anzitutto parliamo di Gaza e Cisgiordania, ossia di due territori che vennero si conquistati da Israele dopo la Guerra dei 6 Giorni, ma che prima erano terre egiziane o giordane e che non vennero richieste indietro, quando i due stati firmarono la pace con Israele. Vennero lasciate alla merc\u00e9 dei terroristi di allora o delle figure riconosciute come grandi condottieri, da gran parte dei sudditi del petrolio. Da allora \u00e8 cambiato ben poco e quando Israele viene attaccata si tratta di terroristi, quando si difende, diventano poveri martiri palestinesi, vittime dello Stato invasore. In quelli che vengono spesso chiamati territori occupati, viene insegnato alle nuove generazioni, ad odiare l\u2019Ebreo ed a crescere con una cattiveria pronta ad esplodere dopo aver maturato anni di lavaggio del cervello. Nulla di diverso rispetto alle scuole del Terzo Reich o del Regno d\u2019Italia dopo le Leggi del 38. Lo dimostrano i Fatti appena accaduti nel territorio israeliano, dove appaiono video e foto di bambini imprigionati nelle gabbie, uno di pochi anni accerchiato da coetanei o bimbi pi\u00f9 grandi, che gli urlano frasi come \u201cGiudeo\u2026\u201d e lascio immaginare, donne spogliate e mostrate come trofei. Fosse comuni, bambini ed invalidi deportati, donne ammazzate\u2026 solo perch\u00e9 nati ebrei.<\/p>\n<p>Per una volta il mondo occidentale sembra compatto al fianco di quello dello Stato Ebraico, dove sotto lo stesso passaporto vivono arabi mussulmani \u2013 spesso cugini di coloro che non hanno voluto far parte di Israele -, cristiani, agnostici, gay o etero, bianchi, neri, gialli e rossi, terrestri e marziani, tutti sotto la stessa legge, gli stessi diritti, fra i quali quello di morire con l\u2019esplosione di uno dei 5000 missili iraniani.<\/p>\n<p>Secondo qualche fonte di informazione, alcuni dei villaggi occupati da Hamas vengono definiti \u201cinsediamenti\u201d e non lo sono di certo\u2026. Ma credo che si tratti solo di incomprensione nella mente di chi scrive: (un morbo definito anche \u201cIgnoranza\u201d che colpisce molti addetti all\u2019informazione ultraveloce. Malattia che invece si propaga quando vengono citati i \u201cCampi profughi\u201d, ossia quei villaggi creati dalla gente in fuga nelle guerre del secolo scorso e che adesso sono diventate delle metropoli, dove le autorit\u00e0 locali ed autodeterminate \u2013 note come ANP, Hamas, gi\u00e0 OLP od altri -, hanno dall\u2019inizio preferito non investire i miliardi di dollari ricevuti anno dopo anno dal resto del mondo, in fognature od in altri beni essenziali, ma in armi di ogni ordine e grado, a quanto pare essenziali per lo sviluppo della loro incivilt\u00e0.<\/p>\n<p>Certo, quando i romani invadevano e sottomettevano, cambiavano e romanizzavano i territori conquistati\u2026. I filistei con Golia, poi i fedeli e gli infedeli, altri fedeli ed altri infedeli, tutti pronti per conquistare le terre bibliche. Poi vennero i tempi dei romani con la voce \u201cPalestina\u201d che comprendeva un vasto territorio del Medioriente, infine fra una crociata e l\u2019altra arriv\u00f2 l\u2019Impero Ottomano fino alla Grande Guerra. Nacque poi il protettorato inglese e la creazione, come dico spesso, della Filarmonica Palestinese creata il 26 dicembre 1936 da Toscanini in gran parte composta da musicisti del luogo ma di religione ebraica. Venne anche la Brigata Palestinese che liber\u00f2 l\u2019Italia nell\u2019esercito inglese. Tra di loro non c\u2019erano gli Abu Mazen, gli Arafat, come non c\u2019era quella sinistra estrema che ne vilipenda la bandiera ad ogni 25 aprile: c\u2019erano solo degli ebrei nati nel protettorato definito \u201cPalestinese\u201d dalla dichiarazione Balfour.<\/p>\n<p>Non c\u2019erano i palestinesi a rifiutare la decisione di due popoli, due nazioni: c\u2019erano solo degli arabi figli di quel gran mufti di Gerusalemme che trascorreva del tempo con l\u2019amico Adolfo Hitler. Suo nipote, tale Yasser Arafat, non si comport\u00f2 in modo molto diverso negli attentati e nella strage di Monaco. I suoi seguaci, pur sapendo utilizzare le armi fornite dall\u2019Iran, sono portatori sani solo di quelle atrocit\u00e0 che farebbero sembrare moderni gli uomini delle caverne.<\/p>\n<p>Ora si parla di guerra\u2026 normalmente uno stato entra in guerra contro un altro e forse per questo il Papa ha detto oggi \u201cCessino le armi in Israele e Palestina\u201d, ma \u2013 me ne scuso con Papa Francesco -, non credo che Gaza sia per ora la Palestina ed a dir il vero non lo \u00e8 neanche la Cisgiordania, nonostante l\u2019Organizzazione delle Nazioni \u2013 arabe \u2013 Unite ne abbia da tempo accettato la presenza. Mi chiedo anche quanti dovrebbero essere gli stati palestinesi, visto che tra Gaza e la Cisgiordania (Egitto e Giordania) c\u2019\u00e8 dal 1948 Israele.<\/p>\n<p>Visto che il \u201cmuro del pianto\u201d \u00e8 stato riconosciuto dall\u2019Unesco come muro arabo mussulmano, non mi stupirei se presto, il rabbino Ges\u00f9 Cristo verr\u00e0 storicamente posto come muezzin, nato e morto mussulmano.<\/p>\n<p>Attenzione quando gli errori della storia diventano la cultura di popoli e stati.<\/p>\n<p>Ultima cosa invito a riflettere su due dei motivi per i quali lo stato Arabo di Palestina (o chiamatelo come vorrete) non \u00e8 stato ancora creato:<\/p>\n<ul>\n<li>anzitutto agli arabi non andava bene la creazione di uno stato \u201cEbraico\u201d ed accettarne uno arabo avrebbe significato automaticamente riconoscere il primo;<\/li>\n<li>se Israele venisse attaccato da uno Stato, non dovrebbe pi\u00f9 lanciare bigliettini con la scritta \u201cstiamo per attaccare le rampe lanciamissili\u201d, sebbene protette dagli umani e Netanyahu \u2013 che dico pubblicamente non goda delle mie simpatie \u2013 non avrebbe dovuto avvertire i Palestinesi a lasciare Gaza perch\u00e9 sarebbero state colpite le postazioni di Hamas. Con questa importantissima frase, Israele ha ancora una volta fatto capire che non \u00e8 mai stata in guerra contro un popolo (si definisca palestinese o come vuole), bens\u00ec contro dei terroristi, siano Hamas, Hezbollah, o altri. Se fosse uno stato confinante, Lo si sarebbe attaccato tout court senza tentare di salvarne gli abitanti.<\/li>\n<\/ul>\n<p>I veri nemici dei \u201cPalestinesi\u201d sono gli arabi. Non chiamate quel che i filistei stanno facendo, delle bestialit\u00e0: offendereste gli animali<\/p>\n<p>&nbsp;<\/p>\n<p><b>Alan Dav\u00ecd Baumann\u00a0<\/b><\/p>\n<p>&nbsp;<\/p>\n<div class=\"entry-content\">\n<div class=\"entry-content\">\n<div class=\"entry-content\">\n<div class=\"entry-content\">\n<div class=\"entry-content\">\n<div class=\"entry-content\">\n<div class=\"entry-content\">\n<div class=\"entry-content\">\n<div class=\"entry-content\">\n<div class=\"entry-content\">\n<div class=\"entry-content\">\n<div class=\"entry-content\">\n<div class=\"entry-content\">\n<div class=\"entry-content\">\n<div class=\"entry-content\">\n<div class=\"entry-content\">\n<div class=\"entry-content\">\n<p><em><strong>Tutte l\u2019opinioni versati nel sito correspondono solo a chi la manifesta. Non e necessariamente l\u2019opinione della Direzione.<\/strong><\/em><\/p>\n<\/div>\n<\/div>\n<\/div>\n<\/div>\n<\/div>\n<\/div>\n<\/div>\n<\/div>\n<\/div>\n<\/div>\n<\/div>\n<\/div>\n<\/div>\n<\/div>\n<\/div>\n<\/div>\n<\/div>\n","protected":false},"excerpt":{"rendered":"<p>&nbsp; Atrocit\u00e0 filistee &nbsp; Forse scrivo per sfogarmi, molto vorrei farlo per trasmettere la Storia, quella che non pu\u00f2 essere [&hellip;]<\/p>\n","protected":false},"author":1,"featured_media":0,"comment_status":"open","ping_status":"open","sticky":false,"template":"","format":"standard","meta":{"footnotes":""},"categories":[10,35],"tags":[],"class_list":["post-44834","post","type-post","status-publish","format-standard","hentry","category-italiano","category-opiniones"],"_links":{"self":[{"href":"https:\/\/www.ecoitaliano.com.ar\/index.php?rest_route=\/wp\/v2\/posts\/44834","targetHints":{"allow":["GET"]}}],"collection":[{"href":"https:\/\/www.ecoitaliano.com.ar\/index.php?rest_route=\/wp\/v2\/posts"}],"about":[{"href":"https:\/\/www.ecoitaliano.com.ar\/index.php?rest_route=\/wp\/v2\/types\/post"}],"author":[{"embeddable":true,"href":"https:\/\/www.ecoitaliano.com.ar\/index.php?rest_route=\/wp\/v2\/users\/1"}],"replies":[{"embeddable":true,"href":"https:\/\/www.ecoitaliano.com.ar\/index.php?rest_route=%2Fwp%2Fv2%2Fcomments&post=44834"}],"version-history":[{"count":0,"href":"https:\/\/www.ecoitaliano.com.ar\/index.php?rest_route=\/wp\/v2\/posts\/44834\/revisions"}],"wp:attachment":[{"href":"https:\/\/www.ecoitaliano.com.ar\/index.php?rest_route=%2Fwp%2Fv2%2Fmedia&parent=44834"}],"wp:term":[{"taxonomy":"category","embeddable":true,"href":"https:\/\/www.ecoitaliano.com.ar\/index.php?rest_route=%2Fwp%2Fv2%2Fcategories&post=44834"},{"taxonomy":"post_tag","embeddable":true,"href":"https:\/\/www.ecoitaliano.com.ar\/index.php?rest_route=%2Fwp%2Fv2%2Ftags&post=44834"}],"curies":[{"name":"wp","href":"https:\/\/api.w.org\/{rel}","templated":true}]}}