{"id":44924,"date":"2023-10-10T16:45:18","date_gmt":"2023-10-10T16:45:18","guid":{"rendered":"http:\/\/www.ecoitaliano.com.ar\/?p=44924"},"modified":"2023-10-10T16:45:18","modified_gmt":"2023-10-10T16:45:18","slug":"serena-conduce-operaclassica-eco-italiano-2810","status":"publish","type":"post","link":"https:\/\/www.ecoitaliano.com.ar\/?p=44924","title":{"rendered":"Serena conduce operaclassica eco italiano"},"content":{"rendered":"<p><a href=\"http:\/\/www.ecoitaliano.com.ar\/wp-content\/uploads\/2023\/10\/fghjk.jpg\"><img decoding=\"async\" class=\"alignnone size-full wp-image-44925\" src=\"http:\/\/www.ecoitaliano.com.ar\/wp-content\/uploads\/2023\/10\/fghjk.jpg\" alt=\"\" width=\"493\" height=\"103\" srcset=\"https:\/\/www.ecoitaliano.com.ar\/wp-content\/uploads\/2023\/10\/fghjk.jpg 493w, https:\/\/www.ecoitaliano.com.ar\/wp-content\/uploads\/2023\/10\/fghjk-300x63.jpg 300w, https:\/\/www.ecoitaliano.com.ar\/wp-content\/uploads\/2023\/10\/fghjk-150x31.jpg 150w\" sizes=\"(max-width: 493px) 100vw, 493px\" \/><\/a><\/p>\n<p><strong>STAGIONE SINFONICA 2023 DEL TEATRO G. VERDI DI TRIESTE<\/strong><\/p>\n<p><strong>Dal 9 settembre al 22 dicembre 2023<\/strong><\/p>\n<p><strong>*******<\/strong><\/p>\n<p><strong>7\u00b0 CONCERTO<\/strong><\/p>\n<p><strong>Venerd\u00ec 13 ottobre 2023 ore 19.30<\/strong><\/p>\n<p>Direttore \u00a0\u00a0\u00a0\u00a0\u00a0\u00a0\u00a0 FRANCESCO IVAN CIAMPA<\/p>\n<p>Violino\u00a0\u00a0\u00a0\u00a0\u00a0\u00a0\u00a0\u00a0\u00a0\u00a0\u00a0 STEFAN MILENKOVICH<\/p>\n<p><strong>Johannes Brahms<\/strong><\/p>\n<p>Concerto per violino e orchestra in re maggiore op. 77<\/p>\n<p><strong>P\u00ebtr Il&#8217;i\u010d \u010cajkovskij<\/strong><\/p>\n<p>Sesta Sinfonia in si minore op. 74 (<em>Patetica<\/em>)<\/p>\n<p><strong>Orchestra della Fondazione Teatro Lirico Giuseppe Verdi di Trieste<\/strong><\/p>\n<p>&nbsp;<\/p>\n<p>Due solide colonne del panorama concertistico internazionale per due fra i titoli pi\u00f9 famosi ed amati nel mondo per il sesto concerto sinfonico del Verdi di Trieste a soli quindici giorni dall\u2019attesa apertura della stagione d\u2019opera il 2 novembre. E con <strong>Francesco Ivan Ciampa sul podio<\/strong> non si pu\u00f2 che iniziare a respirare aria d\u2019opera, essendo il Maestro avellinese uno dei direttori pi\u00f9 solidi e stimati sul repertorio operistico italiano; sar\u00e0 quindi estremamente interessante ascoltarlo sul concerto per violino ed orchestra in re maggiore op.77 di Brahms e sulla celeberrima <em>Patetica <\/em>di \u010cajkovskij, due titoli che lo riavvicinano al percorso come assistente di Tony Pappano ad inizio carriera e che ne confermano l\u2019amore per il grande sinfonismo, pur nel cuore di un percorso artistico fortemente votata all\u2019opera. Al suo fianco per Brahms avremo a Trieste una delle star da decenni del grande repertorio classico: <strong>il violinista serbo Stefan Milenkovich<\/strong>, classe 1977, figlio d\u2019arte, enfant prodige, a 16 aveva gi\u00e0 festeggiato il suo millesimo concerto pubblico; Milenkovich ha davvero letteralmente vinto ogni premio di peso per il suo strumento, si \u00e8 esibito su ogni palco di pregio del globo e davanti a personalit\u00e0 pubbliche del calibro di <strong>Ronald Reagan, Michail Gorba\u010d\u00ebv e Papa Giovanni Paolo II, ha suonato sul palco degli MTV Awards con i Gorillaz, \u00e8 impegnato in attivit\u00e0 umanitarie per UNESCO e alla prestigiosissima Juilliard di New York sul fronte della didattica<\/strong>, quindi \u00e8 indubbiamente una delle poche stelle trasversali del repertorio colto e un simbolo vivente della grande tradizione violinistica balcanica e dei \u2018Piccoli Slavi\u2019.<\/p>\n<p>L\u2019impaginato su cui i due Maestri dovranno misurarsi insieme all\u2019eccellente orchestra del Verdi \u00e8 poi tra i pi\u00f9 famosi in assoluto del repertorio classico e di certo fra i pi\u00f9 temuti dai grandi interpreti non solo per le difficolt\u00e0 e la ricca orchestrazione, ma anche per la loro popolarit\u00e0 e peraltro accosta, in un ideale dialogo attraverso il tempo, uno dei concerti di Brahms che \u010cajkovskij critic\u00f2 pi\u00f9 aspramente con l\u2019ultima e pi\u00f9 struggente sinfonia del grande russo, eseguita per la prima volta solo 9 giorni prima della sua morte. E se molti violinisti, tra cui Pablo de Sarasate, si lamentarono in passato che nel secondo movimento del concerto di Brahms il bellissimo assolo di oboe metteva addirittura in ombra il solista, di certo il nostro oboe Francesca Guerra sapr\u00e0 dare luce ad uno dei picchi assoluti tra le pagine scritte per il suo strumento.<\/p>\n<p>Importante chiusura, dunque, per la prima parte della stagione sinfonica giuliana che giunger\u00e0 poi a compimento solo a dicembre con il concerto straordinario nell\u2019ambito delle celebrazioni cittadine per il Centenario de \u201cLa Coscienza di Zeno\u201d.<\/p>\n<p><a href=\"http:\/\/www.ecoitaliano.com.ar\/wp-content\/uploads\/2023\/10\/20220408135209_Francesco-Ivan-Ciampa_credits_RobertoRicci.jpeg\"><img decoding=\"async\" class=\"alignnone size-full wp-image-44926\" src=\"http:\/\/www.ecoitaliano.com.ar\/wp-content\/uploads\/2023\/10\/20220408135209_Francesco-Ivan-Ciampa_credits_RobertoRicci.jpeg\" alt=\"\" width=\"1200\" height=\"1800\" srcset=\"https:\/\/www.ecoitaliano.com.ar\/wp-content\/uploads\/2023\/10\/20220408135209_Francesco-Ivan-Ciampa_credits_RobertoRicci.jpeg 1200w, https:\/\/www.ecoitaliano.com.ar\/wp-content\/uploads\/2023\/10\/20220408135209_Francesco-Ivan-Ciampa_credits_RobertoRicci-200x300.jpeg 200w, https:\/\/www.ecoitaliano.com.ar\/wp-content\/uploads\/2023\/10\/20220408135209_Francesco-Ivan-Ciampa_credits_RobertoRicci-768x1152.jpeg 768w, https:\/\/www.ecoitaliano.com.ar\/wp-content\/uploads\/2023\/10\/20220408135209_Francesco-Ivan-Ciampa_credits_RobertoRicci-683x1024.jpeg 683w, https:\/\/www.ecoitaliano.com.ar\/wp-content\/uploads\/2023\/10\/20220408135209_Francesco-Ivan-Ciampa_credits_RobertoRicci-100x150.jpeg 100w\" sizes=\"(max-width: 1200px) 100vw, 1200px\" \/><\/a> <a href=\"http:\/\/www.ecoitaliano.com.ar\/wp-content\/uploads\/2023\/10\/MILENKOVICH.jpg\"><img decoding=\"async\" class=\"alignnone size-full wp-image-44927\" src=\"http:\/\/www.ecoitaliano.com.ar\/wp-content\/uploads\/2023\/10\/MILENKOVICH.jpg\" alt=\"\" width=\"2500\" height=\"1938\" srcset=\"https:\/\/www.ecoitaliano.com.ar\/wp-content\/uploads\/2023\/10\/MILENKOVICH.jpg 2500w, https:\/\/www.ecoitaliano.com.ar\/wp-content\/uploads\/2023\/10\/MILENKOVICH-300x233.jpg 300w, https:\/\/www.ecoitaliano.com.ar\/wp-content\/uploads\/2023\/10\/MILENKOVICH-768x595.jpg 768w, https:\/\/www.ecoitaliano.com.ar\/wp-content\/uploads\/2023\/10\/MILENKOVICH-1024x794.jpg 1024w, https:\/\/www.ecoitaliano.com.ar\/wp-content\/uploads\/2023\/10\/MILENKOVICH-150x116.jpg 150w, https:\/\/www.ecoitaliano.com.ar\/wp-content\/uploads\/2023\/10\/MILENKOVICH-400x311.jpg 400w\" sizes=\"(max-width: 2500px) 100vw, 2500px\" \/><\/a><\/p>\n","protected":false},"excerpt":{"rendered":"<p>STAGIONE SINFONICA 2023 DEL TEATRO G. VERDI DI TRIESTE Dal 9 settembre al 22 dicembre 2023 ******* 7\u00b0 CONCERTO Venerd\u00ec [&hellip;]<\/p>\n","protected":false},"author":1,"featured_media":0,"comment_status":"open","ping_status":"open","sticky":false,"template":"","format":"standard","meta":{"footnotes":""},"categories":[1],"tags":[],"class_list":["post-44924","post","type-post","status-publish","format-standard","hentry","category-sin-categoria"],"_links":{"self":[{"href":"https:\/\/www.ecoitaliano.com.ar\/index.php?rest_route=\/wp\/v2\/posts\/44924","targetHints":{"allow":["GET"]}}],"collection":[{"href":"https:\/\/www.ecoitaliano.com.ar\/index.php?rest_route=\/wp\/v2\/posts"}],"about":[{"href":"https:\/\/www.ecoitaliano.com.ar\/index.php?rest_route=\/wp\/v2\/types\/post"}],"author":[{"embeddable":true,"href":"https:\/\/www.ecoitaliano.com.ar\/index.php?rest_route=\/wp\/v2\/users\/1"}],"replies":[{"embeddable":true,"href":"https:\/\/www.ecoitaliano.com.ar\/index.php?rest_route=%2Fwp%2Fv2%2Fcomments&post=44924"}],"version-history":[{"count":0,"href":"https:\/\/www.ecoitaliano.com.ar\/index.php?rest_route=\/wp\/v2\/posts\/44924\/revisions"}],"wp:attachment":[{"href":"https:\/\/www.ecoitaliano.com.ar\/index.php?rest_route=%2Fwp%2Fv2%2Fmedia&parent=44924"}],"wp:term":[{"taxonomy":"category","embeddable":true,"href":"https:\/\/www.ecoitaliano.com.ar\/index.php?rest_route=%2Fwp%2Fv2%2Fcategories&post=44924"},{"taxonomy":"post_tag","embeddable":true,"href":"https:\/\/www.ecoitaliano.com.ar\/index.php?rest_route=%2Fwp%2Fv2%2Ftags&post=44924"}],"curies":[{"name":"wp","href":"https:\/\/api.w.org\/{rel}","templated":true}]}}