{"id":45264,"date":"2023-10-18T17:26:58","date_gmt":"2023-10-18T17:26:58","guid":{"rendered":"http:\/\/www.ecoitaliano.com.ar\/?p=45264"},"modified":"2023-10-18T17:26:58","modified_gmt":"2023-10-18T17:26:58","slug":"serena-conduce-operaclassica-eco-italiano-2834","status":"publish","type":"post","link":"https:\/\/www.ecoitaliano.com.ar\/?p=45264","title":{"rendered":"Serena conduce operaclassica eco italiano"},"content":{"rendered":"<p><a href=\"http:\/\/www.ecoitaliano.com.ar\/wp-content\/uploads\/2023\/10\/51d68bd3-4534-463d-b99e-77594db7488f-2.jpg\"><img decoding=\"async\" class=\"alignnone  wp-image-45248\" src=\"http:\/\/www.ecoitaliano.com.ar\/wp-content\/uploads\/2023\/10\/51d68bd3-4534-463d-b99e-77594db7488f-2.jpg\" alt=\"\" width=\"410\" height=\"66\" srcset=\"https:\/\/www.ecoitaliano.com.ar\/wp-content\/uploads\/2023\/10\/51d68bd3-4534-463d-b99e-77594db7488f-2.jpg 1058w, https:\/\/www.ecoitaliano.com.ar\/wp-content\/uploads\/2023\/10\/51d68bd3-4534-463d-b99e-77594db7488f-2-300x48.jpg 300w, https:\/\/www.ecoitaliano.com.ar\/wp-content\/uploads\/2023\/10\/51d68bd3-4534-463d-b99e-77594db7488f-2-768x124.jpg 768w, https:\/\/www.ecoitaliano.com.ar\/wp-content\/uploads\/2023\/10\/51d68bd3-4534-463d-b99e-77594db7488f-2-1024x166.jpg 1024w, https:\/\/www.ecoitaliano.com.ar\/wp-content\/uploads\/2023\/10\/51d68bd3-4534-463d-b99e-77594db7488f-2-150x24.jpg 150w\" sizes=\"(max-width: 410px) 100vw, 410px\" \/><\/a><\/p>\n<h1 class=\"null\"><span style=\"color: #ff0000;\"><strong>Italo Calvino e la musica<\/strong><\/span><\/h1>\n<p><a href=\"http:\/\/www.ecoitaliano.com.ar\/wp-content\/uploads\/2023\/10\/7f12fa44-8caf-19c8-5d79-271dc6ceb738.jpg\"><img decoding=\"async\" class=\"alignnone size-full wp-image-45265\" src=\"http:\/\/www.ecoitaliano.com.ar\/wp-content\/uploads\/2023\/10\/7f12fa44-8caf-19c8-5d79-271dc6ceb738.jpg\" alt=\"\" width=\"1920\" height=\"1080\" srcset=\"https:\/\/www.ecoitaliano.com.ar\/wp-content\/uploads\/2023\/10\/7f12fa44-8caf-19c8-5d79-271dc6ceb738.jpg 1920w, https:\/\/www.ecoitaliano.com.ar\/wp-content\/uploads\/2023\/10\/7f12fa44-8caf-19c8-5d79-271dc6ceb738-300x169.jpg 300w, https:\/\/www.ecoitaliano.com.ar\/wp-content\/uploads\/2023\/10\/7f12fa44-8caf-19c8-5d79-271dc6ceb738-768x432.jpg 768w, https:\/\/www.ecoitaliano.com.ar\/wp-content\/uploads\/2023\/10\/7f12fa44-8caf-19c8-5d79-271dc6ceb738-1024x576.jpg 1024w, https:\/\/www.ecoitaliano.com.ar\/wp-content\/uploads\/2023\/10\/7f12fa44-8caf-19c8-5d79-271dc6ceb738-150x84.jpg 150w\" sizes=\"(max-width: 1920px) 100vw, 1920px\" \/><\/a><\/p>\n<p><strong>Gioved\u00ec\u00a026 ottobre, ore 18.00\u00a0<\/strong><\/p>\n<p>Lo scorso 15 ottobre Italo Calvino avrebbe compiuto cent\u2019anni, e come celebrazione di questo anniversario LuganoMusica e l\u2019Universit\u00e0 della Svizzera italiana dedicano una serata proprio all\u2019intersezione tra la sua opera letteraria e la disciplina musicale.<\/p>\n<p>Programma:<br \/>\n<strong>Presentazione<\/strong>\u00a0di\u00a0<strong>Stefano Prandi<\/strong><br \/>\n<strong>Conferenza<\/strong>\u00a0di\u00a0<strong>Giuliano Bellorini<\/strong><br \/>\n<strong>Elisa Marangon<\/strong>, canto<br \/>\n<strong>Roberto Olzer<\/strong>, pianoforte<\/p>\n<p><a href=\"https:\/\/luganomusica.us12.list-manage.com\/track\/click?u=ba50e788cbb3e28fa68b47026&amp;id=ec41cdb683&amp;e=1eee2fafa7\" target=\"_blank\" rel=\"noopener\">Riserva il tuo posto<\/a><\/p>\n<h1 class=\"null\"><span style=\"color: #ff0000;\"><strong>Variazioni Goldberg<\/strong><\/span><\/h1>\n<p><a href=\"http:\/\/www.ecoitaliano.com.ar\/wp-content\/uploads\/2023\/10\/2d586258-3f03-be6a-080f-26787c475355.jpg\"><img decoding=\"async\" class=\"alignnone size-full wp-image-45266\" src=\"http:\/\/www.ecoitaliano.com.ar\/wp-content\/uploads\/2023\/10\/2d586258-3f03-be6a-080f-26787c475355.jpg\" alt=\"\" width=\"1920\" height=\"1080\" srcset=\"https:\/\/www.ecoitaliano.com.ar\/wp-content\/uploads\/2023\/10\/2d586258-3f03-be6a-080f-26787c475355.jpg 1920w, https:\/\/www.ecoitaliano.com.ar\/wp-content\/uploads\/2023\/10\/2d586258-3f03-be6a-080f-26787c475355-300x169.jpg 300w, https:\/\/www.ecoitaliano.com.ar\/wp-content\/uploads\/2023\/10\/2d586258-3f03-be6a-080f-26787c475355-768x432.jpg 768w, https:\/\/www.ecoitaliano.com.ar\/wp-content\/uploads\/2023\/10\/2d586258-3f03-be6a-080f-26787c475355-1024x576.jpg 1024w, https:\/\/www.ecoitaliano.com.ar\/wp-content\/uploads\/2023\/10\/2d586258-3f03-be6a-080f-26787c475355-150x84.jpg 150w\" sizes=\"(max-width: 1920px) 100vw, 1920px\" \/><\/a><\/p>\n<p><strong>Thibaut Garcia\u00a0<\/strong>e\u00a0<strong>Antoine Morini\u00e8re<\/strong>, chitarre<\/p>\n<p><strong>Gioved\u00ec\u00a026 ottobre, ore 20.30<\/strong><\/p>\n<p>Vincitore del primo premio al concorso della Guitar Foundation of America (USA) nel 2015, BBC New Generation Artist (2017-2019) e \u201crivelazione strumentale\u201d delle Victoires de la Musique Classique nel 2019, il chitarrista franco-spagnolo\u00a0<strong>Thibaut Garcia\u00a0<\/strong>\u00e8 senza dubbio tra gli interpreti pi\u00f9 talentuosi della sua generazione. Da tempo suona in duo con\u00a0<strong>Antoine Morini\u00e8re<\/strong>, con il quale eseguir\u00e0 le leggendarie\u00a0<em>Variazioni Goldberg<\/em>.<\/p>\n<p>Programma:<br \/>\n<strong>Bach<\/strong><\/p>\n<p><a href=\"https:\/\/luganomusica.us12.list-manage.com\/track\/click?u=ba50e788cbb3e28fa68b47026&amp;id=5dda06d013&amp;e=1eee2fafa7\" target=\"_blank\" rel=\"noopener\">Biglietti online<\/a><\/p>\n<h1 class=\"null\"><span style=\"color: #ff0000;\"><strong>La contemporanea a portata di ascolto<\/strong><\/span><\/h1>\n<p><a href=\"http:\/\/www.ecoitaliano.com.ar\/wp-content\/uploads\/2023\/10\/0bf0e12b-6ed0-0816-0bc1-807ca40fe162.jpg\"><img decoding=\"async\" class=\"alignnone size-full wp-image-45267\" src=\"http:\/\/www.ecoitaliano.com.ar\/wp-content\/uploads\/2023\/10\/0bf0e12b-6ed0-0816-0bc1-807ca40fe162.jpg\" alt=\"\" width=\"1920\" height=\"1080\" srcset=\"https:\/\/www.ecoitaliano.com.ar\/wp-content\/uploads\/2023\/10\/0bf0e12b-6ed0-0816-0bc1-807ca40fe162.jpg 1920w, https:\/\/www.ecoitaliano.com.ar\/wp-content\/uploads\/2023\/10\/0bf0e12b-6ed0-0816-0bc1-807ca40fe162-300x169.jpg 300w, https:\/\/www.ecoitaliano.com.ar\/wp-content\/uploads\/2023\/10\/0bf0e12b-6ed0-0816-0bc1-807ca40fe162-768x432.jpg 768w, https:\/\/www.ecoitaliano.com.ar\/wp-content\/uploads\/2023\/10\/0bf0e12b-6ed0-0816-0bc1-807ca40fe162-1024x576.jpg 1024w, https:\/\/www.ecoitaliano.com.ar\/wp-content\/uploads\/2023\/10\/0bf0e12b-6ed0-0816-0bc1-807ca40fe162-150x84.jpg 150w\" sizes=\"(max-width: 1920px) 100vw, 1920px\" \/><\/a><\/p>\n<h1 class=\"null\"><span style=\"color: #ff0000;\"><strong>La contemporanea a portata di ascolto<\/strong><\/span><\/h1>\n<p><strong>LuganoMusica Ensemble<\/strong><\/p>\n<p><strong>2 e 3 novembre, ore 20.30<\/strong><\/p>\n<p>Nato da un\u2019idea del direttore Etienne Reymond, il LuganoMusica Ensemble \u00e8 composto da prime parti dell\u2019OSI e da professori del Conservatorio della Svizzera italiana, riunendo cos\u00ec i migliori musicisti presenti a Lugano. Complicit\u00e0, tecnica e grande sintonia contraddistinguono l\u2019ensemble che ogni anno accompagna il pubblico alla scoperta di mondi sonori pi\u00f9 o meno conosciuti, creando ogni volta raffinati percorsi di ascolto.<\/p>\n<p>Programma:<br \/>\n<strong>Ligeti, Schubert, Beethoven, Sch\u00f6nberg<\/strong><\/p>\n<p><a href=\"https:\/\/luganomusica.us12.list-manage.com\/track\/click?u=ba50e788cbb3e28fa68b47026&amp;id=8de7d04473&amp;e=1eee2fafa7\" target=\"_blank\" rel=\"noopener\">Biglietti online<\/a><\/p>\n<h1 class=\"null\"><span style=\"color: #ff0000;\"><strong>Electro Acoustic Room<\/strong><\/span><\/h1>\n<p><a href=\"http:\/\/www.ecoitaliano.com.ar\/wp-content\/uploads\/2023\/10\/48f75356-b69c-5296-6a98-527b8da588d3.jpg\"><img decoding=\"async\" class=\"alignnone size-full wp-image-45268\" src=\"http:\/\/www.ecoitaliano.com.ar\/wp-content\/uploads\/2023\/10\/48f75356-b69c-5296-6a98-527b8da588d3.jpg\" alt=\"\" width=\"1920\" height=\"1080\" srcset=\"https:\/\/www.ecoitaliano.com.ar\/wp-content\/uploads\/2023\/10\/48f75356-b69c-5296-6a98-527b8da588d3.jpg 1920w, https:\/\/www.ecoitaliano.com.ar\/wp-content\/uploads\/2023\/10\/48f75356-b69c-5296-6a98-527b8da588d3-300x169.jpg 300w, https:\/\/www.ecoitaliano.com.ar\/wp-content\/uploads\/2023\/10\/48f75356-b69c-5296-6a98-527b8da588d3-768x432.jpg 768w, https:\/\/www.ecoitaliano.com.ar\/wp-content\/uploads\/2023\/10\/48f75356-b69c-5296-6a98-527b8da588d3-1024x576.jpg 1024w, https:\/\/www.ecoitaliano.com.ar\/wp-content\/uploads\/2023\/10\/48f75356-b69c-5296-6a98-527b8da588d3-150x84.jpg 150w\" sizes=\"(max-width: 1920px) 100vw, 1920px\" \/><\/a><\/p>\n<table class=\"mcnTextBlock\" border=\"0\" width=\"100%\" cellspacing=\"0\" cellpadding=\"0\">\n<tbody class=\"mcnTextBlockOuter\">\n<tr>\n<td class=\"mcnTextBlockInner\" valign=\"top\">\n<table class=\"mcnTextContentContainer\" border=\"0\" width=\"100%\" cellspacing=\"0\" cellpadding=\"0\" align=\"left\">\n<tbody>\n<tr>\n<td class=\"mcnTextContent\" valign=\"top\"><strong>Venerd\u00ec\u00a010 novembre, ore 18.30<\/strong><\/p>\n<p>Il primo appuntamento di quest&#8217;anno \u00e8 dedicato alla compositrice\u00a0<strong>Elsa Justel<\/strong>. Nata nel 1944 a Mar del Plata, in Argentina, Justel inizia la sua formazione musicale nel Conservatorio di quella citt\u00e0 studiando poi a Buenos Aires composizione e musica elettroacustica. Oltre agli studi musicali, che proseguir\u00e0 in Francia, studia anche giornalismo e scienze della comunicazione. La sua \u00e8 un&#8217;attivit\u00e0 intensa sia come insegnante, che come compositrice, ricercatrice e promotrice della musica acusmatica. Il suo ampio e diversificato catalogo di opere e la vitalit\u00e0 della sua musica, ne \u00e8 la pi\u00f9 concreta testimonianza.<a href=\"https:\/\/luganomusica.us12.list-manage.com\/track\/click?u=ba50e788cbb3e28fa68b47026&amp;id=3978ff07a4&amp;e=1eee2fafa7\" target=\"_blank\" rel=\"noopener\">Biglietti online<\/a><\/td>\n<\/tr>\n<\/tbody>\n<\/table>\n<\/td>\n<\/tr>\n<\/tbody>\n<\/table>\n<table class=\"mcnDividerBlock\" border=\"0\" width=\"100%\" cellspacing=\"0\" cellpadding=\"0\">\n<tbody class=\"mcnDividerBlockOuter\">\n<tr>\n<td class=\"mcnDividerBlockInner\">\n<table class=\"mcnDividerContent\" border=\"0\" width=\"100%\" cellspacing=\"0\" cellpadding=\"0\">\n<tbody>\n<tr>\n<td><\/td>\n<\/tr>\n<\/tbody>\n<\/table>\n<\/td>\n<\/tr>\n<\/tbody>\n<\/table>\n<table class=\"mcnTextBlock\" border=\"0\" width=\"100%\" cellspacing=\"0\" cellpadding=\"0\">\n<tbody class=\"mcnTextBlockOuter\">\n<tr>\n<td class=\"mcnTextBlockInner\" valign=\"top\">\n<table class=\"mcnTextContentContainer\" border=\"0\" width=\"100%\" cellspacing=\"0\" cellpadding=\"0\" align=\"left\">\n<tbody>\n<tr>\n<td class=\"mcnTextContent\" valign=\"top\">\n<h1 class=\"null\"><span style=\"color: #ff0000;\"><strong>Una domenica in musica<\/strong><\/span><\/h1>\n<\/td>\n<\/tr>\n<\/tbody>\n<\/table>\n<\/td>\n<\/tr>\n<\/tbody>\n<\/table>\n<p><a href=\"http:\/\/www.ecoitaliano.com.ar\/wp-content\/uploads\/2023\/10\/ec77e718-671a-ac0b-b1d2-621e25f6705a.jpg\"><img decoding=\"async\" class=\"alignnone size-full wp-image-45269\" src=\"http:\/\/www.ecoitaliano.com.ar\/wp-content\/uploads\/2023\/10\/ec77e718-671a-ac0b-b1d2-621e25f6705a.jpg\" alt=\"\" width=\"1920\" height=\"1080\" srcset=\"https:\/\/www.ecoitaliano.com.ar\/wp-content\/uploads\/2023\/10\/ec77e718-671a-ac0b-b1d2-621e25f6705a.jpg 1920w, https:\/\/www.ecoitaliano.com.ar\/wp-content\/uploads\/2023\/10\/ec77e718-671a-ac0b-b1d2-621e25f6705a-300x169.jpg 300w, https:\/\/www.ecoitaliano.com.ar\/wp-content\/uploads\/2023\/10\/ec77e718-671a-ac0b-b1d2-621e25f6705a-768x432.jpg 768w, https:\/\/www.ecoitaliano.com.ar\/wp-content\/uploads\/2023\/10\/ec77e718-671a-ac0b-b1d2-621e25f6705a-1024x576.jpg 1024w, https:\/\/www.ecoitaliano.com.ar\/wp-content\/uploads\/2023\/10\/ec77e718-671a-ac0b-b1d2-621e25f6705a-150x84.jpg 150w\" sizes=\"(max-width: 1920px) 100vw, 1920px\" \/><\/a><\/p>\n<p><strong>Frank Peter Zimmermann<\/strong>, violino<br \/>\n<strong>Martin Helmchen<\/strong>, pianoforte<\/p>\n<p><strong>Domenica 12 novembre, ore 17.00\u00a0<\/strong><\/p>\n<p>Chiss\u00e0 se la grande intesa artistica e personale tra\u00a0<strong>Frank Peter Zimmermann<\/strong>\u00a0e\u00a0<strong>Martin Helmchen<\/strong>\u00a0\u00e8 nata per un virtuosismo spiccato e complementare, per l\u2019attenzione al dettaglio o per un\u2019umilt\u00e0 che li unisce nell\u2019essere sempre e prima di tutto concentrati sulla musica. Quando hanno suonato insieme per la prima volta era gi\u00e0 evidente la scintilla di un duo che sarebbe stato tra i pi\u00f9 richiesti in tutto il mondo, e che si sarebbe avventurato con uguale sicurezza nel repertorio classico e contemporaneo.<\/p>\n<p>Programma:<br \/>\n<strong>Brahms,\u00a0<\/strong><strong>Bart\u00f3k<\/strong><\/p>\n<p><a href=\"https:\/\/luganomusica.us12.list-manage.com\/track\/click?u=ba50e788cbb3e28fa68b47026&amp;id=def4a3fec8&amp;e=1eee2fafa7\" target=\"_blank\" rel=\"noopener\">Biglietti online<\/a><\/p>\n<p><strong>Il suo indirizzo Email:<\/strong><\/p>\n<div class=\"vcard\"><span class=\"org fn\">LuganoMusica<\/span><\/p>\n<div class=\"adr\">\n<div class=\"street-address\">Piazza Bernardino Luini 2<\/div>\n<p><span class=\"locality\">Lugano<\/span>\u00a0<span class=\"postal-code\">6900<\/span><\/p>\n<div class=\"country-name\">Switzerland<\/div>\n<\/div>\n<\/div>\n","protected":false},"excerpt":{"rendered":"<p>Italo Calvino e la musica Gioved\u00ec\u00a026 ottobre, ore 18.00\u00a0 Lo scorso 15 ottobre Italo Calvino avrebbe compiuto cent\u2019anni, e come [&hellip;]<\/p>\n","protected":false},"author":1,"featured_media":0,"comment_status":"open","ping_status":"open","sticky":false,"template":"","format":"standard","meta":{"footnotes":""},"categories":[1],"tags":[],"class_list":["post-45264","post","type-post","status-publish","format-standard","hentry","category-sin-categoria"],"_links":{"self":[{"href":"https:\/\/www.ecoitaliano.com.ar\/index.php?rest_route=\/wp\/v2\/posts\/45264","targetHints":{"allow":["GET"]}}],"collection":[{"href":"https:\/\/www.ecoitaliano.com.ar\/index.php?rest_route=\/wp\/v2\/posts"}],"about":[{"href":"https:\/\/www.ecoitaliano.com.ar\/index.php?rest_route=\/wp\/v2\/types\/post"}],"author":[{"embeddable":true,"href":"https:\/\/www.ecoitaliano.com.ar\/index.php?rest_route=\/wp\/v2\/users\/1"}],"replies":[{"embeddable":true,"href":"https:\/\/www.ecoitaliano.com.ar\/index.php?rest_route=%2Fwp%2Fv2%2Fcomments&post=45264"}],"version-history":[{"count":0,"href":"https:\/\/www.ecoitaliano.com.ar\/index.php?rest_route=\/wp\/v2\/posts\/45264\/revisions"}],"wp:attachment":[{"href":"https:\/\/www.ecoitaliano.com.ar\/index.php?rest_route=%2Fwp%2Fv2%2Fmedia&parent=45264"}],"wp:term":[{"taxonomy":"category","embeddable":true,"href":"https:\/\/www.ecoitaliano.com.ar\/index.php?rest_route=%2Fwp%2Fv2%2Fcategories&post=45264"},{"taxonomy":"post_tag","embeddable":true,"href":"https:\/\/www.ecoitaliano.com.ar\/index.php?rest_route=%2Fwp%2Fv2%2Ftags&post=45264"}],"curies":[{"name":"wp","href":"https:\/\/api.w.org\/{rel}","templated":true}]}}