{"id":46204,"date":"2023-11-10T18:51:21","date_gmt":"2023-11-10T18:51:21","guid":{"rendered":"http:\/\/www.ecoitaliano.com.ar\/?p=46204"},"modified":"2023-11-10T18:51:21","modified_gmt":"2023-11-10T18:51:21","slug":"grazia-urbano-eccellenza-nel-cuore","status":"publish","type":"post","link":"https:\/\/www.ecoitaliano.com.ar\/?p=46204","title":{"rendered":"Grazia Urbano \u00abEccellenza nel cuore\u00bb"},"content":{"rendered":"<p><a href=\"http:\/\/www.ecoitaliano.com.ar\/wp-content\/uploads\/2023\/11\/IMG-20231109-WA0044.jpg\"><img decoding=\"async\" class=\"alignnone size-full wp-image-46205\" src=\"http:\/\/www.ecoitaliano.com.ar\/wp-content\/uploads\/2023\/11\/IMG-20231109-WA0044.jpg\" alt=\"\" width=\"1318\" height=\"1600\" srcset=\"https:\/\/www.ecoitaliano.com.ar\/wp-content\/uploads\/2023\/11\/IMG-20231109-WA0044.jpg 1318w, https:\/\/www.ecoitaliano.com.ar\/wp-content\/uploads\/2023\/11\/IMG-20231109-WA0044-247x300.jpg 247w, https:\/\/www.ecoitaliano.com.ar\/wp-content\/uploads\/2023\/11\/IMG-20231109-WA0044-768x932.jpg 768w, https:\/\/www.ecoitaliano.com.ar\/wp-content\/uploads\/2023\/11\/IMG-20231109-WA0044-844x1024.jpg 844w, https:\/\/www.ecoitaliano.com.ar\/wp-content\/uploads\/2023\/11\/IMG-20231109-WA0044-124x150.jpg 124w\" sizes=\"(max-width: 1318px) 100vw, 1318px\" \/><\/a><\/p>\n<p>&nbsp;<\/p>\n<div><strong>\u00a0 Nuovo riconoscimento di eccellenza per\u00a0 \u00a0Grazia Urbano<\/strong><\/div>\n<div><\/div>\n<div><strong>\u00a0<\/strong><\/div>\n<div>Protagonista delle cornici pi\u00f9 esclusive del Fashion System, la designer di Sansevero \u00a0continua a collezionare successi e riconoscimenti che rendono il suo nome fra le stiliste pi\u00f9 apprezzate del momento. Infatti gran parte dei designers ormai noti in tutto il globo hanno fatto un percorso di sacrifici fino ad essere contesi in manifestazioni e sfilate di successo. Un anno magico che vede Grazia Urbano fra le pi\u00f9 protagoniste dell\u2019estate e delle manifestazioni di moda e a carattere artistico. \u00a0Assistere ad una sfilata della stilista pugliese \u00e8 veder sfilare capolavori di alta sartoria. Sono abiti-tulipano, gonne-bocciolo dalla linea a calla, giacche a baschina tagliate a petali. Gonne lunghe danzanti come fiori mossi dal vento, in colori rubati alla natura: azzurro fiordaliso, rosa ortensia, rosso papavero, verde prato, fucsia, ciclamino, giallo girasole, con una serie \u00a0in bianco e nero. Gli abiti per il giorno e per il cocktail hanno gonne a campana, anni \u201950, e vita sottolineata da strette cinture o fusciacche. I ricami di micro paillettes, fili di seta o perline, compongono foglie verdi e boccioli di rose rosa sull\u2019abito da sposa.<\/div>\n<div>L\u2019abito-simbolo ha il corpetto e la gonna lunga ricamata con fiori di campo in filo di seta. Tante le cornici che la vedono protagonista; il 18 Novembre sar\u00e0 tra i premiati nella serata di Gala \u00abRed Carpet nel Cuore\u00bb nella citt\u00e0 di Napoli presso Villa Domi, la Urbano nell&#8217;occasione ricever\u00e0 il premio di Eccellenza.\u00a0<em>\u201cSono commossa\u201d<\/em>, afferma la stilista che\u00a0 continua a calcare passerelle di successo &#8211;\u00a0<em>\u201cPer me ogni evento \u00e8 una riconferma, ogni premio \u00e8 una testimonianza. Sono onorata di essere fra le stiliste pugliesi pi\u00f9 richieste. Essere richiesta in tante manifestazioni dimostra che quello che faccio \u00e8 la dimostrazione che prima o poi qualcosa arriva sempre per tutti. Senza sgomitare ho sempre creato attraverso i miei bozzetti delle creazioni adatte per ogni donna e ogni occasione, non ho mai preteso tanto, lascio alla vita fare il suo corso.. Emozionata per questo importante riconoscimento nella citt\u00e0 di Napoli che ho sempre nel cuore\u00bb<\/em><\/div>\n","protected":false},"excerpt":{"rendered":"<p>&nbsp; \u00a0 Nuovo riconoscimento di eccellenza per\u00a0 \u00a0Grazia Urbano \u00a0 Protagonista delle cornici pi\u00f9 esclusive del Fashion System, la designer [&hellip;]<\/p>\n","protected":false},"author":1,"featured_media":0,"comment_status":"open","ping_status":"open","sticky":false,"template":"","format":"standard","meta":{"footnotes":""},"categories":[33,10],"tags":[],"class_list":["post-46204","post","type-post","status-publish","format-standard","hentry","category-espectaculo","category-italiano"],"_links":{"self":[{"href":"https:\/\/www.ecoitaliano.com.ar\/index.php?rest_route=\/wp\/v2\/posts\/46204","targetHints":{"allow":["GET"]}}],"collection":[{"href":"https:\/\/www.ecoitaliano.com.ar\/index.php?rest_route=\/wp\/v2\/posts"}],"about":[{"href":"https:\/\/www.ecoitaliano.com.ar\/index.php?rest_route=\/wp\/v2\/types\/post"}],"author":[{"embeddable":true,"href":"https:\/\/www.ecoitaliano.com.ar\/index.php?rest_route=\/wp\/v2\/users\/1"}],"replies":[{"embeddable":true,"href":"https:\/\/www.ecoitaliano.com.ar\/index.php?rest_route=%2Fwp%2Fv2%2Fcomments&post=46204"}],"version-history":[{"count":0,"href":"https:\/\/www.ecoitaliano.com.ar\/index.php?rest_route=\/wp\/v2\/posts\/46204\/revisions"}],"wp:attachment":[{"href":"https:\/\/www.ecoitaliano.com.ar\/index.php?rest_route=%2Fwp%2Fv2%2Fmedia&parent=46204"}],"wp:term":[{"taxonomy":"category","embeddable":true,"href":"https:\/\/www.ecoitaliano.com.ar\/index.php?rest_route=%2Fwp%2Fv2%2Fcategories&post=46204"},{"taxonomy":"post_tag","embeddable":true,"href":"https:\/\/www.ecoitaliano.com.ar\/index.php?rest_route=%2Fwp%2Fv2%2Ftags&post=46204"}],"curies":[{"name":"wp","href":"https:\/\/api.w.org\/{rel}","templated":true}]}}