{"id":46504,"date":"2023-11-21T04:12:27","date_gmt":"2023-11-21T04:12:27","guid":{"rendered":"https:\/\/www.ecoitaliano.com.ar\/?p=46504"},"modified":"2023-11-21T04:13:32","modified_gmt":"2023-11-21T04:13:32","slug":"serena-conduce-operaclassica-eco-italiano-2903","status":"publish","type":"post","link":"https:\/\/www.ecoitaliano.com.ar\/?p=46504","title":{"rendered":"Serena conduce operaclassica eco italiano"},"content":{"rendered":"\n<figure class=\"wp-block-gallery has-nested-images columns-default is-cropped wp-block-gallery-1 is-layout-flex wp-block-gallery-is-layout-flex\">\n<figure class=\"wp-block-image size-large\"><a href=\"https:\/\/www.ecoitaliano.com.ar\/wp-content\/uploads\/2023\/11\/image002-4.png\"><img decoding=\"async\" width=\"119\" height=\"86\" data-id=\"46514\" src=\"https:\/\/www.ecoitaliano.com.ar\/wp-content\/uploads\/2023\/11\/image002-4.png\" alt=\"\" class=\"wp-image-46514\"\/><\/a><\/figure>\n\n\n\n<figure class=\"wp-block-image size-large\"><a href=\"https:\/\/www.ecoitaliano.com.ar\/wp-content\/uploads\/2023\/11\/image004.png\"><img decoding=\"async\" width=\"143\" height=\"89\" data-id=\"46515\" src=\"https:\/\/www.ecoitaliano.com.ar\/wp-content\/uploads\/2023\/11\/image004.png\" alt=\"\" class=\"wp-image-46515\"\/><\/a><\/figure>\n<\/figure>\n\n\n\n<p><\/p>\n\n\n\n<p><a>Ufficio Stampa\u00a0\u00a0\u00a0\u00a0\u00a0\u00a0\u00a0\u00a0\u00a0\u00a0\u00a0\u00a0\u00a0\u00a0\u00a0\u00a0\u00a0\u00a0\u00a0\u00a0\u00a0\u00a0\u00a0\u00a0\u00a0\u00a0\u00a0\u00a0\u00a0\u00a0\u00a0\u00a0\u00a0\u00a0\u00a0\u00a0\u00a0\u00a0\u00a0\u00a0\u00a0\u00a0\u00a0\u00a0\u00a0\u00a0\u00a0\u00a0\u00a0\u00a0\u00a0\u00a0\u00a0\u00a0\u00a0\u00a0 \u00a0\u00a0\u00a0\u00a0\u00a0\u00a0\u00a0\u00a0\u00a0\u00a0\u00a0\u00a0\u00a0\u00a0 \u00a0\u00a0\u00a0\u00a0\u00a0\u00a0\u00a0\u00a0\u00a0\u00a0\u00a0\u00a0\u00a0\u00a0\u00a0\u00a0\u00a0\u00a0\u00a0\u00a0\u00a0\u00a0\u00a0\u00a0\u00a0\u00a0\u00a0\u00a0\u00a0\u00a0\u00a0\u00a0\u00a0\u00a0\u00a0\u00a0\u00a0\u00a0\u00a0\u00a0\u00a0\u00a0\u00a0\u00a020\/11\/2023<\/a><\/p>\n\n\n\n<p><strong>Tutti insieme al Filarmonico con <em>Pinocchio\u2026in variazioni!<\/em> <\/strong><strong><\/strong><\/p>\n\n\n\n<p><strong>Il sabato pomeriggio di Fondazione Arena \u00e8 dedicato alle famiglie<\/strong><\/p>\n\n\n\n<p><a><strong>Teatro Filarmonico<\/strong><\/a><strong><\/strong><\/p>\n\n\n\n<p><strong>sabato 25 novembre<\/strong><strong> <\/strong>\u00b7 ore 15.30<\/p>\n\n\n\n<p><strong>Fondazione Arena di Verona<\/strong> porta sul palcoscenico uno dei personaggi fiabeschi pi\u00f9 amati di sempre. <strong>Sabato 25 novembre<\/strong>, alle ore 15.30, va in scena <strong><em>Pinocchio\u2026in variazioni!<\/em><\/strong>, ultimo appuntamento della rassegna <strong>Tutti insieme al Filarmonico<\/strong>. Lo spettacolo, pensato per le <strong>famiglie&nbsp;con bambini dai 4 anni in su<\/strong>, permetter\u00e0 a diverse generazioni di scoprire un piccolo capolavoro musicale adatto al pubblico di tutte le et\u00e0, godibile anche da chi si approccia per la prima volta al mondo del teatro.&nbsp;La breve durata \u00e8 pensata, infatti, per una fruizione leggera e accattivante. Anche i prezzi sono alla portata di tutti, la tariffa intera \u00e8 di 10 euro e il biglietto ridotto, per gli under 14, \u00e8 di 5 euro.<\/p>\n\n\n\n<p>Sar\u00e0 il giovane direttore veronese <strong>Leonardo Benini<\/strong> a guidare <strong>l\u2019Orchestra della Fondazione Arena<\/strong> in questa creazione scritta da <strong>Paolo Furlani<\/strong> e narrata dall\u2019attore <strong>Gianni Franceschini<\/strong>.<\/p>\n\n\n\n<p>Il palcoscenico del Teatro Filarmonico (ingresso da via Mutilati 4 e via Roma 3) far\u00e0 da cornice al racconto inedito della celebre favola di Collodi, a 140 anni dalla sua pubblicazione. Un tema musicale sar\u00e0 associato al protagonista e si trasformer\u00e0 36 volte, come i 36 capitoli del romanzo, in base a situazioni, eventi e emozioni del protagonista. Una lettura sinfonica di <em>Pinocchio<\/em> che \u00e8 allo stesso tempo un percorso di \u201ceducazione all\u2019ascolto\u201d per il pubblico, come un viaggio dentro l\u2019orchestra, in modo da imparare ad apprezzare i timbri individuali e le combinazioni degli strumenti musicali che ne fanno parte. Il tema proviene dal \u201cBallo di satiri et baccante\u201d nelle <em>Musiche fatte nelle nozze dello illustrissimo duca di Firenze <\/em>(1539).<\/p>\n\n\n\n<p><em>\u00abSono onorato ed entusiasta come musicista e come veronese di collaborare per la prima volta con l\u2019Orchestra di Fondazione Arena di Verona. <\/em>&#8211; dichiara il direttore Leonardo Benini -. Pinocchio\u2026in variazioni <em>\u00e8 un\u2019opera complessa dal punto di vista musicale e lavorare ad essa accanto al compositore \u00e8 stata un\u2019esperienza artistica arricchente e penso lo sar\u00e0 anche esibirsi davanti ai bambini e ai ragazzi a cui \u00e8 dedicata, che sono sempre il pubblico pi\u00f9 difficile e il pi\u00f9 sensibile. Voglio ringraziare Fondazione Arena per l\u2019invito e la fiducia nell\u2019affidarmi questo stimolante progetto\u00bb.<\/em><\/p>\n\n\n\n<p><em>\u00abLa partitura \u00e8 una lettura sinfonica del <\/em>Pinocchio<em> di Collodi, nell\u2019adattamento testuale di Sandra Landi e con la proiezione delle illustrazioni di Roberto Innocenti <\/em>&#8211; spiega l\u2019autore Paolo Furlani -.<em> Lo spettacolo \u00e8 fruibile a diversi livelli, anche in base all\u2019et\u00e0 e alla consapevolezza di ciascun ascoltatore. L\u2019andamento allegro e danzante sembra proprio descrivere il passo saltellante di Pinocchio, e poi l\u2019autore della danza si chiama Francesco Corteccia: dalla corteccia del pezzo di legno ha preso vita questo Pinocchio, burattino in musica\u00bb.<\/em><\/p>\n\n\n\n<p>L\u2019appuntamento, aperto al pubblico, sar\u00e0 preceduto mercoled\u00ec 22 e gioved\u00ec 23 novembre da due spettacoli mattutini dedicati alle scuole e gi\u00e0 sold out.<\/p>\n\n\n\n<p>I biglietti per lo spettacolo di sabato sono in vendita alla Biglietteria di Fondazione Arena e online su <a href=\"http:\/\/www.arena.it\">www.arena.it<\/a>.<\/p>\n\n\n\n<p>* * *<\/p>\n\n\n\n<p>PREZZI<strong> BIGLIETTI &nbsp;&nbsp;&nbsp;&nbsp;&nbsp;&nbsp;&nbsp;&nbsp;&nbsp;&nbsp;&nbsp;&nbsp;&nbsp;&nbsp;&nbsp;&nbsp;&nbsp;&nbsp;&nbsp;&nbsp;&nbsp;&nbsp;&nbsp;&nbsp;&nbsp;&nbsp;&nbsp;&nbsp;&nbsp; Posto unico non numerato<\/strong><\/p>\n\n\n\n<p>ADULTI (dai 15 anni in su)<strong>&nbsp;&nbsp;&nbsp;&nbsp;&nbsp;&nbsp;&nbsp;&nbsp;&nbsp;&nbsp;&nbsp;&nbsp;&nbsp;&nbsp;&nbsp;&nbsp; <\/strong>\u20ac 10&nbsp;&nbsp;&nbsp;&nbsp;&nbsp;&nbsp;&nbsp;&nbsp;&nbsp;&nbsp;&nbsp;&nbsp;&nbsp;&nbsp;&nbsp;&nbsp;&nbsp;&nbsp;&nbsp;&nbsp;<\/p>\n\n\n\n<p>RAGAZZI (fino a 14 anni)&nbsp;&nbsp;&nbsp;&nbsp;&nbsp;&nbsp;&nbsp;&nbsp;&nbsp;&nbsp;&nbsp;&nbsp;&nbsp;&nbsp;&nbsp;&nbsp;&nbsp;&nbsp; \u20ac 5&nbsp;&nbsp;&nbsp;&nbsp;&nbsp;&nbsp;&nbsp;&nbsp;&nbsp;&nbsp;&nbsp;&nbsp;&nbsp;&nbsp;&nbsp;&nbsp;&nbsp;&nbsp;&nbsp;&nbsp;&nbsp;&nbsp;<\/p>\n\n\n\n<p><strong>BIGLIETTERIA ARENA DI VERONA<\/strong><\/p>\n\n\n\n<p>Via Dietro Anfiteatro 6\/b, 37121 Verona<\/p>\n\n\n\n<p><em>Aperta<\/em><strong> <\/strong>da luned\u00ec a venerd\u00ec 10.30-16.00 | sabato 9.15-12.45<\/p>\n\n\n\n<p>Tel. 045 596517<\/p>\n\n\n\n<p><strong>BIGLIETTERIA<\/strong> <strong>TEATRO FILARMONICO<\/strong><\/p>\n\n\n\n<p>Via dei Mutilati 4\/k, 37121 Verona<\/p>\n\n\n\n<p><em>Aperta<\/em> due ore prima dello spettacolo<\/p>\n\n\n\n<p>Tel 045 8002880<\/p>\n\n\n\n<p>Punti vendita <a href=\"http:\/\/www.Ticketone.it\">TicketOne.it<\/a><\/p>\n\n\n\n<p><a href=\"mailto:biglietteria@arenadiverona.it\">biglietteria@arenadiverona.it<\/a><\/p>\n\n\n\n<p>Call center (+39) 045 8005151<\/p>\n\n\n\n<p><a href=\"http:\/\/www.arena.it\">www.arena.it<\/a><\/p>\n\n\n\n<p><strong>informazioni<\/strong><\/p>\n\n\n\n<p><strong>Ufficio Stampa Fondazione Arena di Verona<\/strong><\/p>\n\n\n\n<p>Via Roma 7\/D, 37121 Verona<\/p>\n\n\n\n<p>tel. (+39) 045 805.1861-1905-1891-1939<\/p>\n\n\n\n<p><a href=\"mailto:ufficio.stampa@arenadiverona.it\">ufficio.stampa@arenadiverona.it<\/a> \u2013 <a href=\"http:\/\/www.arena.it\">www.arena.it<\/a><\/p>\n\n\n\n<figure class=\"wp-block-gallery has-nested-images columns-default is-cropped wp-block-gallery-2 is-layout-flex wp-block-gallery-is-layout-flex\">\n<figure class=\"wp-block-image size-large\"><a href=\"https:\/\/www.ecoitaliano.com.ar\/wp-content\/uploads\/2023\/11\/Pinocchio.in-variazioni-c_Roberto-Innocenti.jpg\"><img decoding=\"async\" width=\"792\" height=\"531\" data-id=\"46511\" src=\"https:\/\/www.ecoitaliano.com.ar\/wp-content\/uploads\/2023\/11\/Pinocchio.in-variazioni-c_Roberto-Innocenti.jpg\" alt=\"\" class=\"wp-image-46511\" srcset=\"https:\/\/www.ecoitaliano.com.ar\/wp-content\/uploads\/2023\/11\/Pinocchio.in-variazioni-c_Roberto-Innocenti.jpg 792w, https:\/\/www.ecoitaliano.com.ar\/wp-content\/uploads\/2023\/11\/Pinocchio.in-variazioni-c_Roberto-Innocenti-300x201.jpg 300w, https:\/\/www.ecoitaliano.com.ar\/wp-content\/uploads\/2023\/11\/Pinocchio.in-variazioni-c_Roberto-Innocenti-768x515.jpg 768w, https:\/\/www.ecoitaliano.com.ar\/wp-content\/uploads\/2023\/11\/Pinocchio.in-variazioni-c_Roberto-Innocenti-150x101.jpg 150w\" sizes=\"(max-width: 792px) 100vw, 792px\" \/><\/a><\/figure>\n\n\n\n<figure class=\"wp-block-image size-large\"><a href=\"https:\/\/www.ecoitaliano.com.ar\/wp-content\/uploads\/2023\/11\/Ragazzi-a-una-prova-aperta-al-Teatro-Filarmonico_FotoEnnevi_0059-scaled.jpg\"><img decoding=\"async\" width=\"1024\" height=\"683\" data-id=\"46512\" src=\"https:\/\/www.ecoitaliano.com.ar\/wp-content\/uploads\/2023\/11\/Ragazzi-a-una-prova-aperta-al-Teatro-Filarmonico_FotoEnnevi_0059-1024x683.jpg\" alt=\"\" class=\"wp-image-46512\" srcset=\"https:\/\/www.ecoitaliano.com.ar\/wp-content\/uploads\/2023\/11\/Ragazzi-a-una-prova-aperta-al-Teatro-Filarmonico_FotoEnnevi_0059-1024x683.jpg 1024w, https:\/\/www.ecoitaliano.com.ar\/wp-content\/uploads\/2023\/11\/Ragazzi-a-una-prova-aperta-al-Teatro-Filarmonico_FotoEnnevi_0059-300x200.jpg 300w, https:\/\/www.ecoitaliano.com.ar\/wp-content\/uploads\/2023\/11\/Ragazzi-a-una-prova-aperta-al-Teatro-Filarmonico_FotoEnnevi_0059-768x512.jpg 768w, https:\/\/www.ecoitaliano.com.ar\/wp-content\/uploads\/2023\/11\/Ragazzi-a-una-prova-aperta-al-Teatro-Filarmonico_FotoEnnevi_0059-1536x1024.jpg 1536w, https:\/\/www.ecoitaliano.com.ar\/wp-content\/uploads\/2023\/11\/Ragazzi-a-una-prova-aperta-al-Teatro-Filarmonico_FotoEnnevi_0059-2048x1365.jpg 2048w, https:\/\/www.ecoitaliano.com.ar\/wp-content\/uploads\/2023\/11\/Ragazzi-a-una-prova-aperta-al-Teatro-Filarmonico_FotoEnnevi_0059-150x100.jpg 150w\" sizes=\"(max-width: 1024px) 100vw, 1024px\" \/><\/a><\/figure>\n\n\n\n<figure class=\"wp-block-image size-large\"><a href=\"https:\/\/www.ecoitaliano.com.ar\/wp-content\/uploads\/2023\/11\/tutti_insieme_fil_2023.jpg\"><img decoding=\"async\" width=\"871\" height=\"1024\" data-id=\"46510\" src=\"https:\/\/www.ecoitaliano.com.ar\/wp-content\/uploads\/2023\/11\/tutti_insieme_fil_2023-871x1024.jpg\" alt=\"\" class=\"wp-image-46510\" srcset=\"https:\/\/www.ecoitaliano.com.ar\/wp-content\/uploads\/2023\/11\/tutti_insieme_fil_2023-871x1024.jpg 871w, https:\/\/www.ecoitaliano.com.ar\/wp-content\/uploads\/2023\/11\/tutti_insieme_fil_2023-255x300.jpg 255w, https:\/\/www.ecoitaliano.com.ar\/wp-content\/uploads\/2023\/11\/tutti_insieme_fil_2023-768x902.jpg 768w, https:\/\/www.ecoitaliano.com.ar\/wp-content\/uploads\/2023\/11\/tutti_insieme_fil_2023-128x150.jpg 128w, https:\/\/www.ecoitaliano.com.ar\/wp-content\/uploads\/2023\/11\/tutti_insieme_fil_2023.jpg 1080w\" sizes=\"(max-width: 871px) 100vw, 871px\" \/><\/a><\/figure>\n<\/figure>\n","protected":false},"excerpt":{"rendered":"<p>Ufficio Stampa\u00a0\u00a0\u00a0\u00a0\u00a0\u00a0\u00a0\u00a0\u00a0\u00a0\u00a0\u00a0\u00a0\u00a0\u00a0\u00a0\u00a0\u00a0\u00a0\u00a0\u00a0\u00a0\u00a0\u00a0\u00a0\u00a0\u00a0\u00a0\u00a0\u00a0\u00a0\u00a0\u00a0\u00a0\u00a0\u00a0\u00a0\u00a0\u00a0\u00a0\u00a0\u00a0\u00a0\u00a0\u00a0\u00a0\u00a0\u00a0\u00a0\u00a0\u00a0\u00a0\u00a0\u00a0\u00a0\u00a0 \u00a0\u00a0\u00a0\u00a0\u00a0\u00a0\u00a0\u00a0\u00a0\u00a0\u00a0\u00a0\u00a0\u00a0 \u00a0\u00a0\u00a0\u00a0\u00a0\u00a0\u00a0\u00a0\u00a0\u00a0\u00a0\u00a0\u00a0\u00a0\u00a0\u00a0\u00a0\u00a0\u00a0\u00a0\u00a0\u00a0\u00a0\u00a0\u00a0\u00a0\u00a0\u00a0\u00a0\u00a0\u00a0\u00a0\u00a0\u00a0\u00a0\u00a0\u00a0\u00a0\u00a0\u00a0\u00a0\u00a0\u00a0\u00a020\/11\/2023 Tutti insieme al Filarmonico con Pinocchio\u2026in variazioni! Il sabato pomeriggio di Fondazione Arena \u00e8 dedicato alle [&hellip;]<\/p>\n","protected":false},"author":1,"featured_media":0,"comment_status":"open","ping_status":"open","sticky":false,"template":"","format":"standard","meta":{"footnotes":""},"categories":[1],"tags":[],"class_list":["post-46504","post","type-post","status-publish","format-standard","hentry","category-sin-categoria"],"_links":{"self":[{"href":"https:\/\/www.ecoitaliano.com.ar\/index.php?rest_route=\/wp\/v2\/posts\/46504","targetHints":{"allow":["GET"]}}],"collection":[{"href":"https:\/\/www.ecoitaliano.com.ar\/index.php?rest_route=\/wp\/v2\/posts"}],"about":[{"href":"https:\/\/www.ecoitaliano.com.ar\/index.php?rest_route=\/wp\/v2\/types\/post"}],"author":[{"embeddable":true,"href":"https:\/\/www.ecoitaliano.com.ar\/index.php?rest_route=\/wp\/v2\/users\/1"}],"replies":[{"embeddable":true,"href":"https:\/\/www.ecoitaliano.com.ar\/index.php?rest_route=%2Fwp%2Fv2%2Fcomments&post=46504"}],"version-history":[{"count":0,"href":"https:\/\/www.ecoitaliano.com.ar\/index.php?rest_route=\/wp\/v2\/posts\/46504\/revisions"}],"wp:attachment":[{"href":"https:\/\/www.ecoitaliano.com.ar\/index.php?rest_route=%2Fwp%2Fv2%2Fmedia&parent=46504"}],"wp:term":[{"taxonomy":"category","embeddable":true,"href":"https:\/\/www.ecoitaliano.com.ar\/index.php?rest_route=%2Fwp%2Fv2%2Fcategories&post=46504"},{"taxonomy":"post_tag","embeddable":true,"href":"https:\/\/www.ecoitaliano.com.ar\/index.php?rest_route=%2Fwp%2Fv2%2Ftags&post=46504"}],"curies":[{"name":"wp","href":"https:\/\/api.w.org\/{rel}","templated":true}]}}