{"id":46609,"date":"2023-11-23T23:38:17","date_gmt":"2023-11-23T23:38:17","guid":{"rendered":"https:\/\/www.ecoitaliano.com.ar\/?p=46609"},"modified":"2023-11-23T23:38:17","modified_gmt":"2023-11-23T23:38:17","slug":"nola-storia-tradizioni-meraviglie-e-il-premio-napoli-cultural-classic-nel-museo-archeologico-la-18-edizione-del-prestigioso-premio-letterario-e-teatrale-i-vincitori","status":"publish","type":"post","link":"https:\/\/www.ecoitaliano.com.ar\/?p=46609","title":{"rendered":"NOLA: STORIA, TRADIZIONI, MERAVIGLIE E IL PREMIO NAPOLI CULTURAL CLASSIC -Nel Museo Archeologico la 18^ edizione del prestigioso Premio letterario e teatrale: i vincitori"},"content":{"rendered":"\n<div class=\"wp-block-columns is-layout-flex wp-container-core-columns-is-layout-9d6595d7 wp-block-columns-is-layout-flex\">\n<div class=\"wp-block-column is-layout-flow wp-block-column-is-layout-flow\" style=\"flex-basis:100%\">\n<div class=\"wp-block-group\"><div class=\"wp-block-group__inner-container is-layout-constrained wp-block-group-is-layout-constrained\">\n<figure class=\"wp-block-gallery has-nested-images columns-default is-cropped wp-block-gallery-1 is-layout-flex wp-block-gallery-is-layout-flex\">\n<figure class=\"wp-block-image size-large\"><a href=\"https:\/\/www.ecoitaliano.com.ar\/wp-content\/uploads\/2023\/11\/1a-Museo-scaled.jpg\"><img decoding=\"async\" width=\"1024\" height=\"768\" data-id=\"46610\" src=\"https:\/\/www.ecoitaliano.com.ar\/wp-content\/uploads\/2023\/11\/1a-Museo-1024x768.jpg\" alt=\"\" class=\"wp-image-46610\" srcset=\"https:\/\/www.ecoitaliano.com.ar\/wp-content\/uploads\/2023\/11\/1a-Museo-1024x768.jpg 1024w, https:\/\/www.ecoitaliano.com.ar\/wp-content\/uploads\/2023\/11\/1a-Museo-300x225.jpg 300w, https:\/\/www.ecoitaliano.com.ar\/wp-content\/uploads\/2023\/11\/1a-Museo-768x576.jpg 768w, https:\/\/www.ecoitaliano.com.ar\/wp-content\/uploads\/2023\/11\/1a-Museo-1536x1152.jpg 1536w, https:\/\/www.ecoitaliano.com.ar\/wp-content\/uploads\/2023\/11\/1a-Museo-2048x1536.jpg 2048w, https:\/\/www.ecoitaliano.com.ar\/wp-content\/uploads\/2023\/11\/1a-Museo-150x113.jpg 150w\" sizes=\"(max-width: 1024px) 100vw, 1024px\" \/><\/a><\/figure>\n\n\n\n<figure class=\"wp-block-image size-large\"><a href=\"https:\/\/www.ecoitaliano.com.ar\/wp-content\/uploads\/2023\/11\/2a-Museo-Nola-scaled.jpg\"><img decoding=\"async\" width=\"1024\" height=\"768\" data-id=\"46611\" src=\"https:\/\/www.ecoitaliano.com.ar\/wp-content\/uploads\/2023\/11\/2a-Museo-Nola-1024x768.jpg\" alt=\"\" class=\"wp-image-46611\" srcset=\"https:\/\/www.ecoitaliano.com.ar\/wp-content\/uploads\/2023\/11\/2a-Museo-Nola-1024x768.jpg 1024w, https:\/\/www.ecoitaliano.com.ar\/wp-content\/uploads\/2023\/11\/2a-Museo-Nola-300x225.jpg 300w, https:\/\/www.ecoitaliano.com.ar\/wp-content\/uploads\/2023\/11\/2a-Museo-Nola-768x576.jpg 768w, https:\/\/www.ecoitaliano.com.ar\/wp-content\/uploads\/2023\/11\/2a-Museo-Nola-1536x1152.jpg 1536w, https:\/\/www.ecoitaliano.com.ar\/wp-content\/uploads\/2023\/11\/2a-Museo-Nola-2048x1536.jpg 2048w, https:\/\/www.ecoitaliano.com.ar\/wp-content\/uploads\/2023\/11\/2a-Museo-Nola-150x112.jpg 150w\" sizes=\"(max-width: 1024px) 100vw, 1024px\" \/><\/a><\/figure>\n\n\n\n<figure class=\"wp-block-image size-large\"><a href=\"https:\/\/www.ecoitaliano.com.ar\/wp-content\/uploads\/2023\/11\/3a-Museo-scaled.jpg\"><img decoding=\"async\" width=\"1024\" height=\"768\" data-id=\"46612\" src=\"https:\/\/www.ecoitaliano.com.ar\/wp-content\/uploads\/2023\/11\/3a-Museo-1024x768.jpg\" alt=\"\" class=\"wp-image-46612\" srcset=\"https:\/\/www.ecoitaliano.com.ar\/wp-content\/uploads\/2023\/11\/3a-Museo-1024x768.jpg 1024w, https:\/\/www.ecoitaliano.com.ar\/wp-content\/uploads\/2023\/11\/3a-Museo-300x225.jpg 300w, https:\/\/www.ecoitaliano.com.ar\/wp-content\/uploads\/2023\/11\/3a-Museo-768x576.jpg 768w, https:\/\/www.ecoitaliano.com.ar\/wp-content\/uploads\/2023\/11\/3a-Museo-1536x1152.jpg 1536w, https:\/\/www.ecoitaliano.com.ar\/wp-content\/uploads\/2023\/11\/3a-Museo-2048x1536.jpg 2048w, https:\/\/www.ecoitaliano.com.ar\/wp-content\/uploads\/2023\/11\/3a-Museo-150x113.jpg 150w\" sizes=\"(max-width: 1024px) 100vw, 1024px\" \/><\/a><\/figure>\n\n\n\n<figure class=\"wp-block-image size-large\"><a href=\"https:\/\/www.ecoitaliano.com.ar\/wp-content\/uploads\/2023\/11\/4a-Museo-Nola-scaled.jpg\"><img decoding=\"async\" width=\"768\" height=\"1024\" data-id=\"46613\" src=\"https:\/\/www.ecoitaliano.com.ar\/wp-content\/uploads\/2023\/11\/4a-Museo-Nola-768x1024.jpg\" alt=\"\" class=\"wp-image-46613\" srcset=\"https:\/\/www.ecoitaliano.com.ar\/wp-content\/uploads\/2023\/11\/4a-Museo-Nola-768x1024.jpg 768w, https:\/\/www.ecoitaliano.com.ar\/wp-content\/uploads\/2023\/11\/4a-Museo-Nola-225x300.jpg 225w, https:\/\/www.ecoitaliano.com.ar\/wp-content\/uploads\/2023\/11\/4a-Museo-Nola-1152x1536.jpg 1152w, https:\/\/www.ecoitaliano.com.ar\/wp-content\/uploads\/2023\/11\/4a-Museo-Nola-1536x2048.jpg 1536w, https:\/\/www.ecoitaliano.com.ar\/wp-content\/uploads\/2023\/11\/4a-Museo-Nola-113x150.jpg 113w, https:\/\/www.ecoitaliano.com.ar\/wp-content\/uploads\/2023\/11\/4a-Museo-Nola-scaled.jpg 1920w\" sizes=\"(max-width: 768px) 100vw, 768px\" \/><\/a><\/figure>\n\n\n\n<figure class=\"wp-block-image size-large\"><a href=\"https:\/\/www.ecoitaliano.com.ar\/wp-content\/uploads\/2023\/11\/5a-Museo-scaled.jpg\"><img decoding=\"async\" width=\"1024\" height=\"681\" data-id=\"46614\" src=\"https:\/\/www.ecoitaliano.com.ar\/wp-content\/uploads\/2023\/11\/5a-Museo-1024x681.jpg\" alt=\"\" class=\"wp-image-46614\" srcset=\"https:\/\/www.ecoitaliano.com.ar\/wp-content\/uploads\/2023\/11\/5a-Museo-1024x681.jpg 1024w, https:\/\/www.ecoitaliano.com.ar\/wp-content\/uploads\/2023\/11\/5a-Museo-300x199.jpg 300w, https:\/\/www.ecoitaliano.com.ar\/wp-content\/uploads\/2023\/11\/5a-Museo-768x511.jpg 768w, https:\/\/www.ecoitaliano.com.ar\/wp-content\/uploads\/2023\/11\/5a-Museo-1536x1021.jpg 1536w, https:\/\/www.ecoitaliano.com.ar\/wp-content\/uploads\/2023\/11\/5a-Museo-2048x1361.jpg 2048w, https:\/\/www.ecoitaliano.com.ar\/wp-content\/uploads\/2023\/11\/5a-Museo-150x100.jpg 150w\" sizes=\"(max-width: 1024px) 100vw, 1024px\" \/><\/a><\/figure>\n\n\n\n<figure class=\"wp-block-image size-large\"><a href=\"https:\/\/www.ecoitaliano.com.ar\/wp-content\/uploads\/2023\/11\/6a-pubblico-al-Premio-scaled.jpg\"><img decoding=\"async\" width=\"1024\" height=\"768\" data-id=\"46615\" src=\"https:\/\/www.ecoitaliano.com.ar\/wp-content\/uploads\/2023\/11\/6a-pubblico-al-Premio-1024x768.jpg\" alt=\"\" class=\"wp-image-46615\" srcset=\"https:\/\/www.ecoitaliano.com.ar\/wp-content\/uploads\/2023\/11\/6a-pubblico-al-Premio-1024x768.jpg 1024w, https:\/\/www.ecoitaliano.com.ar\/wp-content\/uploads\/2023\/11\/6a-pubblico-al-Premio-300x225.jpg 300w, https:\/\/www.ecoitaliano.com.ar\/wp-content\/uploads\/2023\/11\/6a-pubblico-al-Premio-768x576.jpg 768w, https:\/\/www.ecoitaliano.com.ar\/wp-content\/uploads\/2023\/11\/6a-pubblico-al-Premio-1536x1152.jpg 1536w, https:\/\/www.ecoitaliano.com.ar\/wp-content\/uploads\/2023\/11\/6a-pubblico-al-Premio-2048x1536.jpg 2048w, https:\/\/www.ecoitaliano.com.ar\/wp-content\/uploads\/2023\/11\/6a-pubblico-al-Premio-150x113.jpg 150w\" sizes=\"(max-width: 1024px) 100vw, 1024px\" \/><\/a><\/figure>\n\n\n\n<figure class=\"wp-block-image size-large\"><a href=\"https:\/\/www.ecoitaliano.com.ar\/wp-content\/uploads\/2023\/11\/7a-Carmine-Ardolino.jpg\"><img decoding=\"async\" width=\"1024\" height=\"1024\" data-id=\"46616\" src=\"https:\/\/www.ecoitaliano.com.ar\/wp-content\/uploads\/2023\/11\/7a-Carmine-Ardolino-1024x1024.jpg\" alt=\"\" class=\"wp-image-46616\" srcset=\"https:\/\/www.ecoitaliano.com.ar\/wp-content\/uploads\/2023\/11\/7a-Carmine-Ardolino-1024x1024.jpg 1024w, https:\/\/www.ecoitaliano.com.ar\/wp-content\/uploads\/2023\/11\/7a-Carmine-Ardolino-300x300.jpg 300w, https:\/\/www.ecoitaliano.com.ar\/wp-content\/uploads\/2023\/11\/7a-Carmine-Ardolino-150x150.jpg 150w, https:\/\/www.ecoitaliano.com.ar\/wp-content\/uploads\/2023\/11\/7a-Carmine-Ardolino-768x768.jpg 768w, https:\/\/www.ecoitaliano.com.ar\/wp-content\/uploads\/2023\/11\/7a-Carmine-Ardolino.jpg 1365w\" sizes=\"(max-width: 1024px) 100vw, 1024px\" \/><\/a><\/figure>\n\n\n\n<figure class=\"wp-block-image size-large\"><a href=\"https:\/\/www.ecoitaliano.com.ar\/wp-content\/uploads\/2023\/11\/8a-Ertilia-Giordano-Katiuscia-Verlingieri-e-Carlo-Cerciello.jpg\"><img decoding=\"async\" width=\"1024\" height=\"683\" data-id=\"46617\" src=\"https:\/\/www.ecoitaliano.com.ar\/wp-content\/uploads\/2023\/11\/8a-Ertilia-Giordano-Katiuscia-Verlingieri-e-Carlo-Cerciello-1024x683.jpg\" alt=\"\" class=\"wp-image-46617\" srcset=\"https:\/\/www.ecoitaliano.com.ar\/wp-content\/uploads\/2023\/11\/8a-Ertilia-Giordano-Katiuscia-Verlingieri-e-Carlo-Cerciello-1024x683.jpg 1024w, https:\/\/www.ecoitaliano.com.ar\/wp-content\/uploads\/2023\/11\/8a-Ertilia-Giordano-Katiuscia-Verlingieri-e-Carlo-Cerciello-300x200.jpg 300w, https:\/\/www.ecoitaliano.com.ar\/wp-content\/uploads\/2023\/11\/8a-Ertilia-Giordano-Katiuscia-Verlingieri-e-Carlo-Cerciello-768x512.jpg 768w, https:\/\/www.ecoitaliano.com.ar\/wp-content\/uploads\/2023\/11\/8a-Ertilia-Giordano-Katiuscia-Verlingieri-e-Carlo-Cerciello-1536x1024.jpg 1536w, https:\/\/www.ecoitaliano.com.ar\/wp-content\/uploads\/2023\/11\/8a-Ertilia-Giordano-Katiuscia-Verlingieri-e-Carlo-Cerciello-150x100.jpg 150w, https:\/\/www.ecoitaliano.com.ar\/wp-content\/uploads\/2023\/11\/8a-Ertilia-Giordano-Katiuscia-Verlingieri-e-Carlo-Cerciello.jpg 1600w\" sizes=\"(max-width: 1024px) 100vw, 1024px\" \/><\/a><\/figure>\n\n\n\n<figure class=\"wp-block-image size-large\"><a href=\"https:\/\/www.ecoitaliano.com.ar\/wp-content\/uploads\/2023\/11\/9a-Luca-Riemma.jpg\"><img decoding=\"async\" width=\"1024\" height=\"683\" data-id=\"46618\" src=\"https:\/\/www.ecoitaliano.com.ar\/wp-content\/uploads\/2023\/11\/9a-Luca-Riemma-1024x683.jpg\" alt=\"\" class=\"wp-image-46618\" srcset=\"https:\/\/www.ecoitaliano.com.ar\/wp-content\/uploads\/2023\/11\/9a-Luca-Riemma-1024x683.jpg 1024w, https:\/\/www.ecoitaliano.com.ar\/wp-content\/uploads\/2023\/11\/9a-Luca-Riemma-300x200.jpg 300w, https:\/\/www.ecoitaliano.com.ar\/wp-content\/uploads\/2023\/11\/9a-Luca-Riemma-768x512.jpg 768w, https:\/\/www.ecoitaliano.com.ar\/wp-content\/uploads\/2023\/11\/9a-Luca-Riemma-1536x1024.jpg 1536w, https:\/\/www.ecoitaliano.com.ar\/wp-content\/uploads\/2023\/11\/9a-Luca-Riemma-150x100.jpg 150w, https:\/\/www.ecoitaliano.com.ar\/wp-content\/uploads\/2023\/11\/9a-Luca-Riemma.jpg 1600w\" sizes=\"(max-width: 1024px) 100vw, 1024px\" \/><\/a><\/figure>\n\n\n\n<figure class=\"wp-block-image size-large\"><a href=\"https:\/\/www.ecoitaliano.com.ar\/wp-content\/uploads\/2023\/11\/9a-Luca-Riemma-1.jpg\"><img decoding=\"async\" width=\"1024\" height=\"683\" data-id=\"46619\" src=\"https:\/\/www.ecoitaliano.com.ar\/wp-content\/uploads\/2023\/11\/9a-Luca-Riemma-1-1024x683.jpg\" alt=\"\" class=\"wp-image-46619\" srcset=\"https:\/\/www.ecoitaliano.com.ar\/wp-content\/uploads\/2023\/11\/9a-Luca-Riemma-1-1024x683.jpg 1024w, https:\/\/www.ecoitaliano.com.ar\/wp-content\/uploads\/2023\/11\/9a-Luca-Riemma-1-300x200.jpg 300w, https:\/\/www.ecoitaliano.com.ar\/wp-content\/uploads\/2023\/11\/9a-Luca-Riemma-1-768x512.jpg 768w, https:\/\/www.ecoitaliano.com.ar\/wp-content\/uploads\/2023\/11\/9a-Luca-Riemma-1-1536x1024.jpg 1536w, https:\/\/www.ecoitaliano.com.ar\/wp-content\/uploads\/2023\/11\/9a-Luca-Riemma-1-150x100.jpg 150w, https:\/\/www.ecoitaliano.com.ar\/wp-content\/uploads\/2023\/11\/9a-Luca-Riemma-1.jpg 1600w\" sizes=\"(max-width: 1024px) 100vw, 1024px\" \/><\/a><\/figure>\n\n\n\n<figure class=\"wp-block-image size-large\"><a href=\"https:\/\/www.ecoitaliano.com.ar\/wp-content\/uploads\/2023\/11\/10a-premio.jpg\"><img decoding=\"async\" width=\"1024\" height=\"683\" data-id=\"46620\" src=\"https:\/\/www.ecoitaliano.com.ar\/wp-content\/uploads\/2023\/11\/10a-premio-1024x683.jpg\" alt=\"\" class=\"wp-image-46620\" srcset=\"https:\/\/www.ecoitaliano.com.ar\/wp-content\/uploads\/2023\/11\/10a-premio-1024x683.jpg 1024w, https:\/\/www.ecoitaliano.com.ar\/wp-content\/uploads\/2023\/11\/10a-premio-300x200.jpg 300w, https:\/\/www.ecoitaliano.com.ar\/wp-content\/uploads\/2023\/11\/10a-premio-768x512.jpg 768w, https:\/\/www.ecoitaliano.com.ar\/wp-content\/uploads\/2023\/11\/10a-premio-1536x1024.jpg 1536w, https:\/\/www.ecoitaliano.com.ar\/wp-content\/uploads\/2023\/11\/10a-premio-150x100.jpg 150w, https:\/\/www.ecoitaliano.com.ar\/wp-content\/uploads\/2023\/11\/10a-premio.jpg 1600w\" sizes=\"(max-width: 1024px) 100vw, 1024px\" \/><\/a><\/figure>\n\n\n\n<figure class=\"wp-block-image size-large\"><a href=\"https:\/\/www.ecoitaliano.com.ar\/wp-content\/uploads\/2023\/11\/11a-Goffredo-Palmerini-Hafez-Haidar.jpg\"><img decoding=\"async\" width=\"1024\" height=\"1024\" data-id=\"46621\" src=\"https:\/\/www.ecoitaliano.com.ar\/wp-content\/uploads\/2023\/11\/11a-Goffredo-Palmerini-Hafez-Haidar-1024x1024.jpg\" alt=\"\" class=\"wp-image-46621\" srcset=\"https:\/\/www.ecoitaliano.com.ar\/wp-content\/uploads\/2023\/11\/11a-Goffredo-Palmerini-Hafez-Haidar-1024x1024.jpg 1024w, https:\/\/www.ecoitaliano.com.ar\/wp-content\/uploads\/2023\/11\/11a-Goffredo-Palmerini-Hafez-Haidar-300x300.jpg 300w, https:\/\/www.ecoitaliano.com.ar\/wp-content\/uploads\/2023\/11\/11a-Goffredo-Palmerini-Hafez-Haidar-150x150.jpg 150w, https:\/\/www.ecoitaliano.com.ar\/wp-content\/uploads\/2023\/11\/11a-Goffredo-Palmerini-Hafez-Haidar-768x768.jpg 768w, https:\/\/www.ecoitaliano.com.ar\/wp-content\/uploads\/2023\/11\/11a-Goffredo-Palmerini-Hafez-Haidar.jpg 1365w\" sizes=\"(max-width: 1024px) 100vw, 1024px\" \/><\/a><\/figure>\n\n\n\n<figure class=\"wp-block-image size-large\"><a href=\"https:\/\/www.ecoitaliano.com.ar\/wp-content\/uploads\/2023\/11\/Nola-i-Gigli.png\"><img decoding=\"async\" width=\"796\" height=\"526\" data-id=\"46622\" src=\"https:\/\/www.ecoitaliano.com.ar\/wp-content\/uploads\/2023\/11\/Nola-i-Gigli.png\" alt=\"\" class=\"wp-image-46622\" srcset=\"https:\/\/www.ecoitaliano.com.ar\/wp-content\/uploads\/2023\/11\/Nola-i-Gigli.png 796w, https:\/\/www.ecoitaliano.com.ar\/wp-content\/uploads\/2023\/11\/Nola-i-Gigli-300x198.png 300w, https:\/\/www.ecoitaliano.com.ar\/wp-content\/uploads\/2023\/11\/Nola-i-Gigli-768x507.png 768w, https:\/\/www.ecoitaliano.com.ar\/wp-content\/uploads\/2023\/11\/Nola-i-Gigli-150x99.png 150w\" sizes=\"(max-width: 796px) 100vw, 796px\" \/><\/a><\/figure>\n<\/figure>\n<\/div><\/div>\n<\/div>\n<\/div>\n\n\n\n<p><a><\/a> 24 novembre 2023<\/p>\n\n\n\n<p><strong>NOLA: STORIA, TRADIZIONI, MERAVIGLIE E IL PREMIO NAPOLI CULTURAL CLASSIC<\/strong><\/p>\n\n\n\n<p><strong>Nel magnifico Museo Archeologico la 18^ edizione del prestigioso Premio letterario e teatrale: i vincitori<\/strong><\/p>\n\n\n\n<p>di <strong>Goffredo Palmerini<\/strong><\/p>\n\n\n\n<p>NAPOLI \u2013 Situata a circa 30 km da Napoli c\u2019\u00e8 <strong>Nola<\/strong>, bella citt\u00e0 ricca di storia, di singolari tradizioni, di preziose vestigia archeologiche, ma anche attenta alla cultura contemporanea, come la produzione letteraria e il teatro indipendente. Lo fa attraverso il prestigioso <strong>Premio Napoli Cultural Classic<\/strong>, concorso che non s\u2019imbelletta di apparenza ma che ricerca l\u2019essenza e la qualit\u00e0, come vedremo, grazie all\u2019affiatato poker di organizzatori quali l\u2019avv. <strong>Carmine Ardolino<\/strong>, presidente dell\u2019associazione promotrice, all\u2019avv. <strong>Katiuscia Verlingieri<\/strong>, alla poetessa <strong>Assunta Spedicato<\/strong> e allo scrittore <strong>Raffaele Messina<\/strong>, con la collaborazione del presidente della Giuria, l\u2019editore <strong>Giuseppe Laterza<\/strong> di Bari.<\/p>\n\n\n\n<p>Ben esposta nell\u2019area che contorna il Vesuvio, <strong>Nola<\/strong> affonda le sue radici nella preistoria, fino all\u2019et\u00e0 del Bronzo, come testimoniano i reperti ben allestiti nel <strong>Museo Storico Archeologico<\/strong>, ospitato nello splendido complesso monastico canossiano di <strong>Santa Maria la Nova<\/strong>, nel cuore della citt\u00e0. Una grande sala del museo, infatti, espone la fedele riproduzione di due capanne con relative suppellettili rinvenute nel villaggio preistorico di Nola \u2013 una Pompei <em>ante litteram<\/em> \u2013 e sopravvissute grazie ai depositi piroplastici d\u2019una preistorica eruzione del Vesuvio definita delle <em>\u201cPomici di Avellino\u201d<\/em>. Nelle altre sale e lungo il percorso espositivo sono allestiti significativi reperti rinvenuti nell\u2019area nolana che testimoniano le antiche origini della citt\u00e0 ad opera degli <strong>Etruschi<\/strong>, che la citt\u00e0 fondarono nel VII secolo a.C., poi il passaggio dei <strong>Sanniti <\/strong>che la conquistarono e ricostruirono, quindi la feconda presenza romana.<\/p>\n\n\n\n<p>Grazie al primo imperatore di Roma, <strong>Ottaviano Augusto<\/strong> \u2013 che vi dimor\u00f2 e vi mor\u00ec nel 14 d.C. \u2013 <strong>Nola<\/strong> divenne<em><strong>Colonia Felix Augusta<\/strong><\/em><em>,<\/em> elevata a dignit\u00e0 senatoriale. Le varie epoche storiche sono ampiamente illustrate dalla ricca esposizione museale di suppellettili e arredi funerari, recuperati dalle necropoli della zona, fino alla magnificenza artistica romana testimoniata da una serie di statue di superba finezza marmorea, che culminano nella sala dei rinvenimenti della vicina <strong>Somma Vesuviana<\/strong>, con due splendide sculture, del dio Dioniso e di una donna con peplo greco. Nell\u2019ambiente anche la documentazione della incantevole villa suburbana, per l\u2019imponenza e la bellezza attribuita a residenza di <strong>Ottaviano Augusto<\/strong>. Il percorso espositivo si conclude, infine, con la sezione dedicata alla fine del mondo antico ed al periodo medioevale, ad iniziare dal suggestivo complesso delle basiliche paleocristiane di <em><strong>Cimitile<\/strong><\/em>, laddove sorse, sulla necropoli pagana, la <strong>basilica di San Felice<\/strong>, divenuta prima cattedrale di Nola fino al trasferimento, nel XV secolo, della sede episcopale nella citt\u00e0. Proprio a <strong>Cimitile<\/strong> dimor\u00f2 <strong>Paolino di Bordeaux. <\/strong>Ponzio Anicio Meropio&nbsp;<em>Paolino<\/em>, nato a Bordeaux nel 355 e discendente di una ricca famiglia patrizia romana, figlio di un funzionario imperiale, fu il primo <strong>vescovo di Nola<\/strong>. Morto il 22 giugno 431, fu canonizzato come <strong>San Paolino di Nola<\/strong>. Patrono della citt\u00e0, \u00e8 festeggiato nel mese di giugno con la suggestiva <strong>Processione dei Gigli<\/strong>, tradizione che l\u2019<strong>Unesco<\/strong> ha riconosciuto come <strong>Patrimonio immateriale dell\u2019Umanit\u00e0<\/strong>.<\/p>\n\n\n\n<p>La <strong>Festa dei Gigli<\/strong> \u00e8 una antica tradizione popolare di <strong>Nola<\/strong>. Si celebra ogni anno la domenica successiva al 22 giugno in onore di <strong>San Paolino<\/strong>, per ricordare il suo ritorno in citt\u00e0 dalla prigionia in Africa. Il <strong>vescovo Paolino<\/strong>, dopo aver donato tutti i suoi beni per riscattare alcuni nolani ridotti schiavit\u00f9 dai Visigoti, offr\u00ec anche s\u00e9 stesso in cambio della libert\u00e0 per il giovane figlio d\u2019una vedova. Condotto in Africa, il presule fu riconosciuto dai rapitori dei nolani che decisero di liberarlo insieme ai suoi compagni di sventura. Riaccompagnato in citt\u00e0, il <strong>vescovo Paolino<\/strong> fu accolto festosamente con fiori di giglio e portato in processione fino alla sede vescovile, scortato dalle Corporazioni delle arti e dei mestieri con in testa i loro gonfaloni. In memoria di quell\u2019evento la citt\u00e0 festeggia il suo Santo patrono con una processione che reca <strong>otto torri triangolari piramidali<\/strong> di legno, i <strong>Gigli<\/strong> appunto, ricoperte ogni anno con artistici allestimenti di cartapesta a soggetto agiografico o storico.<\/p>\n\n\n\n<p>I <strong>Gigli<\/strong> sono obelischi con struttura di legno, alti 25 metri, che culminano con un crocifisso o una statua sacra. Ogni Giglio rappresenta una delle 8 antiche corporazioni: ortolano, fabbro, calzolaio, bettoliere, sarto, panettiere, salumiere, beccaio. Oltre ai <strong>Gigli<\/strong> sfila anche una <strong>Barca<\/strong> che simboleggia il ritorno dall&#8217;Africa di <strong>San Paolino<\/strong>. I <strong>Gigli<\/strong>, pesanti \u201cmacchine\u201d di legno con una larga base quadrangolare, sono recati a spalla in processione ciascuno da <strong>120 facchini<\/strong>, senza differenza di ceto tra portatori. Un rito religioso e collettivo, fortemente identitario per la comunit\u00e0 di Nola, davvero molto suggestivo. Si dispiega nell\u2019arco d\u2019una intera settimana per festeggiare il <strong>patrono San Paolino<\/strong>, appena dopo la festivit\u00e0 canonica del 22 giugno. E\u2019 questa dei <strong>Gigli<\/strong> una tradizione che richiama ogni anno a <strong>Nola<\/strong> un\u2019imponente presenza di visitatori e turisti. L\u2019ha raccontata con trasporto e passione, insieme alle altre meraviglie esposte, il presidente dell\u2019<strong>Associazione<\/strong> <strong>Nolana Meridies<\/strong>, prof. <strong>Michele Napolitano<\/strong>, nel corso della visita guidata al Museo, dove c\u2019\u00e8 anche una grande sala dedicata proprio ai Gigli, con le loro riproduzioni in scala.<\/p>\n\n\n\n<p>Ma veniamo ora alla ragione che ci ha visto convocati in questa cittadina dalle sorprendenti bellezze, patria del filosofo domenicano<strong> Giordano Bruno<\/strong> che vi ebbe i natali nel 1548, nella quale il <strong>vescovo<\/strong> <strong>Alfonso Maria de\u2019 Liguori<\/strong>, poi fatto santo, compose nel 1754 il canto natalizio tra i pi\u00f9 conosciuti e amati, <em>\u201cTu scendi dalle stelle\u201d<\/em>. Nell\u2019ampio salone al primo piano del Museo, dalle pareti contornate di magnifiche tele, tra cui una splendida <em>Annunciazione<\/em> di <strong>Domenico Antonio Vaccaro<\/strong>, prima met\u00e0 del Settecento, ed altri pregevoli dipinti delle scuole di <strong>Luca Giordano<\/strong> e <strong>Ferdinando Sanfelice<\/strong>. Altre belle tele sono esposte nella sala dedicata al Rinascimento. E\u2019 sabato <strong>18 giugno<\/strong> e si celebra, in questo stupendo contesto artistico, nel salone ormai ricolmo in ogni ordine di posti, la <strong>XVIII edizione del Premio Napoli Cultural Classic<\/strong>, dedicato per la Letteratura agli autori di poesia e prosa, e al Teatro indipendente e d\u2019autore, drammaturghi, attori e registi. Della Letteratura edita sono gi\u00e0 conosciuti i vincitori, decisi dalla Giuria presieduta da <strong>Giuseppe Laterza<\/strong>, la cui consegna dei riconoscimenti \u00e8 curata da <strong>Raffaele Messina<\/strong>. Dei lavori letterari inediti sono gi\u00e0 stati diffusi i nomi dei finalisti, ma i nomi dei vincitori della sezione Letteratura inedita, curata da <strong>Assunta Spedicato<\/strong>, si conosceranno in tempo reale solo nella cerimonia di consegna dei premi. Altrettanto avviene per la sezione Teatro. Del tutto nuovo e speciale, invece, \u00e8 il Premio per il <strong>Giornalismo internazionale<\/strong>.<\/p>\n\n\n\n<p>Presenta l\u2019evento, con particolarissima grazia e professionalit\u00e0, la giornalista e conduttrice <strong>Ertilia Giordano<\/strong>, con la collaborazione di <strong>Antonio Russo<\/strong>. La serata, puntualmente alle 19, ha inizio con un <em>incipit <\/em>dell\u2019attore e poeta <strong>Marco Caciotti<\/strong>, con la declamazione della sua lirica <em>Dea Fortuna<\/em>. Lo stesso attore e il giovane talento <strong>Gi<\/strong><strong>ovan B<\/strong><strong>attista Lillo Odoardi<\/strong> curano la lettura di brani poetici e letterari delle opere vincitrici. Presidente onorario del Premio \u00e8 l\u2019insigne poeta scrittore e accademico&nbsp;<strong>prof. Hafez Haidar<\/strong>, Cavaliere Ufficiale al Merito della Repubblica Italiana, candidato al Nobel per la Pace e per la Letteratura. E\u2019 lui chiamato ad aprire la serata, con l\u2019indirizzo di saluto che egli rivolge al presidente del Premio <strong>avv. Carmine Ardolino<\/strong>, a <strong>Katiuscia Verlingieri<\/strong>, ad <strong>Assunta Spedicato<\/strong>, a <strong>Raffaele Messina<\/strong>, al presidente della Giuria, <strong>Giuseppe Laterza<\/strong>, e a tutti i giurati per l\u2019accurato lavoro svolto. Primo vincitore ad essere chiamato sul podio, per la sezione Libri stranieri, \u00e8 lo scrittore argentino <strong>Ariel Luppino<\/strong>, per il romanzo \u201c<em>Las brigadas<\/em>\u201d. L\u2019autore, presente con un toccante videomessaggio, definisce la sua opera \u201c\u2026<em>storia di un triangolo amoroso, una specie di autobiografia segreta, occulta, narrativamente dissimulata&#8230; Pi\u00f9 che a \u00abLas brigadas\u00bb, questo premio va a \u00abLe brigate\u00bb, romanzo parallelo, anzi simmetrico al mio, e interamente scritto da Francesco Verde. Ho letto \u00abLe brigate\u00bb come ciascuno di voi, e con l&#8217;assoluta consapevolezza che mai avrei potuto scriverlo cos\u00ec. Conosco poco l&#8217;italiano, e quel poco l&#8217;ho imparato grazie a \u00abLe brigate\u00bb. Nel leggerlo, trovavo nuova e strana ogni singola parola; eppure mi sembrava, a volte, di riuscire a intuirne la musicalit\u00e0 [\u2026] Voglio dire che Francesco non \u00e8 un semplice traduttore, ma un mago, la cui magia non si vede, e che tutti apprezziamo proprio perch\u00e9 non si vede. Trovo giusto, quindi, che questo premio (cos\u00ec come ogni altro riconoscimento futuro) vada a chi ha saputo inventare ci\u00f2 che era gi\u00e0 stato inventato, e renderlo nuovo agli occhi di noi lettori. Molte grazie a Francesco Verde per il suo lavoro. E molte grazie, ancora una volta, ai membri della giuria del Festival Napoli Cultural Classic per averlo premiato.\u00bb <\/em>Il Premio ad <strong>Ariel Luppino<\/strong> lo ritira <strong>Alda Coppola<\/strong>, responsabile della sezione Libri stranieri.<\/p>\n\n\n\n<p>Per la Letteratura edita, chiamati sul palco, vanno <strong>Raffaele Messina<\/strong> e lo scrittore <strong>Carlo Vecce<\/strong>, autore del romanzo <em>\u201cIl sorriso di Caterina \u2013 La madre di Leonardo\u201d<\/em> (Giunti, 2023). Una conversazione-intervista in cui il prof. Vecce, ordinario di Letteratura italiana all\u2019Universit\u00e0 Orientale di Napoli, stimolato dalle domande di <strong>Raffaele Messina<\/strong>, racconta la storia di Caterina, una schiava circassa giunta a Firenze, dove un giovane notaio s\u2019innamora di lei e le d\u00e0 un figlio, <strong>Leonardo da Vinci<\/strong>. E\u2019 una storia, quella di Caterina, del tutto sconosciuta perch\u00e9 mai rivelata da quel tempo, che l\u2019autore, sulla base di accurate ricerche storiche e filologiche nelle biblioteche toscane, \u00e8 riuscito a trarre dal mistero attraverso il rinvenimento d\u2019un documento originale dell\u2019epoca. Piuttosto che un saggio, come ha sottolineato Raffaele Messina, il prof. Vecce ha scelto di scrivere un romanzo-verit\u00e0 sulla vita di Caterina, corposo come un tomo ottocentesco, ma davvero coinvolgente, nel quale viene fatta rivivere quella dolorosa esperienza umana in pagine di narrativa struggenti che gettano nuova luce sull\u2019intero Rinascimento italiano. In queste sintetiche considerazioni c\u2019\u00e8 anche la motivazione del <strong>Premio Napoli Cultural Classic<\/strong> per la Letteratura edita, meritoriamente conferito a <strong>Carlo Vecce<\/strong>.<\/p>\n\n\n\n<p>Il Premio della Critica <em>\u201cGabriella Valera\u201d<\/em>, istituito per ricordare la scrittrice, \u00e8 stato assegnato a <strong>Davide Rocco Colacrai <\/strong>per la poesia \u201c<em>Il ragazzo che sal\u00ec sulla collina dei poeti \u2013 aula n. 418<\/em>\u201d. E\u2019 chiamato l&#8217;editore <strong>Giuseppe Laterza<\/strong> a premiare per la <strong>sezione Poesia<\/strong>. A vincere il 1\u00b0 premio nella sezione Poesia \u00e8 <strong>Tiziana Monari<\/strong>, con il componimento <em>\u201cRobb elementary school\u201d.<\/em> La lirica evoca momenti lontani, sensazioni giovanili del tempo della scuola, in cui ognuno cerca di imbastire il suo futuro, tra fisionomia esteriore e indagine interiore. Il mondo delle illusioni rivela le sue amare verit\u00e0, mentre la natura, imperterrita come il tempo, mostra la sua eternit\u00e0 tra il cadere di stelle e il volo di un calabrone. L\u2019effetto narrativo si snoda carico di fatalit\u00e0 e verit\u00e0, evocando schemi letterari che ricordano il grande Kipling. Al 2\u00b0 posto Poesia si classificano <em>ex aequo<\/em> <strong>Carmela Pisani<\/strong> e <strong>Graziella De Cillis<\/strong>. Per la <strong>sezione&nbsp;Racconto<\/strong> vince <strong>Michela Buonagura<\/strong> con il testo <em>\u201cVoglio di pi\u00f9\u201d. <\/em>E\u2019 una storia ambientata in una Napoli descritta molto bene nel romanzo <em>La pelle<\/em> di Curzio Malaparte, dirompente e sconvolgente per l\u2019immediatezza della fotografia di un mondo assurdo e crudele prodotto dalla guerra. Con lodevole capacit\u00e0 di sintesi, servendosi anche del linguaggio popolare, l\u2019autrice riesce a dipingere magistralmente una storia che si conclude con un grido di speranza, un \u201cVoglio di pi\u00f9\u201d che riechegger\u00e0 come costante anelito di rinascita e di pace. A premiare la vincitrice lo scrittore architetto <strong>Salvatore Esposito<\/strong>. Al 2\u00b0 posto <em>ex aequo<\/em> si classificano <strong>Corrado Pinosio<\/strong>, <strong>Maria Manico<\/strong> e <strong>Paolo Sabatino<\/strong>.<\/p>\n\n\n\n<p>Per la <strong>sezione Teatro<\/strong> <strong>autori<\/strong> il 1\u00b0 Premio se lo aggiudica <strong>Patrizia Ercole<\/strong>, con l\u2019opera \u201c<em>Lisetta Carmi fotografa. Lamia seconda vita\u201d. <\/em>Al 2\u00b0 posto <em>ex aequo<\/em> si classificano <strong>Debora Lacatena<\/strong>, <strong>Luciano De Leonardis<\/strong> e <strong>Paolo Sabatino<\/strong>. Al regista <strong>Carlo Cerciello<\/strong> va il Premio Napoli Cultural Classic <strong>per il Teatro<\/strong>. Gli consegna l\u2019artistica statuetta <strong>Katiuscia Verlingieri<\/strong>. Acclamato dal pubblico per un riconoscimento davvero meritato nel rappresentare pienamente il teatro indipendente, grazie anche al suo impegno umano ed intellettuale per il mestiere dell&#8217;artista, per l\u2019impegno culturale e politico da regista e per la grandezza con la quale sa esprimere la vocazione d\u2019un teatro politico di impegno civile e sociale. Cerciello \u00e8 riuscito ad affidare alla voce del teatro il compito di diffondere la silenziosa controrivoluzione del sentimento e della poesia. Vincitore del Premio per il Teatro \u00e8 inoltre <strong>Fabio Pisano<\/strong> con la raccolta delle sue opere <em>\u00abProssimit\u00e0\u00bb<\/em>, con le quali ha conquistato un pubblico teatrale attento e competente per la capacit\u00e0 della sua scrittura drammaturgica di predisporre una specie di sistema binario, a due velocit\u00e0, nel quale si alternano frasi brevissime dal ritmo un po\u2019 artificiale, a vere e proprie \u201cesplosioni\u201d di un\u2019intensit\u00e0 travolgente. A consegnare il riconoscimento l&#8217;attore poeta <strong>Marco Caciotti<\/strong>.&nbsp;Sempre per il <strong>Teatro<\/strong> viene premiato l&#8217;attore <strong>Fabio Brescia<\/strong>&nbsp;per lo spettacolo&nbsp;<em>\u201cAs it was, l\u2019ultima ora di vita del dottor Semmelweis\u201d<\/em>. L\u2019attore, tra l\u2019altro, \u00e8 tra i protagonisti del film <em>\u201cL\u2019ombra di Caravaggio\u201d<\/em> con <strong>Riccardo Scamarcio<\/strong> e <strong>Isabelle Huppert<\/strong>, per la regia di <strong>Michele Placido<\/strong>, e ha interpretato anche il nuovo film di Michele Placido su <strong>Luigi Pirandello<\/strong> <em>\u201cEterno visionario\u201d<\/em>. Sempre per il <strong>Teatro<\/strong> il Premio va all&#8217;attrice <strong>Cecilia Lupoli<\/strong>, reduce dal successo dello spettacolo <em>Cassandra<\/em>, con la regia di Carlo Cerciello. Con il suo raffinato talento arriva al suo pubblico con una recitazione impeccabile e fisica. Riesce a stupire gli spettatori, con un testo non facile ed un\u2019ambientazione essenziale, elementi che le danno la possibilit\u00e0 di esprimersi al meglio, giocando con il corpo e con la voce, con un effetto coinvolgente. L\u2019attrice viene premiata dal consigliere <strong>Vincenzo Cirillo<\/strong> della Citt\u00e0 metropolitana di Napoli.<\/p>\n\n\n\n<p>L&#8217;attore <strong>Luca Riemma<\/strong> riceve il Premio per aver interpretato, nel film \u201c<em>Lamborghini-<\/em><em>The Man Behind the Legend<\/em><em>\u201d<\/em> di Bobby Moresco, in maniera eccellente il ruolo di Giotto Bizzarrini, uno degli artisti dell\u2019auto del secolo scorso. L\u2019attore si \u00e8 contraddistinto per la fedele interpretazione del personaggio, mettendo in evidenza, agli occhi dello spettatore, la sua capacit\u00e0 creativa all\u2019interno dell\u2019azienda automobilistica. A premiare l\u2019attore l\u2019<strong>arch. Giacomo Franzese<\/strong>, apprezzato direttore del Museo. Il produttore e musicista <strong>Lorenzo Maffia<\/strong>, che ha collaborato alla colonna sonora del film <em>\u201cC\u2019\u00e8 ancora domani\u201d<\/em>, film d\u2019esordio di <strong>Paola Cortellesi<\/strong> quale regista che sta sbancando ai botteghini, viene chiamato per la <strong>sezione<\/strong> <strong>Finestra sui giovani<\/strong> a premiare due giovanissimi attori teatrali, con le seguenti motivazioni: <strong>Nicolas Errico<\/strong> \u00ab<em>Talentuoso attore che ha gi\u00e0 maturato diverse esperienze in teatro e non solo, sotto la guida di registi di fama internazionale come Elio Giordano nel 2018 e Matteo Garrone per un cortometraggio. Per la capacit\u00e0 di far valere le proprie doti artistiche<\/em>\u201d; <strong>Graziano Purgante<\/strong> <em>\u201cPer essere riuscito a rappresentare in modo magistrale i meandri della mente e le sfaccettature del comportamento umano e a dare carattere al personaggio interpretato in<\/em> <em>\u201cDispacci di Mosca\u201d; un ragazzo nel quale non prevale solo l\u2019aspetto materiale, bens\u00ec le prese di posizione, gli sbilanciamenti decisionali e soprattutto la carica esplosiva di emotivit\u00e0<\/em>\u201d. Ai due giovani e bravi attori va il <strong>Premio Napoli Cultural Classic 2023<\/strong>. Lo speaker di Radio Rai <strong>Silvio Martino<\/strong>, per la <strong>sezione Teatro Finestra sul mondo<\/strong>, consegna il Premio agli attori <strong>Francesca Borriero<\/strong>, <strong>Emanuele Valenti<\/strong> e <strong>Michelangelo<\/strong> <strong>Dalisi<\/strong> <em>\u201cper la capacit\u00e0 di calarsi con naturalezza nei personaggi, quella di rendere evidente alcune dinamiche di relazione, quando solitudine e monotonia diventano le basi di corti circuiti, di singoli confinamenti dalla realt\u00e0. Allora, entrare nel personaggio, diviene una sfida, una prova di anima e corpo per la quale non basta il solo talento.<\/em>\u201d I tre attori vincono il Premio 2023 per lo spettacolo <em>La Macchia. <\/em>L\u2019esecuzione dei brani musicali che hanno aperto la serata sono stati eseguiti dalla splendida voce e al pianoforte dal musicista <strong>Arturo Caccavale<\/strong>, mentre la regia \u00e8 stata curata da <strong>Lorenzo Maffia<\/strong> sotto la direzione artistica di Napoli Cultural Classic. A conclusione della manifestazione c\u2019\u00e8 da registrare l\u2019intervento di <strong>Carmine Ardolino<\/strong> con un caloroso ringraziamento a tutti i collaboratori, un grazie speciale al direttore del Museo <strong>Giacomo Franzese<\/strong> per l\u2019ospitalit\u00e0 e le congratulazioni a tutti premiati e classificati nelle varie sezioni del Premio. Una bella foto di gruppo ha sancito infine il successo di questa XVIII edizione.<\/p>\n\n\n\n<p>C\u2019\u00e8 infine un\u2019annotazione sul <strong>Premio Napoli Cultural Classic<\/strong> per il <strong>Giornalismo internazionale<\/strong>, tributato in questa XVIII edizione. E\u2019 stato conferito in apertura di serata, subito dopo l\u2019indirizzo di saluto che il <strong>prof. Hafez Haidar<\/strong> ha rivolto al pubblico e agli organizzatori della manifestazione, in primis all\u2019<strong>avv. Carmine Ardolino<\/strong>, <em>deus ex machina<\/em> del prestigioso Napoli Cultural Classic. E\u2019 stato lo stesso<strong> prof. Haidar<\/strong> a richiamare pur senza nominarlo, il profilo biografico del vincitore, giornalista internazionale con significative collaborazioni con agenzie internazionali e con importanti testate in lingua italiana nel mondo, fecondo scrittore di rilevante finezza e sensibilit\u00e0, con un passato trentennale al servizio come amministratore e vicesindaco della sua meravigliosa citt\u00e0, <strong>L\u2019Aquila<\/strong>. Ha dato quindi lettura della motivazione alla base del conferimento del Premio: \u201c<em>Per aver contribuito con i suoi scritti alla diffusione della cultura abruzzese nel mondo e alla conoscenza dell\u2019emigrazione italiana. Scrittore e giornalista eccellente, impegnato a valorizzare le comunit\u00e0 italiane all\u2019estero, \u00e8 riuscito a far prevalere una buona concezione dell\u2019Italia a livello internazionale.<\/em> <em><strong>Riceve il Premio Napoli Cultural Classic per il Giornalismo internazionale lo scrittore giornalista Goffredo Palmerini<\/strong><\/em>.\u201d<\/p>\n\n\n\n<p>Proprio dalle mani del <strong>prof. Haidar<\/strong> viene consegnato il prestigioso premio a chi scrive, che in un breve intervento ha ringraziato gli organizzatori del Premio e la Giuria, avendo peraltro parole di gratitudine verso tutti e ciascuno dei presenti per la vicinanza e l\u2019affetto che nel 2009 ebbero nei confronti dell\u2019Aquila colpita dal terribile sisma che squarci\u00f2 il suo prezioso tessuto urbano ricco d\u2019arte e di raffinate architetture. Ora la citt\u00e0 \u00e8 quasi completamente rinata, pi\u00f9 bella di prima. E il gioiello del suo centro storico, racchiuso nella cinta delle sue trecentesche mura, tra i pi\u00f9 vasti d\u2019Italia, offre a tutti le sue meraviglie di bellezza. E dalla citt\u00e0 soprattutto si eleva, specialmente in questi drammatici tempi di guerra, il forte appello di perdono, di riconciliazione e di pace donato all\u2019umanit\u00e0 da <strong>papa Celestino V<\/strong> attraverso la <strong>Perdonanza<\/strong>, il primo giubileo della cristianit\u00e0 che egli concesse il 29 agosto 1294 all\u2019atto della sua incoronazione a pontefice nella <strong>Basilica di Santa Maria di Collemaggio<\/strong>. Un dono di misericordia destinato a chiunque, sinceramente pentito e confessato, varchi la Porta Santa della basilica dai Vespri del 28 agosto a quelli del giorno immediatamente successivo, come ogni anno sempre avvenuto dal 1294. <strong>L\u2019Aquila<\/strong>, dunque, citt\u00e0 d\u2019arte tra le pi\u00f9 belle, ma prima di tutto <strong>Capitale del perdono, della riconciliazione e della pace<\/strong>, come <strong>papa Francesco<\/strong> l\u2019ha definita il 28 agosto 2022 aprendo la Porta Santa al mondo.<\/p>\n","protected":false},"excerpt":{"rendered":"<p>24 novembre 2023 NOLA: STORIA, TRADIZIONI, MERAVIGLIE E IL PREMIO NAPOLI CULTURAL CLASSIC Nel magnifico Museo Archeologico la 18^ edizione [&hellip;]<\/p>\n","protected":false},"author":1,"featured_media":0,"comment_status":"open","ping_status":"open","sticky":false,"template":"","format":"standard","meta":{"footnotes":""},"categories":[1],"tags":[],"class_list":["post-46609","post","type-post","status-publish","format-standard","hentry","category-sin-categoria"],"_links":{"self":[{"href":"https:\/\/www.ecoitaliano.com.ar\/index.php?rest_route=\/wp\/v2\/posts\/46609","targetHints":{"allow":["GET"]}}],"collection":[{"href":"https:\/\/www.ecoitaliano.com.ar\/index.php?rest_route=\/wp\/v2\/posts"}],"about":[{"href":"https:\/\/www.ecoitaliano.com.ar\/index.php?rest_route=\/wp\/v2\/types\/post"}],"author":[{"embeddable":true,"href":"https:\/\/www.ecoitaliano.com.ar\/index.php?rest_route=\/wp\/v2\/users\/1"}],"replies":[{"embeddable":true,"href":"https:\/\/www.ecoitaliano.com.ar\/index.php?rest_route=%2Fwp%2Fv2%2Fcomments&post=46609"}],"version-history":[{"count":0,"href":"https:\/\/www.ecoitaliano.com.ar\/index.php?rest_route=\/wp\/v2\/posts\/46609\/revisions"}],"wp:attachment":[{"href":"https:\/\/www.ecoitaliano.com.ar\/index.php?rest_route=%2Fwp%2Fv2%2Fmedia&parent=46609"}],"wp:term":[{"taxonomy":"category","embeddable":true,"href":"https:\/\/www.ecoitaliano.com.ar\/index.php?rest_route=%2Fwp%2Fv2%2Fcategories&post=46609"},{"taxonomy":"post_tag","embeddable":true,"href":"https:\/\/www.ecoitaliano.com.ar\/index.php?rest_route=%2Fwp%2Fv2%2Ftags&post=46609"}],"curies":[{"name":"wp","href":"https:\/\/api.w.org\/{rel}","templated":true}]}}