{"id":4677,"date":"2018-09-06T10:36:10","date_gmt":"2018-09-06T10:36:10","guid":{"rendered":"http:\/\/www.ecoitaliano.com.ar\/?p=4677"},"modified":"2018-09-06T10:36:10","modified_gmt":"2018-09-06T10:36:10","slug":"grande-successo-per-la-mostra-il-quattrocento-a-fermo-prorogata-fino-al-7-di-ottobre","status":"publish","type":"post","link":"https:\/\/www.ecoitaliano.com.ar\/?p=4677","title":{"rendered":"Grande successo per la mostra IL QUATTROCENTO A FERMO, prorogata fino al 7 di ottobre"},"content":{"rendered":"<p>&nbsp;<\/p>\n\n<h1><strong>Con oltre 8000 visitatori proroga la mostra<br \/>\n<\/strong><strong><br \/>\nIL QUATTROCENTO A FERMO<br \/>\n<\/strong><strong>Tradizione e avanguardie da Nicola di Ulisse a Carlo Crivelli<\/strong><\/h1>\n<p><strong>\u00a0<\/strong><strong>\u00a0FERMO, Chiesa di San Filippo<br \/>\n<\/strong>Prorogata fino al 7 ottobre 2018<\/p>\n<p><strong><em><br \/>\nComunicato Stampa, 03 settembre 2018<\/em><\/strong><\/p>\n<p>Un bilancio molto positivo per la mostra \u201c<strong><em>Il Quattrocento a Fermo. Tradizione e avanguardie da Nicola di Ulisse a Carlo Crivelli<\/em><\/strong>\u201d, organizzata dalla Regione Marche e dalla Citt\u00e0 di Fermo<strong>,\u00a0<\/strong>tanto che si \u00e8 deciso di<strong>\u00a0prorogarne l\u2019apertura fino al 7 ottobre,<\/strong>\u00a0rispetto alla prevista chiusura del 2 settembre. Un successo di pubblico dunque che dal giorno dell\u2019inaugurazione, 20 aprile, ad oggi ha fatto registrare oltre 8000 visitatori che hanno ammirato le splendide opere esposte nella Chiesa di San Filippo.<strong>\u00a0<\/strong><\/p>\n<p><strong><em>\u201cIl Quattrocento a Fermo\u201d<\/em><\/strong>, a cura di Alessandro Marchi con Giulia Spina, fa parte del progetto di valorizzazione del patrimonio culturale \u201cMostrare le Marche\u201d, promosso dalla Regione Marche, dal Ministero per i Beni e le Attivit\u00e0 Culturali\u00a0 e da Anci Marche, attuato in sinergia con la Prelatura Territoriale di Loreto, il Comune di Macerata, il Comune di Ascoli Piceno, il Comune di Fermo, il Comune di Fabriano e il Comune di Matelica, che vede un nucleo significativo di mostre in diverse citt\u00e0 della regione volte a creare un circuito espositivo di grande respiro culturale.<\/p>\n<p>\u201cLa volont\u00e0 di prorogare questa esposizione da parte dell\u2019Amministrazione Comunale di Fermo in accordo con la Regione Marche \u2013 dichiara l\u2019<strong>assessore regionale alla Cultura e al Turismo, Moreno Pieroni\u00a0<\/strong>\u2013 \u00a0\u00e8 un bellissimo messaggio di attenzione verso il territorio e una testimonianza di come la Citt\u00e0 di Fermo rappresenti sempre un punto di riferimento nel sistema culturale regionale. Il prolungamento dell\u2019apertura dimostra anche una grande sensibilit\u00e0 verso la diffusione dei valori dell\u2019identit\u00e0 culturale territoriale e regionale oltre ad essere una significativa opportunit\u00e0 sia turistica che economica in direzione di un giusto rilancio. Una sincera soddisfazione, dunque, per la buona riuscita di questa mostra, che ci invita a proseguire sulla strada della qualit\u00e0 progettuale.\u201d<\/p>\n<p>\u201cSiamo lieti dell\u2019ottimo riscontro che l\u2019esposizione sta avendo \u2013 afferma l\u2019a<strong>ssessore alla Cultura e al Turismo del Comune di Fermo, Francesco Trasatti<\/strong>\u00a0&#8211; e questa proroga rappresenta il segno evidente che nonostante sia aperta da aprile, la mostra vuole essere vista ancora da molti, dimostrazione della voglia di bellezza e di cultura da parte di residenti e visitatori. Turisti che si annunciano anche per il mese di settembre e che dunque non mancheranno di ammirare queste preziose opere in un percorso ad hoc all\u2019interno della Chiesa di San Filippo\u201d.<\/p>\n<p>La mostra\u00a0<em>\u201cIl Quattrocento a Fermo\u201d\u00a0<\/em>racconta\u00a0<strong>un tratto di storia artistica di Fermo,\u00a0<\/strong>in cui la citt\u00e0 ebbe grande rilievo dal punto di vista politico e artistico, con l\u2019arrivo di maestri e preziosi manufatti dall&#8217;Italia centrale, da Venezia e dal Nord Europa che influenzarono moltissimo gli artisti locali.\u00a0 Di straordinaria ricchezza i capolavori in mostra: pale d\u2019altare, sculture, oreficerie, miniature, tessuti e ceramiche.<\/p>\n<p><strong>Tante le iniziative collaterali<\/strong>\u00a0alla mostra che hanno rafforzato la partecipazione e le presenze sia nell\u2019esposizione che in citt\u00e0: la Notte dei Musei, la giornata di ingresso gratuito per tutti i residenti della citt\u00e0 di Fermo, le visite guidate gratuite con i curatori della mostra nei mesi di luglio e agosto, gli itinerari per la citt\u00e0 che hanno permesso a cittadini e visitatori di scoprire le tracce di questo importante secolo in tre luoghi d\u2019eccezione di Fermo, attraverso biglietti d\u2019ingresso agevolato (la mostra\u00a0<em>\u201cIl Quattrocento a Fermo\u201d<\/em>, il Museo Diocesano e l\u2019Oratorio di Santa Monica).<\/p>\n<p>La mostra \u00e8 stata arricchita nel corso dell\u2019esposizione anche dall\u2019aggiunta di nuove opere, rendendola ancora pi\u00f9 interessante. Il catalogo di mostra, a cura di Alessandro Marchi con Giulia Spina, completa l\u2019approfondimento storico artistico di questo illustre secolo a Fermo.<\/p>\n<p><strong>Cinque le sezioni<\/strong>\u00a0che compongono il percorso espositivo tra capolavori di pittura, scultura, ceramica, oreficerie, tessuti e miniature:\u00a0<em>Fermo 1442: Nicola di Ulisse da Siena al Girfalco; Rinascimento ed Antico: toscani, veneti, tedeschi e fiamminghi dalle coste all\u2019Appennino; Pittori tardogotici alla met\u00e0 del Quattrocento: Marino Angeli, Pierpalma e Lorenzo da Fermo; Fermo 1468-1479: la citt\u00e0 di Carlo e Vittore Crivelli e Dalle chiese e dai castelli: miniature, oreficerie, tessuti e ceramiche.<\/p>\n<p><\/em>Alla mostra \u00e8 stata conferita la Medaglia del Presidente della Repubblica. E\u2019 stata realizzata con la collaborazione dell\u2019Arcidiocesi di Fermo e Musei di Fermo, con il contributo di Camera di Commercio di Fermo e Fondazione Cassa di Risparmio di Fermo ed \u00e8 stata organizzata dalla Societ\u00e0 Sistema Museo.<\/p>\n<p>Nell\u2019ambito del progetto \u201cMostrare le Marche\u201d continua la mostra a Matelica \u201cMilleduecento. Civilt\u00e0 figurativa tra Umbria e Marche al tramonto del Romanico\u201d, visitabile al Museo Piersanti fino al 4 novembre 2018 (coupon sconto scaricabile dal sito www\u00a0<a href=\"http:\/\/eventi.turismo.marche.it\/\" target=\"_blank\" rel=\"noopener\" data-saferedirecturl=\"https:\/\/www.google.com\/url?q=http:\/\/eventi.turismo.marche.it&amp;source=gmail&amp;ust=1536316366379000&amp;usg=AFQjCNEiVPgMpeyRhw3QcZcgyyu03RlZxg\">eventi.turismo.marche.it<\/a>).<\/p>\n<p><strong>Orari<br \/>\n<\/strong><strong>Settembre :\u00a0<\/strong><strong>Tutti i giorni: ore 10.30-13.00\/14.30-19<br \/>\n<\/strong><strong>Ottobre :\u00a0<\/strong><strong>1-7 da marted\u00ec e domenica 10.30-13.00\/15.00-18.00<\/p>\n<p><\/strong><strong>Biglietteria<br \/>\n<\/strong>Biglietto unico per il circuito museale e monumentale (valido 1 anno)<br \/>\nIntero \u20ac 8,00<br \/>\nRidotto \u20ac 6,00 (14-25 anni, gruppi &gt; 15, soci Fai, Touring Club, Italia Nostra)<br \/>\nOmaggio minori di 13 anni, disabili, soci ICOM, giornalisti con tesserino<br \/>\nSpeciale 1 struttura \u20ac 4,00<br \/>\nRidotto con coupon sconto progetto Mostrare le Marche\u00a06,00 \u20ac (scaricabile da\u00a0<a href=\"http:\/\/www.rosifontana.it\/mailster\/348\/c424b1afc046805afd214f07046281e9\/aHR0cDovL2V2ZW50aS50dXJpc21vLm1hcmNoZS5pdC8\" target=\"_blank\" rel=\"noopener\" data-saferedirecturl=\"https:\/\/www.google.com\/url?q=http:\/\/www.rosifontana.it\/mailster\/348\/c424b1afc046805afd214f07046281e9\/aHR0cDovL2V2ZW50aS50dXJpc21vLm1hcmNoZS5pdC8&amp;source=gmail&amp;ust=1536316366379000&amp;usg=AFQjCNFaxpu3Fy3NywrBLpQfzwKCY0omfw\">eventi.turismo.marche.it<\/a>)<br \/>\nPacchetti e offerte su\u00a0<a href=\"http:\/\/www.rosifontana.it\/mailster\/348\/c424b1afc046805afd214f07046281e9\/aHR0cDovL3d3dy50dXJpc21vLm1hcmNoZS5pdA\" target=\"_blank\" rel=\"noopener\" data-saferedirecturl=\"https:\/\/www.google.com\/url?q=http:\/\/www.rosifontana.it\/mailster\/348\/c424b1afc046805afd214f07046281e9\/aHR0cDovL3d3dy50dXJpc21vLm1hcmNoZS5pdA&amp;source=gmail&amp;ust=1536316366379000&amp;usg=AFQjCNEcm7sjBPrK-6khvlKbk_NoZZOY-A\">www.turismo.marche.it<\/a><\/p>\n<p><strong>Info e prenotazioni visite guidate e servizi didattici<br \/>\n<\/strong>Tel. +39 0734 217140 &#8211;\u00a0<a href=\"mailto:fermo@sistemamuseo.it\" target=\"_blank\" rel=\"noopener\">fermo@sistemamuseo.it<\/a>\u00a0&#8211;\u00a0<a href=\"http:\/\/www.sistemamuseo.it\/\" target=\"_blank\" rel=\"noopener\" data-saferedirecturl=\"https:\/\/www.google.com\/url?q=http:\/\/www.sistemamuseo.it&amp;source=gmail&amp;ust=1536316366379000&amp;usg=AFQjCNFU9o1eWbznCGIkJEbMTHY3FHTHEw\">www.sistemamuseo.it<\/a><\/p>\n<p><strong>Catalogo\u00a0<\/strong>Silvana Editore<\/p>\n<p><strong><br \/>\nUFFICIO STAMPA:<br \/>\n<\/strong>Rosi Fontana Press &amp; Public Relations \u2013\u00a0<a href=\"http:\/\/www.rosifontana.it\/\" target=\"_blank\" rel=\"noopener\" data-saferedirecturl=\"https:\/\/www.google.com\/url?q=http:\/\/www.rosifontana.it&amp;source=gmail&amp;ust=1536316366379000&amp;usg=AFQjCNGnT4cgPp2XfekQiTZxcbRG_ka_nA\">www.rosifontana.it<\/a>\u00a0\u2013\u00a0<a href=\"mailto:info@rosifontana.it\" target=\"_blank\" rel=\"noopener\">info@rosifontana.it<\/a><\/p>\n","protected":false},"excerpt":{"rendered":"<p>&nbsp; Con oltre 8000 visitatori proroga la mostra IL QUATTROCENTO A FERMO Tradizione e avanguardie da Nicola di Ulisse a [&hellip;]<\/p>\n","protected":false},"author":1,"featured_media":0,"comment_status":"open","ping_status":"open","sticky":false,"template":"","format":"standard","meta":{"footnotes":""},"categories":[4,10],"tags":[],"class_list":["post-4677","post","type-post","status-publish","format-standard","hentry","category-cultura","category-italiano"],"_links":{"self":[{"href":"https:\/\/www.ecoitaliano.com.ar\/index.php?rest_route=\/wp\/v2\/posts\/4677","targetHints":{"allow":["GET"]}}],"collection":[{"href":"https:\/\/www.ecoitaliano.com.ar\/index.php?rest_route=\/wp\/v2\/posts"}],"about":[{"href":"https:\/\/www.ecoitaliano.com.ar\/index.php?rest_route=\/wp\/v2\/types\/post"}],"author":[{"embeddable":true,"href":"https:\/\/www.ecoitaliano.com.ar\/index.php?rest_route=\/wp\/v2\/users\/1"}],"replies":[{"embeddable":true,"href":"https:\/\/www.ecoitaliano.com.ar\/index.php?rest_route=%2Fwp%2Fv2%2Fcomments&post=4677"}],"version-history":[{"count":0,"href":"https:\/\/www.ecoitaliano.com.ar\/index.php?rest_route=\/wp\/v2\/posts\/4677\/revisions"}],"wp:attachment":[{"href":"https:\/\/www.ecoitaliano.com.ar\/index.php?rest_route=%2Fwp%2Fv2%2Fmedia&parent=4677"}],"wp:term":[{"taxonomy":"category","embeddable":true,"href":"https:\/\/www.ecoitaliano.com.ar\/index.php?rest_route=%2Fwp%2Fv2%2Fcategories&post=4677"},{"taxonomy":"post_tag","embeddable":true,"href":"https:\/\/www.ecoitaliano.com.ar\/index.php?rest_route=%2Fwp%2Fv2%2Ftags&post=4677"}],"curies":[{"name":"wp","href":"https:\/\/api.w.org\/{rel}","templated":true}]}}