{"id":46797,"date":"2023-11-26T09:03:57","date_gmt":"2023-11-26T09:03:57","guid":{"rendered":"https:\/\/www.ecoitaliano.com.ar\/?p=46797"},"modified":"2023-11-26T09:03:57","modified_gmt":"2023-11-26T09:03:57","slug":"a-single-moment-leffimero-eterno-della-fotografia-mostra-di-anna-caterina-masotti-dal-30-gennaio-2024-al-4-febbraio-2024-in-occasione-di-arte-fiera-cripta-di-san-zama-bologna","status":"publish","type":"post","link":"https:\/\/www.ecoitaliano.com.ar\/?p=46797","title":{"rendered":"A Single Moment &#8211; L&#8217;Effimero Eterno della fotografia | Mostra di Anna Caterina Masotti | Dal 30 gennaio 2024 al 4 febbraio 2024, in occasione di ARTE FIERA &#8211; Cripta di San Zama, Bologna"},"content":{"rendered":"\n<figure class=\"wp-block-table\"><table><tbody><tr><td><img decoding=\"async\" src=\"https:\/\/ci6.googleusercontent.com\/proxy\/KpvN6BwpVxyxXJN3O2eP2WCbm2PeY5aFTW5abVgd_FUvoBBd1otKeA3idatuWRuotspX-9A9uuAorTTri2qCqZ5_O49f2c1fJraRh7aO3g990S7WeECMctp74sqJKWSnj17YJK_pRHS7lEa_0-BBrDL9kPyOIRm9Jw=s0-d-e1-ft#https:\/\/culturaliart.img.musvc2.net\/static\/91342\/images\/1\/Schermata%202023-11-23%20alle%2012.50.23.png\" width=\"88\"><strong>A SINGLE MOMENT<\/strong><strong>L\u2019Effimero Eterno della fotografia<\/strong>\u200aMostra fotografica di&nbsp;<strong>Anna Caterina Masotti<\/strong>A cura di&nbsp;<strong>Alessia Locatelli<\/strong><strong>In occasione di ARTE FIERA 2024<\/strong><img decoding=\"async\" src=\"https:\/\/ci4.googleusercontent.com\/proxy\/pUiyjnI_GP3TzYaAapOOAxO3_l0LLQpTgDwHmXLYcddiQGKtK2hJxCAJ7RzP4AFIRzIxnHY_o08Av02XWJ2I5GW1gSi8xq4AVCr-gdx4j99z5Rrz3E6w2w-Wqqf2KXGXcx81ExOc4-owkidWZ1IT1DIX9YTq484BJgLelnZeCFMgu1zbLuV1o_lzFh1HN4nRGpMI-A=s0-d-e1-ft#https:\/\/culturaliart.img.musvc2.net\/static\/91342\/images\/1\/DANZA_DEL_SOLE_1_OTTOBRE_2023_MARE%20-%20ANNA%20CATERINA%20MASOTTI.jpg\" width=\"600\"><strong>Opening: 30 Gennaio 2024 ore 18.00<\/strong><strong>Fino al 4 Febbraio 2024<\/strong>&nbsp;<strong>Cripta di San Zama<\/strong>Via dell\u2019Abbadia, 3, BolognaIn occasione di&nbsp;<strong>ARTE FIERA 2024<\/strong>,&nbsp;<strong>Anna Caterina Masotti<\/strong>&nbsp;presenta per la prima volta le sue<strong>&nbsp;fotografie&nbsp;<\/strong>nella mostra \u201c<strong><em>A Single Moment<\/em><\/strong>\u201d. L\u2019esposizione, a cura di&nbsp;<strong>Alessia Locatelli<\/strong>, \u00e8 allestita presso la&nbsp;<strong>Cripta di San Zama<\/strong>&nbsp;nel pieno centro storico di Bologna,&nbsp;<strong>dal 30 gennaio al 4 febbraio 2024<\/strong>,<strong>&nbsp;<\/strong>in collaborazione con&nbsp;<strong>Laura Frasca,&nbsp;<\/strong>Art Manager di&nbsp;<strong>Green Whale Space<\/strong>, e l\u2019<strong>Associazione Succede Solo a Bologna.<\/strong>&nbsp;In un percorso installativo, immersivo e multimediale saranno esposte&nbsp;<strong>circa trenta fotografie inedite in bianco e nero<\/strong>&nbsp;<strong>di differenti formati e dei video&nbsp;<\/strong>dove&nbsp;<strong>il tema ricorrente \u00e8 l\u2019istante<\/strong>, concetto da cui parte l\u2019intera indagine fotografica di Anna Caterina Masotti. La fotografa bolognese immortala il&nbsp;<strong><em>qui e ora<\/em><\/strong>&nbsp;nel quotidiano, nei paesaggi naturalistici, negli elementi architettonici. L&#8217;ispirazione per questo progetto nasce infatti dalla profonda&nbsp;<strong>riflessione&nbsp;<\/strong>sul presente, un momento di pura esistenza. La fotografia diventa lo strumento in grado di&nbsp;<strong>catturare l&#8217;effimero e renderlo eterno<\/strong>. Anna Caterina Masotti incanta gli spettatori con&nbsp;<strong>fotografie che esaltano la natura<\/strong>&nbsp;in tutte le sue forme, con le tecniche della macrofotografia e della&nbsp;<em>Landscape Photography<\/em>.&nbsp;<strong>La luce gioca un ruolo centrale<\/strong>, filtrando negli interni e&nbsp;<strong>creando pattern e contrasti<\/strong>, riflettendosi nell&#8217;acqua e delineando delicati ornamenti floreali sui muri da lei immortalati. Un percorso sia materico che visivo, dal buio verso la luce.&nbsp;Come scrive la curatrice&nbsp;<strong>Alessia Locatelli<\/strong>: \u201c<em>Alla morte del suo grande amico Robert Mapplethorpe, Nan Golding decide di progettare una delle mostre pi\u00f9 interessanti nella storia della fotografia, dedicata al grande fotografo appena scomparso. Questa esposizione prender\u00e0 il titolo di \u201cThe Perfect Moment: il Momento Perfetto<\/em><em>\u201d. L\u2019istante diviene il concetto da cui parte l\u2019indagine fotografica di Anna Caterina Masotti. Le sue fotografie generano una osmosi tra esseri e natura in un dialogo cui il sentimento si riflette nell\u2019ambiente e, viceversa, l\u2019energia del paesaggio pervade tutto lo scatto. Lo stesso connubio tra estetica e poetica delle fotografie si rigenera nell\u2019allestimento che ricrea ambienti intimi, uterini, dentro cui danzano la vita della quotidianit\u00e0 i suoi affetti, i suoi spazi ed i paesaggi a lei cari. Stampe di grande formato si alternano ad altre in dimensione minore, intime nell\u2019approccio visivo oltre che nel soggetto rappresentato\u201d.<\/em>&nbsp;Questo legame tra&nbsp;<strong>estetica e poetica<\/strong>&nbsp;delle fotografie di Anna Caterina Masotti si ritrova nell\u2019<strong>allestimento interno dell\u2019ex monastero,&nbsp;<\/strong>dove infatti il visitatore, percorrendo un corridoio, potr\u00e0 da subito ammirare alcune&nbsp;<strong>fotografie stampate su stoffa chiffon e ricamate a mano,<\/strong>&nbsp;le quali guidano progressivamente verso l\u2019interno della preziosa&nbsp;<strong>cripta risalente all&#8217;XI secolo<\/strong>. Un monumento di grande rilievo sia dal punto di vista artistico che storico, poich\u00e9 sorge sui resti di quella che &#8211; secondo la tradizione &#8211; fu la&nbsp;<strong>casa di&nbsp;<\/strong>Vitale e Agricola, i due santi protomartiri di Bologna. Ad arricchire l\u2019allestimento saranno inoltre&nbsp;<strong>fotografie stampate su carta naturale<\/strong>&nbsp;con piccoli accenni di&nbsp;<strong>ricamo a mano<\/strong>&nbsp;che le rendono pezzi unici. La scelta di presentare le opere con differenti modalit\u00e0 (chiffon, fineart, videomapping) sottolinea la&nbsp;<strong>versatilit\u00e0 della visione artistica della fotografa&nbsp;<\/strong>e la sua capacit\u00e0 di dialogare con il contesto circostante in modo dinamico. In questo&nbsp;<strong>connubio tra passato e presente, tra tradizione e innovazione<\/strong>, emerge la bellezza intrinseca delle opere di Anna Caterina Masotti, che si integrano con maestria nel contesto suggestivo della Cripta, rendendo l\u2019esperienza della visita&nbsp;<strong>un viaggio affascinante, intimo ed emozionale attraverso la poetica della fotografia.<\/strong>&nbsp;\u201c<em>I preziosi momenti che la vita ci regala sono fissati dal gesto dello scatto fotografico affinch\u00e9 non svaniscano nella nebbia dei ricordi. Il \u2018momento\u2019 \u00e8 perci\u00f2 la forma spazio-temporale della poesia che si sottrae alla prosa del divenire. Comunica energia positiva, viva, autentica. \u00c8 una forma spazio- temporale sospesa e concentrata, una realt\u00e0 da sentire, una forma di guarigione sensazionale, anche se fondata su piccole cose. Allo stesso modo, \u00e8 un monito, una protezione rispetto al mondo frenetico e iperconnesso dove si corre per raggiungere obiettivi non obiettivi, l\u00e0 dove invece l&#8217;obiettivo fotografico \u00e8 un focus sulle emozioni essenziali, quelle che contano. Cos\u00ec, il singolo momento diventa universale<\/em>\u201d cos\u00ec scrive l\u2019artista Anna Caterina Masotti.&nbsp;Questa mostra offre un&#8217;opportunit\u00e0 unica di prendersi il proprio tempo e di contemplare la bellezza dell&#8217;istante, catturato per l&#8217;eternit\u00e0 attraverso l&#8217;obiettivo fotografico. \u201c<strong><em>A Single Moment<\/em><\/strong>\u201d di Anna Caterina Masotti \u00e8 un invito a vivere con consapevolezza, a trovare la bellezza nell&#8217;attimo presente e a celebrare la magia dell&#8217;esistere. Non si tratta di perfezione, ma di autenticit\u00e0 e di genuinit\u00e0. La luce che emana dalle opere dell&#8217;artista non abbaglia, ma illumina e crea metafore, regalando al visitatore un&#8217;esperienza intima ed emozionale.&nbsp;<strong>Anna Caterina Masotti: biografia<\/strong><img decoding=\"async\" src=\"https:\/\/ci5.googleusercontent.com\/proxy\/8MsEVgPuwN-TFZ9ac08Bn1U81cpQJdknVepBXlFw1xlNNNqZc6ky4kF3BILX9xmpnWJDssYAGVYNcFKwatnSs9MiZ3fnX-G0o5lFGA_M5N6Q-7FjE29ER6nrK8Xzbx10p6PgCgmgOp4ErQ=s0-d-e1-ft#https:\/\/culturaliart.img.musvc2.net\/static\/91342\/images\/1\/ANNA%20CATERINA%20MASOTTI.jpg\" width=\"255\"><strong>Anna Caterina Masotti<\/strong>&nbsp;nasce negli anni \u201870 a&nbsp;<strong>Bologna<\/strong>, dove attualmente vive. Dall&#8217;et\u00e0 di 10 anni inizia ad appassionarsi di fotografia: passione trasmessa dalla madre Olga, stilista innovativa che amava fotografare, nel tempo libero, fiori e paesaggi. Nel 2004 ritira assieme al padre Alberto il premio&nbsp;<em>La Kore<\/em>, Oscar della Moda. Nel 2010, le viene diagnosticato un problema agli occhi per il quale ha dovuto subire diversi interventi chirurgici. Da quel giorno i suoi sensi si modificano e la sua vita ha un inaspettato cambio di percorso. \u00c8 da questo momento che fotografare diventa una priorit\u00e0, attraverso una nuova visione che la porta ad esplorare modalit\u00e0 alternative di percezione della luce.<strong>INFORMAZIONI UTILI<\/strong>&nbsp;TITOLO:&nbsp;<strong>A Single Moment<\/strong>DI:&nbsp;<strong>Anna Caterina Masotti<\/strong>A CURA DI:&nbsp;<strong>Alessia Locatelli<\/strong>DOVE:&nbsp;<strong>Cripta di San Zama, Via dell\u2019Abbadia 3, Bologna<\/strong>PREVIEW PER LA STAMPA:&nbsp;<strong>30 gennaio 2024 ore 17.00<\/strong>OPENING:&nbsp;<strong>30 gennaio 2024 ore 18.00<\/strong>DATE:&nbsp;<strong>Dal 31 gennaio al 4 febbraio 2024<\/strong>ORARIO CRIPTA:&nbsp;<strong>Da mercoled\u00ec 31 gennaio a domenica 4 febbraio dalle 10.00 alle 13.00 e dalle 16.00 alle 20.00. Sabato 3 febbraio dalle 10.00 alle 13.00 e dalle 16.00 alle 22.30<\/strong><strong>In occasione di ARTE FIERA 2024<\/strong>IN COLLABORAZIONE CON:&nbsp;<strong>Laura Frasca Art Manager di Green Whale Space e l\u2019Associazione Succede Solo a Bologna<\/strong>&nbsp;<strong>INGRESSO GRATUITO<\/strong>&nbsp;<strong>CONTATTI<\/strong><strong>SITO:<\/strong>&nbsp;<a href=\"https:\/\/culturaliart.musvc2.net\/e\/tr?q=4%3dVQ0UO%26B%3d8%26E%3dNQ8T%26B%3dRGXWY%262%3d9GJwJ_EqZq_Pa_yrpp_9g_EqZq_Of4NJ.1uEx3hK2HpExChJBJ10.zEt_InsW_Sc_HXtm_SMLGC_zFHHj6_EqZq_Pdu6JIs6GJlI_EqZq_OV2K0_Cl56Kt_InsW_Ta5t26B_yrpp_9WHJt_4xCw267u_InsW_TaCh09Kw%265%3d0KzMzR.u6G%269z%3dROUAY%26GI2x1h%3d9aOS8ROVGUWQ8Y%265%3d2hXVYBWP2G4SRhTz2jRPZkTURj431EX1S8TTRGa1295U4CVTUkZWZF7R6AWS4kUy&amp;mupckp=mupAtu4m8OiX0wt\" target=\"_blank\" rel=\"noreferrer noopener\">www.annacaterinamasotti.com<\/a><strong>INSTAGRAM:&nbsp;<\/strong><a href=\"https:\/\/culturaliart.musvc2.net\/e\/tr?q=5%3dDU3V7%26F%3d1%26F%3d6U1U%26t%3dV0YEc%26u%3d0yNpK_wuSr_8e_rsXt_2h_wuSr_7jwO2.CnKy5gJfG.cGr_LQuU_VF3sHa_5fNeJnHa_EfMoLyC_rsXt_3hnAs0n8_rsXt_3fRTMQSkUQSGUTdu_rsXt_2W8h_rsXt_2W8h_rsXt_2XzNm_KtOr5j_LQuU_WDFjQsDjNt7w_LQuU_V6MyG_m7iCuE_wuSr_8heEfCl_JVwP_TAOtE_h5mHfCgF_wuSr_8hm3nFuH%26i%3dGuK172.FjN%26iK%3d6V5VC%26Ns%3dTEV3S6V6b9d1SC%26B%3db7951aB3f5a6fSfc7Z8Uf76X1Xg01XE545CV8aCY8SiW0Vf745fc158967j58Vj78Y0Y&amp;mupckp=mupAtu4m8OiX0wt\" target=\"_blank\" rel=\"noreferrer noopener\">Anna_Caterina_Masotti<\/a><strong>LINKEDIN:&nbsp;<\/strong><a href=\"https:\/\/culturaliart.musvc2.net\/e\/tr?q=6%3dOVEWH%26G%3dC%26G%3dGVCV%265%3dWLZPd%267%3dA0O2L_8ves_If_4tiu_Di_8ves_Hk9PC.GuG10pB4.81F_8ves_HkuG_8ves_HkmG46-o4004B46-y49J6My-aIVr7DUqe_4tiu_Di_8ves_Ik7M3_N1N88q_Kgxb_VTIqP9GqM004_Kgxb_ULP6F_30pBAH_4tiu_EguHmB2_Mcvf_WHN0H_o43KmBwI_4tiu_Eg36uEAK%26p%3dFAN86H.IqM%26yN%3dCUKYJ%26M9%3dWLUIVCULeFcGVJ%26A%3dvYH7KeH9GAK5tZHZK9n5OcrULAEVJAJXGAFX4q6mI7DZLaraObLZMbD6OWK6HcHUI7I5&amp;mupckp=mupAtu4m8OiX0wt\" target=\"_blank\" rel=\"noreferrer noopener\">Anna Caterina Masotti<\/a><img decoding=\"async\" src=\"https:\/\/ci4.googleusercontent.com\/proxy\/iPusSie7c7fxxqwjuHPvvXXaEr996TOwcO_UluhSJi-8ZEPGwOzD_l3xDQlmZs8iB07kfTGCu7tLLwLKwlyGTgL2O-Mr5-c9-VunD8EY80QGqh-9BaUk9lttqOyDLyIlhRFqZyyvZxfXiZfHwn_Tx_rdhQ1wpAtEUHg4rQ=s0-d-e1-ft#https:\/\/culturaliart.img.musvc2.net\/static\/91342\/images\/1\/Schermata%202023-11-23%20alle%2012.48.53(0).png\" width=\"197\"><a href=\"https:\/\/culturaliart.musvc2.net\/e\/tr?q=7%3dVV8XO%26G%3d6%26H%3dNV6W%26B%3dWEaWd%26z%3dBGOuM_EvXt_Pf_wupu_7j_EvXt_Ok2QJ.8zFGPw59DfLG.8tG_EvXt_OkjP2IyC_EvXt_Okf-M6IlF2-HtG2Iy-F2AkC00wI-2OjLAJ-i99Gf-0BOtAE6kCx-HtMGMf-86-6sHx-8fN2MnHx-HfMBOyC_EvXt_Ok_wupu_8jHOr_MBPw72_MVwm_XIH2RxF2Oy9E_MVwm_WAOGH_r91DzG_EvXt_PijGxDq_LnxU_VSPyG_z6rJxDlH_EvXt_Pir56GzJ%261%3dHzMI87.H2O%26nM%3dNW0X5x6fU%26Ox%3dVWW8UNWAdQe6UU%26C%3dkUO96cRWhbOdAcSaBYxADdPW69Pd0U108XW9h83bEWSc0Xy6EVR908yYjUx9jcSb&amp;mupckp=mupAtu4m8OiX0wt\" target=\"_blank\" rel=\"noreferrer noopener\">CARTELLA STAMPA E IMMAGINI<\/a><a href=\"https:\/\/culturaliart.musvc2.net\/e\/tr?q=A%3dWXEbP%26I%3dC%26L%3dOXCa%26C%3dYLeXf%267%3dFHQ2Q_Fxex_Qh_4yqw_Dn_Fxex_Pm9UK.FzQH8sPyJ.oMA_Oc1n_YR9BKm_AyQqP7Km_KyP1RHF_4yqw_Dn_Fxex_QmuEGEuB_Fxex_QkYXkVZosVZKsYky_Fxex_PbEl_Fxex_PbEl_Fxex_Pc7RA_P1SF0q_Pozb_abKqUGIqRHB4_Pozb_ZTR6K_ABpGIJ_4yqw_El3JmG0_Oc1n_YHSHJ_o9AMmG5K_4yqw_ElA8uJIM%26p%3dKIP8AP.KqR%267P%3dCZSaJ%26RG%3dYLZQXCZTgFhOXJ%26F9y8m%3dUfKCSZEB2cI0TaDhQYFDXBqCzaJYRBrh1eo9UYmY2ZJcSeL91BnZXfGDzcKaSXEY&amp;mupckp=mupAtu4m8OiX0wt\" target=\"_blank\" rel=\"noreferrer noopener\"><\/a><a href=\"https:\/\/culturaliart.musvc2.net\/e\/tr?q=9%3dTUKZM%26F%3dI%26J%3dLUIY%260%3dVRcUc%26C%3dDEN8O_Cukv_Ne_0wnt_Jl_Cukv_MjESH.0s9z67K6.77I_Cukv_MjSJ95U7E90E95e7DIBP4tzKEIyNvJzAC_Liyk_VX_Nlwh_YaOBI_DICNx9_0wnt_Kj99EO79BPzL_0wnt_JbFN5_Iz81Q8_Liyk_WVA851H_Cukv_MZCP8_7sIA51C9_Liyk_WVIvC4QA%268%3d5QDPuX.99B%26ED%3dUJaOb%26BO%3dMdJYLUJbUXRWLb%26z%3dfUVsYL5tb1cM7zbxbw7savctBM5x9NWuWOXJdNVx7xbQeR7v5sZxBSYJYz0sfx0MazVK&amp;mupckp=mupAtu4m8OiX0wt\" target=\"_blank\" rel=\"noreferrer noopener\"><\/a><a href=\"https:\/\/culturaliart.musvc2.net\/e\/tr?q=0%3dNQ9aG%26B%3d7%26K%3dFQ7Z%264%3dRFdOY%261%3dE9JvP_7qYw_Ha_xxhp_8m_7qYw_Gf3TB.BoKz5jF3.3uJ_7qYw_Gf_xxhp_9m0Js_P4Kx0t_HWze_SJKtMyItJzB7_HWze_RBR9C_sBs91J_7qYw_HdkJp9r_OfsV_YKKzJ_r1sMp9mK_7qYw_Hds8xB1M%26s%3dC1PA38.KtJ%26oP%3dFRAaM%26Jy%3dYOR9XFRBgI8p1gZ7XM%268%3dAeqW0ZpV0ZFQgCNWCbqX9ZHY7eHTiBrWEfF499q5hCqTE0q2CCsV7YFUBXLSE8OZ&amp;mupckp=mupAtu4m8OiX0wt\" target=\"_blank\" rel=\"noreferrer noopener\"><\/a><a href=\"https:\/\/culturaliart.musvc2.net\/e\/tr?q=4%3dNY0UG%26J%3d8%26E%3dFY8T%264%3dZGXOg%262%3d99Rw_If1W_TP_PXte_ZM_If1W_SUU4N.pLu2r9167Gu229zF9Rp.44K_yrhx_9g_7yZq_Hn2K2_QvL7Al_If1W_TSLlN8JlK9Cy_If1W_SKS1D_2Ck00K_yrhx_0etKh01_PXte_ZCL9K_j22Nh0vL_yrhx_0e29pC0N%26k%3dD0Q34G.LlK%26xQ%3d8SJbE%26K8%3d2p9hZGSHY8SKhAaFYE%269%3dsfGRNCkSFB8XuZh3LcEUs9hSrbE2Jg06KaiXr9D4teEaNbB4JCjSphhTHC8VFCE3&amp;mupckp=mupAtu4m8OiX0wt\" target=\"_blank\" rel=\"noreferrer noopener\"><\/a><\/td><\/tr><\/tbody><\/table><\/figure>\n","protected":false},"excerpt":{"rendered":"<p>A SINGLE MOMENTL\u2019Effimero Eterno della fotografia\u200aMostra fotografica di&nbsp;Anna Caterina MasottiA cura di&nbsp;Alessia LocatelliIn occasione di ARTE FIERA 2024Opening: 30 Gennaio [&hellip;]<\/p>\n","protected":false},"author":1,"featured_media":0,"comment_status":"open","ping_status":"open","sticky":false,"template":"","format":"standard","meta":{"footnotes":""},"categories":[1],"tags":[],"class_list":["post-46797","post","type-post","status-publish","format-standard","hentry","category-sin-categoria"],"_links":{"self":[{"href":"https:\/\/www.ecoitaliano.com.ar\/index.php?rest_route=\/wp\/v2\/posts\/46797","targetHints":{"allow":["GET"]}}],"collection":[{"href":"https:\/\/www.ecoitaliano.com.ar\/index.php?rest_route=\/wp\/v2\/posts"}],"about":[{"href":"https:\/\/www.ecoitaliano.com.ar\/index.php?rest_route=\/wp\/v2\/types\/post"}],"author":[{"embeddable":true,"href":"https:\/\/www.ecoitaliano.com.ar\/index.php?rest_route=\/wp\/v2\/users\/1"}],"replies":[{"embeddable":true,"href":"https:\/\/www.ecoitaliano.com.ar\/index.php?rest_route=%2Fwp%2Fv2%2Fcomments&post=46797"}],"version-history":[{"count":0,"href":"https:\/\/www.ecoitaliano.com.ar\/index.php?rest_route=\/wp\/v2\/posts\/46797\/revisions"}],"wp:attachment":[{"href":"https:\/\/www.ecoitaliano.com.ar\/index.php?rest_route=%2Fwp%2Fv2%2Fmedia&parent=46797"}],"wp:term":[{"taxonomy":"category","embeddable":true,"href":"https:\/\/www.ecoitaliano.com.ar\/index.php?rest_route=%2Fwp%2Fv2%2Fcategories&post=46797"},{"taxonomy":"post_tag","embeddable":true,"href":"https:\/\/www.ecoitaliano.com.ar\/index.php?rest_route=%2Fwp%2Fv2%2Ftags&post=46797"}],"curies":[{"name":"wp","href":"https:\/\/api.w.org\/{rel}","templated":true}]}}