{"id":476,"date":"2015-03-22T14:32:38","date_gmt":"2015-03-22T14:32:38","guid":{"rendered":"http:\/\/www.ecoitaliano.com.ar\/?p=476"},"modified":"2015-03-22T14:32:38","modified_gmt":"2015-03-22T14:32:38","slug":"andrea-riccardi-e-il-nuovo-presidente-della-societa-dante-alighieri","status":"publish","type":"post","link":"https:\/\/www.ecoitaliano.com.ar\/?p=476","title":{"rendered":"Andrea Riccardi \u00e8 il nuovo Presidente della Societ\u00e0 Dante Alighieri"},"content":{"rendered":"<p>&nbsp;<\/p>\n<p><a href=\"http:\/\/www.ecoitaliano.com.ar\/wp-content\/uploads\/2015\/03\/images1.jpeg\"><img decoding=\"async\" class=\"alignnone size-full wp-image-477\" src=\"http:\/\/www.ecoitaliano.com.ar\/wp-content\/uploads\/2015\/03\/images1.jpeg\" alt=\"images\" width=\"233\" height=\"99\" \/><\/a><\/p>\n<p>&nbsp;<\/p>\n<p><strong>Si \u00e8 svolta oggi, domenica 22 marzo, a Roma nella sede di Palazzo Firenze, l\u2019Assemblea Straordinaria dei Soci della Societ\u00e0 Dante Alighieri \u2013 presieduta dal Presidente facente funzione Gianni Letta e dal Vicepresidente Paolo Peluffo &#8211; convocata per l\u2019elezione del nuovo Presidente.<\/strong><br \/>\n<strong>Durante le operazioni di voto sono stati espressi 19012 voti. Sono stati rappresentati, personalmente e per delega, in assemblea ben 5855 soci. Gli altri voti sono stati esercitati per corrispondenza.<\/strong><br \/>\n<strong>Allo svolgimento dell\u2019assemblea ha partecipato in rappresentanza del Governo il Sottosegretario agli Esteri, On. Mario Giro.<\/strong><br \/>\n<strong>Il Presidente facente funzione, Gianni Letta ha proclamato i risultati del voto. Hanno ottenuto voti: 16594 il Prof. Andrea Riccardi; 608 il Prof. Salvatore Italia; 400 il Dott. Gianni Letta; 272 il Prof. Giovanni Di Peio.<\/strong><br \/>\n<strong>\u00c8 stato proclamato Presidente della Societ\u00e0 Dante Alighieri, il Cavaliere di Gran Croce, Prof. Andrea Riccardi, fondatore della Comunit\u00e0 di Sant\u2019Egidio, gi\u00e0 Ministro per la Cooperazione Internazionale e l&#8217;Integrazione nel Governo della Repubblica dal novembre 2011 all\u2019aprile 2013.<\/strong><br \/>\n<strong>Dopo la proclamazione del voto, il Sottosegretario Mario Giro ha dichiarato: \u201cLa scelta del Prof. Andrea Riccardi \u00e8 legata alla valorizzazione della lingua e della cultura italiana che ha saputo operare in tanti anni di attivit\u00e0, come storico e profondo conoscitore dei pi\u00f9 importanti dossier internazionali.\u201d<\/strong><br \/>\n<strong>Il curriculum scientifico e civile del Professor Andrea Riccardi \u2013 premio Carlo Magno nel 2009 &#8211; \u00e8 disponibile sul sito della Societ\u00e0 Dante Alighieri, www.ladante.it.<\/strong><\/p>\n","protected":false},"excerpt":{"rendered":"<p>&nbsp; &nbsp; Si \u00e8 svolta oggi, domenica 22 marzo, a Roma nella sede di Palazzo Firenze, l\u2019Assemblea Straordinaria dei Soci [&hellip;]<\/p>\n","protected":false},"author":1,"featured_media":0,"comment_status":"open","ping_status":"open","sticky":false,"template":"","format":"standard","meta":{"footnotes":""},"categories":[4,21],"tags":[],"class_list":["post-476","post","type-post","status-publish","format-standard","hentry","category-cultura","category-noticias"],"_links":{"self":[{"href":"https:\/\/www.ecoitaliano.com.ar\/index.php?rest_route=\/wp\/v2\/posts\/476","targetHints":{"allow":["GET"]}}],"collection":[{"href":"https:\/\/www.ecoitaliano.com.ar\/index.php?rest_route=\/wp\/v2\/posts"}],"about":[{"href":"https:\/\/www.ecoitaliano.com.ar\/index.php?rest_route=\/wp\/v2\/types\/post"}],"author":[{"embeddable":true,"href":"https:\/\/www.ecoitaliano.com.ar\/index.php?rest_route=\/wp\/v2\/users\/1"}],"replies":[{"embeddable":true,"href":"https:\/\/www.ecoitaliano.com.ar\/index.php?rest_route=%2Fwp%2Fv2%2Fcomments&post=476"}],"version-history":[{"count":0,"href":"https:\/\/www.ecoitaliano.com.ar\/index.php?rest_route=\/wp\/v2\/posts\/476\/revisions"}],"wp:attachment":[{"href":"https:\/\/www.ecoitaliano.com.ar\/index.php?rest_route=%2Fwp%2Fv2%2Fmedia&parent=476"}],"wp:term":[{"taxonomy":"category","embeddable":true,"href":"https:\/\/www.ecoitaliano.com.ar\/index.php?rest_route=%2Fwp%2Fv2%2Fcategories&post=476"},{"taxonomy":"post_tag","embeddable":true,"href":"https:\/\/www.ecoitaliano.com.ar\/index.php?rest_route=%2Fwp%2Fv2%2Ftags&post=476"}],"curies":[{"name":"wp","href":"https:\/\/api.w.org\/{rel}","templated":true}]}}