{"id":47898,"date":"2023-12-13T01:44:59","date_gmt":"2023-12-13T01:44:59","guid":{"rendered":"https:\/\/www.ecoitaliano.com.ar\/?p=47898"},"modified":"2023-12-13T01:44:59","modified_gmt":"2023-12-13T01:44:59","slug":"serena-conduce-operaclassica-eco-italiano-2963","status":"publish","type":"post","link":"https:\/\/www.ecoitaliano.com.ar\/?p=47898","title":{"rendered":"Serena conduce operaclassica eco italiano"},"content":{"rendered":"<div class=\"wp-block-image\">\n<figure class=\"aligncenter size-full\"><a href=\"https:\/\/www.ecoitaliano.com.ar\/wp-content\/uploads\/2023\/12\/image004.jpg\"><img decoding=\"async\" width=\"198\" height=\"200\" src=\"https:\/\/www.ecoitaliano.com.ar\/wp-content\/uploads\/2023\/12\/image004.jpg\" alt=\"\" class=\"wp-image-47899\"\/><\/a><\/figure><\/div>\n\n\n<figure class=\"wp-block-table\"><table><tbody><tr><td>COMUNICATO STAMPA<\/td><\/tr><tr><td><\/td><\/tr><\/tbody><\/table><\/figure>\n\n\n\n<p>al via le celebrazioni per i 220 anni del teatro municipale di piacenza<\/p>\n\n\n\n<p>\u201cOTELLO\u201d<strong> <\/strong>di giuseppe verdi inaugura la stagione 2023\/2024<\/p>\n\n\n\n<p>sul podio leonardo sini, regia di italo nunziata<\/p>\n\n\n\n<p>protagonisti gregory kunde, francesca dotto e luca micheletti<\/p>\n\n\n\n<p>Sar\u00e0 <strong><em>Otello <\/em>di Giuseppe Verdi<\/strong> il titolo inaugurale della Stagione d\u2019Opera 2023\/2024, che celebra i 220 anni del Teatro Municipale di Piacenza.<\/p>\n\n\n\n<p><strong>Venerd\u00ec 15 dicembre<\/strong> alle ore 20 e <strong>domenica 17 dicembre<\/strong> alle 15.30 l\u2019opera verdiana andr\u00e0 in scena al Municipale in un nuovo allestimento, realizzato da Fondazione Teatri di Piacenza in coproduzione con Teatro Comunale di Modena, Teatro Valli di Reggio Emilia, Teatro Coccia di Novara e Teatro Sociale di Rovigo. Maestro concertatore e direttore sar\u00e0 <strong>Leonardo Sini<\/strong>, alla guida dell\u2019<strong>Orchestra dell\u2019Emilia-Romagna Arturo Toscanini<\/strong>, del <strong>Coro del Teatro Municipale di Piacenza<\/strong> preparato da <strong>Corrado Casati<\/strong> e delle <strong>Voci bianche del Conservatorio Nicolini<\/strong> istruite da <strong>Giorgio Ubaldi<\/strong>.<\/p>\n\n\n\n<p>Cast di affermati artisti, a partire dall\u2019Otello del tenore <strong>Gregory Kunde<\/strong>, oggi interprete di riferimento per questo ruolo, per continuare con il soprano <strong>Francesca Dotto<\/strong> al debutto nella parte di Desdemona, e per la prima volta al Municipale il baritono <strong>Luca Micheletti<\/strong> come Jago. Al loro fianco <strong>Antonio Mandrillo<\/strong> (Cassio), <strong>Andrea Galli<\/strong> (Roderigo), <strong>Mattia Denti<\/strong> (Lodovico), <strong>Alberto Petricca<\/strong> (Montano), <strong>Carlotta Vichi<\/strong> (Emilia), <strong>Eugenio Maria Degiacomi<\/strong> (Un araldo).<\/p>\n\n\n\n<p>La regia \u00e8 firmata da <strong>Italo Nunziata<\/strong>, con le scene di <strong>Domenico Franchi<\/strong>, i costumi di <strong>Artemio Cabassi<\/strong> e le luci di <strong>Fiammetta Baldiserri<\/strong>.<\/p>\n\n\n\n<p>Penultima opera verdiana, il dramma lirico in quattro anni su libretto di Arrigo Boito, basato sull\u2019omonima tragedia shakespeariana, debutt\u00f2 al Teatro alla Scala di Milano il 5 febbraio 1887, dopo un periodo di lunghissimo silenzio del compositore: <em>Aida<\/em>, l\u2019opera precedente, era andata in scena nel 1871.<\/p>\n\n\n\n<p>Una \u201ctragedia di tutti i tempi e di tutte le epoche\u201d, la definisce il regista Nunziata, che in questo allestimento \u00e8 \u201cambientata anche per i costumi e gli oggetti negli ultimi decenni del 1800, quasi ad evidenziarne, laddove possibile, la natura di dramma borghese dello svolgersi dell\u2019azione e del sentimento\u201d.&nbsp;<\/p>\n\n\n\n<p>\u201cUna societ\u00e0 ed un periodo storico &#8211; prosegue il regista &#8211; che non ha pi\u00f9 cotte di ferro o armature, ma corazze ben precise fatte di particolari tagli degli abiti, di rituali e forme ineludibili di vivere sociale, di appartenenza per nascita a un mondo dove chi viene dal di fuori, pur avendo guadagnato con forza la sua esistenza e posizione in questa societ\u00e0 adeguandosi perfettamente alle sue leggi sociali, sar\u00e0 visto e ne rimarr\u00e0 sempre come estraneo e straniero\u201d.<\/p>\n\n\n\n<p>Fulcro del dramma la gelosia, vista come una prigione, \u201cche piega le gambe, toglie il sonno, arrovella i pensieri, una stanza chiusa dalla quale \u00e8 possibile uscire solo con l\u2019annientamento totale della causa di questa lacerante ossessione\u201d. E anche lo spazio scenico della tragedia \u00e8 \u201cuno spazio chiuso, fatto di pareti di rame ossidate dal mare o dal passare del tempo. Una sorta di spazio prigione che, pur aprendosi verso l\u2019esterno, ha sempre del di fuori una visione non naturale o oleografica, ma straniante e suggestiva\u201d.<\/p>\n\n\n\n<p>Il titolo verdiano apre la Stagione che celebra i 220 anni del Teatro Municipale di Piacenza, inaugurato il 10 settembre 1804 su disegno dell\u2019architetto Lotario Tomba: un anno di festeggiamenti che si concluder\u00e0, a settembre 2024, con un Campus rivolto ai ragazzi dedicato ai mestieri della scena, in un ideale passaggio di consegne alle nuove generazioni.<\/p>\n\n\n\n<p>Ancora ai giovani \u00e8 dedicata l\u2019anteprima <strong>#Otello18<\/strong>, in programma <strong>mercoled\u00ec 13 dicembre<\/strong> alle ore 19.30, ormai tradizione consolidata per l\u2019inaugurazione della Stagione Lirica del Municipale, che sar\u00e0 rivolta gratuitamente ai diciottenni. L\u2019iniziativa, promossa dall\u2019Amministrazione comunale e dalla Fondazione Teatri di Piacenza, \u00e8 pensata come \u201cregalo\u201d per i ragazzi che compiono la maggiore et\u00e0 nel 2023 e nel 2024, per avvicinarli al mondo dell\u2019opera e renderli protagonisti della vita culturale della propria citt\u00e0.<\/p>\n\n\n\n<p><strong>Info e biglietti<\/strong><\/p>\n\n\n\n<p>I biglietti omaggio per #Otello18 sono disponibili alla Biglietteria del Teatro Municipale, presentando un documento d\u2019identit\u00e0, fino ad esaurimento posti.<\/p>\n\n\n\n<p>Per informazioni: Biglietteria del Teatro Municipale: tel. 0523 385720\/21 \u2013 <a href=\"mailto:biglietteria@teatripiacenza.it\">biglietteria@teatripiacenza.it<\/a><\/p>\n\n\n\n<figure class=\"wp-block-gallery has-nested-images columns-default is-cropped wp-block-gallery-1 is-layout-flex wp-block-gallery-is-layout-flex\">\n<figure class=\"wp-block-image size-large\"><a href=\"https:\/\/www.ecoitaliano.com.ar\/wp-content\/uploads\/2023\/12\/Prove-Otello_foto-Cravedi2-scaled.jpg\"><img decoding=\"async\" width=\"1024\" height=\"683\" data-id=\"47901\" src=\"https:\/\/www.ecoitaliano.com.ar\/wp-content\/uploads\/2023\/12\/Prove-Otello_foto-Cravedi2-1024x683.jpg\" alt=\"\" class=\"wp-image-47901\" srcset=\"https:\/\/www.ecoitaliano.com.ar\/wp-content\/uploads\/2023\/12\/Prove-Otello_foto-Cravedi2-1024x683.jpg 1024w, https:\/\/www.ecoitaliano.com.ar\/wp-content\/uploads\/2023\/12\/Prove-Otello_foto-Cravedi2-300x200.jpg 300w, https:\/\/www.ecoitaliano.com.ar\/wp-content\/uploads\/2023\/12\/Prove-Otello_foto-Cravedi2-768x512.jpg 768w, https:\/\/www.ecoitaliano.com.ar\/wp-content\/uploads\/2023\/12\/Prove-Otello_foto-Cravedi2-1536x1024.jpg 1536w, https:\/\/www.ecoitaliano.com.ar\/wp-content\/uploads\/2023\/12\/Prove-Otello_foto-Cravedi2-2048x1365.jpg 2048w, https:\/\/www.ecoitaliano.com.ar\/wp-content\/uploads\/2023\/12\/Prove-Otello_foto-Cravedi2-150x100.jpg 150w\" sizes=\"(max-width: 1024px) 100vw, 1024px\" \/><\/a><\/figure>\n\n\n\n<figure class=\"wp-block-image size-large\"><a href=\"https:\/\/www.ecoitaliano.com.ar\/wp-content\/uploads\/2023\/12\/Prove-Otello_Foto-Cravedi-scaled.jpg\"><img decoding=\"async\" width=\"1024\" height=\"683\" data-id=\"47900\" src=\"https:\/\/www.ecoitaliano.com.ar\/wp-content\/uploads\/2023\/12\/Prove-Otello_Foto-Cravedi-1024x683.jpg\" alt=\"\" class=\"wp-image-47900\" srcset=\"https:\/\/www.ecoitaliano.com.ar\/wp-content\/uploads\/2023\/12\/Prove-Otello_Foto-Cravedi-1024x683.jpg 1024w, https:\/\/www.ecoitaliano.com.ar\/wp-content\/uploads\/2023\/12\/Prove-Otello_Foto-Cravedi-300x200.jpg 300w, https:\/\/www.ecoitaliano.com.ar\/wp-content\/uploads\/2023\/12\/Prove-Otello_Foto-Cravedi-768x512.jpg 768w, https:\/\/www.ecoitaliano.com.ar\/wp-content\/uploads\/2023\/12\/Prove-Otello_Foto-Cravedi-1536x1024.jpg 1536w, https:\/\/www.ecoitaliano.com.ar\/wp-content\/uploads\/2023\/12\/Prove-Otello_Foto-Cravedi-2048x1365.jpg 2048w, https:\/\/www.ecoitaliano.com.ar\/wp-content\/uploads\/2023\/12\/Prove-Otello_Foto-Cravedi-150x100.jpg 150w\" sizes=\"(max-width: 1024px) 100vw, 1024px\" \/><\/a><\/figure>\n<\/figure>\n","protected":false},"excerpt":{"rendered":"<p>COMUNICATO STAMPA al via le celebrazioni per i 220 anni del teatro municipale di piacenza \u201cOTELLO\u201d di giuseppe verdi inaugura [&hellip;]<\/p>\n","protected":false},"author":1,"featured_media":0,"comment_status":"open","ping_status":"open","sticky":false,"template":"","format":"standard","meta":{"footnotes":""},"categories":[1],"tags":[],"class_list":["post-47898","post","type-post","status-publish","format-standard","hentry","category-sin-categoria"],"_links":{"self":[{"href":"https:\/\/www.ecoitaliano.com.ar\/index.php?rest_route=\/wp\/v2\/posts\/47898","targetHints":{"allow":["GET"]}}],"collection":[{"href":"https:\/\/www.ecoitaliano.com.ar\/index.php?rest_route=\/wp\/v2\/posts"}],"about":[{"href":"https:\/\/www.ecoitaliano.com.ar\/index.php?rest_route=\/wp\/v2\/types\/post"}],"author":[{"embeddable":true,"href":"https:\/\/www.ecoitaliano.com.ar\/index.php?rest_route=\/wp\/v2\/users\/1"}],"replies":[{"embeddable":true,"href":"https:\/\/www.ecoitaliano.com.ar\/index.php?rest_route=%2Fwp%2Fv2%2Fcomments&post=47898"}],"version-history":[{"count":0,"href":"https:\/\/www.ecoitaliano.com.ar\/index.php?rest_route=\/wp\/v2\/posts\/47898\/revisions"}],"wp:attachment":[{"href":"https:\/\/www.ecoitaliano.com.ar\/index.php?rest_route=%2Fwp%2Fv2%2Fmedia&parent=47898"}],"wp:term":[{"taxonomy":"category","embeddable":true,"href":"https:\/\/www.ecoitaliano.com.ar\/index.php?rest_route=%2Fwp%2Fv2%2Fcategories&post=47898"},{"taxonomy":"post_tag","embeddable":true,"href":"https:\/\/www.ecoitaliano.com.ar\/index.php?rest_route=%2Fwp%2Fv2%2Ftags&post=47898"}],"curies":[{"name":"wp","href":"https:\/\/api.w.org\/{rel}","templated":true}]}}