{"id":47911,"date":"2023-12-13T02:05:08","date_gmt":"2023-12-13T02:05:08","guid":{"rendered":"https:\/\/www.ecoitaliano.com.ar\/?p=47911"},"modified":"2023-12-13T02:05:08","modified_gmt":"2023-12-13T02:05:08","slug":"serena-conduce-operaclassica-eco-italiano-2965","status":"publish","type":"post","link":"https:\/\/www.ecoitaliano.com.ar\/?p=47911","title":{"rendered":"Serena conduce operaclassica eco italiano"},"content":{"rendered":"<div class=\"wp-block-image\">\n<figure class=\"aligncenter size-full\"><a href=\"http:\/\/www.ecoitaliano.com.ar\/wp-content\/uploads\/2023\/12\/171f0d23f60b4818b059feb8af35143b.jpg\"><img decoding=\"async\" width=\"300\" height=\"97\" src=\"http:\/\/www.ecoitaliano.com.ar\/wp-content\/uploads\/2023\/12\/171f0d23f60b4818b059feb8af35143b.jpg\" alt=\"\" class=\"wp-image-47354\" srcset=\"https:\/\/www.ecoitaliano.com.ar\/wp-content\/uploads\/2023\/12\/171f0d23f60b4818b059feb8af35143b.jpg 300w, https:\/\/www.ecoitaliano.com.ar\/wp-content\/uploads\/2023\/12\/171f0d23f60b4818b059feb8af35143b-150x49.jpg 150w\" sizes=\"(max-width: 300px) 100vw, 300px\" \/><\/a><\/figure><\/div>\n\n\n<p><strong>COMUNICATO STAMPA<\/strong><\/p>\n\n\n\n<p><strong>NEL LABORATORIO DEL COMPOSITORE: GIORGIO BATTISTELLI<\/strong><\/p>\n\n\n\n<p><strong>SI RACCONTA IN UN\u2019AUTOBIOGRAFIA A DUE VOCI<\/strong><\/p>\n\n\n\n<p><strong>Il compositore Leone d\u2019Oro alla carriera presenta all\u2019Opera di Roma<\/strong><\/p>\n\n\n\n<p><strong>il suo ultimo libro<\/strong><\/p>\n\n\n\n<p><strong>Con Lucia Ronchetti, Andrea Estero e Francesco Giambrone<\/strong><\/p>\n\n\n\n<p><strong>Mercoled\u00ec 20 dicembre ore 17.00 in Sala Carelli<\/strong><\/p>\n\n\n\n<p>Pubblicata a settant\u2019anni appena compiuti,&nbsp;<strong>\u201cGiorgio Battistelli. Per moto contrario\u201d<\/strong>&nbsp;(LIM &#8211; Libreria Musicale Italiana, dicembre 2023) \u00e8 un\u2019autobiografia in forma di conversazione: un dialogo a due \u2013 dall\u2019altra parte un giovane musicista, Salvatore Sclafani \u2013 con cui il celebre compositore italiano \u2013 Leone d\u2019Oro alla Biennale di Venezia 2022 \u2013 intesse e riavvolge le fila della sua esistenza, rivelando, in un travolgente fluire, tanto aspetti della sua traiettoria artistica quanto tratti della sua storia personale.&nbsp;<strong>L\u2019autore presenta il libro mercoled\u00ec 20 dicembre, alle ore 17, in Sala Carelli al Teatro Costanzi<\/strong>. Intervengono il Direttore Artistico della Biennale Musica di Venezia&nbsp;<strong>Lucia Ronchetti<\/strong>, l\u2019editore&nbsp;<strong>Andrea Estero<\/strong>&nbsp;e il sovrintendente dell\u2019Opera di Roma&nbsp;<strong>Francesco Giambrone<\/strong>. Modera&nbsp;<strong>Paolo Cairoli<\/strong>. L\u2019ingresso \u00e8 libero fino ad esaurimento posti.<\/p>\n\n\n\n<p>Da quell\u2019<em>Experimentum Mundi<\/em>&nbsp;(1981) che lo ha consacrato tra i grandi della musica contemporanea alla produzione musicale di oggi; e poi i primi aneddoti d\u2019infanzia, gli studi, e gli incontri con artisti, compositori e intellettuali \u2013 tra questi, Claudio Abbado, Luciano Berio, Karlheinz Stockhausen, Michelangelo Antonioni, Federico Fellini e Luca Ronconi \u2013 che ne hanno segnato il percorso e la tempra: cos\u00ec \u201cGiorgio Battistelli. Per moto contrario\u201d invita il lettore a conoscere da vicino il laboratorio del musicista e a vivere, al contempo, un\u2019esperienza a tu per tu con la storia della musica contemporanea.<\/p>\n\n\n\n<p>Al Teatro dell\u2019Opera di Roma, di cui \u00e8 stato direttore della programmazione sinfonica e contemporanea dal 2015 al 2017, Giorgio Battistelli ha inaugurato al Costanzi la stagione 2021\/2022 con&nbsp;<em>Julius Caesar<\/em>&nbsp;(da Shakespeare), con la regia di Robert Carsen e la direzione di Daniele Gatti. Precedentemente, nel 2012, alle Terme di Caracalla sono state eseguite altre due sue composizioni,&nbsp;<em>Orazi e Curiazi<\/em>&nbsp;e&nbsp;<em>Il combattimento di Tancredi e Clorinda<\/em>&nbsp;(da Monteverdi). Al Costanzi \u00e8 poi stata rappresentata, nel 2001, l\u2019opera&nbsp;<em>Prova d\u2019orchestra<\/em>&nbsp;(dall\u2019omonimo film di Fellini); nel 1996, nello spazio del Borghetto Flaminio e sempre per l\u2019Opera di Roma,&nbsp;<em>Teorema<\/em>&nbsp;(da Pasolini).<\/p>\n\n\n\n<p>Compositore italiano pi\u00f9 eseguito a livello internazionale, Battistelli \u00e8 autore di una trentina di lavori per il teatro musicale (dai gi\u00e0 citati&nbsp;<em>Experimentum Mundi<\/em>&nbsp;e&nbsp;<em>Teorema<\/em>, appena messo in scena alla Deutsche Oper di Berlino, a<em>&nbsp;Jules Verne<\/em>,&nbsp;<em>Sconcerto<\/em>&nbsp;e&nbsp;<em>Riccardo III<\/em>) ed \u00e8 stato direttore artistico di alcune delle pi\u00f9 importanti istituzioni nazionali, tra cui l\u2019Accademia Filarmonica Romana, la Biennale Musica di Venezia e la Fondazione Arena di Verona. Sar\u00e0 direttore artistico del Festival MiTo SettembreMusica di Milano e Torino dal 2024.<\/p>\n\n\n\n<p>Foto:&nbsp;<a target=\"_blank\" href=\"https:\/\/fondazioneteatrodelloperadirom.musvc2.net\/e\/tr?q=6%3dNaXaL%26D%3dP%26G%3dKUVZ%267%3dSObKWT%26N%3dzLHIA_Jovh_UY_Kiun_UX_Jovh_Td70AJ8.yGC047.1H5_Jovh_Td70AJ8_0sqs_Jh4H463KA_Jovh_TdTVlhu5i74cJD3YCfVCluH6DPOp26q3EYx_0sqs_KhIL8_Jovh_UbLz3FB69%262%3dFCKJ6J.F3M%261K%3dScPW%26HL%3dJbPVITOUISRXIV%266%3d4O5RZPV4s3ySbv7yURWz4QXyav7z7OU2TMY25JXXWIYzWL8QWQZWUQ3S9Nbz9u3UXsU3&amp;mupckp=mupAtu4m8OiX0wt\" rel=\"noreferrer noopener\">https:\/\/drive.google.com\/drive\/folders\/1DJJRmGiaKrpZGkH3uJWonl2vXZhNkmAU?usp=sharing<\/a><\/p>\n\n\n\n<p><strong>12 dicembre 2023<\/strong><\/p>\n\n\n\n<p><strong>TEATRO DELL\u2019OPERA DI ROMA<\/strong><\/p>\n\n\n\n<p><strong>Cosimo Manicone<\/strong><\/p>\n\n\n\n<p>ufficio stampa<\/p>\n\n\n\n<p><a href=\"mailto:cosimo.manicone@operaroma.it\" target=\"_blank\" rel=\"noreferrer noopener\">cosimo.manicone@operaroma.it<\/a><\/p>\n\n\n\n<p><strong>Paolo Cairoli<\/strong><\/p>\n\n\n\n<p>direttore della comunicazione<\/p>\n\n\n\n<p><a href=\"mailto:paolo.cairoli@operaroma.it\" target=\"_blank\" rel=\"noreferrer noopener\">paolo.cairoli@operaroma.it<\/a><\/p>\n\n\n\n<figure class=\"wp-block-gallery has-nested-images columns-default is-cropped wp-block-gallery-1 is-layout-flex wp-block-gallery-is-layout-flex\">\n<figure class=\"wp-block-image size-large\"><a href=\"https:\/\/www.ecoitaliano.com.ar\/wp-content\/uploads\/2023\/12\/Invito-Battistelli.jpg\"><img decoding=\"async\" width=\"900\" height=\"700\" data-id=\"47912\" src=\"https:\/\/www.ecoitaliano.com.ar\/wp-content\/uploads\/2023\/12\/Invito-Battistelli.jpg\" alt=\"\" class=\"wp-image-47912\" srcset=\"https:\/\/www.ecoitaliano.com.ar\/wp-content\/uploads\/2023\/12\/Invito-Battistelli.jpg 900w, https:\/\/www.ecoitaliano.com.ar\/wp-content\/uploads\/2023\/12\/Invito-Battistelli-300x233.jpg 300w, https:\/\/www.ecoitaliano.com.ar\/wp-content\/uploads\/2023\/12\/Invito-Battistelli-768x597.jpg 768w, https:\/\/www.ecoitaliano.com.ar\/wp-content\/uploads\/2023\/12\/Invito-Battistelli-150x117.jpg 150w, https:\/\/www.ecoitaliano.com.ar\/wp-content\/uploads\/2023\/12\/Invito-Battistelli-400x311.jpg 400w\" sizes=\"(max-width: 900px) 100vw, 900px\" \/><\/a><\/figure>\n<\/figure>\n\n\n\n<figure class=\"wp-block-image size-full\"><a href=\"http:\/\/www.ecoitaliano.com.ar\/wp-content\/uploads\/2023\/12\/51111a50cb0b42a6bcd886505ddbf941-1.jpg\"><img decoding=\"async\" width=\"300\" height=\"147\" src=\"http:\/\/www.ecoitaliano.com.ar\/wp-content\/uploads\/2023\/12\/51111a50cb0b42a6bcd886505ddbf941-1.jpg\" alt=\"\" class=\"wp-image-47454\" srcset=\"https:\/\/www.ecoitaliano.com.ar\/wp-content\/uploads\/2023\/12\/51111a50cb0b42a6bcd886505ddbf941-1.jpg 300w, https:\/\/www.ecoitaliano.com.ar\/wp-content\/uploads\/2023\/12\/51111a50cb0b42a6bcd886505ddbf941-1-150x74.jpg 150w\" sizes=\"(max-width: 300px) 100vw, 300px\" \/><\/a><\/figure>\n","protected":false},"excerpt":{"rendered":"<p>COMUNICATO STAMPA NEL LABORATORIO DEL COMPOSITORE: GIORGIO BATTISTELLI SI RACCONTA IN UN\u2019AUTOBIOGRAFIA A DUE VOCI Il compositore Leone d\u2019Oro alla [&hellip;]<\/p>\n","protected":false},"author":1,"featured_media":0,"comment_status":"open","ping_status":"open","sticky":false,"template":"","format":"standard","meta":{"footnotes":""},"categories":[1],"tags":[],"class_list":["post-47911","post","type-post","status-publish","format-standard","hentry","category-sin-categoria"],"_links":{"self":[{"href":"https:\/\/www.ecoitaliano.com.ar\/index.php?rest_route=\/wp\/v2\/posts\/47911","targetHints":{"allow":["GET"]}}],"collection":[{"href":"https:\/\/www.ecoitaliano.com.ar\/index.php?rest_route=\/wp\/v2\/posts"}],"about":[{"href":"https:\/\/www.ecoitaliano.com.ar\/index.php?rest_route=\/wp\/v2\/types\/post"}],"author":[{"embeddable":true,"href":"https:\/\/www.ecoitaliano.com.ar\/index.php?rest_route=\/wp\/v2\/users\/1"}],"replies":[{"embeddable":true,"href":"https:\/\/www.ecoitaliano.com.ar\/index.php?rest_route=%2Fwp%2Fv2%2Fcomments&post=47911"}],"version-history":[{"count":0,"href":"https:\/\/www.ecoitaliano.com.ar\/index.php?rest_route=\/wp\/v2\/posts\/47911\/revisions"}],"wp:attachment":[{"href":"https:\/\/www.ecoitaliano.com.ar\/index.php?rest_route=%2Fwp%2Fv2%2Fmedia&parent=47911"}],"wp:term":[{"taxonomy":"category","embeddable":true,"href":"https:\/\/www.ecoitaliano.com.ar\/index.php?rest_route=%2Fwp%2Fv2%2Fcategories&post=47911"},{"taxonomy":"post_tag","embeddable":true,"href":"https:\/\/www.ecoitaliano.com.ar\/index.php?rest_route=%2Fwp%2Fv2%2Ftags&post=47911"}],"curies":[{"name":"wp","href":"https:\/\/api.w.org\/{rel}","templated":true}]}}