{"id":47914,"date":"2023-12-13T02:19:37","date_gmt":"2023-12-13T02:19:37","guid":{"rendered":"https:\/\/www.ecoitaliano.com.ar\/?p=47914"},"modified":"2023-12-13T02:19:37","modified_gmt":"2023-12-13T02:19:37","slug":"serena-conduce-operaclassica-eco-italiano-2966","status":"publish","type":"post","link":"https:\/\/www.ecoitaliano.com.ar\/?p=47914","title":{"rendered":"Serena conduce operaclassica eco italiano"},"content":{"rendered":"<div class=\"wp-block-image\">\n<figure class=\"aligncenter size-full is-resized\"><a href=\"https:\/\/www.ecoitaliano.com.ar\/wp-content\/uploads\/2023\/12\/image002-4.png\"><img decoding=\"async\" width=\"105\" height=\"105\" src=\"https:\/\/www.ecoitaliano.com.ar\/wp-content\/uploads\/2023\/12\/image002-4.png\" alt=\"\" class=\"wp-image-47915\" style=\"width:198px;height:auto\"\/><\/a><\/figure><\/div>\n\n\n<p><strong>COMUNICATO STAMPA<\/strong><\/p>\n\n\n\n<p><strong>Progetto \u201cAll\u2019Opera\u2026 In campo!\u201d<\/strong><\/p>\n\n\n\n<p>presenta<strong><em><\/em><\/strong><\/p>\n\n\n\n<p>&nbsp;<strong>Spettacoli per le famiglie 2023\/2024<\/strong><\/p>\n\n\n\n<p><strong>La meravigliosa storia del flauto magico<\/strong><\/p>\n\n\n\n<p><strong>&nbsp;<\/strong>da&nbsp;<em>Il flauto magico<\/em>&nbsp;di Wolfgang Amadeus Mozart<\/p>\n\n\n\n<p><strong>dal 13 al 16 dicembre 2023<\/strong><\/p>\n\n\n\n<p><strong>SALA GRANDE DEL TEATRO DEL MAGGIO MUSICALE FIORENTINO<\/strong><\/p>\n\n\n\n<p><strong>Uno spettacolo di Venti Lucenti<\/strong><\/p>\n\n\n\n<p><strong>con la partecipazione in palcoscenico<\/strong><\/p>\n\n\n\n<p><strong>di 120 bambini e ragazzi del progetto \u201cAll\u2019Opera\u2026 In campo!\u201d<\/strong><\/p>\n\n\n\n<p>Regia, scrittura scenica e costumi<strong>&nbsp;Manu Lalli<\/strong><\/p>\n\n\n\n<p>Musiche di&nbsp;<strong>Wolfgang Amadeus Mozart<\/strong><\/p>\n\n\n\n<p>Direttore e maestro concertatore<strong>&nbsp;Giuseppe La Malfa<\/strong><\/p>\n\n\n\n<p><strong>Orchestra del Maggio Musicale Fiorentino<\/strong><\/p>\n\n\n\n<p>Scene<strong>&nbsp;Daniele Leone<\/strong><\/p>\n\n\n\n<p>Movimenti coreografici<strong>&nbsp;Chiara Casalbuoni<\/strong><\/p>\n\n\n\n<p>Attori&nbsp;<strong>Compagnia Venti Lucenti<\/strong><\/p>\n\n\n\n<p>Solisti&nbsp;<strong>Accademia del Maggio Musicale Fiorentino<\/strong><\/p>\n\n\n\n<p>_<\/p>\n\n\n\n<p><em>Torna al Teatro del Maggio, con la prestigiosa Orchestra del Maggio Musicale Fiorentino, lo spettacolo conclusivo del campo estivo \u201cAll\u2019Opera\u2026 In Campo!\u201d.<\/em><\/p>\n\n\n\n<h6 class=\"wp-block-heading\"><em>In scena 120 bambini e ragazzi che guideranno il pubblico alla scoperta di una storia magica fra personaggi fantastici, draghi, prove da superare e una foresta in cui perdersi alla ricerca dell\u2019amore.<\/em><\/h6>\n\n\n\n<h6 class=\"wp-block-heading\"><em>Accompagna il racconto il suono di un flauto: un flauto magico.<\/em><\/h6>\n\n\n\n<h6 class=\"wp-block-heading\"><em>&nbsp;<\/em><\/h6>\n\n\n\n<p>Nell\u2019ambito degli&nbsp;<em>Spettacoli per famiglie 2023\/2024<\/em>, torna nella Sala Grande del&nbsp;<strong>Teatro del Maggio Musicale Fiorentino, dal 13 (prova generale aperta) al 16 dicembre<\/strong>, il momento conclusivo del percorso di avvicinamento all\u2019opera lirica \u201c<strong>All\u2019Opera\u2026 In campo!<\/strong>\u201d: un progetto di&nbsp;<strong>Fondazione CR Firenze<\/strong>&nbsp;realizzato in collaborazione con&nbsp;<strong>Venti Lucenti<\/strong>, il&nbsp;<strong>Teatro del Maggio Musicale Fiorentino<\/strong>, l\u2019<strong>Assessorato all\u2019Educazione del Comune di Firenze<\/strong>&nbsp;(<strong><em>Le Chiavi della Citt\u00e0<\/em><\/strong>).<\/p>\n\n\n\n<p>In scena, con tre recite riservate alle scuole e una aperta al pubblico, la riduzione d\u2019opera&nbsp;<strong><em>LA MERAVIGLIOSA STORIA DEL FLAUTO MAGICO<\/em><\/strong>&nbsp;da&nbsp;<em>Il flauto magico<\/em>&nbsp;di Mozart.<\/p>\n\n\n\n<p>Una&nbsp;<strong>prima rappresentazione assoluta<\/strong>&nbsp;del&nbsp;<strong>Teatro del Maggio&nbsp;<\/strong>in coproduzione con&nbsp;<strong>Venti Lucenti<\/strong>&nbsp;\u2013 regia, scrittura scenica e costumi di&nbsp;<strong>Manu Lalli<\/strong>, musiche di&nbsp;<strong>Wolfgang Amadeus<\/strong>&nbsp;<strong>Mozart&nbsp;<\/strong>eseguite dall\u2019<strong>Orchestra del Maggio Musicale Fiorentino&nbsp;<\/strong>diretta da<strong>&nbsp;Giuseppe La Malfa<\/strong>&nbsp;\u2013 che vuole avvicinare il pubblico, anche di giovanissimi, all\u2019opera lirica.<\/p>\n\n\n\n<p>In palcoscenico,<strong>&nbsp;in veste di attori e coro di voci bianche<\/strong>, circa<strong>&nbsp;120 bambini e ragazzi dagli 8 ai 18 anni<\/strong>&nbsp;del campo estivo \u201c<strong>All\u2019Opera\u2026 in campo!<\/strong>\u201d insieme a&nbsp;<strong>attori<\/strong>,&nbsp;<strong>cantanti&nbsp;<\/strong>e&nbsp;<strong>musicisti professionisti<\/strong>&nbsp;che partecipano alla messa in scena dello spettacolo tratto dall\u2019ultima opera del geniale compositore austriaco.<\/p>\n\n\n\n<p>Nel cast gli attori e gli animatori della compagnia&nbsp;<strong>Venti Lucenti<\/strong>&nbsp;e i solisti dell\u2019<strong>Accademia del Maggio Musicale<\/strong>. Anche quest\u2019anno tanti studenti delle&nbsp;<strong>scuole di Firenze<\/strong>&nbsp;hanno scelto questo progetto per svolgere i&nbsp;<strong>PCTO<\/strong>&nbsp;(Percorsi per le Competenze Trasversali e l&#8217;Orientamento) sia partecipando alla messa in scena che contribuendo alla realizzazione di alcuni elementi scenici.<\/p>\n\n\n\n<p>La metodologia del progetto \u201c<strong>All\u2019Opera\u2026 in campo!<\/strong>\u201d, che&nbsp;<strong>dal 2012<\/strong>&nbsp;ha coinvolto&nbsp;<strong>in palcoscenico oltre 800 bambini e ragazzi e 25.000 spettatori<\/strong>, \u00e8 quella di&nbsp;<strong>Venti Lucenti&nbsp;<\/strong>per cui gli obiettivi della divulgazione culturale e dell\u2019avvicinamento all\u2019opera lirica vengono sviluppati attraverso la messa in scena di spettacoli dove i ragazzi partecipano in palcoscenico, dopo un lungo e attento lavoro di formazione teatrale e corale.<\/p>\n\n\n\n<p><em>&nbsp;\u201c\u2019All\u2019Opera\u2026in campo!\u2019 \u00e8 un\u2019iniziativa&nbsp; coinvolgente che abbiamo il piacere di promuovere da ormai 11 anni &#8211;&nbsp;<\/em>commenta&nbsp;<strong>Gabriele Gori<\/strong>, Direttore Generale di&nbsp;<strong>Fondazione CR Firenze &#8211;&nbsp;<\/strong><em>&nbsp;e che ha il merito di avvicinare i giovani al mondo del teatro e del Maggio Musicale Fiorentino attraverso la formula del campo estivo e un percorso formativo che rimarr\u00e0 un\u2019esperienza indimenticabile. Il progetto \u00e8 coinvolgente, per\u00f2, anche per tutti gli spettatori che possono essere accompagnati dall\u2019energia dei giovani partecipanti attraverso le vicende de \u2018La meravigliosa storia del flauto magico\u2019. Come sempre, il nostro pi\u00f9 sentito grazie va a Venti Lucenti che ha seguito da vicino i ragazzi in questi mesi\u201d.<\/em><\/p>\n\n\n\n<p>\u201c\u2018<em>La meravigliosa storia del flauto magico\u2019 \u00e8 una produzione bella e di qualit\u00e0 &#8211;&nbsp;<\/em>ha detto l\u2019<strong>Assessore all\u2019Educazione Sara Funaro<\/strong><em>&nbsp;-; con questa produzione artistica, inserita nel pacchetto de \u2018Le Chiavi della Citt\u00e0\u2019, gli studenti fiorentini hanno avuto la possibilit\u00e0 di esprimere le loro qualit\u00e0 artistiche ed espressive. Grazie a questo progetto della Fondazione CR Firenze, realizzato in collaborazione con Venti Lucenti e il Teatro del Maggio Musicale, i ragazzi si sono cimentati nella maestosit\u00e0 dell\u2019opera lirica, che ha un grande valore formativo. L\u2019esperienza teatrale \u00e8 importante nel percorso educativo e noi ci crediamo molto: consente di fare esperienza della propria interiorit\u00e0 e di costruire relazioni; entrambi aspetti fondamentali nella crescita dei nostri ragazzi<\/em>\u201d.<\/p>\n\n\n\n<p>Conclude<strong>&nbsp;Manu Lalli<\/strong>, regista e direttrice artistica di&nbsp;<strong>Venti Lucenti<\/strong>: \u201c<em>Fare questo spettacolo con i ragazzi, ci rende felici e orgogliosi, consapevoli del privilegio che abbiamo di poter tornare in scena nella Sala Grande del Teatro con la splendida Orchestra del Maggio Musicale Fiorentino e di poter fruire della grande musica di Mozart; il nostro ringraziamento va a chi da tanti anni ci permette di portare avanti questo progetto: la Fondazione CR Firenze, il Teatro del Maggio e l\u2019Assessorato all\u2019Educazione che da tanti anni credono in questo progetto.&nbsp;In un momento storico nel quale tanta parte dell\u2019umanit\u00e0 \u00e8 offesa dalla violenza che popola il mondo,&nbsp;la magia de \u2018Il flauto magico\u2019 forse \u00e8 l\u00ec per ricordarci che gli uomini sono anche capaci di creazione armoniose e di pace\u201d<\/em>.<\/p>\n\n\n\n<p>Firenze, 11 dicembre 2023<\/p>\n\n\n\n<p>_<\/p>\n\n\n\n<p><strong>INFO E BIGLIETTI<\/strong><\/p>\n\n\n\n<p>Posto unico \u20ac15,00<\/p>\n\n\n\n<p>Visibilit\u00e0 limitata \u20ac10,00<\/p>\n\n\n\n<p>Scuole &#8211; Under16 \u2013 Solo ascolto \u20ac5,00<\/p>\n\n\n\n<p><a href=\"https:\/\/urlsand.esvalabs.com\/?u=http%3A%2F%2Fwww.maggiofiorentino.com&amp;e=1c203a69&amp;h=eb88cb3b&amp;f=y&amp;p=y\" target=\"_blank\" rel=\"noreferrer noopener\">www.maggiofiorentino.com<\/a><\/p>\n\n\n\n<p><a href=\"https:\/\/smex-ctp.trendmicro.com\/wis\/clicktime\/v1\/query?url=https%3a%2f%2furlsand.esvalabs.com%2f%3fu%3dhttp%253A%252F%252Fwww.ventilucenti.it%26e%3d1c203a69%26h%3dd80eabdb%26f%3dy%26p%3dy&amp;umid=19be9902-a6dd-413d-995b-16c5f1646ce4&amp;auth=5a3e11a9ce288a812250f820d737cebc96af1b4b-3a4dc00edb7930443982b783fdd0a4919ec5c314\" target=\"_blank\" rel=\"noreferrer noopener\">www.ventilucenti.it<\/a><\/p>\n\n\n\n<p><strong>PRENOTAZIONE SCUOLE<\/strong><\/p>\n\n\n\n<figure class=\"wp-block-embed is-type-wp-embed is-provider-le-chiavi-della-citt wp-block-embed-le-chiavi-della-citt\"><div class=\"wp-block-embed__wrapper\">\nhttps:\/\/www.chiavidellacitta.it\/spettacoli_cartellon\/cod-la-meravigliosa-storia-del-flauto-magico\/\n<\/div><\/figure>\n\n\n\n<p><a href=\"mailto:scuola@maggiofiorentino.com\" target=\"_blank\" rel=\"noreferrer noopener\">scuola@maggiofiorentino.com<\/a><\/p>\n\n\n\n<figure class=\"wp-block-table\"><table><tbody><tr><td><strong>Marketing e Comunicazione<\/strong><strong>VENTI LUCENTI<\/strong><strong>Danila Prestifilippo<\/strong>+39 348 4591.562<a href=\"mailto:comunicazione@ventilucenti.it\" target=\"_blank\" rel=\"noreferrer noopener\">comunicazione@ventilucenti.it<\/a><a href=\"https:\/\/smex-ctp.trendmicro.com\/wis\/clicktime\/v1\/query?url=https%3a%2f%2furlsand.esvalabs.com%2f%3fu%3dhttp%253A%252F%252Fwww.ventilucenti.it%26e%3d1c203a69%26h%3dd80eabdb%26f%3dy%26p%3dy&amp;umid=19be9902-a6dd-413d-995b-16c5f1646ce4&amp;auth=5a3e11a9ce288a812250f820d737cebc96af1b4b-3a4dc00edb7930443982b783fdd0a4919ec5c314\" target=\"_blank\" rel=\"noreferrer noopener\">www.ventilucenti.it<\/a><strong>&nbsp;<\/strong><\/td><td><strong>Ufficio Stampa<\/strong><strong>TEATRO DEL MAGGIO<\/strong><strong>Paolo Klun<\/strong>&nbsp;+39 055 2779.251<a href=\"mailto:p.klun@maggiofiorentino.com\" target=\"_blank\" rel=\"noreferrer noopener\">p.klun@maggiofiorentino.com<\/a><a href=\"https:\/\/urlsand.esvalabs.com\/?u=http%3A%2F%2Fwww.maggiofiorentino.com&amp;e=1c203a69&amp;h=eb88cb3b&amp;f=y&amp;p=y\" target=\"_blank\" rel=\"noreferrer noopener\">www.maggiofiorentino.com<\/a>&nbsp;<\/td><td><strong>Ufficio Comunicazione<\/strong><strong>FONDAZIONE CR FIRENZE<\/strong><strong>Federica Sanna<\/strong>+ 39 055 5384.501<a href=\"mailto:federica.sanna@fondazionecrfirenze.it\" target=\"_blank\" rel=\"noreferrer noopener\">federica.sanna@fondazionecrfirenze.it<\/a><a href=\"https:\/\/smex-ctp.trendmicro.com\/wis\/clicktime\/v1\/query?url=https%3a%2f%2furlsand.esvalabs.com%2f%3fu%3dhttp%253A%252F%252Fwww.fondazionecrfirenze.it%26e%3d1c203a69%26h%3d211c23a7%26f%3dy%26p%3dy&amp;umid=19be9902-a6dd-413d-995b-16c5f1646ce4&amp;auth=5a3e11a9ce288a812250f820d737cebc96af1b4b-d94f377eab08e9f72e95852fe47bb066ae23a7d0\" target=\"_blank\" rel=\"noreferrer noopener\">www.fondazionecrfirenze.it<\/a><\/td><\/tr><\/tbody><\/table><\/figure>\n\n\n\n<h4 class=\"wp-block-heading\"><em>&nbsp;____<\/em><em><\/em><\/h4>\n\n\n\n<p><strong>Teatro del Maggio Musicale Fiorentino<\/strong><\/p>\n\n\n\n<p><strong>Spettacoli per famiglie 2022\/2023<\/strong><\/p>\n\n\n\n<p>LA MERAVIGLIOSA STORIA DEL FLAUTO MAGICO<\/p>\n\n\n\n<p>dall\u2019opera&nbsp;<em>Il flauto magico<\/em>&nbsp;di Wolfgang Amadeus Mozart<\/p>\n\n\n\n<p><strong>Sala Grande del Teatro del Maggio Musicale Fiorentino<\/strong><\/p>\n\n\n\n<p><strong><u>Sabato 16 dicembre 2023 ore 16.00<\/u><\/strong><\/p>\n\n\n\n<p><strong><em>DATE RISERVATE ALLE SCUOLE<\/em><\/strong><em><\/em><\/p>\n\n\n\n<p>Mercoled\u00ec 13 dicembre 2023 ore 10.30&nbsp;(prova generale aperta)<br>Gioved\u00ec 14 dicembre 2023 ore 10.30<br>Venerd\u00ec 15 dicembre 2023 ore 10.30<\/p>\n\n\n\n<p><strong><em>Un flauto magico che, se suonato, guida un ragazzo lungo le strade del mondo: bello no? La musica come strumento per viaggiare, conoscere, crescere, e donare agli uomini gioia e felicit\u00e0. Mozart, il genio. Forse era lui il giovane che cercava, fra il buio e la luce di questa fantastica avventura, la strada per l\u2019amore. E cos\u00ec anche Tamino, fra serpenti, mostri, foreste incantate e prove da superare, cerca la sua strada, la sua vita futura, la donna da amare, Pamina.<\/em><\/strong><\/p>\n\n\n\n<p><strong><em>Ma non \u00e8 finita. Nell\u2019intricata storia ci sono anche una Regina della notte che terrorizza persino il buio e un Signore della luce che non \u00e8 quello che sembra. Acqua, fuoco, silenzio, lucchetti, personaggi piumati bugiardi e strampalati, porte, vento, uccelli, risate e carillon. Impossibile non partecipare a un\u2019avventura cos\u00ec stupefacente: basta aprire bene gli occhi e le orecchie per non perderne nemmeno un pezzettino.<\/em><\/strong><\/p>\n\n\n\n<p><em>Uno spettacolo&nbsp;Venti Lucenti&nbsp;con protagonisti i bambini e i ragazzi&nbsp;del Progetto<\/em><strong><em>&nbsp;All\u2019Opera\u2026 In campo!<\/em><\/strong><br><em>Un progetto di&nbsp;<\/em><strong><em>Fondazione CR Firenze<\/em><\/strong><em>&nbsp;a cura di&nbsp;<\/em><strong><em>Venti Lucenti<\/em><\/strong><em>.<\/em><em><br>In collaborazione con la&nbsp;<strong>Fondazione del Teatro del Maggio Musicale Fiorentino<\/strong>&nbsp;e l\u2019<strong>Assessorato all\u2019Educazione, Welfare e Immigrazione del Comune di Firenze<\/strong>.<\/em><\/p>\n\n\n\n<p><em>Commissione della Fondazione del Teatro del Maggio Musicale Fiorentino.<\/em><br><em>Nuovo allestimento del&nbsp;Teatro del Maggio Musicale Fiorentino&nbsp;in coproduzione con&nbsp;Venti Lucenti.<\/em><br><em>In collaborazione con l\u2019Accademia del Maggio Musicale Fiorentino.<\/em><\/p>\n\n\n\n<p><em>Prima rappresentazione assoluta<\/em><br>_<\/p>\n\n\n\n<p>Regia, scrittura scenica e costumi&nbsp;<strong>Manu Lalli<\/strong><br>Direttore e maestro concertatore&nbsp;<strong>Giuseppe La Malfa<\/strong><\/p>\n\n\n\n<p><strong>Orchestra del Maggio Musicale Fiorentino<\/strong><\/p>\n\n\n\n<p>Movimenti coreografici&nbsp;<strong>Chiara Casalbuoni<\/strong><\/p>\n\n\n\n<p>Scene&nbsp;<strong>Daniele Leone<\/strong><\/p>\n\n\n\n<p>Luci&nbsp;<strong>Andrea Locorotondo<\/strong><\/p>\n\n\n\n<p>Attrezzeria e Costumi realizzati da&nbsp;<strong>Venti Lucenti<\/strong>&nbsp;(a cura di Marco Burberi e Paola Pietri) in collaborazione con il&nbsp;<strong>Teatro del Maggio Musicale Fiorentino<\/strong><\/p>\n\n\n\n<p><strong>PERSONAGGI E INTERPRETI<\/strong><\/p>\n\n\n\n<p><strong>Attori<\/strong><br>Narratori&nbsp;<strong>Maya Quattrini, Francesco Grifoni<\/strong><br>Dame&nbsp;<strong>Maria Vittoria Marchese, Enrica Pecchioli, Viola Picchi Marchi<\/strong><br>Monostato&nbsp;<strong>Stefano Mascalchi<\/strong><br>Papagena&nbsp;<strong>Lisa Baldi<\/strong><strong><br><\/strong>Acrobata&nbsp;<strong>Pietro Rasoti<\/strong><br>Sacerdoti&nbsp;<strong>Roberto Andrioli, Rosario Campisi<\/strong><\/p>\n\n\n\n<p><strong>Solisti dell\u2019Accademia del Maggio Musicale<\/strong><br>Regina della notte (<em>soprano<\/em>)&nbsp;<strong>Nikoletta Hertsak<\/strong><br>Pamina (<em>soprano<\/em>)&nbsp;<strong>Aitana Sanz P\u00e9rez<\/strong><br>Tamino (<em>tenore<\/em>)&nbsp;<strong>Lorenzo Martelli<\/strong><br>Sarastro (<em>basso<\/em>)&nbsp;<strong>Roman Lyulkin<\/strong><br>Papageno (<em>baritono<\/em>)&nbsp;<strong>Matteo Mancini<\/strong><\/p>\n\n\n\n<p>Attori\/Coro di voci bianche&nbsp;<strong>Bambini e ragazzi del progetto \u201cAll\u2019Opera\u2026 In campo!\u201d<\/strong><br>Maestri di coro&nbsp;<strong>Saverio Mancuso, Diana Gaci Scaletti<\/strong><\/p>\n\n\n\n<p>Animatori&nbsp;<strong>Elisa Bagni, Marta Fornari, Manfredi Mariti, Leonardo Pesucci, Laura Pistolesi, Angelo Rea, Giorgia Tomasi<\/strong><\/p>\n\n\n\n<p>Allievi Venti Lucenti&nbsp;<strong>Arturo Monasta, Lorenzo Pandolfini<\/strong><\/p>\n\n\n\n<p>Studenti in&nbsp;<strong>PCTO<\/strong>&nbsp;in palcoscenico del&nbsp;<strong>Liceo Alberti-Dante&nbsp;<\/strong>(Niccol\u00f2 Albini, Filippo Berzi, Stella Casini, Maria Della Rosa, Giulia Galtieri, Giulia Mastrullo, Ismaele Mecocci, Niccol\u00f2 Morelli, Costanza Mottola, Alessia Panichi, Davide Paoli, Andrea Yuki Parigi, Francesco Rafanelli, Chiara Rotoli, Jesse Secciani, Leonardo Soriano),<strong>&nbsp;del Liceo Galileo&nbsp;<\/strong>(Carlotta Baldassini, Valentina Rempi),<strong>&nbsp;del Liceo Machiavelli-Capponi&nbsp;<\/strong>(Alessandro Cirri),&nbsp;<strong>del<\/strong>&nbsp;<strong>Liceo Michelangiolo&nbsp;<\/strong>(Orlando Brouwer, Duccio Gazzarri),<strong>&nbsp;dell\u2019Istituto Tecnico per il Turismo Marco Polo&nbsp;<\/strong>(Sveva Proietto),<strong>&nbsp;dell\u2019Istituto Superiore Galileo Galilei&nbsp;<\/strong>(Claudia Biondi)&nbsp;<strong>di<\/strong>&nbsp;<strong>Firenze<\/strong><\/p>\n\n\n\n<p>Studenti in&nbsp;<strong>PCTO del Liceo Alberti-Dante&nbsp;di Firenze<\/strong>&nbsp;che hanno collaborato alla realizzazione dell\u2019attrezzeria (Lisa Maria Arcofora, Elisa Bencini, Mathilda Bruscaglioni, Maria Forzieri, Margherita Migliorini, Sara Paolini, Manuela Zanca)<\/p>\n\n\n\n<p>\u2013<\/p>\n\n\n\n<p>Durata\u00a0<strong>75 minuti<\/strong><\/p>\n\n\n\n<p>foto<\/p>\n\n\n\n<figure class=\"wp-block-gallery has-nested-images columns-default is-cropped wp-block-gallery-1 is-layout-flex wp-block-gallery-is-layout-flex\">\n<figure class=\"wp-block-image size-large\"><a href=\"https:\/\/www.ecoitaliano.com.ar\/wp-content\/uploads\/2023\/12\/MICHELE-MONASTA-_-VENTI-LUCENTI-17855026_1454220924608825_8098271917062228506_o_1454220924608825.jpg\"><img decoding=\"async\" width=\"1024\" height=\"683\" data-id=\"47918\" src=\"https:\/\/www.ecoitaliano.com.ar\/wp-content\/uploads\/2023\/12\/MICHELE-MONASTA-_-VENTI-LUCENTI-17855026_1454220924608825_8098271917062228506_o_1454220924608825-1024x683.jpg\" alt=\"\" class=\"wp-image-47918\" srcset=\"https:\/\/www.ecoitaliano.com.ar\/wp-content\/uploads\/2023\/12\/MICHELE-MONASTA-_-VENTI-LUCENTI-17855026_1454220924608825_8098271917062228506_o_1454220924608825-1024x683.jpg 1024w, https:\/\/www.ecoitaliano.com.ar\/wp-content\/uploads\/2023\/12\/MICHELE-MONASTA-_-VENTI-LUCENTI-17855026_1454220924608825_8098271917062228506_o_1454220924608825-300x200.jpg 300w, https:\/\/www.ecoitaliano.com.ar\/wp-content\/uploads\/2023\/12\/MICHELE-MONASTA-_-VENTI-LUCENTI-17855026_1454220924608825_8098271917062228506_o_1454220924608825-768x512.jpg 768w, https:\/\/www.ecoitaliano.com.ar\/wp-content\/uploads\/2023\/12\/MICHELE-MONASTA-_-VENTI-LUCENTI-17855026_1454220924608825_8098271917062228506_o_1454220924608825-1536x1024.jpg 1536w, https:\/\/www.ecoitaliano.com.ar\/wp-content\/uploads\/2023\/12\/MICHELE-MONASTA-_-VENTI-LUCENTI-17855026_1454220924608825_8098271917062228506_o_1454220924608825-150x100.jpg 150w, https:\/\/www.ecoitaliano.com.ar\/wp-content\/uploads\/2023\/12\/MICHELE-MONASTA-_-VENTI-LUCENTI-17855026_1454220924608825_8098271917062228506_o_1454220924608825.jpg 2048w\" sizes=\"(max-width: 1024px) 100vw, 1024px\" \/><\/a><\/figure>\n\n\n\n<figure class=\"wp-block-image size-large\"><a href=\"https:\/\/www.ecoitaliano.com.ar\/wp-content\/uploads\/2023\/12\/MICHELE-MONASTA-_-VENTI-LUCENTI-17835066_1454222177942033_4379712530706906738_o_1454222177942033.jpg\"><img decoding=\"async\" width=\"1024\" height=\"684\" data-id=\"47917\" src=\"https:\/\/www.ecoitaliano.com.ar\/wp-content\/uploads\/2023\/12\/MICHELE-MONASTA-_-VENTI-LUCENTI-17835066_1454222177942033_4379712530706906738_o_1454222177942033-1024x684.jpg\" alt=\"\" class=\"wp-image-47917\" srcset=\"https:\/\/www.ecoitaliano.com.ar\/wp-content\/uploads\/2023\/12\/MICHELE-MONASTA-_-VENTI-LUCENTI-17835066_1454222177942033_4379712530706906738_o_1454222177942033-1024x684.jpg 1024w, https:\/\/www.ecoitaliano.com.ar\/wp-content\/uploads\/2023\/12\/MICHELE-MONASTA-_-VENTI-LUCENTI-17835066_1454222177942033_4379712530706906738_o_1454222177942033-300x200.jpg 300w, https:\/\/www.ecoitaliano.com.ar\/wp-content\/uploads\/2023\/12\/MICHELE-MONASTA-_-VENTI-LUCENTI-17835066_1454222177942033_4379712530706906738_o_1454222177942033-768x513.jpg 768w, https:\/\/www.ecoitaliano.com.ar\/wp-content\/uploads\/2023\/12\/MICHELE-MONASTA-_-VENTI-LUCENTI-17835066_1454222177942033_4379712530706906738_o_1454222177942033-1536x1025.jpg 1536w, https:\/\/www.ecoitaliano.com.ar\/wp-content\/uploads\/2023\/12\/MICHELE-MONASTA-_-VENTI-LUCENTI-17835066_1454222177942033_4379712530706906738_o_1454222177942033-150x100.jpg 150w, https:\/\/www.ecoitaliano.com.ar\/wp-content\/uploads\/2023\/12\/MICHELE-MONASTA-_-VENTI-LUCENTI-17835066_1454222177942033_4379712530706906738_o_1454222177942033.jpg 2048w\" sizes=\"(max-width: 1024px) 100vw, 1024px\" \/><\/a><\/figure>\n\n\n\n<figure class=\"wp-block-image size-large\"><a href=\"https:\/\/www.ecoitaliano.com.ar\/wp-content\/uploads\/2023\/12\/MICHELE-MONASTA-_-VENTI-LUCENTI-17834965_1454221461275438_7028176884694836772_o_1454221461275438.jpg\"><img decoding=\"async\" width=\"1024\" height=\"684\" data-id=\"47919\" src=\"https:\/\/www.ecoitaliano.com.ar\/wp-content\/uploads\/2023\/12\/MICHELE-MONASTA-_-VENTI-LUCENTI-17834965_1454221461275438_7028176884694836772_o_1454221461275438-1024x684.jpg\" alt=\"\" class=\"wp-image-47919\" srcset=\"https:\/\/www.ecoitaliano.com.ar\/wp-content\/uploads\/2023\/12\/MICHELE-MONASTA-_-VENTI-LUCENTI-17834965_1454221461275438_7028176884694836772_o_1454221461275438-1024x684.jpg 1024w, https:\/\/www.ecoitaliano.com.ar\/wp-content\/uploads\/2023\/12\/MICHELE-MONASTA-_-VENTI-LUCENTI-17834965_1454221461275438_7028176884694836772_o_1454221461275438-300x200.jpg 300w, https:\/\/www.ecoitaliano.com.ar\/wp-content\/uploads\/2023\/12\/MICHELE-MONASTA-_-VENTI-LUCENTI-17834965_1454221461275438_7028176884694836772_o_1454221461275438-768x513.jpg 768w, https:\/\/www.ecoitaliano.com.ar\/wp-content\/uploads\/2023\/12\/MICHELE-MONASTA-_-VENTI-LUCENTI-17834965_1454221461275438_7028176884694836772_o_1454221461275438-1536x1025.jpg 1536w, https:\/\/www.ecoitaliano.com.ar\/wp-content\/uploads\/2023\/12\/MICHELE-MONASTA-_-VENTI-LUCENTI-17834965_1454221461275438_7028176884694836772_o_1454221461275438-150x100.jpg 150w, https:\/\/www.ecoitaliano.com.ar\/wp-content\/uploads\/2023\/12\/MICHELE-MONASTA-_-VENTI-LUCENTI-17834965_1454221461275438_7028176884694836772_o_1454221461275438.jpg 2048w\" sizes=\"(max-width: 1024px) 100vw, 1024px\" \/><\/a><\/figure>\n\n\n\n<figure class=\"wp-block-image size-large\"><a href=\"https:\/\/www.ecoitaliano.com.ar\/wp-content\/uploads\/2023\/12\/MICHELE-MONASTA-_-VENTI-LUCENTI-17757591_1454217677942483_6657820772969148315_jpg.jpg\"><img decoding=\"async\" width=\"960\" height=\"640\" data-id=\"47916\" src=\"https:\/\/www.ecoitaliano.com.ar\/wp-content\/uploads\/2023\/12\/MICHELE-MONASTA-_-VENTI-LUCENTI-17757591_1454217677942483_6657820772969148315_jpg.jpg\" alt=\"\" class=\"wp-image-47916\" srcset=\"https:\/\/www.ecoitaliano.com.ar\/wp-content\/uploads\/2023\/12\/MICHELE-MONASTA-_-VENTI-LUCENTI-17757591_1454217677942483_6657820772969148315_jpg.jpg 960w, https:\/\/www.ecoitaliano.com.ar\/wp-content\/uploads\/2023\/12\/MICHELE-MONASTA-_-VENTI-LUCENTI-17757591_1454217677942483_6657820772969148315_jpg-300x200.jpg 300w, https:\/\/www.ecoitaliano.com.ar\/wp-content\/uploads\/2023\/12\/MICHELE-MONASTA-_-VENTI-LUCENTI-17757591_1454217677942483_6657820772969148315_jpg-768x512.jpg 768w, https:\/\/www.ecoitaliano.com.ar\/wp-content\/uploads\/2023\/12\/MICHELE-MONASTA-_-VENTI-LUCENTI-17757591_1454217677942483_6657820772969148315_jpg-150x100.jpg 150w\" sizes=\"(max-width: 960px) 100vw, 960px\" \/><\/a><\/figure>\n<\/figure>\n\n\n\n<p>grafiche<\/p>\n\n\n\n<figure class=\"wp-block-gallery has-nested-images columns-default is-cropped wp-block-gallery-2 is-layout-flex wp-block-gallery-is-layout-flex\">\n<figure class=\"wp-block-image\"><img decoding=\"async\" src=\"blob:https:\/\/www.ecoitaliano.com.ar\/1e725288-78f0-45fc-ac5d-b459ef399d0f\" alt=\"\"\/><\/figure>\n\n\n\n<figure class=\"wp-block-image\"><img decoding=\"async\" src=\"blob:https:\/\/www.ecoitaliano.com.ar\/8240503b-a0ee-41f5-b692-e5f7b95095b9\" alt=\"\"\/><\/figure>\n\n\n\n<figure class=\"wp-block-image\"><img decoding=\"async\" src=\"blob:https:\/\/www.ecoitaliano.com.ar\/58563b68-1faf-41af-aebb-ee5bb523ee7c\" alt=\"\"\/><\/figure>\n\n\n\n<figure class=\"wp-block-image\"><img decoding=\"async\" src=\"blob:https:\/\/www.ecoitaliano.com.ar\/63136011-8c70-4839-8393-5bcba0073041\" alt=\"\"\/><\/figure>\n<\/figure>\n","protected":false},"excerpt":{"rendered":"<p>COMUNICATO STAMPA Progetto \u201cAll\u2019Opera\u2026 In campo!\u201d presenta &nbsp;Spettacoli per le famiglie 2023\/2024 La meravigliosa storia del flauto magico &nbsp;da&nbsp;Il flauto [&hellip;]<\/p>\n","protected":false},"author":1,"featured_media":0,"comment_status":"open","ping_status":"open","sticky":false,"template":"","format":"standard","meta":{"footnotes":""},"categories":[1],"tags":[],"class_list":["post-47914","post","type-post","status-publish","format-standard","hentry","category-sin-categoria"],"_links":{"self":[{"href":"https:\/\/www.ecoitaliano.com.ar\/index.php?rest_route=\/wp\/v2\/posts\/47914","targetHints":{"allow":["GET"]}}],"collection":[{"href":"https:\/\/www.ecoitaliano.com.ar\/index.php?rest_route=\/wp\/v2\/posts"}],"about":[{"href":"https:\/\/www.ecoitaliano.com.ar\/index.php?rest_route=\/wp\/v2\/types\/post"}],"author":[{"embeddable":true,"href":"https:\/\/www.ecoitaliano.com.ar\/index.php?rest_route=\/wp\/v2\/users\/1"}],"replies":[{"embeddable":true,"href":"https:\/\/www.ecoitaliano.com.ar\/index.php?rest_route=%2Fwp%2Fv2%2Fcomments&post=47914"}],"version-history":[{"count":0,"href":"https:\/\/www.ecoitaliano.com.ar\/index.php?rest_route=\/wp\/v2\/posts\/47914\/revisions"}],"wp:attachment":[{"href":"https:\/\/www.ecoitaliano.com.ar\/index.php?rest_route=%2Fwp%2Fv2%2Fmedia&parent=47914"}],"wp:term":[{"taxonomy":"category","embeddable":true,"href":"https:\/\/www.ecoitaliano.com.ar\/index.php?rest_route=%2Fwp%2Fv2%2Fcategories&post=47914"},{"taxonomy":"post_tag","embeddable":true,"href":"https:\/\/www.ecoitaliano.com.ar\/index.php?rest_route=%2Fwp%2Fv2%2Ftags&post=47914"}],"curies":[{"name":"wp","href":"https:\/\/api.w.org\/{rel}","templated":true}]}}