{"id":47935,"date":"2023-12-13T02:30:02","date_gmt":"2023-12-13T02:30:02","guid":{"rendered":"https:\/\/www.ecoitaliano.com.ar\/?p=47935"},"modified":"2023-12-13T02:30:02","modified_gmt":"2023-12-13T02:30:02","slug":"serena-conduce-operaclassica-eco-italiano-2968","status":"publish","type":"post","link":"https:\/\/www.ecoitaliano.com.ar\/?p=47935","title":{"rendered":"Serena conduce operaclassica eco italiano"},"content":{"rendered":"\n<figure class=\"wp-block-image size-full\"><a href=\"https:\/\/www.ecoitaliano.com.ar\/wp-content\/uploads\/2023\/12\/a3e520a2-f592-4b4c-bf01-ae00f7e88b72-1.png\"><img decoding=\"async\" width=\"400\" height=\"105\" src=\"https:\/\/www.ecoitaliano.com.ar\/wp-content\/uploads\/2023\/12\/a3e520a2-f592-4b4c-bf01-ae00f7e88b72-1.png\" alt=\"\" class=\"wp-image-47936\" srcset=\"https:\/\/www.ecoitaliano.com.ar\/wp-content\/uploads\/2023\/12\/a3e520a2-f592-4b4c-bf01-ae00f7e88b72-1.png 400w, https:\/\/www.ecoitaliano.com.ar\/wp-content\/uploads\/2023\/12\/a3e520a2-f592-4b4c-bf01-ae00f7e88b72-1-300x79.png 300w, https:\/\/www.ecoitaliano.com.ar\/wp-content\/uploads\/2023\/12\/a3e520a2-f592-4b4c-bf01-ae00f7e88b72-1-150x39.png 150w\" sizes=\"(max-width: 400px) 100vw, 400px\" \/><\/a><\/figure>\n\n\n\n<p>Comunicato Stampa, Palermo 12 dicembre 2023<\/p>\n\n\n\n<p><strong>Il Corpo di ballo del Teatro Massimo di Palermo danza sulle note di Rachmaninoff, \u201cBiancaneve\u201d, la nuova coreografia firmata da Jean-S\u00e9bastien Colau e Vincenzo Veneruso.<\/strong><\/p>\n\n\n\n<p>Debutta <strong>venerd\u00ec 15 dicembre alle 20:00<\/strong> al Teatro Massimo di Palermo <strong>\u201cBiancaneve\u201d<\/strong>, la nuova creazione per il<strong> Corpo di ballo della Fondazione<\/strong> firmata dal direttore <strong>Jean-S\u00e9bastien Colau<\/strong> e da <strong>Vincenzo Veneruso<\/strong> che rinnovano il loro sodalizio artistico dopo il grande successo dello <em>Schiaccianoci <\/em>dell\u2019anno scorso. Un balletto-concerto in stile classico, narrativo, che ripercorre e in parte riscrive la fiaba dei Fratelli Grimm<em>, <\/em>con un lieto fine riservato a Biancaneve e al pi\u00f9 umano Cacciatore, che prende il posto del Principe azzurro. La coreografia \u00e8 danzata sulle note del celebre <em>Concerto per pianoforte n. 2, <\/em>della<em>Rapsodia su un tema di Paganini<\/em> e della <em>Sinfonia<\/em><\/p>\n\n\n\n<p><em>n.2<\/em> di <strong>Sergei Rachmaninoff<\/strong>, rendendo cos\u00ec omaggio al grande compositore in occasione dei 150 anni dalla nascita. Sul podio dell\u2019<strong>Orchestra del Teatro Massimo<\/strong> dirige <strong>Danila Grassi<\/strong>, mentre al&nbsp; pianoforte si alternano nelle recite i due giovani solisti <strong>Alberto Ferro<\/strong> (15, 17, 20, 22) e <strong>Davide Ranaldi<\/strong> (16, 19, 21, 23). Le scenografie e i fondali dipinti, creati nei laboratori scenografici del Teatro Massimo guidati da Christian Lannie Stefano Canzoneri, sono di Apolonia Polona Loborec; i costumi&nbsp; di C\u00e9cile Flamand, le luci di Maureen Sizun VomDorp. Assistente alla coreografia \u00e8 Guido Sarno. In scena si alternano tre cast che impegnano 45 ballerini nel corso delle otto recite, in programma fino al 23 dicembre.<\/p>\n\n\n\n<figure class=\"wp-block-table\"><table><tbody><tr><td><\/td><\/tr><tr><td><\/td><td><img decoding=\"async\" width=\"250\" height=\"62\" src=\"\"><\/td><\/tr><\/tbody><\/table><\/figure>\n\n\n\n<p>\u201cLa coreografia \u00e8 una vera <em>challenge<\/em> per i solisti \u2013 dicono i coreografi <strong>Jean-S\u00e9bastien Colau<\/strong> e <strong>Vincenzo Veneruso <\/strong>\u2013 ed \u00e8ispirata anche al grande maestro e coreografo George Balanchine. Prevede un susseguirsi di giri, salti e prese che richiedono una forte padronanza della tecnica accademica applicata su tempi musicali molto rapidi, con un rilascio della parte superiore del corpo per dare morbidezza. Quanto alla drammaturgia abbiamo sostituito il personaggio idealizzato del principe azzurro con quello pi\u00f9 autentico e terreno del cacciatore che, invece di strappare il cuore di Biancaneve come ordinato dalla matrigna, lo conquista, e alla fine la salva dall\u2019incantesimo con un bacio<em>.<\/em> Cos\u00ec come la morte della cerbiatta \u00e8 una morte naturale e non \u00e8 causata dal cacciatore per ingannare la Regina\u201d.<\/p>\n\n\n\n<p>L\u2019antefatto vede la principessa Biancaneve rimanere orfana prima di madre e poi anche del padre, ucciso dalla perfida matrigna assetata di potere. Quando lo specchio magico le rivela che Biancaneve \u00e8 pi\u00f9 bella di lei, la perfida Regina ordina al Cacciatore di condurre Biancaneve nel bosco e ucciderla. Ma il Cacciatore e Biancaneve sono legati fin dall\u2019infanzia: dopo essersi scambiati promesse d\u2019eterno amore, Biancaneve fugge nel bosco, mentre il Cacciatore, incontrata una Cerbiatta morente nel bosco, porta alla Regina il cuore della bestiola. Biancaneve giunge a una casa nel bosco dove vivono sette minatori. Quando la conducono alla miniera dove cercano pietre preziose, la presenza della bellissima fanciulla spinge i diamanti a rivelarsi e danzare per lei. Ma la perfida matrigna ha scoperto che Biancaneve \u00e8 ancora in vita e, travestita da vecchina, le offre una mela avvelenata: Biancaneve la morde, cade in un sonno simile alla morte, viene esposta dai minatori in una teca di cristallo e riportata in vita dal bacio del Cacciatore. La Regina, furibonda contro lo specchio magico, precipita dalla torre, e tutti festeggiano le nozze di Biancaneve e del Cacciatore.<\/p>\n\n\n\n<p><strong>Le musiche di Rachmaninoff<\/strong>, eseguite integralmente e con una magica rispondenza tra la successione delle pagine e la vicenda del balletto, sono tra le pi\u00f9 amate del compositore: il <em>Secondo Concerto per pianoforte<\/em>, scritto dopo essere uscito da una profonda crisi psicologica e dedicato allo psicanalista che lo aveva curato; la grande <em>Rapsodia su un tema di Paganini<\/em>, l\u2019ultima grande composizione per pianoforte e orchestra, scritta durante gli anni dell\u2019esilio americano, con le sue inquietanti citazioni del tema del <em>Dies Irae<\/em>; infine l\u2019Adagio dalla <em>Seconda sinfonia<\/em>, di pochi anni pi\u00f9 tarda del <em>Secondo Concerto<\/em>, per concludere riportando la serenit\u00e0 e celebrando l\u2019amore, come in ogni classico lieto fine da favola.<\/p>\n\n\n\n<p>In scena nel corso delle otto recite (di cui due fuori abbonamento) si alternano tre cast che impegnano tutti i ballerini del Corpo di Ballo del Teatro Massimo. Tra loro, nei ruoli principali: Carla Mammo Zagarella (15, 19, 22), Martina Pasinotti (16, 20, 23) e Yuriko Nishihara (17, 21), nel ruolo di <strong><em>Biancaneve<\/em><\/strong>; Michele Morelli (15, 19, 22), Alessandro Cascioli (16, 20, 23) e Alessandro Cas\u00e0 (17, 21) nei panni del <strong><em>Cacciatore<\/em><\/strong>; Francesca Davoli (15, 19, 22), Linda Messina (16, 20, 23)eFrancesca Bellone (17, 21) nel ruolo della <strong><em>Regina<\/em><\/strong><em>.<\/em> Lucia Ermetto (15, 17, 19, 21, 22), Valentina Chiulli (16, 20, 23), Emilio Barone, Gianluca Mascia, Diego Mulone, Giovanni Traetto, Dennis Vizzini, Francesco Curatolo sono i <em>I sette minatori.<\/em><\/p>\n\n\n\n<p>La <strong>prova generale<\/strong> del balletto, in programma gioved\u00ec 14 dicembre, sar\u00e0 dedicata&nbsp; a <strong>Medici senza frontiere MSF<\/strong>, l\u2019organizzazione medico-umanitaria indipendente a cui sar\u00e0 devoluto il ricavato della vendita dei biglietti.<\/p>\n\n\n\n<p>Dopo il debutto del 15 dicembre <strong>lo spettacolo sar\u00e0 replicato<\/strong> sabato 16 dicembre alle 18.30<\/p>\n\n\n\n<figure class=\"wp-block-table\"><table><tbody><tr><td><\/td><\/tr><tr><td><\/td><td><img decoding=\"async\" width=\"250\" height=\"62\" src=\"\"><\/td><\/tr><\/tbody><\/table><\/figure>\n\n\n\n<p>(Turno Danza); domenica 17 dicembre alle 17.30 (Turno D); marted\u00ec 19 dicembre alle 18.30 (Turno C); mercoled\u00ec 20 dicembre alle 18.30 (Turno B); gioved\u00ec 21 dicembre alle 20.00 (Fuori abbonamento); venerd\u00ec 22 dicembre ore 20.00 (Turno F) e sabato 23 dicembre alle 18.30 (Fuori abbonamento).<\/p>\n\n\n\n<p><strong>Domenica 17 dicembre<\/strong> dalle 17:30 inSala degli Stemmi, durante lo svolgimento dello spettacolo in Sala Grande, avr\u00e0 luogo<strong> \u201cBambini all\u2019Opera\u201d <\/strong>il laboratorio per bambini dai 6 ai 10 anni a cura di <strong>Francesca Cosentino<\/strong> durante il quale viene narrata la trama dello spettacolo, si ascoltano brani musicali, si disegna e si fa merenda. Le animazioni teatrali sono di Marcella Vaccarino, le illustrazioni di Giuseppe Lo Bocchiaro, gli interventi cantati di Sonia Sala. Al termine del laboratorio i bambini sono accompagnati in Sala Grande per vivere cos\u00ec la magia del Teatro. Info e prenotazioni al 329 7260846.<\/p>\n\n\n\n<p><strong>Durata dello spettacolo<\/strong>: 1 ora e 50 minuti (compreso un intervallo di 20 minuti)<\/p>\n\n\n\n<p><strong>Biglietti<\/strong>: da 14 a 100 euro. <strong>Info<\/strong>: <a href=\"https:\/\/www.teatromassimo.it\/event\/biancaneve\/\">https:\/\/www.teatromassimo.it\/event\/biancaneve\/<\/a><\/p>\n\n\n\n<p>Ufficio Stampa<\/p>\n\n\n\n<p>Fondazione Teatro Massimo<\/p>\n\n\n\n<p>Giovannella Brancato +39 340 8334979 giobrancato@teatromassimo.it<\/p>\n\n\n\n<figure class=\"wp-block-gallery has-nested-images columns-default is-cropped wp-block-gallery-1 is-layout-flex wp-block-gallery-is-layout-flex\">\n<figure class=\"wp-block-image size-large\"><a href=\"https:\/\/www.ecoitaliano.com.ar\/wp-content\/uploads\/2023\/12\/Biancaneve-Martina-Pasinotti-Il-Cacciatore-Alessandro-Cascioli-Teatro-Massimo-Palermo-\u252c\u00ae-rosellina-garbo-2023-_GRG6812.jpg\"><img decoding=\"async\" width=\"1024\" height=\"683\" data-id=\"47939\" src=\"https:\/\/www.ecoitaliano.com.ar\/wp-content\/uploads\/2023\/12\/Biancaneve-Martina-Pasinotti-Il-Cacciatore-Alessandro-Cascioli-Teatro-Massimo-Palermo-\u252c\u00ae-rosellina-garbo-2023-_GRG6812-1024x683.jpg\" alt=\"\" class=\"wp-image-47939\" srcset=\"https:\/\/www.ecoitaliano.com.ar\/wp-content\/uploads\/2023\/12\/Biancaneve-Martina-Pasinotti-Il-Cacciatore-Alessandro-Cascioli-Teatro-Massimo-Palermo-\u252c\u00ae-rosellina-garbo-2023-_GRG6812-1024x683.jpg 1024w, https:\/\/www.ecoitaliano.com.ar\/wp-content\/uploads\/2023\/12\/Biancaneve-Martina-Pasinotti-Il-Cacciatore-Alessandro-Cascioli-Teatro-Massimo-Palermo-\u252c\u00ae-rosellina-garbo-2023-_GRG6812-300x200.jpg 300w, https:\/\/www.ecoitaliano.com.ar\/wp-content\/uploads\/2023\/12\/Biancaneve-Martina-Pasinotti-Il-Cacciatore-Alessandro-Cascioli-Teatro-Massimo-Palermo-\u252c\u00ae-rosellina-garbo-2023-_GRG6812-768x512.jpg 768w, https:\/\/www.ecoitaliano.com.ar\/wp-content\/uploads\/2023\/12\/Biancaneve-Martina-Pasinotti-Il-Cacciatore-Alessandro-Cascioli-Teatro-Massimo-Palermo-\u252c\u00ae-rosellina-garbo-2023-_GRG6812-150x100.jpg 150w, https:\/\/www.ecoitaliano.com.ar\/wp-content\/uploads\/2023\/12\/Biancaneve-Martina-Pasinotti-Il-Cacciatore-Alessandro-Cascioli-Teatro-Massimo-Palermo-\u252c\u00ae-rosellina-garbo-2023-_GRG6812.jpg 1344w\" sizes=\"(max-width: 1024px) 100vw, 1024px\" \/><\/a><\/figure>\n\n\n\n<figure class=\"wp-block-image size-large\"><a href=\"https:\/\/www.ecoitaliano.com.ar\/wp-content\/uploads\/2023\/12\/Biancaneve-Martina-Pasinotti-Regina-Linda-Messina-\u252c\u00ae-rosellina-garbo-2023-_GRG7170.jpg\"><img decoding=\"async\" width=\"1024\" height=\"683\" data-id=\"47941\" src=\"https:\/\/www.ecoitaliano.com.ar\/wp-content\/uploads\/2023\/12\/Biancaneve-Martina-Pasinotti-Regina-Linda-Messina-\u252c\u00ae-rosellina-garbo-2023-_GRG7170-1024x683.jpg\" alt=\"\" class=\"wp-image-47941\" srcset=\"https:\/\/www.ecoitaliano.com.ar\/wp-content\/uploads\/2023\/12\/Biancaneve-Martina-Pasinotti-Regina-Linda-Messina-\u252c\u00ae-rosellina-garbo-2023-_GRG7170-1024x683.jpg 1024w, https:\/\/www.ecoitaliano.com.ar\/wp-content\/uploads\/2023\/12\/Biancaneve-Martina-Pasinotti-Regina-Linda-Messina-\u252c\u00ae-rosellina-garbo-2023-_GRG7170-300x200.jpg 300w, https:\/\/www.ecoitaliano.com.ar\/wp-content\/uploads\/2023\/12\/Biancaneve-Martina-Pasinotti-Regina-Linda-Messina-\u252c\u00ae-rosellina-garbo-2023-_GRG7170-768x512.jpg 768w, https:\/\/www.ecoitaliano.com.ar\/wp-content\/uploads\/2023\/12\/Biancaneve-Martina-Pasinotti-Regina-Linda-Messina-\u252c\u00ae-rosellina-garbo-2023-_GRG7170-150x100.jpg 150w, https:\/\/www.ecoitaliano.com.ar\/wp-content\/uploads\/2023\/12\/Biancaneve-Martina-Pasinotti-Regina-Linda-Messina-\u252c\u00ae-rosellina-garbo-2023-_GRG7170.jpg 1344w\" sizes=\"(max-width: 1024px) 100vw, 1024px\" \/><\/a><\/figure>\n\n\n\n<figure class=\"wp-block-image size-large\"><a href=\"https:\/\/www.ecoitaliano.com.ar\/wp-content\/uploads\/2023\/12\/Biancaneve-Martina-Pasinotti-Regina-Linda-Messina\u252c\u00ae-rosellina-garbo-2023-_GRG7189.jpg\"><img decoding=\"async\" width=\"1024\" height=\"683\" data-id=\"47940\" src=\"https:\/\/www.ecoitaliano.com.ar\/wp-content\/uploads\/2023\/12\/Biancaneve-Martina-Pasinotti-Regina-Linda-Messina\u252c\u00ae-rosellina-garbo-2023-_GRG7189-1024x683.jpg\" alt=\"\" class=\"wp-image-47940\" srcset=\"https:\/\/www.ecoitaliano.com.ar\/wp-content\/uploads\/2023\/12\/Biancaneve-Martina-Pasinotti-Regina-Linda-Messina\u252c\u00ae-rosellina-garbo-2023-_GRG7189-1024x683.jpg 1024w, https:\/\/www.ecoitaliano.com.ar\/wp-content\/uploads\/2023\/12\/Biancaneve-Martina-Pasinotti-Regina-Linda-Messina\u252c\u00ae-rosellina-garbo-2023-_GRG7189-300x200.jpg 300w, https:\/\/www.ecoitaliano.com.ar\/wp-content\/uploads\/2023\/12\/Biancaneve-Martina-Pasinotti-Regina-Linda-Messina\u252c\u00ae-rosellina-garbo-2023-_GRG7189-768x512.jpg 768w, https:\/\/www.ecoitaliano.com.ar\/wp-content\/uploads\/2023\/12\/Biancaneve-Martina-Pasinotti-Regina-Linda-Messina\u252c\u00ae-rosellina-garbo-2023-_GRG7189-150x100.jpg 150w, https:\/\/www.ecoitaliano.com.ar\/wp-content\/uploads\/2023\/12\/Biancaneve-Martina-Pasinotti-Regina-Linda-Messina\u252c\u00ae-rosellina-garbo-2023-_GRG7189.jpg 1344w\" sizes=\"(max-width: 1024px) 100vw, 1024px\" \/><\/a><\/figure>\n\n\n\n<figure class=\"wp-block-image size-large\"><a href=\"https:\/\/www.ecoitaliano.com.ar\/wp-content\/uploads\/2023\/12\/Biancaneve-Martina-Pasinotti-Teatro-Massimo-Palermo-\u252c\u00ae-rosellina-garbo-2023-_GRG7186.jpg\"><img decoding=\"async\" width=\"1024\" height=\"683\" data-id=\"47938\" src=\"https:\/\/www.ecoitaliano.com.ar\/wp-content\/uploads\/2023\/12\/Biancaneve-Martina-Pasinotti-Teatro-Massimo-Palermo-\u252c\u00ae-rosellina-garbo-2023-_GRG7186-1024x683.jpg\" alt=\"\" class=\"wp-image-47938\" srcset=\"https:\/\/www.ecoitaliano.com.ar\/wp-content\/uploads\/2023\/12\/Biancaneve-Martina-Pasinotti-Teatro-Massimo-Palermo-\u252c\u00ae-rosellina-garbo-2023-_GRG7186-1024x683.jpg 1024w, https:\/\/www.ecoitaliano.com.ar\/wp-content\/uploads\/2023\/12\/Biancaneve-Martina-Pasinotti-Teatro-Massimo-Palermo-\u252c\u00ae-rosellina-garbo-2023-_GRG7186-300x200.jpg 300w, https:\/\/www.ecoitaliano.com.ar\/wp-content\/uploads\/2023\/12\/Biancaneve-Martina-Pasinotti-Teatro-Massimo-Palermo-\u252c\u00ae-rosellina-garbo-2023-_GRG7186-768x512.jpg 768w, https:\/\/www.ecoitaliano.com.ar\/wp-content\/uploads\/2023\/12\/Biancaneve-Martina-Pasinotti-Teatro-Massimo-Palermo-\u252c\u00ae-rosellina-garbo-2023-_GRG7186-150x100.jpg 150w, https:\/\/www.ecoitaliano.com.ar\/wp-content\/uploads\/2023\/12\/Biancaneve-Martina-Pasinotti-Teatro-Massimo-Palermo-\u252c\u00ae-rosellina-garbo-2023-_GRG7186.jpg 1344w\" sizes=\"(max-width: 1024px) 100vw, 1024px\" \/><\/a><\/figure>\n\n\n\n<figure class=\"wp-block-image size-large\"><a href=\"https:\/\/www.ecoitaliano.com.ar\/wp-content\/uploads\/2023\/12\/Biancaneve_Teatro-Massimo-Palermo-\u252c\u00ae-rosellina-garbo-2023-_GRG7057.jpg\"><img decoding=\"async\" width=\"1024\" height=\"683\" data-id=\"47942\" src=\"https:\/\/www.ecoitaliano.com.ar\/wp-content\/uploads\/2023\/12\/Biancaneve_Teatro-Massimo-Palermo-\u252c\u00ae-rosellina-garbo-2023-_GRG7057-1024x683.jpg\" alt=\"\" class=\"wp-image-47942\" srcset=\"https:\/\/www.ecoitaliano.com.ar\/wp-content\/uploads\/2023\/12\/Biancaneve_Teatro-Massimo-Palermo-\u252c\u00ae-rosellina-garbo-2023-_GRG7057-1024x683.jpg 1024w, https:\/\/www.ecoitaliano.com.ar\/wp-content\/uploads\/2023\/12\/Biancaneve_Teatro-Massimo-Palermo-\u252c\u00ae-rosellina-garbo-2023-_GRG7057-300x200.jpg 300w, https:\/\/www.ecoitaliano.com.ar\/wp-content\/uploads\/2023\/12\/Biancaneve_Teatro-Massimo-Palermo-\u252c\u00ae-rosellina-garbo-2023-_GRG7057-768x512.jpg 768w, https:\/\/www.ecoitaliano.com.ar\/wp-content\/uploads\/2023\/12\/Biancaneve_Teatro-Massimo-Palermo-\u252c\u00ae-rosellina-garbo-2023-_GRG7057-150x100.jpg 150w, https:\/\/www.ecoitaliano.com.ar\/wp-content\/uploads\/2023\/12\/Biancaneve_Teatro-Massimo-Palermo-\u252c\u00ae-rosellina-garbo-2023-_GRG7057.jpg 1344w\" sizes=\"(max-width: 1024px) 100vw, 1024px\" \/><\/a><\/figure>\n\n\n\n<figure class=\"wp-block-image size-large\"><a href=\"https:\/\/www.ecoitaliano.com.ar\/wp-content\/uploads\/2023\/12\/JeanSe\u2560ubastien-Colau-coreografo-e-direttore-Corpo-di-ballo-Teatro-Massimo-Palermo_-scaled.jpg\"><img decoding=\"async\" width=\"723\" height=\"1024\" data-id=\"47943\" src=\"https:\/\/www.ecoitaliano.com.ar\/wp-content\/uploads\/2023\/12\/JeanSe\u2560ubastien-Colau-coreografo-e-direttore-Corpo-di-ballo-Teatro-Massimo-Palermo_-723x1024.jpg\" alt=\"\" class=\"wp-image-47943\" srcset=\"https:\/\/www.ecoitaliano.com.ar\/wp-content\/uploads\/2023\/12\/JeanSe\u2560ubastien-Colau-coreografo-e-direttore-Corpo-di-ballo-Teatro-Massimo-Palermo_-723x1024.jpg 723w, https:\/\/www.ecoitaliano.com.ar\/wp-content\/uploads\/2023\/12\/JeanSe\u2560ubastien-Colau-coreografo-e-direttore-Corpo-di-ballo-Teatro-Massimo-Palermo_-212x300.jpg 212w, https:\/\/www.ecoitaliano.com.ar\/wp-content\/uploads\/2023\/12\/JeanSe\u2560ubastien-Colau-coreografo-e-direttore-Corpo-di-ballo-Teatro-Massimo-Palermo_-768x1087.jpg 768w, https:\/\/www.ecoitaliano.com.ar\/wp-content\/uploads\/2023\/12\/JeanSe\u2560ubastien-Colau-coreografo-e-direttore-Corpo-di-ballo-Teatro-Massimo-Palermo_-1085x1536.jpg 1085w, https:\/\/www.ecoitaliano.com.ar\/wp-content\/uploads\/2023\/12\/JeanSe\u2560ubastien-Colau-coreografo-e-direttore-Corpo-di-ballo-Teatro-Massimo-Palermo_-1447x2048.jpg 1447w, https:\/\/www.ecoitaliano.com.ar\/wp-content\/uploads\/2023\/12\/JeanSe\u2560ubastien-Colau-coreografo-e-direttore-Corpo-di-ballo-Teatro-Massimo-Palermo_-106x150.jpg 106w, https:\/\/www.ecoitaliano.com.ar\/wp-content\/uploads\/2023\/12\/JeanSe\u2560ubastien-Colau-coreografo-e-direttore-Corpo-di-ballo-Teatro-Massimo-Palermo_-scaled.jpg 1809w\" sizes=\"(max-width: 723px) 100vw, 723px\" \/><\/a><\/figure>\n\n\n\n<figure class=\"wp-block-image size-large\"><a href=\"https:\/\/www.ecoitaliano.com.ar\/wp-content\/uploads\/2023\/12\/Vincenzo-Veneruso.jpg\"><img decoding=\"async\" width=\"1024\" height=\"1019\" data-id=\"47937\" src=\"https:\/\/www.ecoitaliano.com.ar\/wp-content\/uploads\/2023\/12\/Vincenzo-Veneruso-1024x1019.jpg\" alt=\"\" class=\"wp-image-47937\" srcset=\"https:\/\/www.ecoitaliano.com.ar\/wp-content\/uploads\/2023\/12\/Vincenzo-Veneruso-1024x1019.jpg 1024w, https:\/\/www.ecoitaliano.com.ar\/wp-content\/uploads\/2023\/12\/Vincenzo-Veneruso-300x300.jpg 300w, https:\/\/www.ecoitaliano.com.ar\/wp-content\/uploads\/2023\/12\/Vincenzo-Veneruso-150x150.jpg 150w, https:\/\/www.ecoitaliano.com.ar\/wp-content\/uploads\/2023\/12\/Vincenzo-Veneruso-768x764.jpg 768w, https:\/\/www.ecoitaliano.com.ar\/wp-content\/uploads\/2023\/12\/Vincenzo-Veneruso.jpg 1047w\" sizes=\"(max-width: 1024px) 100vw, 1024px\" \/><\/a><\/figure>\n<\/figure>\n","protected":false},"excerpt":{"rendered":"<p>Comunicato Stampa, Palermo 12 dicembre 2023 Il Corpo di ballo del Teatro Massimo di Palermo danza sulle note di Rachmaninoff, [&hellip;]<\/p>\n","protected":false},"author":1,"featured_media":0,"comment_status":"open","ping_status":"open","sticky":false,"template":"","format":"standard","meta":{"footnotes":""},"categories":[1],"tags":[],"class_list":["post-47935","post","type-post","status-publish","format-standard","hentry","category-sin-categoria"],"_links":{"self":[{"href":"https:\/\/www.ecoitaliano.com.ar\/index.php?rest_route=\/wp\/v2\/posts\/47935","targetHints":{"allow":["GET"]}}],"collection":[{"href":"https:\/\/www.ecoitaliano.com.ar\/index.php?rest_route=\/wp\/v2\/posts"}],"about":[{"href":"https:\/\/www.ecoitaliano.com.ar\/index.php?rest_route=\/wp\/v2\/types\/post"}],"author":[{"embeddable":true,"href":"https:\/\/www.ecoitaliano.com.ar\/index.php?rest_route=\/wp\/v2\/users\/1"}],"replies":[{"embeddable":true,"href":"https:\/\/www.ecoitaliano.com.ar\/index.php?rest_route=%2Fwp%2Fv2%2Fcomments&post=47935"}],"version-history":[{"count":0,"href":"https:\/\/www.ecoitaliano.com.ar\/index.php?rest_route=\/wp\/v2\/posts\/47935\/revisions"}],"wp:attachment":[{"href":"https:\/\/www.ecoitaliano.com.ar\/index.php?rest_route=%2Fwp%2Fv2%2Fmedia&parent=47935"}],"wp:term":[{"taxonomy":"category","embeddable":true,"href":"https:\/\/www.ecoitaliano.com.ar\/index.php?rest_route=%2Fwp%2Fv2%2Fcategories&post=47935"},{"taxonomy":"post_tag","embeddable":true,"href":"https:\/\/www.ecoitaliano.com.ar\/index.php?rest_route=%2Fwp%2Fv2%2Ftags&post=47935"}],"curies":[{"name":"wp","href":"https:\/\/api.w.org\/{rel}","templated":true}]}}