{"id":48171,"date":"2023-12-16T02:13:58","date_gmt":"2023-12-16T02:13:58","guid":{"rendered":"https:\/\/www.ecoitaliano.com.ar\/?p=48171"},"modified":"2023-12-16T02:13:58","modified_gmt":"2023-12-16T02:13:58","slug":"serena-conduce-operaclassica-eco-italiano-2976","status":"publish","type":"post","link":"https:\/\/www.ecoitaliano.com.ar\/?p=48171","title":{"rendered":"Serena conduce operaclassica eco italiano"},"content":{"rendered":"<div class=\"wp-block-image\">\n<figure class=\"aligncenter size-full\"><a href=\"http:\/\/www.ecoitaliano.com.ar\/wp-content\/uploads\/2023\/11\/Screenshot-1233-3.png\"><img decoding=\"async\" width=\"255\" height=\"253\" src=\"http:\/\/www.ecoitaliano.com.ar\/wp-content\/uploads\/2023\/11\/Screenshot-1233-3.png\" alt=\"\" class=\"wp-image-46859\" srcset=\"https:\/\/www.ecoitaliano.com.ar\/wp-content\/uploads\/2023\/11\/Screenshot-1233-3.png 255w, https:\/\/www.ecoitaliano.com.ar\/wp-content\/uploads\/2023\/11\/Screenshot-1233-3-150x150.png 150w\" sizes=\"(max-width: 255px) 100vw, 255px\" \/><\/a><\/figure><\/div>\n\n\n<p><strong><u>I concerti del ciclo&nbsp;\u201cC\u2019\u00e8 musica &amp; musica\u201d<\/u><\/strong><\/p>\n\n\n\n<p><strong>Ultimo appuntamento in programma per il ciclo di appuntamenti \u201cC\u2019\u00e8 Musica &amp; Musica\u201d che da ottobre&nbsp;ha&nbsp;accompagnato le domeniche di giovani e giovanissimi spettatori con le loro famiglie.&nbsp;<\/strong><\/p>\n\n\n\n<p><strong>In cartellone, domenica 17 dicembre 2023 alle ore 11, \u201cWolfi&amp;Ludwi: la sinfonia K550 di Mozart e la Quinta di Beethoven\u201d.<\/strong><\/p>\n\n\n\n<p><strong>Sul podio dell\u2019Orchestra del Maggio il maestro Pietro Mazzetti.<\/strong><\/p>\n\n\n\n<p><em>Firenze, 15 dicembre 2023&nbsp;<\/em>\u2013&nbsp;Si chiude per quest\u2019anno, con&nbsp;lo spettacolo in programma&nbsp;domenica 17 dicembre alle ore 11, sempre in&nbsp;<strong>Sala Zubin Mehta<\/strong>,&nbsp;<em>Wolfi&amp;Ludwi: la sinfonia K550 di Mozart e la Quinta di Beethoven<\/em><em>,<\/em>&nbsp;il frizzante e brioso Ciclo&nbsp;<strong>C\u2019\u00e8 Musica &amp; Musica<\/strong>, che per otto domeniche (pi\u00f9 una, con la richiestissima replica di&nbsp;<em>Pierino e il lupo<\/em>) ha accompagnato i tanti, tantissimi giovani che insieme alle famiglie hanno riempito la Sala Mehta e il Teatro, animando le mattinate domenicali al Maggio dal 1\u00b0 ottobre sino a&nbsp;oggi.<\/p>\n\n\n\n<p>Un percorso che, snodandosi attraverso vari appuntamenti, ha raccontato in modo fresco e originale&nbsp;gli strumenti dell\u2019orchestra nei primi quattro appuntamenti&nbsp;&#8211; ossia&nbsp;<em>Il carnevale degli animali<\/em>&nbsp;di Camille Saint-Sa\u00ebns,&nbsp;<em>Storia di Babar, l\u2019elefantino<\/em>&nbsp;di Francis Poulenc;&nbsp;<em>Guida del giovane all\u2019orchestra&nbsp;<\/em>di Benjamin Britten e&nbsp;<em>Pierino e il lupo<\/em>&nbsp;di Sergej Prokof\u2019ev&nbsp;&#8211;&nbsp;e le varie forme della musica nei successivi quattro appuntamenti: i&nbsp;<em>Carmina Burana<\/em>&nbsp;di Carl Orff;&nbsp;<em>Non ci sono pi\u00f9 le mezze stagioni &#8211; La primavera e l\u2019autunno<\/em>&nbsp;di Antonio Vivaldi;&nbsp;<em>Tris di primi&nbsp;<\/em>e, naturalmente,&nbsp;<em>Wolfi&amp;Ludwi<\/em>, in programma domenica&nbsp;17 dicembre.<\/p>\n\n\n\n<p>Tantissimi i protagonisti delle&nbsp;domeniche in musica, a partire dall\u2019<strong>Orchestra del Maggio<\/strong>&nbsp;e dai suoi professori, vera costante di questo festoso ciclo musicale. A loro si sono aggiunti&nbsp;<strong>Gaia Nanni<\/strong>&nbsp;e&nbsp;<strong>Lorenzo Baglioni<\/strong>, due apprezzatissimi&nbsp;attori fiorentini conosciuti anche per le loro apparizioni televisive e cinematografiche;&nbsp;<strong>Davide Gasparro<\/strong>, pi\u00f9 volte presente negli spettacoli per i ragazzi del Teatro del Maggio, e&nbsp;<strong>Alfonso Antoniozzi<\/strong>, fra i pi\u00f9 celebri baritoni italiani degli ultimi decenni, nei panni del narratore per&nbsp;<em>Pierino e il lupo<\/em>.&nbsp;<\/p>\n\n\n\n<p>Il Coro del Maggio e il suo direttore&nbsp;<strong>Lorenzo Fratini<\/strong>, il Coro di voci bianche dell\u2019Accademia del Maggio Musicale diretto&nbsp;da&nbsp;<strong>Sara Matteucci<\/strong>; cinque giovani talenti della direzione d\u2019orchestra:&nbsp;<strong>Cesare Della Sciucca<\/strong>,&nbsp;<strong>Attilia Kiyoko Cernitori<\/strong>,&nbsp;<strong>Nicol\u00f2 Jacopo Suppa<\/strong>,&nbsp;<strong>Matteo Parmeggiani<\/strong>,&nbsp;<strong>Riccardo Bisatti<\/strong>&nbsp;e&nbsp;<strong>Pietro Mazzetti<\/strong>&nbsp;sono stati gli altri protagonisti di queste mattinate.<\/p>\n\n\n\n<p><em>Wolfi&amp;Ludwi: la sinfonia K550 di Mozart e la Quinta di Beethoven<\/em>&nbsp;\u00e8 dunque la tappa conclusiva del Ciclo, che volge al termine con due fra i pezzi musicali pi\u00f9 amati e conosciuti di sempre: la Sinfonia in Sol minore K. 550 di Wolfgang Amadeus Mozart (I e IV movimento) e la celeberrima Sinfonia n.5 in do minore di Ludwig van Beethoven (I, III e IV movimento).<\/p>\n\n\n\n<p>A dimostrazione della grandezza sconfinata del genio musicale mozartiano, basti pensare che la Sinfonia K. 550 venne composta, insieme ad altri due capisaldi della musica sinfonica &#8211; come le sinfonie K. 543 e K. 551 \u2013 in meno di due mesi, con una velocit\u00e0 e facilit\u00e0 che molti esperti hanno definito quasi&nbsp;sovrannaturale; l&#8217;aspetto pi\u00f9 singolare di queste tre sinfonie risiede nel fatto che ognuna di esse esibisce un proprio carattere, difficilmente definibile ma al contempo inconfondibile.<\/p>\n\n\n\n<p>Ai due movimenti mozartiani,&nbsp;segue&nbsp;l\u2019esecuzione di tre movimenti di&nbsp;quella che forse \u00e8, in ambito sinfonico, una delle composizioni pi\u00f9 immediatamente identificabili mai scritte nella storia della musica, la celeberrima&nbsp;<em>Quinta sinfonia&nbsp;<\/em>di Ludwig van Beethoven: la stesura della Sinfonia n.5 occupa un periodo di tempo molto grande; infatti, dopo i primi abbozzi risalenti al 1804, il compositore la riprese in mano tre anni dopo, nel 1807, e la complet\u00f2 solo nella primavera dell&#8217;anno successivo, una riprova della grande cura e attenzione che Beethoven riserv\u00f2 al suo lavoro, frutto di un processo creativo lungo e complesso.&nbsp;La Sinfonia debutt\u00f2 il 22 dicembre 1808 nel celebre teatro viennese \u201cAn der Wien\u201d, proprio sotto la direzione dello stesso autore.&nbsp;<\/p>\n\n\n\n<p>Sul podio, alla guida dell\u2019&nbsp;<strong>Orchestra del Maggio&nbsp;Musicale Fiorentino<\/strong>, il&nbsp;direttore&nbsp;<strong>Pietro Mazzetti<\/strong>.&nbsp;<\/p>\n\n\n\n<p><em>Si ringrazia inoltre per la collaborazione Unicoop Firenze: nel corso di&nbsp;tutto il ciclo&nbsp;\u00e8 stata allestita, in uno spazio adiacente alla zona del bar del Foyer, una zona dedicata ai giovanissimi, con i prodotti di cancelleria della linea ecologica ViviVerde Coop, che ha messo a disposizione dei ragazzi materiali per la scrittura e il disegno.<\/em><\/p>\n\n\n\n<p>Lo spettacolo \u00e8 proposto, come sempre, al prezzo speciale di 15 euro per gli adulti e 5 euro per i ragazzi fino a 18 anni ed \u00e8 comprensivo della prima colazione &#8211; a partire dalle ore 9.30 &#8211; servita presso il bar del Foyer del Teatro.<\/p>\n\n\n\n<p>Si ringraziano per le presentazioni&nbsp;<strong>Giovanni Vitali<\/strong>&nbsp;e&nbsp;<strong>Cristina Bersanelli<\/strong>.<\/p>\n\n\n\n<p><strong><u>La locandina<\/u><\/strong>:<\/p>\n\n\n\n<p><strong>WOLFGANG AMADEUS MOZART<\/strong><\/p>\n\n\n\n<p>SINFONIA IN SOL MINORE K. 550<\/p>\n\n\n\n<p>I movimento: Allegro molto \/<\/p>\n\n\n\n<p>IV movimento: finale: Allegro assai<\/p>\n\n\n\n<p>\u2014<\/p>\n\n\n\n<p><strong>LUDWIG VAN BEETHOVEN<\/strong><\/p>\n\n\n\n<p>SINFONIA N. 5 IN DO MINORE OP. 67<\/p>\n\n\n\n<p>I movimento: allegro con brio \/<\/p>\n\n\n\n<p>III&nbsp;movimento: allegro \/<\/p>\n\n\n\n<p>IV movimento:&nbsp;Allegro. Presto<\/p>\n\n\n\n<p><em>Direttore<\/em><\/p>\n\n\n\n<p><strong>Pietro Mazzetti<\/strong><\/p>\n\n\n\n<p>\u2014<\/p>\n\n\n\n<p><strong>Orchestra del Maggio Musicale Fiorentino<\/strong><\/p>\n\n\n\n<figure class=\"wp-block-gallery has-nested-images columns-default is-cropped wp-block-gallery-1 is-layout-flex wp-block-gallery-is-layout-flex\"><\/figure>\n\n\n\n<figure class=\"wp-block-gallery has-nested-images columns-default is-cropped wp-block-gallery-2 is-layout-flex wp-block-gallery-is-layout-flex\">\n<figure class=\"wp-block-image size-large\"><a href=\"https:\/\/www.ecoitaliano.com.ar\/wp-content\/uploads\/2023\/12\/Locandina-generale-scaled.jpg\"><img decoding=\"async\" width=\"717\" height=\"1024\" data-id=\"48178\" src=\"https:\/\/www.ecoitaliano.com.ar\/wp-content\/uploads\/2023\/12\/Locandina-generale-717x1024.jpg\" alt=\"\" class=\"wp-image-48178\" srcset=\"https:\/\/www.ecoitaliano.com.ar\/wp-content\/uploads\/2023\/12\/Locandina-generale-717x1024.jpg 717w, https:\/\/www.ecoitaliano.com.ar\/wp-content\/uploads\/2023\/12\/Locandina-generale-210x300.jpg 210w, https:\/\/www.ecoitaliano.com.ar\/wp-content\/uploads\/2023\/12\/Locandina-generale-768x1097.jpg 768w, https:\/\/www.ecoitaliano.com.ar\/wp-content\/uploads\/2023\/12\/Locandina-generale-1075x1536.jpg 1075w, https:\/\/www.ecoitaliano.com.ar\/wp-content\/uploads\/2023\/12\/Locandina-generale-1434x2048.jpg 1434w, https:\/\/www.ecoitaliano.com.ar\/wp-content\/uploads\/2023\/12\/Locandina-generale-105x150.jpg 105w, https:\/\/www.ecoitaliano.com.ar\/wp-content\/uploads\/2023\/12\/Locandina-generale-scaled.jpg 1792w\" sizes=\"(max-width: 717px) 100vw, 717px\" \/><\/a><\/figure>\n<\/figure>\n\n\n\n<p>le forme<\/p>\n\n\n\n<p>Carmina Burana<\/p>\n\n\n\n<figure class=\"wp-block-gallery has-nested-images columns-default is-cropped wp-block-gallery-3 is-layout-flex wp-block-gallery-is-layout-flex\">\n<figure class=\"wp-block-image size-large\"><a href=\"https:\/\/www.ecoitaliano.com.ar\/wp-content\/uploads\/2023\/12\/Locandina-1-scaled.jpg\"><img decoding=\"async\" width=\"717\" height=\"1024\" data-id=\"48181\" src=\"https:\/\/www.ecoitaliano.com.ar\/wp-content\/uploads\/2023\/12\/Locandina-1-717x1024.jpg\" alt=\"\" class=\"wp-image-48181\" srcset=\"https:\/\/www.ecoitaliano.com.ar\/wp-content\/uploads\/2023\/12\/Locandina-1-717x1024.jpg 717w, https:\/\/www.ecoitaliano.com.ar\/wp-content\/uploads\/2023\/12\/Locandina-1-210x300.jpg 210w, https:\/\/www.ecoitaliano.com.ar\/wp-content\/uploads\/2023\/12\/Locandina-1-768x1097.jpg 768w, https:\/\/www.ecoitaliano.com.ar\/wp-content\/uploads\/2023\/12\/Locandina-1-1075x1536.jpg 1075w, https:\/\/www.ecoitaliano.com.ar\/wp-content\/uploads\/2023\/12\/Locandina-1-1434x2048.jpg 1434w, https:\/\/www.ecoitaliano.com.ar\/wp-content\/uploads\/2023\/12\/Locandina-1-105x150.jpg 105w, https:\/\/www.ecoitaliano.com.ar\/wp-content\/uploads\/2023\/12\/Locandina-1-scaled.jpg 1792w\" sizes=\"(max-width: 717px) 100vw, 717px\" \/><\/a><\/figure>\n<\/figure>\n\n\n\n<figure class=\"wp-block-gallery has-nested-images columns-default is-cropped wp-block-gallery-4 is-layout-flex wp-block-gallery-is-layout-flex\">\n<figure class=\"wp-block-image size-large\"><a href=\"https:\/\/www.ecoitaliano.com.ar\/wp-content\/uploads\/2023\/12\/Coro-del-Maggio-Musicale-Fiorentino-\u00a9-Michele-Monasta-Maggio-Musicale-Fiorentino-scaled.jpg\"><img decoding=\"async\" width=\"1024\" height=\"683\" data-id=\"48183\" src=\"https:\/\/www.ecoitaliano.com.ar\/wp-content\/uploads\/2023\/12\/Coro-del-Maggio-Musicale-Fiorentino-\u00a9-Michele-Monasta-Maggio-Musicale-Fiorentino-1024x683.jpg\" alt=\"\" class=\"wp-image-48183\" srcset=\"https:\/\/www.ecoitaliano.com.ar\/wp-content\/uploads\/2023\/12\/Coro-del-Maggio-Musicale-Fiorentino-\u00a9-Michele-Monasta-Maggio-Musicale-Fiorentino-1024x683.jpg 1024w, https:\/\/www.ecoitaliano.com.ar\/wp-content\/uploads\/2023\/12\/Coro-del-Maggio-Musicale-Fiorentino-\u00a9-Michele-Monasta-Maggio-Musicale-Fiorentino-300x200.jpg 300w, https:\/\/www.ecoitaliano.com.ar\/wp-content\/uploads\/2023\/12\/Coro-del-Maggio-Musicale-Fiorentino-\u00a9-Michele-Monasta-Maggio-Musicale-Fiorentino-768x512.jpg 768w, https:\/\/www.ecoitaliano.com.ar\/wp-content\/uploads\/2023\/12\/Coro-del-Maggio-Musicale-Fiorentino-\u00a9-Michele-Monasta-Maggio-Musicale-Fiorentino-1536x1024.jpg 1536w, https:\/\/www.ecoitaliano.com.ar\/wp-content\/uploads\/2023\/12\/Coro-del-Maggio-Musicale-Fiorentino-\u00a9-Michele-Monasta-Maggio-Musicale-Fiorentino-2048x1365.jpg 2048w, https:\/\/www.ecoitaliano.com.ar\/wp-content\/uploads\/2023\/12\/Coro-del-Maggio-Musicale-Fiorentino-\u00a9-Michele-Monasta-Maggio-Musicale-Fiorentino-150x100.jpg 150w\" sizes=\"(max-width: 1024px) 100vw, 1024px\" \/><\/a><\/figure>\n\n\n\n<figure class=\"wp-block-image size-large\"><a href=\"https:\/\/www.ecoitaliano.com.ar\/wp-content\/uploads\/2023\/12\/Coro-di-voci-bianche-dellAccademia-del-Maggio-\u00a9-Simone-Donati-TerraProject-Contrasto-scaled.jpg\"><img decoding=\"async\" width=\"1024\" height=\"683\" data-id=\"48184\" src=\"https:\/\/www.ecoitaliano.com.ar\/wp-content\/uploads\/2023\/12\/Coro-di-voci-bianche-dellAccademia-del-Maggio-\u00a9-Simone-Donati-TerraProject-Contrasto-1024x683.jpg\" alt=\"\" class=\"wp-image-48184\" srcset=\"https:\/\/www.ecoitaliano.com.ar\/wp-content\/uploads\/2023\/12\/Coro-di-voci-bianche-dellAccademia-del-Maggio-\u00a9-Simone-Donati-TerraProject-Contrasto-1024x683.jpg 1024w, https:\/\/www.ecoitaliano.com.ar\/wp-content\/uploads\/2023\/12\/Coro-di-voci-bianche-dellAccademia-del-Maggio-\u00a9-Simone-Donati-TerraProject-Contrasto-300x200.jpg 300w, https:\/\/www.ecoitaliano.com.ar\/wp-content\/uploads\/2023\/12\/Coro-di-voci-bianche-dellAccademia-del-Maggio-\u00a9-Simone-Donati-TerraProject-Contrasto-768x512.jpg 768w, https:\/\/www.ecoitaliano.com.ar\/wp-content\/uploads\/2023\/12\/Coro-di-voci-bianche-dellAccademia-del-Maggio-\u00a9-Simone-Donati-TerraProject-Contrasto-1536x1024.jpg 1536w, https:\/\/www.ecoitaliano.com.ar\/wp-content\/uploads\/2023\/12\/Coro-di-voci-bianche-dellAccademia-del-Maggio-\u00a9-Simone-Donati-TerraProject-Contrasto-2048x1365.jpg 2048w, https:\/\/www.ecoitaliano.com.ar\/wp-content\/uploads\/2023\/12\/Coro-di-voci-bianche-dellAccademia-del-Maggio-\u00a9-Simone-Donati-TerraProject-Contrasto-150x100.jpg 150w\" sizes=\"(max-width: 1024px) 100vw, 1024px\" \/><\/a><figcaption class=\"wp-element-caption\">Firenze, dicembre 2015. Il concerto del CORO DELLE VOCI BIANCHE DEL MAGGIO al Teatro dell&#8217;Opera di Firenze. Maestro del Coro Lorenzo Fratini e Sara Matteucci.\n\nFlorence, December 2015. The concert of the Chorus of the White voices at the Opera Theatre. Choirmaster Lorenzo Fratini and Sara Matteucci.<\/figcaption><\/figure>\n\n\n\n<figure class=\"wp-block-image size-large\"><a href=\"https:\/\/www.ecoitaliano.com.ar\/wp-content\/uploads\/2023\/12\/Lorenzo-Fratini-maestro-del-Coro-del-Maggio-\u00a9-Simone-Donati-TerraProject-Contrasto-scaled.jpg\"><img decoding=\"async\" width=\"683\" height=\"1024\" data-id=\"48182\" src=\"https:\/\/www.ecoitaliano.com.ar\/wp-content\/uploads\/2023\/12\/Lorenzo-Fratini-maestro-del-Coro-del-Maggio-\u00a9-Simone-Donati-TerraProject-Contrasto-683x1024.jpg\" alt=\"\" class=\"wp-image-48182\" srcset=\"https:\/\/www.ecoitaliano.com.ar\/wp-content\/uploads\/2023\/12\/Lorenzo-Fratini-maestro-del-Coro-del-Maggio-\u00a9-Simone-Donati-TerraProject-Contrasto-683x1024.jpg 683w, https:\/\/www.ecoitaliano.com.ar\/wp-content\/uploads\/2023\/12\/Lorenzo-Fratini-maestro-del-Coro-del-Maggio-\u00a9-Simone-Donati-TerraProject-Contrasto-200x300.jpg 200w, https:\/\/www.ecoitaliano.com.ar\/wp-content\/uploads\/2023\/12\/Lorenzo-Fratini-maestro-del-Coro-del-Maggio-\u00a9-Simone-Donati-TerraProject-Contrasto-768x1152.jpg 768w, https:\/\/www.ecoitaliano.com.ar\/wp-content\/uploads\/2023\/12\/Lorenzo-Fratini-maestro-del-Coro-del-Maggio-\u00a9-Simone-Donati-TerraProject-Contrasto-1024x1536.jpg 1024w, https:\/\/www.ecoitaliano.com.ar\/wp-content\/uploads\/2023\/12\/Lorenzo-Fratini-maestro-del-Coro-del-Maggio-\u00a9-Simone-Donati-TerraProject-Contrasto-1365x2048.jpg 1365w, https:\/\/www.ecoitaliano.com.ar\/wp-content\/uploads\/2023\/12\/Lorenzo-Fratini-maestro-del-Coro-del-Maggio-\u00a9-Simone-Donati-TerraProject-Contrasto-100x150.jpg 100w, https:\/\/www.ecoitaliano.com.ar\/wp-content\/uploads\/2023\/12\/Lorenzo-Fratini-maestro-del-Coro-del-Maggio-\u00a9-Simone-Donati-TerraProject-Contrasto-scaled.jpg 1707w\" sizes=\"(max-width: 683px) 100vw, 683px\" \/><\/a><figcaption class=\"wp-element-caption\">Firenze, dicembre 2015. Il concerto \u00abAngeliche voci e arpe\u00bb al Teatro Goldoni con il coro femminile del Maggio Musicale Fiorentino, Susanna Bertuccioli all&#8217;arpa, Gianfranco Dini e Simone Cinque ai corni.\n\nFlorence, December 2015. The concert \u00abAngelic voices and harps\u00bb at the Teatro Goldoni with the female chorus of the Maggio Musicale Fiorentino, Susanna Bertuccioli harp, Gianfranco Dini and Simone Five horns.<\/figcaption><\/figure>\n<\/figure>\n\n\n\n<p>non ci sono pi\u00f9 le mezze stagioni<\/p>\n\n\n\n<figure class=\"wp-block-gallery has-nested-images columns-default is-cropped wp-block-gallery-5 is-layout-flex wp-block-gallery-is-layout-flex\">\n<figure class=\"wp-block-image size-large\"><a href=\"https:\/\/www.ecoitaliano.com.ar\/wp-content\/uploads\/2023\/12\/Locandina-1-1-scaled.jpg\"><img decoding=\"async\" width=\"717\" height=\"1024\" data-id=\"48185\" src=\"https:\/\/www.ecoitaliano.com.ar\/wp-content\/uploads\/2023\/12\/Locandina-1-1-717x1024.jpg\" alt=\"\" class=\"wp-image-48185\" srcset=\"https:\/\/www.ecoitaliano.com.ar\/wp-content\/uploads\/2023\/12\/Locandina-1-1-717x1024.jpg 717w, https:\/\/www.ecoitaliano.com.ar\/wp-content\/uploads\/2023\/12\/Locandina-1-1-210x300.jpg 210w, https:\/\/www.ecoitaliano.com.ar\/wp-content\/uploads\/2023\/12\/Locandina-1-1-768x1097.jpg 768w, https:\/\/www.ecoitaliano.com.ar\/wp-content\/uploads\/2023\/12\/Locandina-1-1-1075x1536.jpg 1075w, https:\/\/www.ecoitaliano.com.ar\/wp-content\/uploads\/2023\/12\/Locandina-1-1-1434x2048.jpg 1434w, https:\/\/www.ecoitaliano.com.ar\/wp-content\/uploads\/2023\/12\/Locandina-1-1-105x150.jpg 105w, https:\/\/www.ecoitaliano.com.ar\/wp-content\/uploads\/2023\/12\/Locandina-1-1-scaled.jpg 1792w\" sizes=\"(max-width: 717px) 100vw, 717px\" \/><\/a><\/figure>\n<\/figure>\n\n\n\n<p>Wolfi&amp;Ludwi<\/p>\n\n\n\n<figure class=\"wp-block-gallery has-nested-images columns-default is-cropped wp-block-gallery-6 is-layout-flex wp-block-gallery-is-layout-flex\">\n<figure class=\"wp-block-image size-large\"><a href=\"https:\/\/www.ecoitaliano.com.ar\/wp-content\/uploads\/2023\/12\/Wolfi-_-Ludwi_Locandina-scaled.jpg\"><img decoding=\"async\" width=\"717\" height=\"1024\" data-id=\"48186\" src=\"https:\/\/www.ecoitaliano.com.ar\/wp-content\/uploads\/2023\/12\/Wolfi-_-Ludwi_Locandina-717x1024.jpg\" alt=\"\" class=\"wp-image-48186\" srcset=\"https:\/\/www.ecoitaliano.com.ar\/wp-content\/uploads\/2023\/12\/Wolfi-_-Ludwi_Locandina-717x1024.jpg 717w, https:\/\/www.ecoitaliano.com.ar\/wp-content\/uploads\/2023\/12\/Wolfi-_-Ludwi_Locandina-210x300.jpg 210w, https:\/\/www.ecoitaliano.com.ar\/wp-content\/uploads\/2023\/12\/Wolfi-_-Ludwi_Locandina-768x1097.jpg 768w, https:\/\/www.ecoitaliano.com.ar\/wp-content\/uploads\/2023\/12\/Wolfi-_-Ludwi_Locandina-1075x1536.jpg 1075w, https:\/\/www.ecoitaliano.com.ar\/wp-content\/uploads\/2023\/12\/Wolfi-_-Ludwi_Locandina-1434x2048.jpg 1434w, https:\/\/www.ecoitaliano.com.ar\/wp-content\/uploads\/2023\/12\/Wolfi-_-Ludwi_Locandina-105x150.jpg 105w, https:\/\/www.ecoitaliano.com.ar\/wp-content\/uploads\/2023\/12\/Wolfi-_-Ludwi_Locandina-scaled.jpg 1792w\" sizes=\"(max-width: 717px) 100vw, 717px\" \/><\/a><\/figure>\n<\/figure>\n\n\n\n<figure class=\"wp-block-gallery has-nested-images columns-default is-cropped wp-block-gallery-7 is-layout-flex wp-block-gallery-is-layout-flex\">\n<figure class=\"wp-block-image size-large\"><a href=\"https:\/\/www.ecoitaliano.com.ar\/wp-content\/uploads\/2023\/12\/Orchestra-del-Maggio-Musicale-Fiorentino-\u00a9-Michele-Monasta-Maggio-Musicale-Fiorentino-scaled.jpg\"><img decoding=\"async\" width=\"1024\" height=\"683\" data-id=\"48187\" src=\"https:\/\/www.ecoitaliano.com.ar\/wp-content\/uploads\/2023\/12\/Orchestra-del-Maggio-Musicale-Fiorentino-\u00a9-Michele-Monasta-Maggio-Musicale-Fiorentino-1024x683.jpg\" alt=\"\" class=\"wp-image-48187\" srcset=\"https:\/\/www.ecoitaliano.com.ar\/wp-content\/uploads\/2023\/12\/Orchestra-del-Maggio-Musicale-Fiorentino-\u00a9-Michele-Monasta-Maggio-Musicale-Fiorentino-1024x683.jpg 1024w, https:\/\/www.ecoitaliano.com.ar\/wp-content\/uploads\/2023\/12\/Orchestra-del-Maggio-Musicale-Fiorentino-\u00a9-Michele-Monasta-Maggio-Musicale-Fiorentino-300x200.jpg 300w, https:\/\/www.ecoitaliano.com.ar\/wp-content\/uploads\/2023\/12\/Orchestra-del-Maggio-Musicale-Fiorentino-\u00a9-Michele-Monasta-Maggio-Musicale-Fiorentino-768x512.jpg 768w, https:\/\/www.ecoitaliano.com.ar\/wp-content\/uploads\/2023\/12\/Orchestra-del-Maggio-Musicale-Fiorentino-\u00a9-Michele-Monasta-Maggio-Musicale-Fiorentino-1536x1024.jpg 1536w, https:\/\/www.ecoitaliano.com.ar\/wp-content\/uploads\/2023\/12\/Orchestra-del-Maggio-Musicale-Fiorentino-\u00a9-Michele-Monasta-Maggio-Musicale-Fiorentino-2048x1365.jpg 2048w, https:\/\/www.ecoitaliano.com.ar\/wp-content\/uploads\/2023\/12\/Orchestra-del-Maggio-Musicale-Fiorentino-\u00a9-Michele-Monasta-Maggio-Musicale-Fiorentino-150x100.jpg 150w\" sizes=\"(max-width: 1024px) 100vw, 1024px\" \/><\/a><\/figure>\n<\/figure>\n\n\n\n<figure class=\"wp-block-gallery has-nested-images columns-default is-cropped wp-block-gallery-8 is-layout-flex wp-block-gallery-is-layout-flex\">\n<figure class=\"wp-block-image size-large\"><a href=\"https:\/\/www.ecoitaliano.com.ar\/wp-content\/uploads\/2023\/12\/Orchestra-e-Coro-del-Maggio-Musicale-Fiorentino-\u00a9-Michele-Monasta-Maggio-Musicale-Fiorentino-scaled.jpg\"><img decoding=\"async\" width=\"1024\" height=\"683\" data-id=\"48188\" src=\"https:\/\/www.ecoitaliano.com.ar\/wp-content\/uploads\/2023\/12\/Orchestra-e-Coro-del-Maggio-Musicale-Fiorentino-\u00a9-Michele-Monasta-Maggio-Musicale-Fiorentino-1024x683.jpg\" alt=\"\" class=\"wp-image-48188\" srcset=\"https:\/\/www.ecoitaliano.com.ar\/wp-content\/uploads\/2023\/12\/Orchestra-e-Coro-del-Maggio-Musicale-Fiorentino-\u00a9-Michele-Monasta-Maggio-Musicale-Fiorentino-1024x683.jpg 1024w, https:\/\/www.ecoitaliano.com.ar\/wp-content\/uploads\/2023\/12\/Orchestra-e-Coro-del-Maggio-Musicale-Fiorentino-\u00a9-Michele-Monasta-Maggio-Musicale-Fiorentino-300x200.jpg 300w, https:\/\/www.ecoitaliano.com.ar\/wp-content\/uploads\/2023\/12\/Orchestra-e-Coro-del-Maggio-Musicale-Fiorentino-\u00a9-Michele-Monasta-Maggio-Musicale-Fiorentino-768x512.jpg 768w, https:\/\/www.ecoitaliano.com.ar\/wp-content\/uploads\/2023\/12\/Orchestra-e-Coro-del-Maggio-Musicale-Fiorentino-\u00a9-Michele-Monasta-Maggio-Musicale-Fiorentino-1536x1024.jpg 1536w, https:\/\/www.ecoitaliano.com.ar\/wp-content\/uploads\/2023\/12\/Orchestra-e-Coro-del-Maggio-Musicale-Fiorentino-\u00a9-Michele-Monasta-Maggio-Musicale-Fiorentino-2048x1365.jpg 2048w, https:\/\/www.ecoitaliano.com.ar\/wp-content\/uploads\/2023\/12\/Orchestra-e-Coro-del-Maggio-Musicale-Fiorentino-\u00a9-Michele-Monasta-Maggio-Musicale-Fiorentino-150x100.jpg 150w\" sizes=\"(max-width: 1024px) 100vw, 1024px\" \/><\/a><\/figure>\n<\/figure>\n\n\n\n<p>gli strumenti<\/p>\n\n\n\n<p>1 Ottobre 2023 &#8211; il carnevale degli animali<\/p>\n\n\n\n<figure class=\"wp-block-gallery has-nested-images columns-default is-cropped wp-block-gallery-9 is-layout-flex wp-block-gallery-is-layout-flex\">\n<figure class=\"wp-block-image size-large\"><a href=\"https:\/\/www.ecoitaliano.com.ar\/wp-content\/uploads\/2023\/12\/Locandina-e-biografie_1-ottobre-2023_page-0001.jpg\"><img decoding=\"async\" width=\"1024\" height=\"741\" data-id=\"48191\" src=\"https:\/\/www.ecoitaliano.com.ar\/wp-content\/uploads\/2023\/12\/Locandina-e-biografie_1-ottobre-2023_page-0001-1024x741.jpg\" alt=\"\" class=\"wp-image-48191\" srcset=\"https:\/\/www.ecoitaliano.com.ar\/wp-content\/uploads\/2023\/12\/Locandina-e-biografie_1-ottobre-2023_page-0001-1024x741.jpg 1024w, https:\/\/www.ecoitaliano.com.ar\/wp-content\/uploads\/2023\/12\/Locandina-e-biografie_1-ottobre-2023_page-0001-300x217.jpg 300w, https:\/\/www.ecoitaliano.com.ar\/wp-content\/uploads\/2023\/12\/Locandina-e-biografie_1-ottobre-2023_page-0001-768x556.jpg 768w, https:\/\/www.ecoitaliano.com.ar\/wp-content\/uploads\/2023\/12\/Locandina-e-biografie_1-ottobre-2023_page-0001-1536x1111.jpg 1536w, https:\/\/www.ecoitaliano.com.ar\/wp-content\/uploads\/2023\/12\/Locandina-e-biografie_1-ottobre-2023_page-0001-150x108.jpg 150w, https:\/\/www.ecoitaliano.com.ar\/wp-content\/uploads\/2023\/12\/Locandina-e-biografie_1-ottobre-2023_page-0001.jpg 1836w\" sizes=\"(max-width: 1024px) 100vw, 1024px\" \/><\/a><\/figure>\n<\/figure>\n\n\n\n<figure class=\"wp-block-gallery has-nested-images columns-default is-cropped wp-block-gallery-10 is-layout-flex wp-block-gallery-is-layout-flex\">\n<figure class=\"wp-block-image size-large\"><a href=\"https:\/\/www.ecoitaliano.com.ar\/wp-content\/uploads\/2023\/12\/Gaia-Nanni-la-zoologa-\u00a9-Antonio-Viscido.jpg\"><img decoding=\"async\" width=\"542\" height=\"362\" data-id=\"48192\" src=\"https:\/\/www.ecoitaliano.com.ar\/wp-content\/uploads\/2023\/12\/Gaia-Nanni-la-zoologa-\u00a9-Antonio-Viscido.jpg\" alt=\"\" class=\"wp-image-48192\" srcset=\"https:\/\/www.ecoitaliano.com.ar\/wp-content\/uploads\/2023\/12\/Gaia-Nanni-la-zoologa-\u00a9-Antonio-Viscido.jpg 542w, https:\/\/www.ecoitaliano.com.ar\/wp-content\/uploads\/2023\/12\/Gaia-Nanni-la-zoologa-\u00a9-Antonio-Viscido-300x200.jpg 300w, https:\/\/www.ecoitaliano.com.ar\/wp-content\/uploads\/2023\/12\/Gaia-Nanni-la-zoologa-\u00a9-Antonio-Viscido-150x100.jpg 150w\" sizes=\"(max-width: 542px) 100vw, 542px\" \/><\/a><\/figure>\n<\/figure>\n\n\n\n<figure class=\"wp-block-gallery has-nested-images columns-default is-cropped wp-block-gallery-11 is-layout-flex wp-block-gallery-is-layout-flex\">\n<figure class=\"wp-block-image size-large\"><a href=\"https:\/\/www.ecoitaliano.com.ar\/wp-content\/uploads\/2023\/12\/Cesare-Della-Sciucca-direttore-scaled.jpg\"><img decoding=\"async\" width=\"683\" height=\"1024\" data-id=\"48193\" src=\"https:\/\/www.ecoitaliano.com.ar\/wp-content\/uploads\/2023\/12\/Cesare-Della-Sciucca-direttore-683x1024.jpg\" alt=\"\" class=\"wp-image-48193\" srcset=\"https:\/\/www.ecoitaliano.com.ar\/wp-content\/uploads\/2023\/12\/Cesare-Della-Sciucca-direttore-683x1024.jpg 683w, https:\/\/www.ecoitaliano.com.ar\/wp-content\/uploads\/2023\/12\/Cesare-Della-Sciucca-direttore-200x300.jpg 200w, https:\/\/www.ecoitaliano.com.ar\/wp-content\/uploads\/2023\/12\/Cesare-Della-Sciucca-direttore-768x1152.jpg 768w, https:\/\/www.ecoitaliano.com.ar\/wp-content\/uploads\/2023\/12\/Cesare-Della-Sciucca-direttore-1024x1536.jpg 1024w, https:\/\/www.ecoitaliano.com.ar\/wp-content\/uploads\/2023\/12\/Cesare-Della-Sciucca-direttore-1365x2048.jpg 1365w, https:\/\/www.ecoitaliano.com.ar\/wp-content\/uploads\/2023\/12\/Cesare-Della-Sciucca-direttore-100x150.jpg 100w, https:\/\/www.ecoitaliano.com.ar\/wp-content\/uploads\/2023\/12\/Cesare-Della-Sciucca-direttore-scaled.jpg 1707w\" sizes=\"(max-width: 683px) 100vw, 683px\" \/><\/a><\/figure>\n<\/figure>\n\n\n\n<p>8 ottobre 2023 &#8211; Storia di Babar, l&#8217;elefantino<\/p>\n\n\n\n<figure class=\"wp-block-gallery has-nested-images columns-default is-cropped wp-block-gallery-12 is-layout-flex wp-block-gallery-is-layout-flex\">\n<figure class=\"wp-block-image size-large\"><a href=\"https:\/\/www.ecoitaliano.com.ar\/wp-content\/uploads\/2023\/12\/Manifesto-1-scaled.jpg\"><img decoding=\"async\" width=\"720\" height=\"1024\" data-id=\"48194\" src=\"https:\/\/www.ecoitaliano.com.ar\/wp-content\/uploads\/2023\/12\/Manifesto-1-720x1024.jpg\" alt=\"\" class=\"wp-image-48194\" srcset=\"https:\/\/www.ecoitaliano.com.ar\/wp-content\/uploads\/2023\/12\/Manifesto-1-720x1024.jpg 720w, https:\/\/www.ecoitaliano.com.ar\/wp-content\/uploads\/2023\/12\/Manifesto-1-211x300.jpg 211w, https:\/\/www.ecoitaliano.com.ar\/wp-content\/uploads\/2023\/12\/Manifesto-1-768x1093.jpg 768w, https:\/\/www.ecoitaliano.com.ar\/wp-content\/uploads\/2023\/12\/Manifesto-1-1080x1536.jpg 1080w, https:\/\/www.ecoitaliano.com.ar\/wp-content\/uploads\/2023\/12\/Manifesto-1-1439x2048.jpg 1439w, https:\/\/www.ecoitaliano.com.ar\/wp-content\/uploads\/2023\/12\/Manifesto-1-105x150.jpg 105w, https:\/\/www.ecoitaliano.com.ar\/wp-content\/uploads\/2023\/12\/Manifesto-1-scaled.jpg 1799w\" sizes=\"(max-width: 720px) 100vw, 720px\" \/><\/a><\/figure>\n<\/figure>\n\n\n\n<figure class=\"wp-block-gallery has-nested-images columns-default is-cropped wp-block-gallery-13 is-layout-flex wp-block-gallery-is-layout-flex\">\n<figure class=\"wp-block-image size-large\"><a href=\"https:\/\/www.ecoitaliano.com.ar\/wp-content\/uploads\/2023\/12\/Attilia-Kiyoko-Cernitori-direttore-\u00a9-Carolina-Frank.png\"><img decoding=\"async\" width=\"1024\" height=\"1024\" data-id=\"48195\" src=\"https:\/\/www.ecoitaliano.com.ar\/wp-content\/uploads\/2023\/12\/Attilia-Kiyoko-Cernitori-direttore-\u00a9-Carolina-Frank-1024x1024.png\" alt=\"\" class=\"wp-image-48195\" srcset=\"https:\/\/www.ecoitaliano.com.ar\/wp-content\/uploads\/2023\/12\/Attilia-Kiyoko-Cernitori-direttore-\u00a9-Carolina-Frank-1024x1024.png 1024w, https:\/\/www.ecoitaliano.com.ar\/wp-content\/uploads\/2023\/12\/Attilia-Kiyoko-Cernitori-direttore-\u00a9-Carolina-Frank-300x300.png 300w, https:\/\/www.ecoitaliano.com.ar\/wp-content\/uploads\/2023\/12\/Attilia-Kiyoko-Cernitori-direttore-\u00a9-Carolina-Frank-150x150.png 150w, https:\/\/www.ecoitaliano.com.ar\/wp-content\/uploads\/2023\/12\/Attilia-Kiyoko-Cernitori-direttore-\u00a9-Carolina-Frank-768x768.png 768w, https:\/\/www.ecoitaliano.com.ar\/wp-content\/uploads\/2023\/12\/Attilia-Kiyoko-Cernitori-direttore-\u00a9-Carolina-Frank-1536x1536.png 1536w, https:\/\/www.ecoitaliano.com.ar\/wp-content\/uploads\/2023\/12\/Attilia-Kiyoko-Cernitori-direttore-\u00a9-Carolina-Frank.png 1665w\" sizes=\"(max-width: 1024px) 100vw, 1024px\" \/><\/a><\/figure>\n<\/figure>\n\n\n\n<figure class=\"wp-block-gallery has-nested-images columns-default is-cropped wp-block-gallery-14 is-layout-flex wp-block-gallery-is-layout-flex\">\n<figure class=\"wp-block-image size-large\"><a href=\"https:\/\/www.ecoitaliano.com.ar\/wp-content\/uploads\/2023\/12\/Davide-Gasparro-il-narratore-\u00a9-Clarissa-Lapolla-scaled.jpg\"><img decoding=\"async\" width=\"683\" height=\"1024\" data-id=\"48196\" src=\"https:\/\/www.ecoitaliano.com.ar\/wp-content\/uploads\/2023\/12\/Davide-Gasparro-il-narratore-\u00a9-Clarissa-Lapolla-683x1024.jpg\" alt=\"\" class=\"wp-image-48196\" srcset=\"https:\/\/www.ecoitaliano.com.ar\/wp-content\/uploads\/2023\/12\/Davide-Gasparro-il-narratore-\u00a9-Clarissa-Lapolla-683x1024.jpg 683w, https:\/\/www.ecoitaliano.com.ar\/wp-content\/uploads\/2023\/12\/Davide-Gasparro-il-narratore-\u00a9-Clarissa-Lapolla-200x300.jpg 200w, https:\/\/www.ecoitaliano.com.ar\/wp-content\/uploads\/2023\/12\/Davide-Gasparro-il-narratore-\u00a9-Clarissa-Lapolla-768x1152.jpg 768w, https:\/\/www.ecoitaliano.com.ar\/wp-content\/uploads\/2023\/12\/Davide-Gasparro-il-narratore-\u00a9-Clarissa-Lapolla-1024x1536.jpg 1024w, https:\/\/www.ecoitaliano.com.ar\/wp-content\/uploads\/2023\/12\/Davide-Gasparro-il-narratore-\u00a9-Clarissa-Lapolla-1365x2048.jpg 1365w, https:\/\/www.ecoitaliano.com.ar\/wp-content\/uploads\/2023\/12\/Davide-Gasparro-il-narratore-\u00a9-Clarissa-Lapolla-100x150.jpg 100w, https:\/\/www.ecoitaliano.com.ar\/wp-content\/uploads\/2023\/12\/Davide-Gasparro-il-narratore-\u00a9-Clarissa-Lapolla-scaled.jpg 1707w\" sizes=\"(max-width: 683px) 100vw, 683px\" \/><\/a><\/figure>\n<\/figure>\n\n\n\n<p>15 ottobre 2023 &#8211; Guida del giovane all&#8217;orchestra<\/p>\n\n\n\n<figure class=\"wp-block-gallery has-nested-images columns-default is-cropped wp-block-gallery-15 is-layout-flex wp-block-gallery-is-layout-flex\">\n<figure class=\"wp-block-image size-large\"><a href=\"https:\/\/www.ecoitaliano.com.ar\/wp-content\/uploads\/2023\/12\/Nicolo-Jacopo-Suppa-direttore-1.jpeg\"><img decoding=\"async\" width=\"1024\" height=\"654\" data-id=\"48199\" src=\"https:\/\/www.ecoitaliano.com.ar\/wp-content\/uploads\/2023\/12\/Nicolo-Jacopo-Suppa-direttore-1-1024x654.jpeg\" alt=\"\" class=\"wp-image-48199\" srcset=\"https:\/\/www.ecoitaliano.com.ar\/wp-content\/uploads\/2023\/12\/Nicolo-Jacopo-Suppa-direttore-1-1024x654.jpeg 1024w, https:\/\/www.ecoitaliano.com.ar\/wp-content\/uploads\/2023\/12\/Nicolo-Jacopo-Suppa-direttore-1-300x192.jpeg 300w, https:\/\/www.ecoitaliano.com.ar\/wp-content\/uploads\/2023\/12\/Nicolo-Jacopo-Suppa-direttore-1-768x490.jpeg 768w, https:\/\/www.ecoitaliano.com.ar\/wp-content\/uploads\/2023\/12\/Nicolo-Jacopo-Suppa-direttore-1-1536x981.jpeg 1536w, https:\/\/www.ecoitaliano.com.ar\/wp-content\/uploads\/2023\/12\/Nicolo-Jacopo-Suppa-direttore-1-150x96.jpeg 150w, https:\/\/www.ecoitaliano.com.ar\/wp-content\/uploads\/2023\/12\/Nicolo-Jacopo-Suppa-direttore-1.jpeg 1762w\" sizes=\"(max-width: 1024px) 100vw, 1024px\" \/><\/a><\/figure>\n<\/figure>\n\n\n\n<figure class=\"wp-block-gallery has-nested-images columns-default is-cropped wp-block-gallery-16 is-layout-flex wp-block-gallery-is-layout-flex\">\n<figure class=\"wp-block-image size-large\"><a href=\"https:\/\/www.ecoitaliano.com.ar\/wp-content\/uploads\/2023\/12\/Lorenzo-Baglioni-il-compositore-Henry-Purcell-\u00a9-Gianluca-Zati.jpg\"><img decoding=\"async\" width=\"683\" height=\"1024\" data-id=\"48198\" src=\"https:\/\/www.ecoitaliano.com.ar\/wp-content\/uploads\/2023\/12\/Lorenzo-Baglioni-il-compositore-Henry-Purcell-\u00a9-Gianluca-Zati-683x1024.jpg\" alt=\"\" class=\"wp-image-48198\" srcset=\"https:\/\/www.ecoitaliano.com.ar\/wp-content\/uploads\/2023\/12\/Lorenzo-Baglioni-il-compositore-Henry-Purcell-\u00a9-Gianluca-Zati-683x1024.jpg 683w, https:\/\/www.ecoitaliano.com.ar\/wp-content\/uploads\/2023\/12\/Lorenzo-Baglioni-il-compositore-Henry-Purcell-\u00a9-Gianluca-Zati-200x300.jpg 200w, https:\/\/www.ecoitaliano.com.ar\/wp-content\/uploads\/2023\/12\/Lorenzo-Baglioni-il-compositore-Henry-Purcell-\u00a9-Gianluca-Zati-768x1152.jpg 768w, https:\/\/www.ecoitaliano.com.ar\/wp-content\/uploads\/2023\/12\/Lorenzo-Baglioni-il-compositore-Henry-Purcell-\u00a9-Gianluca-Zati-1024x1536.jpg 1024w, https:\/\/www.ecoitaliano.com.ar\/wp-content\/uploads\/2023\/12\/Lorenzo-Baglioni-il-compositore-Henry-Purcell-\u00a9-Gianluca-Zati-1365x2048.jpg 1365w, https:\/\/www.ecoitaliano.com.ar\/wp-content\/uploads\/2023\/12\/Lorenzo-Baglioni-il-compositore-Henry-Purcell-\u00a9-Gianluca-Zati-100x150.jpg 100w, https:\/\/www.ecoitaliano.com.ar\/wp-content\/uploads\/2023\/12\/Lorenzo-Baglioni-il-compositore-Henry-Purcell-\u00a9-Gianluca-Zati.jpg 1536w\" sizes=\"(max-width: 683px) 100vw, 683px\" \/><\/a><\/figure>\n<\/figure>\n\n\n\n<p>29 ottobre 2023 &#8211; Pierino e il lupo<\/p>\n\n\n\n<figure class=\"wp-block-gallery has-nested-images columns-default is-cropped wp-block-gallery-17 is-layout-flex wp-block-gallery-is-layout-flex\">\n<figure class=\"wp-block-image size-large\"><a href=\"https:\/\/www.ecoitaliano.com.ar\/wp-content\/uploads\/2023\/12\/Alfonso-Antoniozzi-il-narratore-scaled.jpg\"><img decoding=\"async\" width=\"1024\" height=\"683\" data-id=\"48200\" src=\"https:\/\/www.ecoitaliano.com.ar\/wp-content\/uploads\/2023\/12\/Alfonso-Antoniozzi-il-narratore-1024x683.jpg\" alt=\"\" class=\"wp-image-48200\" srcset=\"https:\/\/www.ecoitaliano.com.ar\/wp-content\/uploads\/2023\/12\/Alfonso-Antoniozzi-il-narratore-1024x683.jpg 1024w, https:\/\/www.ecoitaliano.com.ar\/wp-content\/uploads\/2023\/12\/Alfonso-Antoniozzi-il-narratore-300x200.jpg 300w, https:\/\/www.ecoitaliano.com.ar\/wp-content\/uploads\/2023\/12\/Alfonso-Antoniozzi-il-narratore-768x512.jpg 768w, https:\/\/www.ecoitaliano.com.ar\/wp-content\/uploads\/2023\/12\/Alfonso-Antoniozzi-il-narratore-1536x1024.jpg 1536w, https:\/\/www.ecoitaliano.com.ar\/wp-content\/uploads\/2023\/12\/Alfonso-Antoniozzi-il-narratore-2048x1365.jpg 2048w, https:\/\/www.ecoitaliano.com.ar\/wp-content\/uploads\/2023\/12\/Alfonso-Antoniozzi-il-narratore-150x100.jpg 150w\" sizes=\"(max-width: 1024px) 100vw, 1024px\" \/><\/a><\/figure>\n<\/figure>\n\n\n\n<figure class=\"wp-block-gallery has-nested-images columns-default is-cropped wp-block-gallery-18 is-layout-flex wp-block-gallery-is-layout-flex\">\n<figure class=\"wp-block-image size-large\"><a href=\"https:\/\/www.ecoitaliano.com.ar\/wp-content\/uploads\/2023\/12\/Matteo-Parmeggiani-direttore-scaled.jpg\"><img decoding=\"async\" width=\"1024\" height=\"672\" data-id=\"48201\" src=\"https:\/\/www.ecoitaliano.com.ar\/wp-content\/uploads\/2023\/12\/Matteo-Parmeggiani-direttore-1024x672.jpg\" alt=\"\" class=\"wp-image-48201\" srcset=\"https:\/\/www.ecoitaliano.com.ar\/wp-content\/uploads\/2023\/12\/Matteo-Parmeggiani-direttore-1024x672.jpg 1024w, https:\/\/www.ecoitaliano.com.ar\/wp-content\/uploads\/2023\/12\/Matteo-Parmeggiani-direttore-300x197.jpg 300w, https:\/\/www.ecoitaliano.com.ar\/wp-content\/uploads\/2023\/12\/Matteo-Parmeggiani-direttore-768x504.jpg 768w, https:\/\/www.ecoitaliano.com.ar\/wp-content\/uploads\/2023\/12\/Matteo-Parmeggiani-direttore-1536x1007.jpg 1536w, https:\/\/www.ecoitaliano.com.ar\/wp-content\/uploads\/2023\/12\/Matteo-Parmeggiani-direttore-2048x1343.jpg 2048w, https:\/\/www.ecoitaliano.com.ar\/wp-content\/uploads\/2023\/12\/Matteo-Parmeggiani-direttore-150x98.jpg 150w\" sizes=\"(max-width: 1024px) 100vw, 1024px\" \/><\/a><\/figure>\n<\/figure>\n","protected":false},"excerpt":{"rendered":"<p>I concerti del ciclo&nbsp;\u201cC\u2019\u00e8 musica &amp; musica\u201d Ultimo appuntamento in programma per il ciclo di appuntamenti \u201cC\u2019\u00e8 Musica &amp; Musica\u201d [&hellip;]<\/p>\n","protected":false},"author":1,"featured_media":0,"comment_status":"open","ping_status":"open","sticky":false,"template":"","format":"standard","meta":{"footnotes":""},"categories":[1],"tags":[],"class_list":["post-48171","post","type-post","status-publish","format-standard","hentry","category-sin-categoria"],"_links":{"self":[{"href":"https:\/\/www.ecoitaliano.com.ar\/index.php?rest_route=\/wp\/v2\/posts\/48171","targetHints":{"allow":["GET"]}}],"collection":[{"href":"https:\/\/www.ecoitaliano.com.ar\/index.php?rest_route=\/wp\/v2\/posts"}],"about":[{"href":"https:\/\/www.ecoitaliano.com.ar\/index.php?rest_route=\/wp\/v2\/types\/post"}],"author":[{"embeddable":true,"href":"https:\/\/www.ecoitaliano.com.ar\/index.php?rest_route=\/wp\/v2\/users\/1"}],"replies":[{"embeddable":true,"href":"https:\/\/www.ecoitaliano.com.ar\/index.php?rest_route=%2Fwp%2Fv2%2Fcomments&post=48171"}],"version-history":[{"count":0,"href":"https:\/\/www.ecoitaliano.com.ar\/index.php?rest_route=\/wp\/v2\/posts\/48171\/revisions"}],"wp:attachment":[{"href":"https:\/\/www.ecoitaliano.com.ar\/index.php?rest_route=%2Fwp%2Fv2%2Fmedia&parent=48171"}],"wp:term":[{"taxonomy":"category","embeddable":true,"href":"https:\/\/www.ecoitaliano.com.ar\/index.php?rest_route=%2Fwp%2Fv2%2Fcategories&post=48171"},{"taxonomy":"post_tag","embeddable":true,"href":"https:\/\/www.ecoitaliano.com.ar\/index.php?rest_route=%2Fwp%2Fv2%2Ftags&post=48171"}],"curies":[{"name":"wp","href":"https:\/\/api.w.org\/{rel}","templated":true}]}}