{"id":48257,"date":"2023-12-16T19:17:00","date_gmt":"2023-12-16T19:17:00","guid":{"rendered":"https:\/\/www.ecoitaliano.com.ar\/?p=48257"},"modified":"2023-12-16T21:49:14","modified_gmt":"2023-12-16T21:49:14","slug":"serena-conduce-operaclassica-eco-italiano-2982","status":"publish","type":"post","link":"https:\/\/www.ecoitaliano.com.ar\/?p=48257","title":{"rendered":"Serena conduce operaclassica eco italiano"},"content":{"rendered":"<div class=\"wp-block-image\">\n<figure class=\"aligncenter size-full is-resized\"><a href=\"https:\/\/www.ecoitaliano.com.ar\/wp-content\/uploads\/2023\/12\/de129b05-8b16-b400-7d06-6e73a8883f69.jpg\"><img decoding=\"async\" width=\"200\" height=\"146\" src=\"https:\/\/www.ecoitaliano.com.ar\/wp-content\/uploads\/2023\/12\/de129b05-8b16-b400-7d06-6e73a8883f69.jpg\" alt=\"\" class=\"wp-image-48258\" style=\"width:247px;height:auto\" srcset=\"https:\/\/www.ecoitaliano.com.ar\/wp-content\/uploads\/2023\/12\/de129b05-8b16-b400-7d06-6e73a8883f69.jpg 200w, https:\/\/www.ecoitaliano.com.ar\/wp-content\/uploads\/2023\/12\/de129b05-8b16-b400-7d06-6e73a8883f69-150x110.jpg 150w\" sizes=\"(max-width: 200px) 100vw, 200px\" \/><\/a><\/figure><\/div>\n\n\n<p>COMUNICATO STAMPA<\/p>\n\n\n\n<p>MACERATA OPERA FESTIVAL2024<\/p>\n\n\n\n<p>dal 19 luglio all\u201911 agosto allo Sferisterio omaggio a Giacomo Puccini con<\/p>\n\n\n\n<p><strong><em>Turandot <\/em><\/strong><strong>e <em>La boh\u00e8me<\/em>, festa per le 60 stagioni con <em>Norma <\/em>di Vincenzo Bellini<\/strong><\/p>\n\n\n\n<p><em>Torna la danza con <\/em>Notte Morricone <em>di Marcos Morau con la Fondazione Nazionale della Danza \/ Aterballetto, un concerto di gala e i <\/em>Carmina burana<\/p>\n\n\n\n<p><em>Tra gli artisti in locandina Francesco Ivan Ciampa, Fabrizio Maria Carminati, Valerio Galli, i soprani Ruth Iniesta, Roberta Mantegna, Mariangela Sicilia e Marta Torbidoni, i tenori Yusif Eyvazov, Antonio Poli e Angelo Villari, i baritoni Mario Cassi e Lodovico Filippo Ravizza<\/em><\/p>\n\n\n\n<p><em>Le produzioni sono firmate dai registi Paco Azor\u00edn, Maria Mauti e Leo Muscato<\/em><\/p>\n\n\n\n<p><em>Biglietti in vendita da marted\u00ec 19 dicembre a Macerata e online<\/em><\/p>\n\n\n\n<p>\u201c\u2026e qui la Luna l\u2019abbiamo vicina\u2026\u201d questo verso dalla <em>Boh\u00e8me&nbsp; <\/em>di Puccini traccia la linea programmatica scelta dal sovrintendente Flavio Cavalli e dal nuovo direttore artistico Paolo<\/p>\n\n\n\n<p>Gavazzeni per il Macerata Opera Festival, dal 19 luglio all\u201911 agosto 2024 allo Sferisterio:<\/p>\n\n\n\n<p><em>Turandot <\/em>e <em>La boh\u00e8me <\/em>di Giacomo Puccini,<em>Norma <\/em>di Vincenzo Bellini, tre capolavori del repertorio due dei quali del compositore toscano nel centenario della morte; il terzo titolo \u00e8 legato invece al significativo traguardo delle 60 stagioni d\u2019opera nel monumento iconico di Macerata, divenute negli<\/p>\n\n\n\n<p>anni un appuntamento musicale estivo da non perdere ma soprattutto una occasione di valore<\/p>\n\n\n\n<p>assoluto per la citt\u00e0 e per tutte le Marche.<\/p>\n\n\n\n<p>\u00abSiamo orgogliosi di presentare una stagione, quella del 60\u00b0 Macerata Opera Festival, che dar\u00e0 lustro alla citt\u00e0 e allo Sferisterio grazie al lavoro del sovrintendente Cavalli e del nuovo direttore artistico Gavazzeni e alla funzionalit\u00e0 della struttura \u2013 ha commentato <strong>il presidente Sandro Parcaroli <\/strong>\u2013 . Un\u2019attivit\u00e0 presentata nei tempi che proporr\u00e0 titoli importanti e di grande successo con nomi di rilievo nazionale e internazionale. Una stagione che, nel centenario della morte, sar\u00e0 dedicata al compositore Giacomo Puccini, uno dei pi\u00f9 significativi operisti di tutti i tempi. Oltre alla proposta artistica di elevata qualit\u00e0, il MOF rappresenta per Macerata un traino anche dal punto di vista turistico ed economico\u00bb.<\/p>\n\n\n\n<p>\u00abRivolgiamo ai maceratesi gli auguri di fine anno per noi nel miglior modo possibile presentando la nuova stagione del Macerata Opera Festival &#8211; dichiara il <strong>sovrintendente Flavio Cavalli<\/strong>. Il bilancio di questa manifestazione \u00e8 composto per il 60% da contributi pubblici e da quelli privati: alla citt\u00e0 di Macerata, alla Provincia e alla Regione ne viene restituita la maggior parte attraverso il lavoro di<\/p>\n\n\n\n<p>tutte le maestranze regionali e alle commissioni fatte a piccole e medie imprese del territorio. I<\/p>\n\n\n\n<p>finanziamenti generano inoltre un indotto con un effetto moltiplicatore che va da 6 a 7 per le attivit\u00e0<\/p>\n\n\n\n<p>commerciali di ogni genere. Questi dati diventano ancora pi\u00f9 importanti alla luce della<\/p>\n\n\n\n<p>convocazione dell&#8217;Associazione<br><\/p>\n\n\n\n<p>Arena Sferisterio avvenuta quest&#8217;anno ad<br><\/p>\n\n\n\n<p>una audizione per la<\/p>\n\n\n\n<p>discussione di due disegni di legge, presentati dagli onorevoli Giorgia Latini e Irene Manzi e oggi in corso di approvazione, per l&#8217;erogazione di un contributo speciale a favore del nostro Ente e per riconoscere lo Sferisterio venga riconosciuto come monumento nazionale\u00bb.<\/p>\n\n\n\n<p>Ancora la Luna \u2013 che illumina il pubblico nelle serate estive allo Sferisterio, offre un\u2019esperienza<\/p>\n\n\n\n<p>unica di&nbsp; &nbsp;musica all\u2019aperto,&nbsp; &nbsp;legata&nbsp; &nbsp;alla&nbsp; &nbsp;perfetta&nbsp;&nbsp; acustica naturale&nbsp; &nbsp;del luogo \u2013&nbsp; &nbsp;attraversa<\/p>\n\n\n\n<p>significativamente i versi e l\u2019ambientazione delle tre opere: una favolistica Luna d\u2019Oriente risplende sul capolavoro incompiuto di Puccini; lo stesso argenteo chiarore si riflette sui volti di Rodolfo e Mim\u00ec; alla Luna si rivolge la sacerdotessa belliniana.<\/p>\n\n\n\n<p>\u00abOgni teatro &#8211; racconta il <strong>direttore artistico Paolo Gavazzeni <\/strong>&#8211; ha un proprio DNA che va studiato e compreso e le mie idee artistiche in questo mese si sono plasmate su questo luogo che ha una propria storia nella quale mi sono immerso. La meravigliosa acustica naturale dello Sferisterio permette di poter ideare grandi spettacoli musicali fatti per la gente e quest&#8217;anno ci sono due grandi anniversari che celebreremo: la 60a Stagione e il 100\u00b0 anno della morte di Giacomo Puccini, figura fondamentale che ha contribuito affinch\u00e9 oggi il canto lirico italiano sia riconosciuto come<\/p>\n\n\n\n<p>patrimonio dell&#8217;umanit\u00e0. Questo festival proporr\u00e0 una programmazione compatta in quattro<\/p>\n\n\n\n<p>settimane e ogni sera di ogni weekend dal 19 luglio all&#8217;11 agosto proporr\u00e0 uno spettacolo. Insieme alle opere di Puccini, sar\u00e0 proposta \u00abNorma\u00bb, titolo che si sarebbe voluto mettere scena per la prima stagione lirica allo Sferisterio, progetto che non si realizz\u00f2 a causa della guerra: proporre l&#8217;opera di Bellini vuole essere un gesto di buon auspicio per il futuro del Sferisterio. Sar\u00e0 un festival molto italiano e ho voluto privilegiare, quando ho potuto, artisti italiani nella convinzione che un festival<\/p>\n\n\n\n<p>per acquisire l&#8217;internazionalit\u00e0 deve innanzitutto mostrare la propria identit\u00e0 artistica che \u00e8<\/p>\n\n\n\n<p>importante costruire con le forze che ci sono sul territorio\u00bb.<\/p>\n\n\n\n<p><strong><em>Turandot <\/em>(19 e 28 luglio, 3 e 10 agosto) <\/strong>di Giacomo Puccini sar\u00e0 eseguita incompiuta, cos\u00ec come lasciata dal compositore (cio\u00e8 sino alla morte di Li\u00f9, come sancito al Teatro alla Scala dal direttore d\u2019orchestra Arturo Toscanini in occasione della prima postuma). Allo Sferisterio, la struggente e crudele storia d\u2019amore e morte, ambientata \u201ca Pechino al tempo delle favole\u201d, sar\u00e0 affidata al regista spagnolo Paco Azor\u00edn, che firma la nuova produzione dopo il successo di <em>Otello <\/em>del 2016, e alla bacchetta di Francesco Ivan Ciampa che aveva entusiasmato il pubblico nel <em>Macbeth <\/em>del 2019. Interpreti principali Olga Maslova (Turandot), Angelo Villari (Calaf), Ruth Iniesta (Li\u00f9), Antonio Di Matteo (Timur), Lodovico Filippo Ravizza (Ping), Paolo Antognetti (Pang) e Francesco Pittari (Pong).<\/p>\n\n\n\n<p><strong><em>Norma <\/em>(20 e 26 luglio, 4 e 9 agosto) <\/strong>di Vincenzo Bellini festeggia il traguardo delle 60 edizioni di festival operistico allo Sferisterio: scegliendo il capolavoro del Cigno di Catania \u2013 che era tra le ipotesi valutate ai primi del Novecento quando si decise di trasformare lo stadio della palla al bracciale in teatro \u2013 si celebra la citt\u00e0 e coloro che vollero portare l\u2019opera in questo luogo. Il nuovo<\/p>\n\n\n\n<p>allestimento sar\u00e0 firmato dalla<br><\/p>\n\n\n\n<p>regista e documentarista milanese Maria<br><\/p>\n\n\n\n<p>Mauti, alla sua prima<\/p>\n\n\n\n<p>esperienza con il teatro d\u2019opera; sul podio un veterano del belcanto come Fabrizio Maria Carminati, direttore artistico del Teatro Bellini di Catania. Protagonista Marta Torbidoni (Norma), giovane soprano marchigiano che si sta imponendo sui palcoscenici di tutto il mondo, affiancata da un\u2019altra voce molto apprezzata come quella del soprano Roberta Mantegna (Adalgisa), mentre i principali ruoli maschili saranno sostenuti da Antonio Poli (Pollione) e Riccardo Fassi (Oroveso).<\/p>\n\n\n\n<p>Con il terzo titolo, quello scelto tra i successi dei festival precedenti, si torna all\u2019omaggio a Puccini: <strong><em>La boh\u00e8me <\/em>(27 luglio, 2, 7 e 11 agosto) <\/strong>nella produzione del regista Leo Muscato, vincitrice del XXXII Premio Abbiati 2012 dell\u2019Associazione Nazionale Critici Musicali. Sul podio un apprezzato<\/p>\n\n\n\n<p>interprete di Puccini come Valerio Galli e un cast di rilievo con Mariangela Sicilia (Mim\u00ec), Yusif Eyvazov (Rodolfo), Mario Cassi (Marcello) e Daniela Cappiello (Musetta). Un\u2019opera che gi\u00e0 Puccini immagina giovane, carica di tensioni emotive e sociali, e che Muscato ha ambientato nella Parigi tra gli anni Sessanta e Settanta del Novecento, caratterizzata da un fermento altrettanto intenso rispetto a quello evocato dal compositore.<\/p>\n\n\n\n<p>Dalle locandine del Macerata Opera Festival 2024, composte in maggioranza da interpreti di rilievo e giovani emergenti soprattutto italiani, emerge la volont\u00e0 di omaggiare il recente riconoscimento<\/p>\n\n\n\n<p>ottenuto dall\u2019UNESCO che&nbsp; ha inserito&nbsp; la&nbsp; pratica del canto lirico italiano nella&nbsp; lista&nbsp; dei&nbsp; Beni<\/p>\n\n\n\n<p>Patrimonio Culturale Immateriale dell\u2019Umanit\u00e0.<\/p>\n\n\n\n<p>Nella programmazione non mancheranno i concerti e la danza, componendo cos\u00ec un cartellone diversificato che torna nell\u2019apprezzata formula dei tre titoli operistici per ogni weekend.<\/p>\n\n\n\n<p><strong>Domenica 21 luglio <\/strong>un concerto di gala \u201c<strong>Notte di luna<\/strong>\u201d completa il weekend del debutto delle due<\/p>\n\n\n\n<p>nuove produzioni operistiche, una occasione unica per completare i festeggiamenti per le 60<\/p>\n\n\n\n<p>edizioni di festival allo Sferisterio. Sul podio Michelangelo Mazza, con alcuni degli interpreti vocali impegnati nelle produzioni e la partecipazione del violinista Giovanni Andrea Zanon, tra i virtuosi dell\u2019archetto pi\u00f9 apprezzati nelle sale da concerto del mondo.<\/p>\n\n\n\n<p><strong>Gioved\u00ec 8 agosto <\/strong>appuntamento con i celebri <strong><em>Carmina burana <\/em><\/strong>di Carl Orff diretti da Andrea<\/p>\n\n\n\n<p>Battistoni e con Giuliana Gianfaldoni (soprano), Alasdair Kent (tenore) e Mario Cassi (baritono).<\/p>\n\n\n\n<p>Questa grande cantata scenica di ispirazione medievale a partire dal testo latino originale che<\/p>\n\n\n\n<p>intona, composta negli anni Trenta del Novecento, \u00e8 una delle pagine sinfonico-corali pi\u00f9 fortunate del secolo scorso, divenuta molto famosa anche per il suo uso frequente di alcuni suoi frammenti nella pubblicit\u00e0 e nel cinema.<\/p>\n\n\n\n<p>Per la <strong>danza<\/strong>, debuttaallo Sferisterio una nuova creazione dal titolo <strong><em>Notte Morricone<\/em>(1\u00b0 agosto)<\/strong>in collaborazione con la Fondazione Nazionale della Danza \/ Aterballetto, ideata e firmata dalpremiato coreografo spagnolo Marcos Moraucon le musiche del celebre autore italiano di colonne sonore.<\/p>\n\n\n\n<p>Anche questi spettacoli rientrano nel motivo conduttore lunare, sotteso sia&nbsp; ai testi cantati dei <em>Carmina burana<\/em>, sia ad alcuni dettagli delle ambientazioni del gala (il 21 luglio ci sar\u00e0 Luna piena) nonch\u00e9 allo spettacolo di danza.<\/p>\n\n\n\n<p>Come \u00e8 ormai tradizione l\u2019Orchestra impegnata nelle opere sar\u00e0 la FORM \u2013 Orchestra Filarmonica<\/p>\n\n\n\n<p>Marchigiana con il Coro lirico<br><\/p>\n\n\n\n<p>marchigiano \u201cVincenzo Bellini\u201d guidato<br><\/p>\n\n\n\n<p>da Martino Faggiani,<\/p>\n\n\n\n<p>insieme ai Pueri Cantores \u201cD.<br><\/p>\n\n\n\n<p>Zamberletti\u201d (Maestro del coro Gian Luca<br><\/p>\n\n\n\n<p>Paolucci) e la Banda<\/p>\n\n\n\n<p>Salvadei, organici marchigiani che saranno protagonisti anche dei concerti in programma nel 2024,<\/p>\n\n\n\n<p>per un coinvolgimento sempre Sferisterio.<\/p>\n\n\n\n<p>Accanto alle proposte del ciclo<br><\/p>\n\n\n\n<p>maggiore delle realt\u00e0 artistiche regionali nelle attivit\u00e0 dello<\/p>\n\n\n\n<p>\u201cLo Sferisterio a scuola\u201d, che saranno rese note nelle prossime<\/p>\n\n\n\n<p>settimane e saranno destinate all\u2019infanzia (3-5 anni), agli studenti delle classi elementari e medie (6- 13 anni) e a quelli delle scuole superiori (14-18 anni), il nuovo direttore artistico Paolo Gavazzeni ha ideato un nuovo percorso di avvicinamento dedicato agli spettatori di ogni et\u00e0, dal titolo \u201c<strong>Tutti all\u2019opera<\/strong>\u201d con una serie di incontri-spettacolo al Teatro Lauro Rossi dedicati alle opere, la partecipazione alle prove d\u2019assieme allo Sferisterio e la possibilit\u00e0 per chi seguir\u00e0 l\u2019intero percorso di acquistare biglietti per gli spettacoli ad un prezzo agevolato.<\/p>\n\n\n\n<p><strong>Biglietteria<\/strong><\/p>\n\n\n\n<p>La vendita dei biglietti sar\u00e0 aperta<strong>marted\u00ec 19 dicembre dalle ore 11<\/strong>,sia alla biglietteria di Macerata (piazza Mazzini 10) che online su sferisterio.it o su vivaticket.it<\/p>\n\n\n\n<p>I prezzi per i titoli operistici (<em>Turandot, Norma, La boh\u00e8me<\/em>)hanno un costo da euro 15 a euro 170; i biglietti del settore Platino per le prime rappresentazioni hanno un costo di 200 euro.<\/p>\n\n\n\n<p>I biglietti per il balletto <em>Notte Morricone<\/em>hanno un costo da 15 a 70 euro. I biglietti per i due concerti hanno un costo da 20 a 60 euro.<\/p>\n\n\n\n<p>Sono previste le consuete riduzioni under30 e Over 65; per gli under14 biglietto a 1 euro se acquistato insieme ad un biglietto a prezzo intero.<\/p>\n\n\n\n<p>Saranno poi disponibili tre tipologie di abbonamento per le opere.Con la formula Open 2 si potranno comprare 2 biglietti per due dei tre titoli (es. unbiglietto per una data a scelta di <em>Turandot <\/em>+ un biglietto per una data a scelta di <em>Norma <\/em>o <em>Laboh\u00e8me<\/em>)con il 15% di sconto. Con la formula Open 3 si potranno comprare 3 biglietti per i tre titoli (uno per ogni opera) con il 25% di sconto. Con la formula Open 6 si potranno comprare 6 biglietti per i tretitoli (due per ogni opera) con il 30% di sconto.<\/p>\n\n\n\n<p>La biglietteria a Macerata in Piazza Mazzini 10 \u00e8 aperta da marted\u00ec a sabato, ore 10-13 e 16:30-19:30 tel. 0733 230735 <a href=\"mailto:boxoffice@sferisterio.it\">boxoffice@sferisterio.it.<\/a><\/p>\n\n\n\n<p>Ulteriori dettagli e locandine complete su sferisterio.it<\/p>\n\n\n\n<p><strong>Turandot<\/strong><\/p>\n\n\n\n<p>Dramma lirico in tre atti su libretto di Giuseppe Adami e Renato Simoni, dalla fiaba teatrale omonima di Carlo Gozzi. Giacomo Puccini la lasci\u00f2 incompiuta alla sua morte il 29 novembre 1924 e cos\u00ec venne eseguita in Prima al Teatro alla Scala il 26 aprile 1926. Esistono due finali realizzatida Franco Alfano e pi\u00f9 recentemente a Luciano Berio. Ispirata a un oriente fantastico, racconta la sfida sensuale tra l\u2019ostinato Calaf e la \u201cprincipessa di gelo\u201d Turandot cui si contrappone la purezza dell\u2019amore di Li\u00f9.<\/p>\n\n\n\n<p><strong>Norma<\/strong><\/p>\n\n\n\n<p>Opera in due atti su libretto di Felice Romani, tratto dalla tragedia di Louis-Alexandre Soumet (1786-1845). Composta da Vincenzo Bellini in meno di tre mesi, nel 1831, debutt\u00f2 al Teatro alla Scala il 26 dicembre dello stesso anno registrando un fiasco clamoroso a causa di ostilit\u00e0 nei confronti sia del Cigno catanese che della protagonista Giuditta Pasta. Considerato uno dei capolavori assoluti dell\u2019opera Romantica, narra una vicenda affine al mito di Medea, \u00e8 vicenda di amore e gelosia, ripicche e vendette tra innamorati traditi.<\/p>\n\n\n\n<p><strong>La boh\u00e8me<\/strong><\/p>\n\n\n\n<p>Quattro quadri su libretto di Giuseppe Giacosa e Luigi Illica, dal romanzo <em>Sc\u00e8nes de la vie de boh\u00e8me <\/em>di Henri Murger. Prima rappresentazione: Torino, Teatro Regio, 1\u00b0 febbraio 1896. Un gruppo di amici trascorre la giovinezza a Parigi destreggiandosi tra sogni d\u2019amore e cruda realt\u00e0. Rodolfo e Mim\u00ec vedono infrangere il loro amore dinanzi alla povert\u00e0 e alla malattia.<\/p>\n\n\n\n<p><em>Macerata, 16 dicembre 2023 (f.t.)<\/em><\/p>\n\n\n\n<p>MOF 24 Calendario <\/p>\n\n\n\n<figure class=\"wp-block-gallery has-nested-images columns-default is-cropped wp-block-gallery-1 is-layout-flex wp-block-gallery-is-layout-flex\">\n<figure class=\"wp-block-image size-large\"><a href=\"https:\/\/www.ecoitaliano.com.ar\/wp-content\/uploads\/2023\/12\/MOF-24-Calendario-def_page-0001.jpg\"><img decoding=\"async\" width=\"724\" height=\"1024\" data-id=\"48259\" src=\"https:\/\/www.ecoitaliano.com.ar\/wp-content\/uploads\/2023\/12\/MOF-24-Calendario-def_page-0001-724x1024.jpg\" alt=\"\" class=\"wp-image-48259\" srcset=\"https:\/\/www.ecoitaliano.com.ar\/wp-content\/uploads\/2023\/12\/MOF-24-Calendario-def_page-0001-724x1024.jpg 724w, https:\/\/www.ecoitaliano.com.ar\/wp-content\/uploads\/2023\/12\/MOF-24-Calendario-def_page-0001-212x300.jpg 212w, https:\/\/www.ecoitaliano.com.ar\/wp-content\/uploads\/2023\/12\/MOF-24-Calendario-def_page-0001-768x1087.jpg 768w, https:\/\/www.ecoitaliano.com.ar\/wp-content\/uploads\/2023\/12\/MOF-24-Calendario-def_page-0001-1085x1536.jpg 1085w, https:\/\/www.ecoitaliano.com.ar\/wp-content\/uploads\/2023\/12\/MOF-24-Calendario-def_page-0001-106x150.jpg 106w, https:\/\/www.ecoitaliano.com.ar\/wp-content\/uploads\/2023\/12\/MOF-24-Calendario-def_page-0001.jpg 1240w\" sizes=\"(max-width: 724px) 100vw, 724px\" \/><\/a><\/figure>\n<\/figure>\n\n\n\n<p>MOF 24 locandine <\/p>\n\n\n\n<figure class=\"wp-block-gallery has-nested-images columns-default is-cropped wp-block-gallery-2 is-layout-flex wp-block-gallery-is-layout-flex\">\n<figure class=\"wp-block-image size-large\"><a href=\"https:\/\/www.ecoitaliano.com.ar\/wp-content\/uploads\/2023\/12\/MOF-24-Locandine-def_page-0001.jpg\"><img decoding=\"async\" width=\"724\" height=\"1024\" data-id=\"48260\" src=\"https:\/\/www.ecoitaliano.com.ar\/wp-content\/uploads\/2023\/12\/MOF-24-Locandine-def_page-0001-724x1024.jpg\" alt=\"\" class=\"wp-image-48260\" srcset=\"https:\/\/www.ecoitaliano.com.ar\/wp-content\/uploads\/2023\/12\/MOF-24-Locandine-def_page-0001-724x1024.jpg 724w, https:\/\/www.ecoitaliano.com.ar\/wp-content\/uploads\/2023\/12\/MOF-24-Locandine-def_page-0001-212x300.jpg 212w, https:\/\/www.ecoitaliano.com.ar\/wp-content\/uploads\/2023\/12\/MOF-24-Locandine-def_page-0001-768x1087.jpg 768w, https:\/\/www.ecoitaliano.com.ar\/wp-content\/uploads\/2023\/12\/MOF-24-Locandine-def_page-0001-1085x1536.jpg 1085w, https:\/\/www.ecoitaliano.com.ar\/wp-content\/uploads\/2023\/12\/MOF-24-Locandine-def_page-0001-106x150.jpg 106w, https:\/\/www.ecoitaliano.com.ar\/wp-content\/uploads\/2023\/12\/MOF-24-Locandine-def_page-0001.jpg 1240w\" sizes=\"(max-width: 724px) 100vw, 724px\" \/><\/a><\/figure>\n\n\n\n<figure class=\"wp-block-image size-large\"><a href=\"https:\/\/www.ecoitaliano.com.ar\/wp-content\/uploads\/2023\/12\/MOF-24-Locandine-def_page-0002.jpg\"><img decoding=\"async\" width=\"724\" height=\"1024\" data-id=\"48262\" src=\"https:\/\/www.ecoitaliano.com.ar\/wp-content\/uploads\/2023\/12\/MOF-24-Locandine-def_page-0002-724x1024.jpg\" alt=\"\" class=\"wp-image-48262\" srcset=\"https:\/\/www.ecoitaliano.com.ar\/wp-content\/uploads\/2023\/12\/MOF-24-Locandine-def_page-0002-724x1024.jpg 724w, https:\/\/www.ecoitaliano.com.ar\/wp-content\/uploads\/2023\/12\/MOF-24-Locandine-def_page-0002-212x300.jpg 212w, https:\/\/www.ecoitaliano.com.ar\/wp-content\/uploads\/2023\/12\/MOF-24-Locandine-def_page-0002-768x1087.jpg 768w, https:\/\/www.ecoitaliano.com.ar\/wp-content\/uploads\/2023\/12\/MOF-24-Locandine-def_page-0002-1085x1536.jpg 1085w, https:\/\/www.ecoitaliano.com.ar\/wp-content\/uploads\/2023\/12\/MOF-24-Locandine-def_page-0002-106x150.jpg 106w, https:\/\/www.ecoitaliano.com.ar\/wp-content\/uploads\/2023\/12\/MOF-24-Locandine-def_page-0002.jpg 1240w\" sizes=\"(max-width: 724px) 100vw, 724px\" \/><\/a><\/figure>\n\n\n\n<figure class=\"wp-block-image size-large\"><a href=\"https:\/\/www.ecoitaliano.com.ar\/wp-content\/uploads\/2023\/12\/MOF-24-Locandine-def_page-0003.jpg\"><img decoding=\"async\" width=\"724\" height=\"1024\" data-id=\"48261\" src=\"https:\/\/www.ecoitaliano.com.ar\/wp-content\/uploads\/2023\/12\/MOF-24-Locandine-def_page-0003-724x1024.jpg\" alt=\"\" class=\"wp-image-48261\" srcset=\"https:\/\/www.ecoitaliano.com.ar\/wp-content\/uploads\/2023\/12\/MOF-24-Locandine-def_page-0003-724x1024.jpg 724w, https:\/\/www.ecoitaliano.com.ar\/wp-content\/uploads\/2023\/12\/MOF-24-Locandine-def_page-0003-212x300.jpg 212w, https:\/\/www.ecoitaliano.com.ar\/wp-content\/uploads\/2023\/12\/MOF-24-Locandine-def_page-0003-768x1087.jpg 768w, https:\/\/www.ecoitaliano.com.ar\/wp-content\/uploads\/2023\/12\/MOF-24-Locandine-def_page-0003-1085x1536.jpg 1085w, https:\/\/www.ecoitaliano.com.ar\/wp-content\/uploads\/2023\/12\/MOF-24-Locandine-def_page-0003-106x150.jpg 106w, https:\/\/www.ecoitaliano.com.ar\/wp-content\/uploads\/2023\/12\/MOF-24-Locandine-def_page-0003.jpg 1240w\" sizes=\"(max-width: 724px) 100vw, 724px\" \/><\/a><\/figure>\n\n\n\n<figure class=\"wp-block-image size-large\"><a href=\"https:\/\/www.ecoitaliano.com.ar\/wp-content\/uploads\/2023\/12\/MOF-24-Locandine-def_page-0004.jpg\"><img decoding=\"async\" width=\"724\" height=\"1024\" data-id=\"48263\" src=\"https:\/\/www.ecoitaliano.com.ar\/wp-content\/uploads\/2023\/12\/MOF-24-Locandine-def_page-0004-724x1024.jpg\" alt=\"\" class=\"wp-image-48263\" srcset=\"https:\/\/www.ecoitaliano.com.ar\/wp-content\/uploads\/2023\/12\/MOF-24-Locandine-def_page-0004-724x1024.jpg 724w, https:\/\/www.ecoitaliano.com.ar\/wp-content\/uploads\/2023\/12\/MOF-24-Locandine-def_page-0004-212x300.jpg 212w, https:\/\/www.ecoitaliano.com.ar\/wp-content\/uploads\/2023\/12\/MOF-24-Locandine-def_page-0004-768x1087.jpg 768w, https:\/\/www.ecoitaliano.com.ar\/wp-content\/uploads\/2023\/12\/MOF-24-Locandine-def_page-0004-1085x1536.jpg 1085w, https:\/\/www.ecoitaliano.com.ar\/wp-content\/uploads\/2023\/12\/MOF-24-Locandine-def_page-0004-106x150.jpg 106w, https:\/\/www.ecoitaliano.com.ar\/wp-content\/uploads\/2023\/12\/MOF-24-Locandine-def_page-0004.jpg 1240w\" sizes=\"(max-width: 724px) 100vw, 724px\" \/><\/a><\/figure>\n<\/figure>\n\n\n\n<p>MOF24 tabella prezzi<\/p>\n\n\n\n<figure class=\"wp-block-gallery has-nested-images columns-default is-cropped wp-block-gallery-3 is-layout-flex wp-block-gallery-is-layout-flex\">\n<figure class=\"wp-block-image size-large\"><a href=\"https:\/\/www.ecoitaliano.com.ar\/wp-content\/uploads\/2023\/12\/MOF24-tabella-prezzi_page-0001.jpg\"><img decoding=\"async\" width=\"725\" height=\"1024\" data-id=\"48264\" src=\"https:\/\/www.ecoitaliano.com.ar\/wp-content\/uploads\/2023\/12\/MOF24-tabella-prezzi_page-0001-725x1024.jpg\" alt=\"\" class=\"wp-image-48264\" srcset=\"https:\/\/www.ecoitaliano.com.ar\/wp-content\/uploads\/2023\/12\/MOF24-tabella-prezzi_page-0001-725x1024.jpg 725w, https:\/\/www.ecoitaliano.com.ar\/wp-content\/uploads\/2023\/12\/MOF24-tabella-prezzi_page-0001-212x300.jpg 212w, https:\/\/www.ecoitaliano.com.ar\/wp-content\/uploads\/2023\/12\/MOF24-tabella-prezzi_page-0001-768x1085.jpg 768w, https:\/\/www.ecoitaliano.com.ar\/wp-content\/uploads\/2023\/12\/MOF24-tabella-prezzi_page-0001-1087x1536.jpg 1087w, https:\/\/www.ecoitaliano.com.ar\/wp-content\/uploads\/2023\/12\/MOF24-tabella-prezzi_page-0001-106x150.jpg 106w, https:\/\/www.ecoitaliano.com.ar\/wp-content\/uploads\/2023\/12\/MOF24-tabella-prezzi_page-0001.jpg 1241w\" sizes=\"(max-width: 725px) 100vw, 725px\" \/><\/a><\/figure>\n<\/figure>\n\n\n\n<p>MOF24 foto artisti<\/p>\n\n\n\n<figure class=\"wp-block-gallery has-nested-images columns-default is-cropped wp-block-gallery-4 is-layout-flex wp-block-gallery-is-layout-flex\">\n<figure class=\"wp-block-image size-large\"><a href=\"https:\/\/www.ecoitaliano.com.ar\/wp-content\/uploads\/2023\/12\/Barea-Tommaso.jpeg\"><img decoding=\"async\" width=\"690\" height=\"1024\" data-id=\"48265\" src=\"https:\/\/www.ecoitaliano.com.ar\/wp-content\/uploads\/2023\/12\/Barea-Tommaso-690x1024.jpeg\" alt=\"\" class=\"wp-image-48265\" srcset=\"https:\/\/www.ecoitaliano.com.ar\/wp-content\/uploads\/2023\/12\/Barea-Tommaso-690x1024.jpeg 690w, https:\/\/www.ecoitaliano.com.ar\/wp-content\/uploads\/2023\/12\/Barea-Tommaso-202x300.jpeg 202w, https:\/\/www.ecoitaliano.com.ar\/wp-content\/uploads\/2023\/12\/Barea-Tommaso-768x1140.jpeg 768w, https:\/\/www.ecoitaliano.com.ar\/wp-content\/uploads\/2023\/12\/Barea-Tommaso-1035x1536.jpeg 1035w, https:\/\/www.ecoitaliano.com.ar\/wp-content\/uploads\/2023\/12\/Barea-Tommaso-1380x2048.jpeg 1380w, https:\/\/www.ecoitaliano.com.ar\/wp-content\/uploads\/2023\/12\/Barea-Tommaso-101x150.jpeg 101w, https:\/\/www.ecoitaliano.com.ar\/wp-content\/uploads\/2023\/12\/Barea-Tommaso.jpeg 1684w\" sizes=\"(max-width: 690px) 100vw, 690px\" \/><\/a><\/figure>\n<\/figure>\n\n\n\n<figure class=\"wp-block-gallery has-nested-images columns-default is-cropped wp-block-gallery-5 is-layout-flex wp-block-gallery-is-layout-flex\">\n<figure class=\"wp-block-image size-large\"><a href=\"https:\/\/www.ecoitaliano.com.ar\/wp-content\/uploads\/2023\/12\/AZORIN-2.jpeg\"><img decoding=\"async\" width=\"1024\" height=\"771\" data-id=\"48287\" src=\"https:\/\/www.ecoitaliano.com.ar\/wp-content\/uploads\/2023\/12\/AZORIN-2-1024x771.jpeg\" alt=\"\" class=\"wp-image-48287\" srcset=\"https:\/\/www.ecoitaliano.com.ar\/wp-content\/uploads\/2023\/12\/AZORIN-2-1024x771.jpeg 1024w, https:\/\/www.ecoitaliano.com.ar\/wp-content\/uploads\/2023\/12\/AZORIN-2-300x226.jpeg 300w, https:\/\/www.ecoitaliano.com.ar\/wp-content\/uploads\/2023\/12\/AZORIN-2-768x578.jpeg 768w, https:\/\/www.ecoitaliano.com.ar\/wp-content\/uploads\/2023\/12\/AZORIN-2-1536x1156.jpeg 1536w, https:\/\/www.ecoitaliano.com.ar\/wp-content\/uploads\/2023\/12\/AZORIN-2-150x113.jpeg 150w, https:\/\/www.ecoitaliano.com.ar\/wp-content\/uploads\/2023\/12\/AZORIN-2.jpeg 1882w\" sizes=\"(max-width: 1024px) 100vw, 1024px\" \/><\/a><\/figure>\n\n\n\n<figure class=\"wp-block-image size-large\"><a href=\"https:\/\/www.ecoitaliano.com.ar\/wp-content\/uploads\/2023\/12\/Battistoni-Andrea_FOTO-GORZEGNO_10172-copia-3-scaled.jpeg\"><img decoding=\"async\" width=\"1024\" height=\"768\" data-id=\"48282\" src=\"https:\/\/www.ecoitaliano.com.ar\/wp-content\/uploads\/2023\/12\/Battistoni-Andrea_FOTO-GORZEGNO_10172-copia-3-1024x768.jpeg\" alt=\"\" class=\"wp-image-48282\" srcset=\"https:\/\/www.ecoitaliano.com.ar\/wp-content\/uploads\/2023\/12\/Battistoni-Andrea_FOTO-GORZEGNO_10172-copia-3-1024x768.jpeg 1024w, https:\/\/www.ecoitaliano.com.ar\/wp-content\/uploads\/2023\/12\/Battistoni-Andrea_FOTO-GORZEGNO_10172-copia-3-300x225.jpeg 300w, https:\/\/www.ecoitaliano.com.ar\/wp-content\/uploads\/2023\/12\/Battistoni-Andrea_FOTO-GORZEGNO_10172-copia-3-768x576.jpeg 768w, https:\/\/www.ecoitaliano.com.ar\/wp-content\/uploads\/2023\/12\/Battistoni-Andrea_FOTO-GORZEGNO_10172-copia-3-1536x1152.jpeg 1536w, https:\/\/www.ecoitaliano.com.ar\/wp-content\/uploads\/2023\/12\/Battistoni-Andrea_FOTO-GORZEGNO_10172-copia-3-2048x1536.jpeg 2048w, https:\/\/www.ecoitaliano.com.ar\/wp-content\/uploads\/2023\/12\/Battistoni-Andrea_FOTO-GORZEGNO_10172-copia-3-150x112.jpeg 150w\" sizes=\"(max-width: 1024px) 100vw, 1024px\" \/><\/a><\/figure>\n\n\n\n\n\n<figure class=\"wp-block-image size-large\"><a href=\"https:\/\/www.ecoitaliano.com.ar\/wp-content\/uploads\/2023\/12\/Carminati-Fabrizio-Maria.jpeg\"><img decoding=\"async\" width=\"1024\" height=\"573\" data-id=\"48277\" src=\"https:\/\/www.ecoitaliano.com.ar\/wp-content\/uploads\/2023\/12\/Carminati-Fabrizio-Maria-1024x573.jpeg\" alt=\"\" class=\"wp-image-48277\" srcset=\"https:\/\/www.ecoitaliano.com.ar\/wp-content\/uploads\/2023\/12\/Carminati-Fabrizio-Maria-1024x573.jpeg 1024w, https:\/\/www.ecoitaliano.com.ar\/wp-content\/uploads\/2023\/12\/Carminati-Fabrizio-Maria-300x168.jpeg 300w, https:\/\/www.ecoitaliano.com.ar\/wp-content\/uploads\/2023\/12\/Carminati-Fabrizio-Maria-768x430.jpeg 768w, https:\/\/www.ecoitaliano.com.ar\/wp-content\/uploads\/2023\/12\/Carminati-Fabrizio-Maria-1536x860.jpeg 1536w, https:\/\/www.ecoitaliano.com.ar\/wp-content\/uploads\/2023\/12\/Carminati-Fabrizio-Maria-2048x1147.jpeg 2048w, https:\/\/www.ecoitaliano.com.ar\/wp-content\/uploads\/2023\/12\/Carminati-Fabrizio-Maria-150x84.jpeg 150w\" sizes=\"(max-width: 1024px) 100vw, 1024px\" \/><\/a><\/figure>\n\n\n\n\n\n<figure class=\"wp-block-image size-large\"><a href=\"https:\/\/www.ecoitaliano.com.ar\/wp-content\/uploads\/2023\/12\/Ciampa_photo1_RobertoRicci-scaled.jpg\"><img decoding=\"async\" width=\"1024\" height=\"683\" data-id=\"48289\" src=\"https:\/\/www.ecoitaliano.com.ar\/wp-content\/uploads\/2023\/12\/Ciampa_photo1_RobertoRicci-1024x683.jpg\" alt=\"\" class=\"wp-image-48289\" srcset=\"https:\/\/www.ecoitaliano.com.ar\/wp-content\/uploads\/2023\/12\/Ciampa_photo1_RobertoRicci-1024x683.jpg 1024w, https:\/\/www.ecoitaliano.com.ar\/wp-content\/uploads\/2023\/12\/Ciampa_photo1_RobertoRicci-300x200.jpg 300w, https:\/\/www.ecoitaliano.com.ar\/wp-content\/uploads\/2023\/12\/Ciampa_photo1_RobertoRicci-768x512.jpg 768w, https:\/\/www.ecoitaliano.com.ar\/wp-content\/uploads\/2023\/12\/Ciampa_photo1_RobertoRicci-1536x1024.jpg 1536w, https:\/\/www.ecoitaliano.com.ar\/wp-content\/uploads\/2023\/12\/Ciampa_photo1_RobertoRicci-2048x1365.jpg 2048w, https:\/\/www.ecoitaliano.com.ar\/wp-content\/uploads\/2023\/12\/Ciampa_photo1_RobertoRicci-150x100.jpg 150w\" sizes=\"(max-width: 1024px) 100vw, 1024px\" \/><\/a><\/figure>\n\n\n\n<figure class=\"wp-block-image size-large\"><a href=\"https:\/\/www.ecoitaliano.com.ar\/wp-content\/uploads\/2023\/12\/Eyvazov-Yusif-3120-scaled.jpeg\"><img decoding=\"async\" width=\"1024\" height=\"683\" data-id=\"48292\" src=\"https:\/\/www.ecoitaliano.com.ar\/wp-content\/uploads\/2023\/12\/Eyvazov-Yusif-3120-1024x683.jpeg\" alt=\"\" class=\"wp-image-48292\" srcset=\"https:\/\/www.ecoitaliano.com.ar\/wp-content\/uploads\/2023\/12\/Eyvazov-Yusif-3120-1024x683.jpeg 1024w, https:\/\/www.ecoitaliano.com.ar\/wp-content\/uploads\/2023\/12\/Eyvazov-Yusif-3120-300x200.jpeg 300w, https:\/\/www.ecoitaliano.com.ar\/wp-content\/uploads\/2023\/12\/Eyvazov-Yusif-3120-768x512.jpeg 768w, https:\/\/www.ecoitaliano.com.ar\/wp-content\/uploads\/2023\/12\/Eyvazov-Yusif-3120-1536x1024.jpeg 1536w, https:\/\/www.ecoitaliano.com.ar\/wp-content\/uploads\/2023\/12\/Eyvazov-Yusif-3120-2048x1365.jpeg 2048w, https:\/\/www.ecoitaliano.com.ar\/wp-content\/uploads\/2023\/12\/Eyvazov-Yusif-3120-150x100.jpeg 150w\" sizes=\"(max-width: 1024px) 100vw, 1024px\" \/><\/a><\/figure>\n\n\n\n<figure class=\"wp-block-image size-large\"><a href=\"https:\/\/www.ecoitaliano.com.ar\/wp-content\/uploads\/2023\/12\/Eyvazov-Yusif.webp\"><img decoding=\"async\" width=\"1024\" height=\"1024\" data-id=\"48268\" src=\"https:\/\/www.ecoitaliano.com.ar\/wp-content\/uploads\/2023\/12\/Eyvazov-Yusif-1024x1024.webp\" alt=\"\" class=\"wp-image-48268\" srcset=\"https:\/\/www.ecoitaliano.com.ar\/wp-content\/uploads\/2023\/12\/Eyvazov-Yusif-1024x1024.webp 1024w, https:\/\/www.ecoitaliano.com.ar\/wp-content\/uploads\/2023\/12\/Eyvazov-Yusif-300x300.webp 300w, https:\/\/www.ecoitaliano.com.ar\/wp-content\/uploads\/2023\/12\/Eyvazov-Yusif-150x150.webp 150w, https:\/\/www.ecoitaliano.com.ar\/wp-content\/uploads\/2023\/12\/Eyvazov-Yusif-768x768.webp 768w, https:\/\/www.ecoitaliano.com.ar\/wp-content\/uploads\/2023\/12\/Eyvazov-Yusif-1536x1536.webp 1536w, https:\/\/www.ecoitaliano.com.ar\/wp-content\/uploads\/2023\/12\/Eyvazov-Yusif.webp 2048w\" sizes=\"(max-width: 1024px) 100vw, 1024px\" \/><\/a><\/figure>\n\n\n\n<figure class=\"wp-block-image size-large\"><a href=\"https:\/\/www.ecoitaliano.com.ar\/wp-content\/uploads\/2023\/12\/Fassi-Riccardo.jpeg\"><img decoding=\"async\" width=\"1024\" height=\"575\" data-id=\"48283\" src=\"https:\/\/www.ecoitaliano.com.ar\/wp-content\/uploads\/2023\/12\/Fassi-Riccardo-1024x575.jpeg\" alt=\"\" class=\"wp-image-48283\" srcset=\"https:\/\/www.ecoitaliano.com.ar\/wp-content\/uploads\/2023\/12\/Fassi-Riccardo-1024x575.jpeg 1024w, https:\/\/www.ecoitaliano.com.ar\/wp-content\/uploads\/2023\/12\/Fassi-Riccardo-300x169.jpeg 300w, https:\/\/www.ecoitaliano.com.ar\/wp-content\/uploads\/2023\/12\/Fassi-Riccardo-768x432.jpeg 768w, https:\/\/www.ecoitaliano.com.ar\/wp-content\/uploads\/2023\/12\/Fassi-Riccardo-1536x863.jpeg 1536w, https:\/\/www.ecoitaliano.com.ar\/wp-content\/uploads\/2023\/12\/Fassi-Riccardo-2048x1151.jpeg 2048w, https:\/\/www.ecoitaliano.com.ar\/wp-content\/uploads\/2023\/12\/Fassi-Riccardo-150x84.jpeg 150w\" sizes=\"(max-width: 1024px) 100vw, 1024px\" \/><\/a><\/figure>\n\n\n\n<figure class=\"wp-block-image size-large\"><a href=\"https:\/\/www.ecoitaliano.com.ar\/wp-content\/uploads\/2023\/12\/Galli-Valerio.jpeg\"><img decoding=\"async\" width=\"1024\" height=\"671\" data-id=\"48272\" src=\"https:\/\/www.ecoitaliano.com.ar\/wp-content\/uploads\/2023\/12\/Galli-Valerio-1024x671.jpeg\" alt=\"\" class=\"wp-image-48272\" srcset=\"https:\/\/www.ecoitaliano.com.ar\/wp-content\/uploads\/2023\/12\/Galli-Valerio-1024x671.jpeg 1024w, https:\/\/www.ecoitaliano.com.ar\/wp-content\/uploads\/2023\/12\/Galli-Valerio-300x196.jpeg 300w, https:\/\/www.ecoitaliano.com.ar\/wp-content\/uploads\/2023\/12\/Galli-Valerio-768x503.jpeg 768w, https:\/\/www.ecoitaliano.com.ar\/wp-content\/uploads\/2023\/12\/Galli-Valerio-1536x1006.jpeg 1536w, https:\/\/www.ecoitaliano.com.ar\/wp-content\/uploads\/2023\/12\/Galli-Valerio-2048x1341.jpeg 2048w, https:\/\/www.ecoitaliano.com.ar\/wp-content\/uploads\/2023\/12\/Galli-Valerio-150x98.jpeg 150w\" sizes=\"(max-width: 1024px) 100vw, 1024px\" \/><\/a><\/figure>\n\n\n\n<figure class=\"wp-block-image size-large\"><a href=\"https:\/\/www.ecoitaliano.com.ar\/wp-content\/uploads\/2023\/12\/Gianfaldoni-Giuliana_foto-Barbara-Rigon.jpeg\"><img decoding=\"async\" width=\"1024\" height=\"682\" data-id=\"48269\" src=\"https:\/\/www.ecoitaliano.com.ar\/wp-content\/uploads\/2023\/12\/Gianfaldoni-Giuliana_foto-Barbara-Rigon-1024x682.jpeg\" alt=\"\" class=\"wp-image-48269\" srcset=\"https:\/\/www.ecoitaliano.com.ar\/wp-content\/uploads\/2023\/12\/Gianfaldoni-Giuliana_foto-Barbara-Rigon-1024x682.jpeg 1024w, https:\/\/www.ecoitaliano.com.ar\/wp-content\/uploads\/2023\/12\/Gianfaldoni-Giuliana_foto-Barbara-Rigon-300x200.jpeg 300w, https:\/\/www.ecoitaliano.com.ar\/wp-content\/uploads\/2023\/12\/Gianfaldoni-Giuliana_foto-Barbara-Rigon-768x512.jpeg 768w, https:\/\/www.ecoitaliano.com.ar\/wp-content\/uploads\/2023\/12\/Gianfaldoni-Giuliana_foto-Barbara-Rigon-1536x1023.jpeg 1536w, https:\/\/www.ecoitaliano.com.ar\/wp-content\/uploads\/2023\/12\/Gianfaldoni-Giuliana_foto-Barbara-Rigon-150x100.jpeg 150w, https:\/\/www.ecoitaliano.com.ar\/wp-content\/uploads\/2023\/12\/Gianfaldoni-Giuliana_foto-Barbara-Rigon.jpeg 1600w\" sizes=\"(max-width: 1024px) 100vw, 1024px\" \/><\/a><\/figure>\n\n\n\n<figure class=\"wp-block-image size-large\"><a href=\"https:\/\/www.ecoitaliano.com.ar\/wp-content\/uploads\/2023\/12\/Iniesta-Ruth.jpg\"><img decoding=\"async\" width=\"1024\" height=\"625\" data-id=\"48278\" src=\"https:\/\/www.ecoitaliano.com.ar\/wp-content\/uploads\/2023\/12\/Iniesta-Ruth-1024x625.jpg\" alt=\"\" class=\"wp-image-48278\" srcset=\"https:\/\/www.ecoitaliano.com.ar\/wp-content\/uploads\/2023\/12\/Iniesta-Ruth-1024x625.jpg 1024w, https:\/\/www.ecoitaliano.com.ar\/wp-content\/uploads\/2023\/12\/Iniesta-Ruth-300x183.jpg 300w, https:\/\/www.ecoitaliano.com.ar\/wp-content\/uploads\/2023\/12\/Iniesta-Ruth-768x469.jpg 768w, https:\/\/www.ecoitaliano.com.ar\/wp-content\/uploads\/2023\/12\/Iniesta-Ruth-1536x938.jpg 1536w, https:\/\/www.ecoitaliano.com.ar\/wp-content\/uploads\/2023\/12\/Iniesta-Ruth-150x92.jpg 150w, https:\/\/www.ecoitaliano.com.ar\/wp-content\/uploads\/2023\/12\/Iniesta-Ruth.jpg 1965w\" sizes=\"(max-width: 1024px) 100vw, 1024px\" \/><\/a><\/figure>\n\n\n\n<figure class=\"wp-block-image size-large\"><a href=\"https:\/\/www.ecoitaliano.com.ar\/wp-content\/uploads\/2023\/12\/Kent-Alasdair-credit-John-Matthew-Myers-scaled-1.jpeg\"><img decoding=\"async\" width=\"1024\" height=\"684\" data-id=\"48271\" src=\"https:\/\/www.ecoitaliano.com.ar\/wp-content\/uploads\/2023\/12\/Kent-Alasdair-credit-John-Matthew-Myers-scaled-1-1024x684.jpeg\" alt=\"\" class=\"wp-image-48271\" srcset=\"https:\/\/www.ecoitaliano.com.ar\/wp-content\/uploads\/2023\/12\/Kent-Alasdair-credit-John-Matthew-Myers-scaled-1-1024x684.jpeg 1024w, https:\/\/www.ecoitaliano.com.ar\/wp-content\/uploads\/2023\/12\/Kent-Alasdair-credit-John-Matthew-Myers-scaled-1-300x200.jpeg 300w, https:\/\/www.ecoitaliano.com.ar\/wp-content\/uploads\/2023\/12\/Kent-Alasdair-credit-John-Matthew-Myers-scaled-1-768x513.jpeg 768w, https:\/\/www.ecoitaliano.com.ar\/wp-content\/uploads\/2023\/12\/Kent-Alasdair-credit-John-Matthew-Myers-scaled-1-1536x1025.jpeg 1536w, https:\/\/www.ecoitaliano.com.ar\/wp-content\/uploads\/2023\/12\/Kent-Alasdair-credit-John-Matthew-Myers-scaled-1-2048x1367.jpeg 2048w, https:\/\/www.ecoitaliano.com.ar\/wp-content\/uploads\/2023\/12\/Kent-Alasdair-credit-John-Matthew-Myers-scaled-1-150x100.jpeg 150w\" sizes=\"(max-width: 1024px) 100vw, 1024px\" \/><\/a><\/figure>\n\n\n\n<figure class=\"wp-block-image size-large\"><a href=\"https:\/\/www.ecoitaliano.com.ar\/wp-content\/uploads\/2023\/12\/Mantegna-Roberta-DSG_0730.orizontale-1.jpg\"><img decoding=\"async\" width=\"1024\" height=\"697\" data-id=\"48288\" src=\"https:\/\/www.ecoitaliano.com.ar\/wp-content\/uploads\/2023\/12\/Mantegna-Roberta-DSG_0730.orizontale-1-1024x697.jpg\" alt=\"\" class=\"wp-image-48288\" srcset=\"https:\/\/www.ecoitaliano.com.ar\/wp-content\/uploads\/2023\/12\/Mantegna-Roberta-DSG_0730.orizontale-1-1024x697.jpg 1024w, https:\/\/www.ecoitaliano.com.ar\/wp-content\/uploads\/2023\/12\/Mantegna-Roberta-DSG_0730.orizontale-1-300x204.jpg 300w, https:\/\/www.ecoitaliano.com.ar\/wp-content\/uploads\/2023\/12\/Mantegna-Roberta-DSG_0730.orizontale-1-768x523.jpg 768w, https:\/\/www.ecoitaliano.com.ar\/wp-content\/uploads\/2023\/12\/Mantegna-Roberta-DSG_0730.orizontale-1-1536x1046.jpg 1536w, https:\/\/www.ecoitaliano.com.ar\/wp-content\/uploads\/2023\/12\/Mantegna-Roberta-DSG_0730.orizontale-1-150x102.jpg 150w, https:\/\/www.ecoitaliano.com.ar\/wp-content\/uploads\/2023\/12\/Mantegna-Roberta-DSG_0730.orizontale-1.jpg 1920w\" sizes=\"(max-width: 1024px) 100vw, 1024px\" \/><\/a><\/figure>\n\n\n\n<figure class=\"wp-block-image size-large\"><a href=\"https:\/\/www.ecoitaliano.com.ar\/wp-content\/uploads\/2023\/12\/Maria_Mauti.jpg\"><img decoding=\"async\" width=\"1024\" height=\"681\" data-id=\"48270\" src=\"https:\/\/www.ecoitaliano.com.ar\/wp-content\/uploads\/2023\/12\/Maria_Mauti-1024x681.jpg\" alt=\"\" class=\"wp-image-48270\" srcset=\"https:\/\/www.ecoitaliano.com.ar\/wp-content\/uploads\/2023\/12\/Maria_Mauti-1024x681.jpg 1024w, https:\/\/www.ecoitaliano.com.ar\/wp-content\/uploads\/2023\/12\/Maria_Mauti-300x200.jpg 300w, https:\/\/www.ecoitaliano.com.ar\/wp-content\/uploads\/2023\/12\/Maria_Mauti-768x511.jpg 768w, https:\/\/www.ecoitaliano.com.ar\/wp-content\/uploads\/2023\/12\/Maria_Mauti-150x100.jpg 150w, https:\/\/www.ecoitaliano.com.ar\/wp-content\/uploads\/2023\/12\/Maria_Mauti.jpg 1500w\" sizes=\"(max-width: 1024px) 100vw, 1024px\" \/><\/a><\/figure>\n\n\n\n<figure class=\"wp-block-image size-large\"><a href=\"https:\/\/www.ecoitaliano.com.ar\/wp-content\/uploads\/2023\/12\/Maslova-Olga-scaled.jpeg\"><img decoding=\"async\" width=\"1024\" height=\"576\" data-id=\"48290\" src=\"https:\/\/www.ecoitaliano.com.ar\/wp-content\/uploads\/2023\/12\/Maslova-Olga-1024x576.jpeg\" alt=\"\" class=\"wp-image-48290\" srcset=\"https:\/\/www.ecoitaliano.com.ar\/wp-content\/uploads\/2023\/12\/Maslova-Olga-1024x576.jpeg 1024w, https:\/\/www.ecoitaliano.com.ar\/wp-content\/uploads\/2023\/12\/Maslova-Olga-300x169.jpeg 300w, https:\/\/www.ecoitaliano.com.ar\/wp-content\/uploads\/2023\/12\/Maslova-Olga-768x432.jpeg 768w, https:\/\/www.ecoitaliano.com.ar\/wp-content\/uploads\/2023\/12\/Maslova-Olga-1536x864.jpeg 1536w, https:\/\/www.ecoitaliano.com.ar\/wp-content\/uploads\/2023\/12\/Maslova-Olga-2048x1152.jpeg 2048w, https:\/\/www.ecoitaliano.com.ar\/wp-content\/uploads\/2023\/12\/Maslova-Olga-150x84.jpeg 150w\" sizes=\"(max-width: 1024px) 100vw, 1024px\" \/><\/a><\/figure>\n\n\n\n<figure class=\"wp-block-image size-large\"><a href=\"https:\/\/www.ecoitaliano.com.ar\/wp-content\/uploads\/2023\/12\/Mazza-Michelangelo-7.jpeg\"><img decoding=\"async\" width=\"1024\" height=\"773\" data-id=\"48273\" src=\"https:\/\/www.ecoitaliano.com.ar\/wp-content\/uploads\/2023\/12\/Mazza-Michelangelo-7-1024x773.jpeg\" alt=\"\" class=\"wp-image-48273\" srcset=\"https:\/\/www.ecoitaliano.com.ar\/wp-content\/uploads\/2023\/12\/Mazza-Michelangelo-7-1024x773.jpeg 1024w, https:\/\/www.ecoitaliano.com.ar\/wp-content\/uploads\/2023\/12\/Mazza-Michelangelo-7-300x227.jpeg 300w, https:\/\/www.ecoitaliano.com.ar\/wp-content\/uploads\/2023\/12\/Mazza-Michelangelo-7-768x580.jpeg 768w, https:\/\/www.ecoitaliano.com.ar\/wp-content\/uploads\/2023\/12\/Mazza-Michelangelo-7-150x113.jpeg 150w, https:\/\/www.ecoitaliano.com.ar\/wp-content\/uploads\/2023\/12\/Mazza-Michelangelo-7.jpeg 1500w\" sizes=\"(max-width: 1024px) 100vw, 1024px\" \/><\/a><figcaption class=\"wp-element-caption\">Italian Maestro Michelangelo Mazza studies his score for Manon Lescaut.<\/figcaption><\/figure>\n\n\n\n\n\n<figure class=\"wp-block-image size-large\"><a href=\"https:\/\/www.ecoitaliano.com.ar\/wp-content\/uploads\/2023\/12\/Muscato-Leo-ph-Priamo-Tolu.jpeg\"><img decoding=\"async\" width=\"1024\" height=\"683\" data-id=\"48280\" src=\"https:\/\/www.ecoitaliano.com.ar\/wp-content\/uploads\/2023\/12\/Muscato-Leo-ph-Priamo-Tolu-1024x683.jpeg\" alt=\"\" class=\"wp-image-48280\" srcset=\"https:\/\/www.ecoitaliano.com.ar\/wp-content\/uploads\/2023\/12\/Muscato-Leo-ph-Priamo-Tolu-1024x683.jpeg 1024w, https:\/\/www.ecoitaliano.com.ar\/wp-content\/uploads\/2023\/12\/Muscato-Leo-ph-Priamo-Tolu-300x200.jpeg 300w, https:\/\/www.ecoitaliano.com.ar\/wp-content\/uploads\/2023\/12\/Muscato-Leo-ph-Priamo-Tolu-768x512.jpeg 768w, https:\/\/www.ecoitaliano.com.ar\/wp-content\/uploads\/2023\/12\/Muscato-Leo-ph-Priamo-Tolu-150x100.jpeg 150w, https:\/\/www.ecoitaliano.com.ar\/wp-content\/uploads\/2023\/12\/Muscato-Leo-ph-Priamo-Tolu.jpeg 1152w\" sizes=\"(max-width: 1024px) 100vw, 1024px\" \/><\/a><\/figure>\n\n\n\n<figure class=\"wp-block-image size-large\"><a href=\"https:\/\/www.ecoitaliano.com.ar\/wp-content\/uploads\/2023\/12\/Paco-Azorin-21-baixa-8.webp\"><img decoding=\"async\" width=\"1024\" height=\"683\" data-id=\"48267\" src=\"https:\/\/www.ecoitaliano.com.ar\/wp-content\/uploads\/2023\/12\/Paco-Azorin-21-baixa-8-1024x683.webp\" alt=\"\" class=\"wp-image-48267\" srcset=\"https:\/\/www.ecoitaliano.com.ar\/wp-content\/uploads\/2023\/12\/Paco-Azorin-21-baixa-8-1024x683.webp 1024w, https:\/\/www.ecoitaliano.com.ar\/wp-content\/uploads\/2023\/12\/Paco-Azorin-21-baixa-8-300x200.webp 300w, https:\/\/www.ecoitaliano.com.ar\/wp-content\/uploads\/2023\/12\/Paco-Azorin-21-baixa-8-768x512.webp 768w, https:\/\/www.ecoitaliano.com.ar\/wp-content\/uploads\/2023\/12\/Paco-Azorin-21-baixa-8-1536x1024.webp 1536w, https:\/\/www.ecoitaliano.com.ar\/wp-content\/uploads\/2023\/12\/Paco-Azorin-21-baixa-8-150x100.webp 150w, https:\/\/www.ecoitaliano.com.ar\/wp-content\/uploads\/2023\/12\/Paco-Azorin-21-baixa-8.webp 1920w\" sizes=\"(max-width: 1024px) 100vw, 1024px\" \/><\/a><\/figure>\n\n\n\n<figure class=\"wp-block-image size-large\"><a href=\"https:\/\/www.ecoitaliano.com.ar\/wp-content\/uploads\/2023\/12\/Poli-Antonio.jpeg\"><img decoding=\"async\" width=\"1024\" height=\"683\" data-id=\"48276\" src=\"https:\/\/www.ecoitaliano.com.ar\/wp-content\/uploads\/2023\/12\/Poli-Antonio-1024x683.jpeg\" alt=\"\" class=\"wp-image-48276\" srcset=\"https:\/\/www.ecoitaliano.com.ar\/wp-content\/uploads\/2023\/12\/Poli-Antonio-1024x683.jpeg 1024w, https:\/\/www.ecoitaliano.com.ar\/wp-content\/uploads\/2023\/12\/Poli-Antonio-300x200.jpeg 300w, https:\/\/www.ecoitaliano.com.ar\/wp-content\/uploads\/2023\/12\/Poli-Antonio-768x512.jpeg 768w, https:\/\/www.ecoitaliano.com.ar\/wp-content\/uploads\/2023\/12\/Poli-Antonio-1536x1024.jpeg 1536w, https:\/\/www.ecoitaliano.com.ar\/wp-content\/uploads\/2023\/12\/Poli-Antonio-150x100.jpeg 150w, https:\/\/www.ecoitaliano.com.ar\/wp-content\/uploads\/2023\/12\/Poli-Antonio.jpeg 2048w\" sizes=\"(max-width: 1024px) 100vw, 1024px\" \/><\/a><\/figure>\n\n\n\n\n\n<figure class=\"wp-block-image size-large\"><a href=\"https:\/\/www.ecoitaliano.com.ar\/wp-content\/uploads\/2023\/12\/Torbidoni-marta.webp\"><img decoding=\"async\" width=\"1024\" height=\"682\" data-id=\"48266\" src=\"https:\/\/www.ecoitaliano.com.ar\/wp-content\/uploads\/2023\/12\/Torbidoni-marta-1024x682.webp\" alt=\"\" class=\"wp-image-48266\" srcset=\"https:\/\/www.ecoitaliano.com.ar\/wp-content\/uploads\/2023\/12\/Torbidoni-marta-1024x682.webp 1024w, https:\/\/www.ecoitaliano.com.ar\/wp-content\/uploads\/2023\/12\/Torbidoni-marta-300x200.webp 300w, https:\/\/www.ecoitaliano.com.ar\/wp-content\/uploads\/2023\/12\/Torbidoni-marta-768x512.webp 768w, https:\/\/www.ecoitaliano.com.ar\/wp-content\/uploads\/2023\/12\/Torbidoni-marta-1536x1023.webp 1536w, https:\/\/www.ecoitaliano.com.ar\/wp-content\/uploads\/2023\/12\/Torbidoni-marta-150x100.webp 150w, https:\/\/www.ecoitaliano.com.ar\/wp-content\/uploads\/2023\/12\/Torbidoni-marta.webp 1600w\" sizes=\"(max-width: 1024px) 100vw, 1024px\" \/><\/a><\/figure>\n\n\n\n<figure class=\"wp-block-image size-large\"><a href=\"https:\/\/www.ecoitaliano.com.ar\/wp-content\/uploads\/2023\/12\/Torbidoni-Marta_MICHELE-MONASTA_A1_0967_pp-scaled.jpeg\"><img decoding=\"async\" width=\"1024\" height=\"1024\" data-id=\"48284\" src=\"https:\/\/www.ecoitaliano.com.ar\/wp-content\/uploads\/2023\/12\/Torbidoni-Marta_MICHELE-MONASTA_A1_0967_pp-1024x1024.jpeg\" alt=\"\" class=\"wp-image-48284\" srcset=\"https:\/\/www.ecoitaliano.com.ar\/wp-content\/uploads\/2023\/12\/Torbidoni-Marta_MICHELE-MONASTA_A1_0967_pp-1024x1024.jpeg 1024w, https:\/\/www.ecoitaliano.com.ar\/wp-content\/uploads\/2023\/12\/Torbidoni-Marta_MICHELE-MONASTA_A1_0967_pp-300x300.jpeg 300w, https:\/\/www.ecoitaliano.com.ar\/wp-content\/uploads\/2023\/12\/Torbidoni-Marta_MICHELE-MONASTA_A1_0967_pp-150x150.jpeg 150w, https:\/\/www.ecoitaliano.com.ar\/wp-content\/uploads\/2023\/12\/Torbidoni-Marta_MICHELE-MONASTA_A1_0967_pp-768x768.jpeg 768w, https:\/\/www.ecoitaliano.com.ar\/wp-content\/uploads\/2023\/12\/Torbidoni-Marta_MICHELE-MONASTA_A1_0967_pp-1536x1536.jpeg 1536w, https:\/\/www.ecoitaliano.com.ar\/wp-content\/uploads\/2023\/12\/Torbidoni-Marta_MICHELE-MONASTA_A1_0967_pp-2048x2048.jpeg 2048w\" sizes=\"(max-width: 1024px) 100vw, 1024px\" \/><\/a><\/figure>\n\n\n\n<figure class=\"wp-block-image size-large\"><a href=\"https:\/\/www.ecoitaliano.com.ar\/wp-content\/uploads\/2023\/12\/Villari-Angelo-HD-orizzontale-scaled.jpeg\"><img decoding=\"async\" width=\"1024\" height=\"683\" data-id=\"48279\" src=\"https:\/\/www.ecoitaliano.com.ar\/wp-content\/uploads\/2023\/12\/Villari-Angelo-HD-orizzontale-1024x683.jpeg\" alt=\"\" class=\"wp-image-48279\" srcset=\"https:\/\/www.ecoitaliano.com.ar\/wp-content\/uploads\/2023\/12\/Villari-Angelo-HD-orizzontale-1024x683.jpeg 1024w, https:\/\/www.ecoitaliano.com.ar\/wp-content\/uploads\/2023\/12\/Villari-Angelo-HD-orizzontale-300x200.jpeg 300w, https:\/\/www.ecoitaliano.com.ar\/wp-content\/uploads\/2023\/12\/Villari-Angelo-HD-orizzontale-768x512.jpeg 768w, https:\/\/www.ecoitaliano.com.ar\/wp-content\/uploads\/2023\/12\/Villari-Angelo-HD-orizzontale-1536x1024.jpeg 1536w, https:\/\/www.ecoitaliano.com.ar\/wp-content\/uploads\/2023\/12\/Villari-Angelo-HD-orizzontale-2048x1365.jpeg 2048w, https:\/\/www.ecoitaliano.com.ar\/wp-content\/uploads\/2023\/12\/Villari-Angelo-HD-orizzontale-150x100.jpeg 150w\" sizes=\"(max-width: 1024px) 100vw, 1024px\" \/><\/a><\/figure>\n\n\n\n<figure class=\"wp-block-image size-large\"><a href=\"https:\/\/www.ecoitaliano.com.ar\/wp-content\/uploads\/2023\/12\/Zanon-Giovanni-Andrea.jpeg\"><img decoding=\"async\" width=\"1024\" height=\"1024\" data-id=\"48281\" src=\"https:\/\/www.ecoitaliano.com.ar\/wp-content\/uploads\/2023\/12\/Zanon-Giovanni-Andrea-1024x1024.jpeg\" alt=\"\" class=\"wp-image-48281\" srcset=\"https:\/\/www.ecoitaliano.com.ar\/wp-content\/uploads\/2023\/12\/Zanon-Giovanni-Andrea-1024x1024.jpeg 1024w, https:\/\/www.ecoitaliano.com.ar\/wp-content\/uploads\/2023\/12\/Zanon-Giovanni-Andrea-300x300.jpeg 300w, https:\/\/www.ecoitaliano.com.ar\/wp-content\/uploads\/2023\/12\/Zanon-Giovanni-Andrea-150x150.jpeg 150w, https:\/\/www.ecoitaliano.com.ar\/wp-content\/uploads\/2023\/12\/Zanon-Giovanni-Andrea-768x768.jpeg 768w, https:\/\/www.ecoitaliano.com.ar\/wp-content\/uploads\/2023\/12\/Zanon-Giovanni-Andrea-1536x1536.jpeg 1536w, https:\/\/www.ecoitaliano.com.ar\/wp-content\/uploads\/2023\/12\/Zanon-Giovanni-Andrea.jpeg 2048w\" sizes=\"(max-width: 1024px) 100vw, 1024px\" \/><\/a><\/figure>\n\n\n\n<figure class=\"wp-block-image size-large\"><a href=\"https:\/\/www.ecoitaliano.com.ar\/wp-content\/uploads\/2023\/12\/Zanon-GiovanniAndrea-Arena-di-Verona-2.jpeg\"><img decoding=\"async\" width=\"1024\" height=\"682\" data-id=\"48274\" src=\"https:\/\/www.ecoitaliano.com.ar\/wp-content\/uploads\/2023\/12\/Zanon-GiovanniAndrea-Arena-di-Verona-2-1024x682.jpeg\" alt=\"\" class=\"wp-image-48274\" srcset=\"https:\/\/www.ecoitaliano.com.ar\/wp-content\/uploads\/2023\/12\/Zanon-GiovanniAndrea-Arena-di-Verona-2-1024x682.jpeg 1024w, https:\/\/www.ecoitaliano.com.ar\/wp-content\/uploads\/2023\/12\/Zanon-GiovanniAndrea-Arena-di-Verona-2-300x200.jpeg 300w, https:\/\/www.ecoitaliano.com.ar\/wp-content\/uploads\/2023\/12\/Zanon-GiovanniAndrea-Arena-di-Verona-2-768x512.jpeg 768w, https:\/\/www.ecoitaliano.com.ar\/wp-content\/uploads\/2023\/12\/Zanon-GiovanniAndrea-Arena-di-Verona-2-1536x1024.jpeg 1536w, https:\/\/www.ecoitaliano.com.ar\/wp-content\/uploads\/2023\/12\/Zanon-GiovanniAndrea-Arena-di-Verona-2-2048x1365.jpeg 2048w, https:\/\/www.ecoitaliano.com.ar\/wp-content\/uploads\/2023\/12\/Zanon-GiovanniAndrea-Arena-di-Verona-2-150x100.jpeg 150w\" sizes=\"(max-width: 1024px) 100vw, 1024px\" \/><\/a><\/figure>\n<\/figure>\n\n\n\n<p>FOTO Boheme MOF 2015<\/p>\n\n\n\n<figure class=\"wp-block-gallery has-nested-images columns-default is-cropped wp-block-gallery-6 is-layout-flex wp-block-gallery-is-layout-flex\">\n<figure class=\"wp-block-image size-large\"><a href=\"https:\/\/www.ecoitaliano.com.ar\/wp-content\/uploads\/2023\/12\/Boheme-\u00a9Tabocchini-scaled.jpg\"><img decoding=\"async\" width=\"1024\" height=\"681\" data-id=\"48294\" src=\"https:\/\/www.ecoitaliano.com.ar\/wp-content\/uploads\/2023\/12\/Boheme-\u00a9Tabocchini-1024x681.jpg\" alt=\"\" class=\"wp-image-48294\" srcset=\"https:\/\/www.ecoitaliano.com.ar\/wp-content\/uploads\/2023\/12\/Boheme-\u00a9Tabocchini-1024x681.jpg 1024w, https:\/\/www.ecoitaliano.com.ar\/wp-content\/uploads\/2023\/12\/Boheme-\u00a9Tabocchini-300x200.jpg 300w, https:\/\/www.ecoitaliano.com.ar\/wp-content\/uploads\/2023\/12\/Boheme-\u00a9Tabocchini-768x511.jpg 768w, https:\/\/www.ecoitaliano.com.ar\/wp-content\/uploads\/2023\/12\/Boheme-\u00a9Tabocchini-1536x1022.jpg 1536w, https:\/\/www.ecoitaliano.com.ar\/wp-content\/uploads\/2023\/12\/Boheme-\u00a9Tabocchini-2048x1363.jpg 2048w, https:\/\/www.ecoitaliano.com.ar\/wp-content\/uploads\/2023\/12\/Boheme-\u00a9Tabocchini-150x100.jpg 150w\" sizes=\"(max-width: 1024px) 100vw, 1024px\" \/><\/a><\/figure>\n\n\n\n<figure class=\"wp-block-image size-large\"><a href=\"https:\/\/www.ecoitaliano.com.ar\/wp-content\/uploads\/2023\/12\/Boheme.MOF_.\u00a9Tabocchini-scaled.jpg\"><img decoding=\"async\" width=\"1024\" height=\"465\" data-id=\"48299\" src=\"https:\/\/www.ecoitaliano.com.ar\/wp-content\/uploads\/2023\/12\/Boheme.MOF_.\u00a9Tabocchini-1024x465.jpg\" alt=\"\" class=\"wp-image-48299\" srcset=\"https:\/\/www.ecoitaliano.com.ar\/wp-content\/uploads\/2023\/12\/Boheme.MOF_.\u00a9Tabocchini-1024x465.jpg 1024w, https:\/\/www.ecoitaliano.com.ar\/wp-content\/uploads\/2023\/12\/Boheme.MOF_.\u00a9Tabocchini-300x136.jpg 300w, https:\/\/www.ecoitaliano.com.ar\/wp-content\/uploads\/2023\/12\/Boheme.MOF_.\u00a9Tabocchini-768x348.jpg 768w, https:\/\/www.ecoitaliano.com.ar\/wp-content\/uploads\/2023\/12\/Boheme.MOF_.\u00a9Tabocchini-1536x697.jpg 1536w, https:\/\/www.ecoitaliano.com.ar\/wp-content\/uploads\/2023\/12\/Boheme.MOF_.\u00a9Tabocchini-2048x929.jpg 2048w, https:\/\/www.ecoitaliano.com.ar\/wp-content\/uploads\/2023\/12\/Boheme.MOF_.\u00a9Tabocchini-150x68.jpg 150w\" sizes=\"(max-width: 1024px) 100vw, 1024px\" \/><\/a><\/figure>\n\n\n\n<figure class=\"wp-block-image size-large\"><a href=\"https:\/\/www.ecoitaliano.com.ar\/wp-content\/uploads\/2023\/12\/Boheme\u00a9Tabocchini-scaled.jpg\"><img decoding=\"async\" width=\"1024\" height=\"681\" data-id=\"48298\" src=\"https:\/\/www.ecoitaliano.com.ar\/wp-content\/uploads\/2023\/12\/Boheme\u00a9Tabocchini-1024x681.jpg\" alt=\"\" class=\"wp-image-48298\" srcset=\"https:\/\/www.ecoitaliano.com.ar\/wp-content\/uploads\/2023\/12\/Boheme\u00a9Tabocchini-1024x681.jpg 1024w, https:\/\/www.ecoitaliano.com.ar\/wp-content\/uploads\/2023\/12\/Boheme\u00a9Tabocchini-300x200.jpg 300w, https:\/\/www.ecoitaliano.com.ar\/wp-content\/uploads\/2023\/12\/Boheme\u00a9Tabocchini-768x511.jpg 768w, https:\/\/www.ecoitaliano.com.ar\/wp-content\/uploads\/2023\/12\/Boheme\u00a9Tabocchini-1536x1022.jpg 1536w, https:\/\/www.ecoitaliano.com.ar\/wp-content\/uploads\/2023\/12\/Boheme\u00a9Tabocchini-2048x1363.jpg 2048w, https:\/\/www.ecoitaliano.com.ar\/wp-content\/uploads\/2023\/12\/Boheme\u00a9Tabocchini-150x100.jpg 150w\" sizes=\"(max-width: 1024px) 100vw, 1024px\" \/><\/a><\/figure>\n\n\n\n<figure class=\"wp-block-image size-large\"><a href=\"https:\/\/www.ecoitaliano.com.ar\/wp-content\/uploads\/2023\/12\/Boheme-MomusTabocchini-scaled.jpg\"><img decoding=\"async\" width=\"1024\" height=\"681\" data-id=\"48297\" src=\"https:\/\/www.ecoitaliano.com.ar\/wp-content\/uploads\/2023\/12\/Boheme-MomusTabocchini-1024x681.jpg\" alt=\"\" class=\"wp-image-48297\" srcset=\"https:\/\/www.ecoitaliano.com.ar\/wp-content\/uploads\/2023\/12\/Boheme-MomusTabocchini-1024x681.jpg 1024w, https:\/\/www.ecoitaliano.com.ar\/wp-content\/uploads\/2023\/12\/Boheme-MomusTabocchini-300x200.jpg 300w, https:\/\/www.ecoitaliano.com.ar\/wp-content\/uploads\/2023\/12\/Boheme-MomusTabocchini-768x511.jpg 768w, https:\/\/www.ecoitaliano.com.ar\/wp-content\/uploads\/2023\/12\/Boheme-MomusTabocchini-1536x1022.jpg 1536w, https:\/\/www.ecoitaliano.com.ar\/wp-content\/uploads\/2023\/12\/Boheme-MomusTabocchini-2048x1363.jpg 2048w, https:\/\/www.ecoitaliano.com.ar\/wp-content\/uploads\/2023\/12\/Boheme-MomusTabocchini-150x100.jpg 150w\" sizes=\"(max-width: 1024px) 100vw, 1024px\" \/><\/a><\/figure>\n\n\n\n<figure class=\"wp-block-image size-large\"><a href=\"https:\/\/www.ecoitaliano.com.ar\/wp-content\/uploads\/2023\/12\/Remigio-Cruz\u00a9A.Tabocchini-scaled.jpg\"><img decoding=\"async\" width=\"1024\" height=\"681\" data-id=\"48295\" src=\"https:\/\/www.ecoitaliano.com.ar\/wp-content\/uploads\/2023\/12\/Remigio-Cruz\u00a9A.Tabocchini-1024x681.jpg\" alt=\"\" class=\"wp-image-48295\" srcset=\"https:\/\/www.ecoitaliano.com.ar\/wp-content\/uploads\/2023\/12\/Remigio-Cruz\u00a9A.Tabocchini-1024x681.jpg 1024w, https:\/\/www.ecoitaliano.com.ar\/wp-content\/uploads\/2023\/12\/Remigio-Cruz\u00a9A.Tabocchini-300x200.jpg 300w, https:\/\/www.ecoitaliano.com.ar\/wp-content\/uploads\/2023\/12\/Remigio-Cruz\u00a9A.Tabocchini-768x511.jpg 768w, https:\/\/www.ecoitaliano.com.ar\/wp-content\/uploads\/2023\/12\/Remigio-Cruz\u00a9A.Tabocchini-1536x1022.jpg 1536w, https:\/\/www.ecoitaliano.com.ar\/wp-content\/uploads\/2023\/12\/Remigio-Cruz\u00a9A.Tabocchini-2048x1363.jpg 2048w, https:\/\/www.ecoitaliano.com.ar\/wp-content\/uploads\/2023\/12\/Remigio-Cruz\u00a9A.Tabocchini-150x100.jpg 150w\" sizes=\"(max-width: 1024px) 100vw, 1024px\" \/><\/a><\/figure>\n\n\n\n<figure class=\"wp-block-image size-large\"><a href=\"https:\/\/www.ecoitaliano.com.ar\/wp-content\/uploads\/2023\/12\/RemigioCruz\u00a9Tabocchini-scaled.jpg\"><img decoding=\"async\" width=\"1024\" height=\"681\" data-id=\"48293\" src=\"https:\/\/www.ecoitaliano.com.ar\/wp-content\/uploads\/2023\/12\/RemigioCruz\u00a9Tabocchini-1024x681.jpg\" alt=\"\" class=\"wp-image-48293\" srcset=\"https:\/\/www.ecoitaliano.com.ar\/wp-content\/uploads\/2023\/12\/RemigioCruz\u00a9Tabocchini-1024x681.jpg 1024w, https:\/\/www.ecoitaliano.com.ar\/wp-content\/uploads\/2023\/12\/RemigioCruz\u00a9Tabocchini-300x200.jpg 300w, https:\/\/www.ecoitaliano.com.ar\/wp-content\/uploads\/2023\/12\/RemigioCruz\u00a9Tabocchini-768x511.jpg 768w, https:\/\/www.ecoitaliano.com.ar\/wp-content\/uploads\/2023\/12\/RemigioCruz\u00a9Tabocchini-1536x1022.jpg 1536w, https:\/\/www.ecoitaliano.com.ar\/wp-content\/uploads\/2023\/12\/RemigioCruz\u00a9Tabocchini-2048x1363.jpg 2048w, https:\/\/www.ecoitaliano.com.ar\/wp-content\/uploads\/2023\/12\/RemigioCruz\u00a9Tabocchini-150x100.jpg 150w\" sizes=\"(max-width: 1024px) 100vw, 1024px\" \/><\/a><\/figure>\n\n\n\n<figure class=\"wp-block-image size-large\"><a href=\"https:\/\/www.ecoitaliano.com.ar\/wp-content\/uploads\/2023\/12\/Remigio-Cruz\u00a9Tabocchini-scaled.jpg\"><img decoding=\"async\" width=\"1024\" height=\"681\" data-id=\"48296\" src=\"https:\/\/www.ecoitaliano.com.ar\/wp-content\/uploads\/2023\/12\/Remigio-Cruz\u00a9Tabocchini-1024x681.jpg\" alt=\"\" class=\"wp-image-48296\" srcset=\"https:\/\/www.ecoitaliano.com.ar\/wp-content\/uploads\/2023\/12\/Remigio-Cruz\u00a9Tabocchini-1024x681.jpg 1024w, https:\/\/www.ecoitaliano.com.ar\/wp-content\/uploads\/2023\/12\/Remigio-Cruz\u00a9Tabocchini-300x200.jpg 300w, https:\/\/www.ecoitaliano.com.ar\/wp-content\/uploads\/2023\/12\/Remigio-Cruz\u00a9Tabocchini-768x511.jpg 768w, https:\/\/www.ecoitaliano.com.ar\/wp-content\/uploads\/2023\/12\/Remigio-Cruz\u00a9Tabocchini-1536x1022.jpg 1536w, https:\/\/www.ecoitaliano.com.ar\/wp-content\/uploads\/2023\/12\/Remigio-Cruz\u00a9Tabocchini-2048x1363.jpg 2048w, https:\/\/www.ecoitaliano.com.ar\/wp-content\/uploads\/2023\/12\/Remigio-Cruz\u00a9Tabocchini-150x100.jpg 150w\" sizes=\"(max-width: 1024px) 100vw, 1024px\" \/><\/a><\/figure>\n<\/figure>\n\n\n\n<h1 class=\"wp-block-heading\">operaclassica: Macerata opera festival 2024, video programmazione<\/h1>\n\n\n\n<figure class=\"wp-block-embed is-type-video is-provider-youtube wp-block-embed-youtube wp-embed-aspect-16-9 wp-has-aspect-ratio\"><div class=\"wp-block-embed__wrapper\">\n<iframe loading=\"lazy\" title=\"operaclassica: Macerata opera festival 2024, video programmazione\" width=\"500\" height=\"281\" src=\"https:\/\/www.youtube.com\/embed\/JuvTWKNcJbs?feature=oembed\" frameborder=\"0\" allow=\"accelerometer; autoplay; clipboard-write; encrypted-media; gyroscope; picture-in-picture; web-share\" referrerpolicy=\"strict-origin-when-cross-origin\" allowfullscreen><\/iframe>\n<\/div><\/figure>\n","protected":false},"excerpt":{"rendered":"<p>COMUNICATO STAMPA MACERATA OPERA FESTIVAL2024 dal 19 luglio all\u201911 agosto allo Sferisterio omaggio a Giacomo Puccini con Turandot e La [&hellip;]<\/p>\n","protected":false},"author":1,"featured_media":0,"comment_status":"open","ping_status":"open","sticky":false,"template":"","format":"standard","meta":{"footnotes":""},"categories":[1],"tags":[],"class_list":["post-48257","post","type-post","status-publish","format-standard","hentry","category-sin-categoria"],"_links":{"self":[{"href":"https:\/\/www.ecoitaliano.com.ar\/index.php?rest_route=\/wp\/v2\/posts\/48257","targetHints":{"allow":["GET"]}}],"collection":[{"href":"https:\/\/www.ecoitaliano.com.ar\/index.php?rest_route=\/wp\/v2\/posts"}],"about":[{"href":"https:\/\/www.ecoitaliano.com.ar\/index.php?rest_route=\/wp\/v2\/types\/post"}],"author":[{"embeddable":true,"href":"https:\/\/www.ecoitaliano.com.ar\/index.php?rest_route=\/wp\/v2\/users\/1"}],"replies":[{"embeddable":true,"href":"https:\/\/www.ecoitaliano.com.ar\/index.php?rest_route=%2Fwp%2Fv2%2Fcomments&post=48257"}],"version-history":[{"count":0,"href":"https:\/\/www.ecoitaliano.com.ar\/index.php?rest_route=\/wp\/v2\/posts\/48257\/revisions"}],"wp:attachment":[{"href":"https:\/\/www.ecoitaliano.com.ar\/index.php?rest_route=%2Fwp%2Fv2%2Fmedia&parent=48257"}],"wp:term":[{"taxonomy":"category","embeddable":true,"href":"https:\/\/www.ecoitaliano.com.ar\/index.php?rest_route=%2Fwp%2Fv2%2Fcategories&post=48257"},{"taxonomy":"post_tag","embeddable":true,"href":"https:\/\/www.ecoitaliano.com.ar\/index.php?rest_route=%2Fwp%2Fv2%2Ftags&post=48257"}],"curies":[{"name":"wp","href":"https:\/\/api.w.org\/{rel}","templated":true}]}}