{"id":4835,"date":"2018-09-25T20:17:27","date_gmt":"2018-09-25T20:17:27","guid":{"rendered":"http:\/\/www.ecoitaliano.com.ar\/?p=4835"},"modified":"2018-09-25T20:18:45","modified_gmt":"2018-09-25T20:18:45","slug":"lape-musicale-di-lorenzo-da-ponte-prima-opera-italiana-destinata-agli-stati-uniti-lesecuzione-e-un-convegno-il-15-ottobre-alla-columbia-university-di-new-york","status":"publish","type":"post","link":"https:\/\/www.ecoitaliano.com.ar\/?p=4835","title":{"rendered":"L\u2019Ape musicale di Lorenzo Da Ponte, prima opera italiana destinata agli Stati Uniti &#8211; L\u2019esecuzione e un convegno il 15 ottobre alla Columbia University di New York"},"content":{"rendered":"<p>&nbsp;<\/p>\n<figure id=\"attachment_4836\" aria-describedby=\"caption-attachment-4836\" style=\"width: 215px\" class=\"wp-caption alignnone\"><a href=\"http:\/\/www.ecoitaliano.com.ar\/wp-content\/uploads\/2018\/09\/Francesco-Zimei.jpg\"><img decoding=\"async\" class=\"size-full wp-image-4836\" src=\"http:\/\/www.ecoitaliano.com.ar\/wp-content\/uploads\/2018\/09\/Francesco-Zimei.jpg\" alt=\"\" width=\"215\" height=\"242\" \/><\/a><figcaption id=\"caption-attachment-4836\" class=\"wp-caption-text\">OLYMPUS DIGITAL CAMERA<\/figcaption><\/figure>\n<p><span style=\"font-family: Garamond, serif;\"><span style=\"font-size: small;\">25 settembre 2018<\/span><\/span><\/p>\n<p align=\"center\"><span style=\"font-family: Garamond, serif;\"><span style=\"font-size: x-large;\"><i><b>L\u2019Ape musicale<\/b><\/i><\/span><\/span><span style=\"font-family: Garamond, serif;\"><span style=\"font-size: x-large;\"><b> di Lorenzo Da Ponte,<\/b><\/span><\/span><\/p>\n<p align=\"center\"><span style=\"font-family: Garamond, serif;\"><span style=\"font-size: x-large;\"><b>prima opera italiana destinata agli Stati Uniti<\/b><\/span><\/span><\/p>\n<p align=\"center\"><span style=\"font-family: Garamond, serif;\"><b>L\u2019esecuzione e un convegno il 15 ottobre alla Columbia University di New York<\/b><\/span><\/p>\n<p align=\"center\"><span style=\"font-family: Garamond, serif;\">di<\/span><b> <\/b><span style=\"font-family: Garamond, serif;\"><span style=\"font-size: small;\"><b>Goffredo Palmerini<\/b><\/span><\/span><\/p>\n<p align=\"justify\"><span style=\"font-family: Garamond, serif;\"><span style=\"font-size: small;\">L\u2019AQUILA &#8211; Tutto ebbe inizio quando <\/span><\/span><span style=\"font-family: Garamond, serif;\"><span style=\"font-size: small;\"><b>Lorenzo Da Ponte<\/b><\/span><\/span><span style=\"font-family: Garamond, serif;\"><span style=\"font-size: small;\">, <\/span><\/span><span style=\"font-family: Garamond, serif;\"><span style=\"font-size: small;\">in fuga dai debiti di un crack impresariale, <\/span><\/span><span style=\"font-family: Garamond, serif;\"><span style=\"font-size: small;\">il 4 giugno 1805 approd\u00f2<\/span><\/span><span style=\"font-family: Garamond, serif;\"><span style=\"font-size: small;\"> sulle sponde del Delaware preferendo barattare la grande riconoscibilit\u00e0 guadagnata nei teatri di tutta Europa con un\u2019anonima attivit\u00e0 di droghiere. Negli anni a seguire, rindossati i panni del letterato, egli conquist\u00f2 mano a mano la stima della buona societ\u00e0 dell\u2019East Coast avvezzandola al gusto e alle tradizioni del Bel Paese sino a ottenere <\/span><\/span><span style=\"font-family: Garamond, serif;\"><span style=\"font-size: small;\">la prima cattedra di Lingua e Letteratura Italiana in un\u2019universit\u00e0 americana, l\u2019allora <\/span><\/span><span style=\"font-family: Garamond, serif;\"><span style=\"font-size: small;\"><b>Columbia College<\/b><\/span><\/span><span style=\"font-family: Garamond, serif;\"><span style=\"font-size: small;\">. <\/span><\/span><\/p>\n<p align=\"justify\"><span style=\"font-family: Garamond, serif;\"><span style=\"font-size: small;\">Proprio da quegli scranni, non meno che dalla sua libreria italiana a <\/span><\/span><span style=\"font-family: Garamond, serif;\"><span style=\"font-size: small;\"><b>Broadway<\/b><\/span><\/span><span style=\"font-family: Garamond, serif;\"><span style=\"font-size: small;\">, egli matur\u00f2 l\u2019idea di instillare nei newyorkesi l\u2019amore per l\u2019<\/span><\/span><span style=\"font-family: Garamond, serif;\"><span style=\"font-size: small;\"><b>Opera<\/b><\/span><\/span><span style=\"font-family: Garamond, serif;\"><span style=\"font-size: small;\">, <\/span><\/span><span style=\"font-family: Garamond, serif;\"><span style=\"font-size: small;\">ben sapendo \u2013 com\u2019ebbe a scrivere nelle sue <\/span><\/span><span style=\"font-family: Garamond, serif;\"><span style=\"font-size: small;\"><i>Memorie <\/i><\/span><\/span><span style=\"font-family: Garamond, serif;\"><span style=\"font-size: small;\">\u2013 \u00abquali e quanti vantaggi ne ricaverebbe la nostra letteratura, e quanto si diffonderebbe la nostra favella per gli allettamenti del dramma italiano, che per tutte le colte nazioni del mondo \u00e8 il pi\u00f9 nobile e il pi\u00f9 allettevole di quanti spettacoli l\u2019ingegno umano ha inventato\u00bb.<\/span><\/span><\/p>\n<p align=\"justify\"><span style=\"font-family: Garamond, serif;\"><span style=\"font-size: small;\">Ben presto questi discorsi suscitarono l\u2019interessamento di un appassionato mercante di vini, <\/span><\/span><span style=\"font-family: Garamond, serif;\"><span style=\"font-size: small;\"><b>Dominick Lynch<\/b><\/span><\/span><span style=\"font-family: Garamond, serif;\"><span style=\"font-size: small;\">, e la costituzione di una societ\u00e0 con <\/span><\/span><span style=\"font-family: Garamond, serif;\"><span style=\"font-size: small;\"><b>Stephen Price<\/b><\/span><\/span><span style=\"font-family: Garamond, serif;\"><span style=\"font-size: small;\">,<\/span><\/span><span style=\"font-family: Garamond, serif;\"><span style=\"font-size: small;\"> solerte direttore del Park Theatre, la sala inaugurata nel 1798 presso l\u2019attuale Ponte di Brooklyn che per cinquant\u2019anni accolse a <\/span><\/span><span style=\"font-family: Garamond, serif;\"><span style=\"font-size: small;\"><b>Manhattan<\/b><\/span><\/span><span style=\"font-family: Garamond, serif;\"><span style=\"font-size: small;\"> le produzioni di maggior prestigio prima di essere distrutta da un incendio. Attraverso una serie di contatti europei i due riuscirono a scritturare il leggendario tenore spagnolo <\/span><\/span><span style=\"font-family: Garamond, serif;\"><span style=\"font-size: small;\"><b>Manuel Garc\u00eda<\/b><\/span><\/span><span style=\"font-family: Garamond, serif;\"><span style=\"font-size: small;\">, primo Almaviva del <\/span><\/span><span style=\"font-family: Garamond, serif;\"><span style=\"font-size: small;\"><i>Barbiere <\/i><\/span><\/span><span style=\"font-family: Garamond, serif;\"><span style=\"font-size: small;\">rossiniano e capostipite di una famiglia di cantanti che ha fatto la storia del melodramma ottocentesco, organizzando per la sua compagnia fra il 1825 e il 1826 la<\/span><\/span><span style=\"font-family: Garamond, serif;\"><span style=\"font-size: small;\"> prima stagione di Opera italiana in terra statunitense.<\/span><\/span><\/p>\n<p align=\"justify\"><span style=\"font-family: Garamond, serif;\"><span style=\"font-size: small;\">La sera di marted\u00ec 29 novembre 1825, quando la troupe di <\/span><\/span><span style=\"font-family: Garamond, serif;\"><span style=\"font-size: small;\"><b>Manuel Garc\u00eda<\/b><\/span><\/span><span style=\"font-family: Garamond, serif;\"><span style=\"font-size: small;\"> debutt\u00f2 al Park Theatre con <\/span><\/span><span style=\"font-family: Garamond, serif;\"><span style=\"font-size: small;\"><i>Il barbiere di Siviglia<\/i><\/span><\/span><span style=\"font-family: Garamond, serif;\"><span style=\"font-size: small;\"> davanti a una scelta cittadinanza, l\u2019impressione fu enorme.<\/span><\/span><i> <\/i><span style=\"font-family: Garamond, serif;\"><span style=\"font-size: small;\">Fino al 30 settembre 1826 l\u2019Opera italiana tenne banco con settantanove recite, registrando quasi sempre il tutto esaurito. Oltre al <\/span><\/span><span style=\"font-family: Garamond, serif;\"><span style=\"font-size: small;\"><i>Barbiere<\/i><\/span><\/span><span style=\"font-family: Garamond, serif;\"><span style=\"font-size: small;\"> il repertorio rossiniano fece la parte del leone con <\/span><\/span><span style=\"font-family: Garamond, serif;\"><span style=\"font-size: small;\"><i>Tancredi<\/i><\/span><\/span><span style=\"font-family: Garamond, serif;\"><span style=\"font-size: small;\">, <\/span><\/span><span style=\"font-family: Garamond, serif;\"><span style=\"font-size: small;\"><i>Otello<\/i><\/span><\/span><span style=\"font-family: Garamond, serif;\"><span style=\"font-size: small;\">, <\/span><\/span><span style=\"font-family: Garamond, serif;\"><span style=\"font-size: small;\"><i>Il Turco in Italia<\/i><\/span><\/span><span style=\"font-family: Garamond, serif;\"><span style=\"font-size: small;\"> e <\/span><\/span><span style=\"font-family: Garamond, serif;\"><span style=\"font-size: small;\"><i>La Cenerentola<\/i><\/span><\/span><span style=\"font-family: Garamond, serif;\"><span style=\"font-size: small;\">, ma acclamate furono anche <\/span><\/span><span style=\"font-family: Garamond, serif;\"><span style=\"font-size: small;\"><i>Giulietta e Romeo <\/i><\/span><\/span><span style=\"font-family: Garamond, serif;\"><span style=\"font-size: small;\">di Zingarelli e il <\/span><\/span><span style=\"font-family: Garamond, serif;\"><span style=\"font-size: small;\"><i>Don Giovanni <\/i><\/span><\/span><span style=\"font-family: Garamond, serif;\"><span style=\"font-size: small;\">di Mozart allestito in omaggio a Da Ponte. <\/span><\/span><\/p>\n<p align=\"justify\"><span style=\"font-family: Garamond, serif;\"><span style=\"font-size: small;\">Quando a fine stagione la compagnia decise di proseguire l\u2019esperienza americana dirigendosi in <\/span><\/span><span style=\"font-family: Garamond, serif;\"><span style=\"font-size: small;\"><b>Messico<\/b><\/span><\/span><span style=\"font-family: Garamond, serif;\"><span style=\"font-size: small;\">, le defezioni tuttavia furono numerose e importanti: grazie all\u2019<\/span><\/span><span style=\"font-family: Garamond, serif;\"><span style=\"font-size: small;\"><i>appeal<\/i><\/span><\/span><span style=\"font-family: Garamond, serif;\"><span style=\"font-size: small;\"> di una citt\u00e0 che si era mostrata assai benevola nei loro confronti, diversi cantanti decisero di restare a <\/span><\/span><span style=\"font-family: Garamond, serif;\"><span style=\"font-size: small;\"><b>New York<\/b><\/span><\/span><span style=\"font-family: Garamond, serif;\"><span style=\"font-size: small;\">. Stessa sorte tocc\u00f2 a Maria, che il 23 marzo, alla vigilia del suo diciottesimo compleanno, anche per affrancarsi dalla personalit\u00e0 asfissiante di suo padre aveva accettato di sposare il quarantacinquenne uomo d\u2019affari <\/span><\/span><span style=\"font-family: Garamond, serif;\"><span style=\"font-size: small;\"><b>Eug\u00e8ne-Louis Malibran<\/b><\/span><\/span><span style=\"font-family: Garamond, serif;\"><span style=\"font-size: small;\"> \u2013 assumendone il cognome con cui \u00e8 passata alla Storia \u2013, senza peraltro sospettarne l\u2019imminente bancarotta che la costrinse a ripartire da sola per l\u2019Europa gi\u00e0 nel novembre del \u201927.<\/span><\/span><\/p>\n<p align=\"justify\"><span style=\"font-family: Garamond, serif;\"><span style=\"font-size: small;\">Per colmare il vuoto lasciato dalla Malibran in citt\u00e0 <\/span><\/span><span style=\"font-family: Garamond, serif;\"><span style=\"font-size: small;\"><b>Da Ponte<\/b><\/span><\/span><span style=\"font-family: Garamond, serif;\"><span style=\"font-size: small;\">, un po\u2019 per familismo, un po\u2019 per amor di patria, forsanche per quella vecchia velleit\u00e0 impresariale che con alterne fortune aveva spesso associato alla professione di poeta, pens\u00f2 di poterla rimpiazzare con sua nipote Giulia, promettente allieva veneziana del <\/span><\/span><span style=\"font-family: Garamond, serif;\"><span style=\"font-size: small;\">tenore <\/span><\/span><span style=\"font-family: Garamond, serif;\"><span style=\"font-size: small;\"><b>Antonio Baglioni<\/b><\/span><\/span><span style=\"font-family: Garamond, serif;\"><span style=\"font-size: small;\">. Dopo vari tergiversamenti e qualche vicissitudine per ottenere il passaporto, il 18 febbraio 1830 Giulia sbarc\u00f2 finalmente in riva all\u2019Hudson.<\/span><\/span><\/p>\n<p align=\"justify\"><span style=\"font-family: Garamond, serif;\"><span style=\"font-size: small;\">La calorosa accoglienza tributatale \u2013 sottolinea <\/span><\/span><span style=\"font-family: Garamond, serif;\"><span style=\"font-size: small;\"><b>Da Ponte<\/b><\/span><\/span><span style=\"font-family: Garamond, serif;\"><span style=\"font-size: small;\"> \u2013 da \u00abi <\/span><\/span><span style=\"font-family: Garamond, serif;\"><span style=\"font-size: small;\">pi\u00f9 rispettabili signori di New York, e sopra tutto gli allievi miei e le loro famiglie\u00bb<\/span><\/span><span style=\"font-family: Garamond, serif;\"><span style=\"font-size: small;\"> le procur\u00f2 alcune applaudite esibizioni private, spalancandole le porte del Park Theatre per tre <\/span><\/span><span style=\"font-family: Garamond, serif;\"><span style=\"font-size: small;\"><i>accademie<\/i><\/span><\/span><span style=\"font-family: Garamond, serif;\"><span style=\"font-size: small;\">, come allora si chiamavano i concerti, fruttati a zio e nipote \u00abla<\/span><\/span><span style=\"font-family: Garamond, serif;\"><span style=\"font-size: small;\"> bella somma di mille e dugento piastre per le due prime comparse, e la met\u00e0 dell\u2019entrata d\u2019un benefizio\u00bb, ossia di un incasso a favore dell\u2019artista, \u00abper la terza<\/span><\/span><span style=\"font-family: Garamond, serif;\"><span style=\"font-size: small;\">\u00bb. Fu cos\u00ec che <\/span><\/span><span style=\"font-family: Garamond, serif;\"><span style=\"font-size: small;\"><b>Da Ponte<\/b><\/span><\/span><span style=\"font-family: Garamond, serif;\"><span style=\"font-size: small;\"> matur\u00f2 l\u2019idea d\u2019intercalare parte di quel recital in una cornice narrativa costruita <\/span><\/span><span style=\"font-family: Garamond, serif;\"><span style=\"font-size: small;\"><i>ad hoc<\/i><\/span><\/span><span style=\"font-family: Garamond, serif;\"><span style=\"font-size: small;\"> sulla personalit\u00e0 di Giulia, mettendo a punto un canovaccio che nel giro di pochi giorni ebbe la forma e i caratteri d\u2019un vero libretto d\u2019opera, l\u2019ultimo della sua vita. <\/span><\/span><\/p>\n<p align=\"justify\"><span style=\"font-family: Garamond, serif;\"><span style=\"font-size: small;\">La formula, semplice e gi\u00e0 sperimentata, era quella del <\/span><\/span><span style=\"font-family: Garamond, serif;\"><span style=\"font-size: small;\"><i>pasticcio<\/i><\/span><\/span><span style=\"font-family: Garamond, serif;\"><span style=\"font-size: small;\">, ossia un lavoro su un soggetto nuovo predisposto a contenere brani preesistenti \u2013 in genere molto conosciuti \u2013 s\u00ec da poter essere montato con poca fatica: com\u2019ebbe a precisare l\u2019autore, si tratta di \u00ab<\/span><\/span><span style=\"font-family: Garamond, serif;\"><span style=\"font-size: small;\">una spezie di comediola dove ora parodiando, ora cangiando, ed ora conservando le originarie parole, si sono introdotti i migliori pezzi di musica che si sentiron fin\u2019 ora nelle nostre opere, e quelli particolarmente che pi\u00f9 sono stati amati e favoriti dal Pubblico questi due ultimi anni\u00bb<\/span><\/span><span style=\"font-family: Garamond, serif;\"><span style=\"font-size: small;\">. L\u2019opera debutt\u00f2<\/span><\/span><span style=\"font-family: Garamond, serif;\"><span style=\"font-size: small;\"> al <\/span><\/span><span style=\"font-family: Garamond, serif;\"><span style=\"font-size: small;\">Park Theatre il 20 aprile 1830<\/span><\/span><span style=\"font-family: Garamond, serif;\"><span style=\"font-size: small;\">.<\/span><\/span><\/p>\n<p align=\"justify\"><span style=\"font-family: Garamond, serif;\"><span style=\"font-size: small;\">\u00ab<\/span><\/span><span style=\"font-family: Garamond, serif;\"><span style=\"font-size: small;\">La trama \u2013 ci dice il musicologo <\/span><\/span><span style=\"font-family: Garamond, serif;\"><span style=\"font-size: small;\"><b>Francesco Zimei<\/b><\/span><\/span><span style=\"font-family: Garamond, serif;\"><span style=\"font-size: small;\"> &#8211; ruota attorno alle vicende di una compagnia Italiana approdata nelle Isole Fortunate (metafora dell\u2019odierna Manhattan) in cerca del sospirato successo artistico ed economico. Ne fanno parte il tenore Narciso, il poeta Mongibello e il vecchio impresario Don Nibbio, i quali ingannano il tempo aspettando lo sbarco di colei che dovrebbe risollevare le sorti della loro magra esistenza: Lucinda, una giovane cantante veneziana di belle speranze ma con poca esperienza di palcoscenico. Il problema pi\u00f9 grande \u00e8 che in quella parte del mondo non c\u2019\u00e8 ancora consuetudine con la musica italiana, mancano cio\u00e8 compositori e materiali per poter andare in scena. Mongibello propone allora di scrivere un <\/span><\/span><span style=\"font-family: Garamond, serif;\"><span style=\"font-size: small;\"><i>pasticcio<\/i><\/span><\/span><span style=\"font-family: Garamond, serif;\"><span style=\"font-size: small;\">, ossia un dramma nuovo che riesca tuttavia a incorporare le arie e i cori che ciascuno di loro ha gi\u00e0 in repertorio. Frattanto Lucinda \u00e8 gi\u00e0 in albergo, e l\u2019unica persona con cui riesce a conferire \u00e8 l\u2019inglese Don Canario, il vecchio maestro di musica del luogo, che peraltro di Opera Italiana non ne vuole affatto sapere. Quando avviene l\u2019incontro con il resto della compagnia Don Nibbio, Mongibello e Narciso realizzano che Lucinda ha portato con s\u00e9 dall\u2019Italia solo del repertorio serio, mentre l\u2019unica possibilit\u00e0 di avere successo \u00e8 allestire uno spettacolo buffo. Seguono vari tentativi dei tre di persuaderla a cambiare programma \u2013 stando attenti a non urtarne la sensibilit\u00e0 \u2013, finch\u00e9 ella non si decide spontaneamente a provare il famoso <\/span><\/span><span style=\"font-family: Garamond, serif;\"><span style=\"font-size: small;\"><i>Rond\u00f2 <\/i><\/span><\/span><span style=\"font-family: Garamond, serif;\"><span style=\"font-size: small;\">della <\/span><\/span><span style=\"font-family: Garamond, serif;\"><span style=\"font-size: small;\"><i>Cenerentola<\/i><\/span><\/span><span style=\"font-family: Garamond, serif;\"><span style=\"font-size: small;\"> di Rossini\u00bb.<\/span><\/span><\/p>\n<p align=\"justify\"><span style=\"font-family: Garamond, serif;\"><span style=\"font-size: small;\">Questa la storia dell\u2019<\/span><\/span><span style=\"font-family: Garamond, serif;\"><span style=\"font-size: small;\"><i>Ape Musicale (The Musical Bee)<\/i><\/span><\/span><span style=\"font-family: Garamond, serif;\"><span style=\"font-size: small;\">, di <\/span><\/span><span style=\"font-family: Garamond, serif;\"><span style=\"font-size: small;\"><b>Lorenzo Da Ponte<\/b><\/span><\/span><span style=\"font-family: Garamond, serif;\"><span style=\"font-size: small;\">, che l\u2019insigne musicologo e storico della musica <\/span><\/span><span style=\"font-family: Garamond, serif;\"><span style=\"font-size: small;\"><b>Francesco Zimei<\/b><\/span><\/span><span style=\"font-family: Garamond, serif;\"><span style=\"font-size: small;\"> ha ricostruito su commissione della <\/span><\/span><span style=\"font-family: Garamond, serif;\"><span style=\"font-size: small;\"><b>Fondazione Teatro Lirico di Cagliari<\/b><\/span><\/span><span style=\"font-family: Garamond, serif;\"><span style=\"font-size: small;\">. L\u2019opera, un atto unico, sar\u00e0 rappresentata in prima a <\/span><\/span><span style=\"font-family: Garamond, serif;\"><span style=\"font-size: small;\"><b>New York<\/b><\/span><\/span><span style=\"font-family: Garamond, serif;\"><span style=\"font-size: small;\">, presso la <\/span><\/span><span style=\"font-family: Garamond, serif;\"><span style=\"font-size: small;\"><b>Rotunda <\/b><\/span><\/span><span style=\"font-family: Garamond, serif;\"><span style=\"font-size: small;\">della <\/span><\/span><span style=\"font-family: Garamond, serif;\"><span style=\"font-size: small;\"><b>Columbia University<\/b><\/span><\/span><span style=\"font-family: Garamond, serif;\"><span style=\"font-size: small;\">, il <\/span><\/span><span style=\"font-family: Garamond, serif;\"><span style=\"font-size: small;\"><b>15 e 17 ottobre 2018<\/b><\/span><\/span><span style=\"font-family: Garamond, serif;\"><span style=\"font-size: small;\">, alle ore 7:30 pm, in uno straordinario evento cui sar\u00e0 associato un Convegno nell\u2019intera giornata del 15 ottobre. L\u2019esecuzione sar\u00e0 dell\u2019Orchestra e Coro del Teatro Lirico di Cagliari, sotto la direzione del M\u00b0 <\/span><\/span><span style=\"font-family: Garamond, serif;\"><span style=\"font-size: small;\"><b>Donato Renzetti<\/b><\/span><\/span><span style=\"font-family: Garamond, serif;\"><span style=\"font-size: small;\"> e il Coro diretto dal M\u00b0 <\/span><\/span><span style=\"font-family: Garamond, serif;\"><span style=\"font-size: small;\"><b>Donato Sivo<\/b><\/span><\/span><span style=\"font-family: Garamond, serif;\"><span style=\"font-size: small;\">. Gli interpreti: <\/span><\/span><span style=\"font-family: Garamond, serif;\"><span style=\"font-size: small;\"><i>Lucinda<\/i><\/span><\/span> <span style=\"font-family: Garamond, serif;\"><span style=\"font-size: small;\"><b>Salome Jicia<\/b><\/span><\/span><span style=\"font-family: Garamond, serif;\"><span style=\"font-size: small;\">, <\/span><\/span><span style=\"font-family: Garamond, serif;\"><span style=\"font-size: small;\"><i>Don Nibbio<\/i><\/span><\/span> <span style=\"font-family: Garamond, serif;\"><span style=\"font-size: small;\"><b>Pierluigi Dilengite<\/b><\/span><\/span><span style=\"font-family: Garamond, serif;\"><span style=\"font-size: small;\">, <\/span><\/span><span style=\"font-family: Garamond, serif;\"><span style=\"font-size: small;\"><i>Mongibello<\/i><\/span><\/span> <span style=\"font-family: Garamond, serif;\"><span style=\"font-size: small;\"><b>Daniele Terenzi<\/b><\/span><\/span><span style=\"font-family: Garamond, serif;\"><span style=\"font-size: small;\">, <\/span><\/span><span style=\"font-family: Garamond, serif;\"><span style=\"font-size: small;\"><i>Narciso<\/i><\/span><\/span> <span style=\"font-family: Garamond, serif;\"><span style=\"font-size: small;\"><b>Leonardo Cortellazzi<\/b><\/span><\/span><span style=\"font-family: Garamond, serif;\"><span style=\"font-size: small;\">, <\/span><\/span><span style=\"font-family: Garamond, serif;\"><span style=\"font-size: small;\"><i>Don Canario<\/i><\/span><\/span> <span style=\"font-family: Garamond, serif;\"><span style=\"font-size: small;\"><b>Vassilis Kavayas<\/b><\/span><\/span><span style=\"font-family: Garamond, serif;\"><span style=\"font-size: small;\">. La regia \u00e8 di <\/span><\/span><span style=\"font-family: Garamond, serif;\"><span style=\"font-size: small;\"><b>Davide Garattini Raimondi<\/b><\/span><\/span><span style=\"font-family: Garamond, serif;\"><span style=\"font-size: small;\">. <\/span><\/span><\/p>\n<p align=\"justify\"><a name=\"_GoBack\"><\/a> <span style=\"font-family: Garamond, serif;\"><span style=\"font-size: small;\">L\u2019evento, realizzato dal Teatro Lirico di Cagliari, \u00e8 sostenuto da finanziamento del Ministero per i Beni e le Attivit\u00e0 Culturali e della Regione Sardegna, nell\u2019ambito di un progetto europeo. L\u2019importante iniziativa, che propone al pubblico americano la prima Opera italiana nata negli States, \u00e8 realizzata in collaborazione con il Dipartimento di Musica e l\u2019Accademia Italiana della <\/span><\/span><span style=\"font-family: Garamond, serif;\"><span style=\"font-size: small;\"><b>Columbia University<\/b><\/span><\/span><span style=\"font-family: Garamond, serif;\"><span style=\"font-size: small;\">.<\/span><\/span><\/p>\n<p align=\"justify\">\n<p align=\"justify\">Link:\u00a0<a href=\"http:\/\/www.ecoitaliano.com.ar\/wp-content\/uploads\/2018\/09\/Poster-LApe-musicale.pdf\">Poster L&#8217;Ape musicale<\/a><\/p>\n","protected":false},"excerpt":{"rendered":"<p>&nbsp; 25 settembre 2018 L\u2019Ape musicale di Lorenzo Da Ponte, prima opera italiana destinata agli Stati Uniti L\u2019esecuzione e un [&hellip;]<\/p>\n","protected":false},"author":1,"featured_media":0,"comment_status":"open","ping_status":"open","sticky":false,"template":"","format":"standard","meta":{"footnotes":""},"categories":[4,10],"tags":[],"class_list":["post-4835","post","type-post","status-publish","format-standard","hentry","category-cultura","category-italiano"],"_links":{"self":[{"href":"https:\/\/www.ecoitaliano.com.ar\/index.php?rest_route=\/wp\/v2\/posts\/4835","targetHints":{"allow":["GET"]}}],"collection":[{"href":"https:\/\/www.ecoitaliano.com.ar\/index.php?rest_route=\/wp\/v2\/posts"}],"about":[{"href":"https:\/\/www.ecoitaliano.com.ar\/index.php?rest_route=\/wp\/v2\/types\/post"}],"author":[{"embeddable":true,"href":"https:\/\/www.ecoitaliano.com.ar\/index.php?rest_route=\/wp\/v2\/users\/1"}],"replies":[{"embeddable":true,"href":"https:\/\/www.ecoitaliano.com.ar\/index.php?rest_route=%2Fwp%2Fv2%2Fcomments&post=4835"}],"version-history":[{"count":0,"href":"https:\/\/www.ecoitaliano.com.ar\/index.php?rest_route=\/wp\/v2\/posts\/4835\/revisions"}],"wp:attachment":[{"href":"https:\/\/www.ecoitaliano.com.ar\/index.php?rest_route=%2Fwp%2Fv2%2Fmedia&parent=4835"}],"wp:term":[{"taxonomy":"category","embeddable":true,"href":"https:\/\/www.ecoitaliano.com.ar\/index.php?rest_route=%2Fwp%2Fv2%2Fcategories&post=4835"},{"taxonomy":"post_tag","embeddable":true,"href":"https:\/\/www.ecoitaliano.com.ar\/index.php?rest_route=%2Fwp%2Fv2%2Ftags&post=4835"}],"curies":[{"name":"wp","href":"https:\/\/api.w.org\/{rel}","templated":true}]}}