{"id":48588,"date":"2023-12-19T10:24:42","date_gmt":"2023-12-19T10:24:42","guid":{"rendered":"https:\/\/www.ecoitaliano.com.ar\/?p=48588"},"modified":"2023-12-19T10:24:42","modified_gmt":"2023-12-19T10:24:42","slug":"virginia-state-gospel-choir-concerto-di-natale-per-la-camerata-musicale-al-teatro-comunale-maria-caniglia-di-sulmona-martedi-26-dicembre-ore-17-30","status":"publish","type":"post","link":"https:\/\/www.ecoitaliano.com.ar\/?p=48588","title":{"rendered":"Virginia State Gospel Choir CONCERTO DI NATALE per la CAMERATA MUSICALE al Teatro Comunale \u201cMaria Caniglia\u201d di Sulmona marted\u00ec 26 dicembre ore 17.30"},"content":{"rendered":"\n<figure class=\"wp-block-gallery has-nested-images columns-default is-cropped wp-block-gallery-1 is-layout-flex wp-block-gallery-is-layout-flex\">\n<figure class=\"wp-block-image\"><img decoding=\"async\" src=\"https:\/\/mail.google.com\/mail\/u\/2?ui=2&amp;ik=a91c2962d6&amp;attid=0.0.1&amp;permmsgid=msg-f:1785702155620011111&amp;th=18c816a644614c67&amp;view=fimg&amp;fur=ip&amp;sz=s0-l75-ft&amp;attbid=ANGjdJ8aBdIIxTEHfIl3xtr6WwlkmAO9GMMhkFrYTm-cHgt6e7iD2-i4ykvJlK7EGz8b-htue57iuVYZVSc-YdlPtRV4Z-0EZPZCyNRODiFxHGn41KHarcnSQ5_UFps&amp;disp=emb&amp;realattid=ii_lqb9nhk73\" alt=\"NIC_4302 - Virginia State Gospel Chorale 2013 - foto Nicu Cherciu.JPG\"\/><\/figure>\n<\/figure>\n\n\n\n<figure class=\"wp-block-image size-full\"><a href=\"https:\/\/www.ecoitaliano.com.ar\/wp-content\/uploads\/2023\/12\/DIRETTORE.jpg\"><img decoding=\"async\" width=\"1024\" height=\"675\" src=\"https:\/\/www.ecoitaliano.com.ar\/wp-content\/uploads\/2023\/12\/DIRETTORE.jpg\" alt=\"\" class=\"wp-image-48589\" srcset=\"https:\/\/www.ecoitaliano.com.ar\/wp-content\/uploads\/2023\/12\/DIRETTORE.jpg 1024w, https:\/\/www.ecoitaliano.com.ar\/wp-content\/uploads\/2023\/12\/DIRETTORE-300x198.jpg 300w, https:\/\/www.ecoitaliano.com.ar\/wp-content\/uploads\/2023\/12\/DIRETTORE-768x506.jpg 768w, https:\/\/www.ecoitaliano.com.ar\/wp-content\/uploads\/2023\/12\/DIRETTORE-150x99.jpg 150w\" sizes=\"(max-width: 1024px) 100vw, 1024px\" \/><\/a><\/figure>\n\n\n\n<p><strong>Camerata Musicale Stagione 2023 \u2013 2024<\/strong><\/p>\n\n\n\n<p><strong>Direttore Artistico M\u00b0Gaetano Di Bacco<\/strong><\/p>\n\n\n\n<p><strong>&nbsp;CONCERTO DI NATALE<\/strong><\/p>\n\n\n\n<p><strong>Virginia State Gospel Choir<\/strong><\/p>\n\n\n\n<p>direttore<\/p>\n\n\n\n<p><strong>Perry Evans&nbsp;<\/strong><strong><em>&nbsp;<\/em><\/strong><\/p>\n\n\n\n<p><strong>Teatro Comunale \u201cMaria Caniglia\u201d di Sulmona<\/strong><\/p>\n\n\n\n<p><strong>marted\u00ec 26 dicembre ore 17.30<\/strong><\/p>\n\n\n\n<p>Le voci gospel accendono la magica atmosfera del Natale per l&#8217;ultimo appuntamento dell&#8217;anno proposto dalla Camerata Musicale al Teatro Caniglia di Sulmona (AQ): marted\u00ec 26 dicembre, alle ore 17.30 &nbsp;una straordinaria serata con il \u201cVirginia State Gospel Choir\u201d nel tradizionale Concerto di Natale, offrir\u00e0 anche l\u2019occasione al pubblico per uno speciale e caloroso scambio di auguri.<\/p>\n\n\n\n<p>Con un imponente presenza scenica formata da&nbsp;30 elementi&nbsp;e un altissimo livello tecnico, il Virginia State Gospel Choir \u00e8 tra i cori pi\u00f9 attivi e rinomati della scena gospel statunitense. Fondato nel 1971, il coro \u00e8 composto da giovani musicisti laureati alla Virginia University e da solisti di altissimo livello con un talento straordinario che provengono dai pi\u00f9 scelti ambienti musicali.<\/p>\n\n\n\n<p>Il loro successo internazionale arriva nel 1992 quando James Holden ne diventa il&nbsp;direttore artistico: da allora il gruppo attraversa con i suoi concerti gli Stati Uniti per poi spopolare anche in Europa.<\/p>\n\n\n\n<p>Successivamente il coro si arricchisce della presenza di un musicista d\u2019eccezione: Perry&nbsp;Evans che guida la formazione verso nuovi e rinnovati livelli di qualit\u00e0. Nel 2003 si classifica al terzo posto sulle tredici categorie in gara alla National Black Music Caucus Choir Competition , prestigioso concorso gospel di New York. Nel 2012 riceve il premio del pubblico al prestigioso Verizon\u2019s How Sweet The Sound e nel 2013 la sua partecipazione&nbsp;a American\u2019s&nbsp;Got Talent entusiasma milioni di telespettatori. Negli anni il Coro condivide il palcoscenico con artisti di grande calibro come Cheryl \u201cCoCo\u201d Clemons of R&amp;B group SWV, Mary Mary, Tye Tribbett, Earnest Pugh, Hezekiah Walker, JJ Hairston e Youthful Praise, &nbsp;Nikki Giovanni.<\/p>\n\n\n\n<p>Sotto la sapiente guida di&nbsp;Perry Evans, il Virginia State Gospel Choir, pur con profonde radici nel gospel tradizionale, veicola la tradizione con uno show pi\u00f9 giovane e moderno, dove coinvolgenti coreografie, l\u2019eleganza e lo stile sono tanto importanti quanto i temi cantati e la vocalit\u00e0. Voci magnifiche, che hanno imparato a fondersi e sostenersi, raggiungendo una forza d\u2019impatto rarissima ed un equilibrio musicale di grande spessore artistico. Il loro repertorio propone un gospel fortemente influenzato da sonorit\u00e0 afroamericane, rhytm &amp; blues e soul che faranno entrare il pubblico in un&#8217;atmosfera che unisce spiritualit\u00e0 e ritmo, sentimento religioso e gioia di vivere.<\/p>\n\n\n\n<p>Tornano in Italia dopo sette anni dal loro ultimo tour europeo con un concerto che mescola&nbsp;gospel, spiritual, blues e musica africana tradizionale&nbsp;per emozionarci con tutta l\u2019energia della loro musica. Il gruppo sar\u00e0 ospite d\u2019onore al concerto di Natale che verr\u00e0 trasmesso il prossimo 25 dicembre su Canale 5.<\/p>\n\n\n\n<p><strong>PROSSIMO APPUNTAMENTO<\/strong><\/p>\n\n\n\n<p><strong>Luned\u00ec 1 gennaio 2024 &nbsp;ore 17.30<\/strong><\/p>\n\n\n\n<p><strong>CONCERTO DI CAPODANNO<\/strong><\/p>\n\n\n\n<p><strong>&nbsp;<\/strong><strong>Orchestra Filarmonica di Odessa<\/strong><\/p>\n\n\n\n<p><em>direttore<\/em><strong>&nbsp;Hobart Earle<\/strong><\/p>\n\n\n\n<p><strong>&nbsp;&nbsp;&nbsp;&nbsp;&nbsp;&nbsp;&nbsp;&nbsp;&nbsp;&nbsp;&nbsp;&nbsp;&nbsp;&nbsp;&nbsp;&nbsp;&nbsp;&nbsp;&nbsp;&nbsp;&nbsp;&nbsp;&nbsp;&nbsp;&nbsp;&nbsp;&nbsp;&nbsp;&nbsp;&nbsp;&nbsp;&nbsp;&nbsp;&nbsp;&nbsp;&nbsp;&nbsp;&nbsp;&nbsp;&nbsp;&nbsp;&nbsp;&nbsp;&nbsp;&nbsp;&nbsp;&nbsp;&nbsp;&nbsp;&nbsp;&nbsp;&nbsp;&nbsp;&nbsp;&nbsp;&nbsp;&nbsp;&nbsp;&nbsp;&nbsp;&nbsp;&nbsp;&nbsp;&nbsp;&nbsp;&nbsp;&nbsp;&nbsp;&nbsp;&nbsp;&nbsp;&nbsp;&nbsp;&nbsp;&nbsp;&nbsp;&nbsp;&nbsp;&nbsp;&nbsp;&nbsp;&nbsp;&nbsp;&nbsp;&nbsp;&nbsp;&nbsp;&nbsp;&nbsp;&nbsp;&nbsp;&nbsp;&nbsp;&nbsp;&nbsp;&nbsp;&nbsp;&nbsp;&nbsp;&nbsp;&nbsp;&nbsp;&nbsp;&nbsp;&nbsp;&nbsp;&nbsp;&nbsp;&nbsp;&nbsp;&nbsp;&nbsp;&nbsp;&nbsp;&nbsp;&nbsp;&nbsp;&nbsp;&nbsp; &nbsp;&nbsp;&nbsp;&nbsp;&nbsp;&nbsp;&nbsp;&nbsp;&nbsp;&nbsp;&nbsp;&nbsp;&nbsp;&nbsp;&nbsp;&nbsp;&nbsp;&nbsp;&nbsp;&nbsp;&nbsp;&nbsp;&nbsp;&nbsp;&nbsp;&nbsp;&nbsp;&nbsp;&nbsp;&nbsp;&nbsp;&nbsp;<\/strong><strong>Biglietti: &nbsp;\u20ac&nbsp; 25-20-15<\/strong><\/p>\n\n\n\n<p><strong>Abbonamenti: \u20ac 200-160-60&nbsp; XCard \u20ac 60<\/strong><\/p>\n\n\n\n<p><strong>sottoscrizione 5Xmille Info:0864 212207<\/strong><\/p>\n\n\n\n<p>&nbsp;&nbsp;&nbsp;&nbsp;&nbsp;&nbsp;&nbsp;&nbsp;&nbsp;&nbsp;&nbsp;&nbsp;&nbsp;&nbsp;&nbsp;<a href=\"http:\/\/www.cameratamusicalesulmonese.it\/\" target=\"_blank\" rel=\"noreferrer noopener\"><strong>www.cameratamusicalesulmonese.it<\/strong><\/a>&nbsp;<\/p>\n\n\n\n<p><strong><em>Ufficio Stampa<\/em><\/strong><\/p>\n\n\n\n<p><strong><em>Fiorentina Galterio<\/em><\/strong><\/p>\n","protected":false},"excerpt":{"rendered":"<p>Camerata Musicale Stagione 2023 \u2013 2024 Direttore Artistico M\u00b0Gaetano Di Bacco &nbsp;CONCERTO DI NATALE Virginia State Gospel Choir direttore Perry [&hellip;]<\/p>\n","protected":false},"author":1,"featured_media":0,"comment_status":"open","ping_status":"open","sticky":false,"template":"","format":"standard","meta":{"footnotes":""},"categories":[10,46],"tags":[],"class_list":["post-48588","post","type-post","status-publish","format-standard","hentry","category-italiano","category-musica"],"_links":{"self":[{"href":"https:\/\/www.ecoitaliano.com.ar\/index.php?rest_route=\/wp\/v2\/posts\/48588","targetHints":{"allow":["GET"]}}],"collection":[{"href":"https:\/\/www.ecoitaliano.com.ar\/index.php?rest_route=\/wp\/v2\/posts"}],"about":[{"href":"https:\/\/www.ecoitaliano.com.ar\/index.php?rest_route=\/wp\/v2\/types\/post"}],"author":[{"embeddable":true,"href":"https:\/\/www.ecoitaliano.com.ar\/index.php?rest_route=\/wp\/v2\/users\/1"}],"replies":[{"embeddable":true,"href":"https:\/\/www.ecoitaliano.com.ar\/index.php?rest_route=%2Fwp%2Fv2%2Fcomments&post=48588"}],"version-history":[{"count":0,"href":"https:\/\/www.ecoitaliano.com.ar\/index.php?rest_route=\/wp\/v2\/posts\/48588\/revisions"}],"wp:attachment":[{"href":"https:\/\/www.ecoitaliano.com.ar\/index.php?rest_route=%2Fwp%2Fv2%2Fmedia&parent=48588"}],"wp:term":[{"taxonomy":"category","embeddable":true,"href":"https:\/\/www.ecoitaliano.com.ar\/index.php?rest_route=%2Fwp%2Fv2%2Fcategories&post=48588"},{"taxonomy":"post_tag","embeddable":true,"href":"https:\/\/www.ecoitaliano.com.ar\/index.php?rest_route=%2Fwp%2Fv2%2Ftags&post=48588"}],"curies":[{"name":"wp","href":"https:\/\/api.w.org\/{rel}","templated":true}]}}