{"id":51109,"date":"2024-02-15T17:26:23","date_gmt":"2024-02-15T17:26:23","guid":{"rendered":"https:\/\/www.ecoitaliano.com.ar\/?p=51109"},"modified":"2024-02-15T17:26:23","modified_gmt":"2024-02-15T17:26:23","slug":"orchestra-femminile-del-mediterraneo-direttore-antonella-de-angelis-violoncello-ettore-pagano-domenica-18-febbraio-teatro-caniglia-per-la-camerata-musicale-di-sulmona","status":"publish","type":"post","link":"https:\/\/www.ecoitaliano.com.ar\/?p=51109","title":{"rendered":"ORCHESTRA FEMMINILE DEL MEDITERRANEO direttore Antonella De Angelis &#8211; violoncello Ettore Pagano &#8211; domenica 18 febbraio -Teatro Caniglia per la Camerata Musicale di Sulmona"},"content":{"rendered":"\n<figure class=\"wp-block-gallery has-nested-images columns-default is-cropped wp-block-gallery-1 is-layout-flex wp-block-gallery-is-layout-flex\">\n<figure class=\"wp-block-image size-large\"><a href=\"https:\/\/www.ecoitaliano.com.ar\/wp-content\/uploads\/2024\/02\/De-Angelis.jpeg\"><img decoding=\"async\" width=\"682\" height=\"1024\" data-id=\"51111\" src=\"https:\/\/www.ecoitaliano.com.ar\/wp-content\/uploads\/2024\/02\/De-Angelis-682x1024.jpeg\" alt=\"\" class=\"wp-image-51111\" srcset=\"https:\/\/www.ecoitaliano.com.ar\/wp-content\/uploads\/2024\/02\/De-Angelis-682x1024.jpeg 682w, https:\/\/www.ecoitaliano.com.ar\/wp-content\/uploads\/2024\/02\/De-Angelis-200x300.jpeg 200w, https:\/\/www.ecoitaliano.com.ar\/wp-content\/uploads\/2024\/02\/De-Angelis-768x1152.jpeg 768w, https:\/\/www.ecoitaliano.com.ar\/wp-content\/uploads\/2024\/02\/De-Angelis-100x150.jpeg 100w, https:\/\/www.ecoitaliano.com.ar\/wp-content\/uploads\/2024\/02\/De-Angelis.jpeg 853w\" sizes=\"(max-width: 682px) 100vw, 682px\" \/><\/a><\/figure>\n<\/figure>\n\n\n\n<figure class=\"wp-block-image\"><img decoding=\"async\" src=\"https:\/\/mail.google.com\/mail\/u\/3?ui=2&amp;ik=a91c2962d6&amp;attid=0.0.2&amp;permmsgid=msg-f:1790986076357366554&amp;th=18dadc58eef3931a&amp;view=fimg&amp;fur=ip&amp;sz=s0-l75-ft&amp;attbid=ANGjdJ9UbNsI_sc-y_DQCJv8jBqocr_X6KD9L1EckwMlG57fG4uy2Gvlrql-VjCgdBFhxHg-T4gk4Q1z0Q0tI8IcKvNMZ3O_7OID82UoskTA2Gpef_EC9bCsyk902fM&amp;disp=emb&amp;realattid=ii_lsnh64gy7\" alt=\"Pagano (1).jpeg\"\/><\/figure>\n\n\n\n<p>Ettore Pagano&nbsp; violoncello<\/p>\n\n\n\n<figure class=\"wp-block-image\"><img decoding=\"async\" src=\"https:\/\/mail.google.com\/mail\/u\/3?ui=2&amp;ik=a91c2962d6&amp;attid=0.0.1&amp;permmsgid=msg-f:1790986076357366554&amp;th=18dadc58eef3931a&amp;view=fimg&amp;fur=ip&amp;sz=s0-l75-ft&amp;attbid=ANGjdJ_MdPl8k6ZbhCHKHI8-vr2gFjm3Ehn3iyxyDbd-cxr9cwlKaGjjCkkjNfP1ia-3ssIBs9Tps0MpmA4cNtMff_i4yiT4alUfwl-55NokUPkLtcgv4qCmUxOpNJE&amp;disp=emb&amp;realattid=ii_lsnh1tcl5\" alt=\"41535f50-5e14-471e-9676-b46cb152097c.jpg\"\/><\/figure>\n\n\n\n<p><strong>Camerata Musicale Stagione 2023 \u2013 2024<\/strong><\/p>\n\n\n\n<p><strong>Direttore Artistico M\u00b0Gaetano Di Bacco<\/strong><strong><em><\/em><\/strong><\/p>\n\n\n\n<p><strong><em>Compositori a confronto<\/em><\/strong><\/p>\n\n\n\n<p><strong>ORCHESTRA FEMMINILE DEL MEDITERRANEO<\/strong><\/p>\n\n\n\n<p><em>direttore<strong>&nbsp;Antonella De Angelis &#8211;&nbsp;<\/strong><\/em><em>violoncello<strong>&nbsp;Ettore Pagano<\/strong><\/em><strong><em><\/em><\/strong><\/p>\n\n\n\n<p><em>musiche di M.Martines, J.Haydn,G.Bacewicz, A.Part, G.Sollima &nbsp;<\/em><\/p>\n\n\n\n<p><strong>Teatro Comunale \u201cMaria Caniglia\u201d di &nbsp;Sulmona<\/strong><\/p>\n\n\n\n<p><strong>domenica 18 febbraio ore 17.30<\/strong><\/p>\n\n\n\n<p>Un\u2019orchestra tutta al femminile per il 17\u00b0 appuntamento della stagione della Camerata Musicale al Teatro \u201cCaniglia\u201d di Sulmona domenica 18 febbraio alle ore 17.30. L\u2019 Orchestra Femminile del Mediterraneo, diretta da Antonella De Angelis e con Ettore Pagano violoncello solista, &nbsp;presenta un programma che nasce dalla volont\u00e0 di divulgare un repertorio di genere che riguarda quelle compositrici di pregio, non ancora conosciute,&nbsp;&nbsp;affiancato ad&nbsp;un repertorio non solo di tradizione, ma anche innovativo, affinch\u00e9 dal confronto possa nascere una nuova consapevolezza culturale.&nbsp;Infatti in&nbsp;<em>\u201cCompositrici e compositori a confronto\u201d<\/em>, \u00e8 questo il titolo della serata, ad una composizione di Marianna Martines nata a Vienna nel 1744 (<em>Overture in Do maggiore),&nbsp;<\/em>si affiancher\u00e0 il &nbsp;<em>Concerto per violoncello n. 2<\/em>&nbsp;<em>in Re maggiore&nbsp;<\/em>dell\u2019 austriaco Joseph Haydn (1732),&nbsp; quindi al&nbsp;<em>Concerto per orchestra d&#8217;archi<\/em>&nbsp;composto nel 1948 dalla musicista polacca Grazyna Bacewicz morta a Varsavia nel 1969 seguir\u00e0 &nbsp;<em>Fratres<\/em>&nbsp; per violoncello, archi e percussioni (1977\/1995) di Arvo P\u00e4rt&nbsp;(Estonia 1935) e una composizione di Giovanni Sollima, musicista palermitano (1962) : da&nbsp;<em>Aquilarco 1 &nbsp;Preludio&nbsp;<\/em>per violoncello, archi e percussioni.<em>&nbsp;<\/em><\/p>\n\n\n\n<p>Questo&nbsp;progetto musicale &nbsp;dell\u2019OFM&nbsp;abbraccia pienamente alcuni obiettivi dell&#8217;Agenda 2030, un programma d&#8217;azione sottoscritto dall&#8217;ONU &#8230;&#8230;..&nbsp;<em>per la<\/em>&nbsp;<em>promozione dell&#8217;eguaglianza di genere e l&#8217;empowerment, ossia la forza, l&#8217;autostima, la consapevolezza, di<\/em>&nbsp;<em>tutte le donne, bambine e ragazze a tutti i livelli\u201d (Obiettivo<\/em><strong><em>&nbsp;5-5c).<\/em><\/strong><em><\/em><\/p>\n\n\n\n<p>L\u2019Orchestra Femminile del Mediterraneo, 20 elementi e un direttore,&nbsp;&nbsp;nasce come \u201cspazio privilegiato\u201d in cui&nbsp; artiste di varie nazionalit\u00e0 condividono l&#8217;arte divulgando obiettivi come&nbsp;<em>la Pace, la Cultura e l\u2019Educazione.&nbsp;<\/em>La scelta di richiamare il Mediterraneo \u00e8 dettata dal desiderio di sottolineare l&#8217;estrema diversit\u00e0 culturale del bacino in cui vi sono Paesi che ancora non riconoscono pari dignit\u00e0 alle donne e la possibilit\u00e0 di esprimere liberamente i propri talenti. L&#8217;orchestra si esibisce in prestigiose societ\u00e0 dei concerti, \u00e8 chiamata in grandi eventi e, oltre al repertorio classico, &nbsp;mette in atto particolari connubi musicali. Collabora con&nbsp; Danilo Rea, Alessandro Quarta, Domenico Nordio, il sopranista Angelo Giordano,&nbsp; Laura Marzadori (Primo violino di Spalla dell\u2019Orchestra del Teatro alla Scala di Milano),&nbsp; Ettore Pagano,&nbsp;Pervin Chakar&nbsp;<em>(Miglior voce della Turchia 2012).&nbsp;<\/em>L&#8217;OFM \u00e8 coinvolta in progetti musicali volti alla valorizzazione dell&#8217;arte e della cultura del Mediterraneo e a scopi umanitari. Impegnata costantemente nel sociale, l&#8217;OFM ha curato produzioni di teatro musicali innovative in cui l&#8217;orchestra incarna un vero e proprio soggetto teatrale, quali&nbsp;<em>\u00abAd Auschwitz c&#8217;era un&#8217;orchestra femminile\u00bb, \u00abRosamara-Storie di donne migranti\u00bb&nbsp;<\/em>e<em>&nbsp;\u00abSnaturate-Storie di donne in manicomio\u00bb<\/em>.<strong><\/strong><\/p>\n\n\n\n<p>Antonella De Angelis,&nbsp;fondatrice dell&#8217;OFM, considerata&nbsp;<em>\u201c&#8230;&#8230;&#8230;.fra i pi\u00f9&nbsp; interessanti direttori della sua generazione\u201d<\/em>&nbsp;dal M\u00b0Renzetti col quale ha studiato direzione d\u2019orchestra.&nbsp;Tra le poche direttrici donne italiane, si contraddistingue per il talento e&nbsp; l&#8217;originalit\u00e0; ha diretto numerose orchestre sinfoniche&nbsp; tra cui: Filarmonia Veneta,&nbsp;Orchestra Sinfonica di Pescara,&nbsp;Grande Orchestra Sinfonica P.J. Tchaikowsky,&nbsp;&nbsp;Orchestra Sinfonica di Pleven,&nbsp;Orchestra Benedetto Marcello, Sinfonica Abruzzese,&nbsp;Scarborough Philharmonic Orchestra di Toronto,&nbsp;Orchestra Rossini di Pesaro e l\u2019Orchestra Nazionale SGI, composta da musicisti di importanti istituzioni (La Scala, Royal Academy&nbsp;, l\u2019Accademia di Santa Cecilia,&nbsp;Orchestra Rai&nbsp;e l\u2019Opera di Roma). Nel 2012 a Roma&nbsp;ha diretto il Requiem di Mozart con il soprano Chiara Taigi e il mezzo soprano Anna Malavasi, davanti alle massime cariche del Governo. Insignita della Menzione di Merito da Lior Shambadal (Direttore stabile dei Berliner Symphoniker) per la direzione delle sinfonie di Beethoven, annovera numerosi riconoscimenti per il costante impegno artistico e sociale e il valore della condivisione interculturale. &nbsp;&nbsp;Dal 2019 \u00e8 Direttore Artistico degli Amici della Musica di Campobasso.<\/p>\n\n\n\n<p><strong>Ettore Pagano<\/strong>, ventenne, romano, inizia lo studio del violoncello a nove anni<strong>.&nbsp;<\/strong>Frequenta &nbsp;&nbsp;&nbsp;&nbsp;l\u2019Accademia Chigianasotto la guida di A.Meneses e D.Geringas, frequenta laPavia Cello Academy con Enrico Dindo e l\u2019Accademia W.Stauffer di Cremona. Laureatosi al Conservatorio di S.Cecilia a Roma, primo premio assoluto in oltre 40 concorsi nazionali e internazionali, nel 2017 ottiene dalla New York International Artist Association una borsa di studio e un concerto premio alla Carnegie Hall; nel 2019 Primo Premio al Concorso \u00abGiovani musicisti\u201d promosso dalla Filarmonica della Scala; nel 2020 Primo Premio al Concorso \u201cJ.Brahms\u201d di Portschach; il pi\u00f9 giovane dei finalisti del Concorso \u201cJanigro\u201d di Zagabria; vincitore all \u201cA.Kull Cello Competition\u201ddi Graz. Nel 2021 a Yerevan Primo Premio al Khachaturian Cello Competition. E\u2019 invitato a suonare in importanti recital internazionali (Parigi, Berlino, Amburgo, Halle, Kiel, Austria, Stati Uniti) e, come solista, con la Croatian Radiotelevision Symphony Orchestra, la Graz Philharmonic, la lituana Klaipeda Chamber Orchestra, la Young Musicians European Orchestra, l\u2019Armenian State Symphony Orchestra. Tra il 2022-23 \u00e8 invitato da prestigiose societ\u00e0 concertistiche italiane ed istituzioni orchestrali &nbsp;&nbsp;(Torino, Milano, Genova, Verona, Venezia, Trieste, Bologna, Ancona, Roma, Napoli, Palermo,Cagliari).<\/p>\n\n\n\n<p>Suona un Violoncello del Maestro Giorgio Grisales.<\/p>\n\n\n\n<p><em>programma<\/em><\/p>\n\n\n\n<p><strong>Marianna Martines<\/strong>&nbsp;(Vienna 1744 \u2013 Vienna 1812)<\/p>\n\n\n\n<p><em>Ouverture in Do magg per 2 oboi, 2 corni e archi<\/em><\/p>\n\n\n\n<p><em>Allegro con spirito &#8211; Andante ma non troppo &#8211; Allegro spiritoso<\/em><\/p>\n\n\n\n<p><strong>Joseph Haydn<\/strong>&nbsp;(Rohrau 1732 \u2013 Vienna 1809)<\/p>\n\n\n\n<p><em>Concerto per violoncello n. 2 in Re maggiore (1783)<\/em><\/p>\n\n\n\n<p><em>Allegro moderato &#8211; Adagio &#8211; Rondo. Allegro<\/em><\/p>\n\n\n\n<p><strong>Grazyna Bacewicz&nbsp;<\/strong>(1909 \u0141\u00f3d\u017a, Polonia &#8211; 1969 Varsavia)<\/p>\n\n\n\n<p><em>Concerto per orchestra d&#8217;archi (1948)<\/em><\/p>\n\n\n\n<p><em>Allegro &#8211; Andante &#8211; Vivo<\/em><\/p>\n\n\n\n<p><strong>Arvo P\u00e4rt<\/strong>&nbsp;(Paide, Estonia 1935)<\/p>\n\n\n\n<p><em>Fratres per violoncello, archi e percussioni (1977\/1995)<\/em><\/p>\n\n\n\n<p><strong>Giovanni Sollima<\/strong>&nbsp;(Palermo 1962)<\/p>\n\n\n\n<p><em>Aquilarco 1: Preludio per violoncello, archi e percussioni<\/em><\/p>\n\n\n\n<p><strong>PROSSIMO APPUNTAMENTO<\/strong><\/p>\n\n\n\n<p><strong>domenica 25 febbraio 2024 &nbsp;ore 17.30<\/strong><\/p>\n\n\n\n<p><strong>WIENER KLAVIERQUINTET<\/strong><\/p>\n\n\n\n<p><em>(Boccherini, Wolf-Ferrari, Schumann)<\/em><\/p>\n\n\n\n<p><strong>&nbsp;&nbsp;&nbsp;&nbsp;&nbsp;&nbsp;&nbsp;&nbsp;&nbsp;&nbsp;&nbsp;&nbsp;&nbsp;&nbsp;&nbsp;&nbsp;&nbsp;&nbsp;&nbsp;&nbsp;&nbsp;&nbsp;&nbsp;&nbsp;&nbsp;&nbsp;&nbsp;&nbsp;&nbsp;&nbsp;&nbsp;&nbsp; &nbsp;&nbsp;&nbsp;&nbsp;&nbsp;&nbsp;&nbsp;&nbsp;&nbsp;&nbsp;&nbsp;&nbsp;&nbsp;&nbsp;&nbsp;&nbsp;&nbsp;&nbsp;&nbsp;&nbsp;&nbsp;&nbsp;&nbsp;&nbsp;<\/strong>&nbsp;&nbsp;&nbsp;&nbsp;&nbsp;&nbsp;&nbsp;&nbsp;&nbsp;&nbsp;&nbsp;&nbsp;&nbsp;&nbsp;&nbsp;&nbsp;&nbsp;&nbsp;&nbsp;&nbsp;&nbsp;&nbsp;&nbsp;&nbsp;&nbsp;&nbsp;&nbsp;&nbsp;&nbsp;&nbsp;&nbsp;&nbsp;&nbsp;&nbsp;&nbsp;&nbsp;&nbsp;&nbsp;&nbsp;&nbsp;&nbsp;&nbsp;&nbsp;&nbsp;&nbsp;&nbsp;&nbsp;&nbsp;&nbsp;&nbsp;&nbsp;&nbsp;&nbsp;&nbsp;&nbsp;&nbsp;&nbsp;&nbsp;&nbsp;&nbsp;&nbsp;&nbsp;&nbsp;&nbsp;&nbsp;&nbsp;&nbsp;&nbsp;&nbsp;&nbsp;&nbsp;&nbsp;&nbsp;&nbsp;&nbsp;&nbsp;&nbsp;&nbsp;&nbsp;&nbsp;&nbsp;&nbsp;&nbsp;&nbsp;&nbsp;&nbsp;&nbsp;&nbsp;&nbsp; Biglietti:&nbsp; \u20ac&nbsp; 10<\/p>\n\n\n\n<p><strong>Abbonamenti: \u20ac 200-160<\/strong><\/p>\n\n\n\n<p><strong>sottoscrizione 5Xmille Info:0864 212207<\/strong><\/p>\n\n\n\n<p><strong><em>Ufficio Stampa Fiorentina Galterio<\/em><\/strong><\/p>\n","protected":false},"excerpt":{"rendered":"<p>Ettore Pagano&nbsp; violoncello Camerata Musicale Stagione 2023 \u2013 2024 Direttore Artistico M\u00b0Gaetano Di Bacco Compositori a confronto ORCHESTRA FEMMINILE DEL [&hellip;]<\/p>\n","protected":false},"author":1,"featured_media":0,"comment_status":"open","ping_status":"open","sticky":false,"template":"","format":"standard","meta":{"footnotes":""},"categories":[10,46],"tags":[],"class_list":["post-51109","post","type-post","status-publish","format-standard","hentry","category-italiano","category-musica"],"_links":{"self":[{"href":"https:\/\/www.ecoitaliano.com.ar\/index.php?rest_route=\/wp\/v2\/posts\/51109","targetHints":{"allow":["GET"]}}],"collection":[{"href":"https:\/\/www.ecoitaliano.com.ar\/index.php?rest_route=\/wp\/v2\/posts"}],"about":[{"href":"https:\/\/www.ecoitaliano.com.ar\/index.php?rest_route=\/wp\/v2\/types\/post"}],"author":[{"embeddable":true,"href":"https:\/\/www.ecoitaliano.com.ar\/index.php?rest_route=\/wp\/v2\/users\/1"}],"replies":[{"embeddable":true,"href":"https:\/\/www.ecoitaliano.com.ar\/index.php?rest_route=%2Fwp%2Fv2%2Fcomments&post=51109"}],"version-history":[{"count":0,"href":"https:\/\/www.ecoitaliano.com.ar\/index.php?rest_route=\/wp\/v2\/posts\/51109\/revisions"}],"wp:attachment":[{"href":"https:\/\/www.ecoitaliano.com.ar\/index.php?rest_route=%2Fwp%2Fv2%2Fmedia&parent=51109"}],"wp:term":[{"taxonomy":"category","embeddable":true,"href":"https:\/\/www.ecoitaliano.com.ar\/index.php?rest_route=%2Fwp%2Fv2%2Fcategories&post=51109"},{"taxonomy":"post_tag","embeddable":true,"href":"https:\/\/www.ecoitaliano.com.ar\/index.php?rest_route=%2Fwp%2Fv2%2Ftags&post=51109"}],"curies":[{"name":"wp","href":"https:\/\/api.w.org\/{rel}","templated":true}]}}