{"id":51545,"date":"2024-02-27T02:49:12","date_gmt":"2024-02-27T02:49:12","guid":{"rendered":"https:\/\/www.ecoitaliano.com.ar\/?p=51545"},"modified":"2024-02-27T02:49:12","modified_gmt":"2024-02-27T02:49:12","slug":"serena-conduce-operaclassica-eco-italiano-3135","status":"publish","type":"post","link":"https:\/\/www.ecoitaliano.com.ar\/?p=51545","title":{"rendered":"Serena conduce operaclassica eco italiano"},"content":{"rendered":"\n<figure class=\"wp-block-image size-large is-resized\"><a href=\"https:\/\/www.ecoitaliano.com.ar\/wp-content\/uploads\/2024\/02\/51d68bd3-4534-463d-b99e-77594db7488f-1.jpg\"><img decoding=\"async\" width=\"1024\" height=\"166\" src=\"https:\/\/www.ecoitaliano.com.ar\/wp-content\/uploads\/2024\/02\/51d68bd3-4534-463d-b99e-77594db7488f-1-1024x166.jpg\" alt=\"\" class=\"wp-image-51546\" style=\"width:404px;height:auto\" srcset=\"https:\/\/www.ecoitaliano.com.ar\/wp-content\/uploads\/2024\/02\/51d68bd3-4534-463d-b99e-77594db7488f-1-1024x166.jpg 1024w, https:\/\/www.ecoitaliano.com.ar\/wp-content\/uploads\/2024\/02\/51d68bd3-4534-463d-b99e-77594db7488f-1-300x48.jpg 300w, https:\/\/www.ecoitaliano.com.ar\/wp-content\/uploads\/2024\/02\/51d68bd3-4534-463d-b99e-77594db7488f-1-768x124.jpg 768w, https:\/\/www.ecoitaliano.com.ar\/wp-content\/uploads\/2024\/02\/51d68bd3-4534-463d-b99e-77594db7488f-1-150x24.jpg 150w, https:\/\/www.ecoitaliano.com.ar\/wp-content\/uploads\/2024\/02\/51d68bd3-4534-463d-b99e-77594db7488f-1.jpg 1058w\" sizes=\"(max-width: 1024px) 100vw, 1024px\" \/><\/a><\/figure>\n\n\n\n<figure class=\"wp-block-table\"><table><tbody><tr><td><strong>I Concerti<\/strong><\/td><\/tr><\/tbody><\/table><\/figure>\n\n\n\n<figure class=\"wp-block-table\"><table><tbody><tr><td><strong>Dovgan e Mozart<\/strong><\/td><\/tr><\/tbody><\/table><\/figure>\n\n\n\n<figure class=\"wp-block-gallery has-nested-images columns-default is-cropped wp-block-gallery-1 is-layout-flex wp-block-gallery-is-layout-flex\">\n<figure class=\"wp-block-image size-large\"><a href=\"https:\/\/www.ecoitaliano.com.ar\/wp-content\/uploads\/2024\/02\/f7ed0105-60de-081b-520c-314863bd4ba0.jpg\"><img decoding=\"async\" width=\"1024\" height=\"576\" data-id=\"51547\" src=\"https:\/\/www.ecoitaliano.com.ar\/wp-content\/uploads\/2024\/02\/f7ed0105-60de-081b-520c-314863bd4ba0-1024x576.jpg\" alt=\"\" class=\"wp-image-51547\" srcset=\"https:\/\/www.ecoitaliano.com.ar\/wp-content\/uploads\/2024\/02\/f7ed0105-60de-081b-520c-314863bd4ba0-1024x576.jpg 1024w, https:\/\/www.ecoitaliano.com.ar\/wp-content\/uploads\/2024\/02\/f7ed0105-60de-081b-520c-314863bd4ba0-300x169.jpg 300w, https:\/\/www.ecoitaliano.com.ar\/wp-content\/uploads\/2024\/02\/f7ed0105-60de-081b-520c-314863bd4ba0-768x432.jpg 768w, https:\/\/www.ecoitaliano.com.ar\/wp-content\/uploads\/2024\/02\/f7ed0105-60de-081b-520c-314863bd4ba0-1536x864.jpg 1536w, https:\/\/www.ecoitaliano.com.ar\/wp-content\/uploads\/2024\/02\/f7ed0105-60de-081b-520c-314863bd4ba0-150x84.jpg 150w, https:\/\/www.ecoitaliano.com.ar\/wp-content\/uploads\/2024\/02\/f7ed0105-60de-081b-520c-314863bd4ba0.jpg 1920w\" sizes=\"(max-width: 1024px) 100vw, 1024px\" \/><\/a><\/figure>\n<\/figure>\n\n\n\n<figure class=\"wp-block-table\"><table><tbody><tr><td><strong>Kammerorchester Basel<br>Jonathan Cohen<\/strong>, direttore<br><strong>Alexandra Dovgan<\/strong>, pianoforte<br><strong>Venerd\u00ec&nbsp;1 marzo, ore 20.30<\/strong>Alexandra Dovgan,&nbsp;la giovanissima pianista, debutt\u00f2 al LAC nel 2019 a soli dodici anni. Nonostante la giovane et\u00e0, Alexandra ha gi\u00e0 debuttato nelle pi\u00f9 prestigiose sale da concerto, dalla Philharmonie di Berlino al Th\u00e9\u00e2tre des ChampsElys\u00e9es di Parigi, dal Concertgebouw di Amsterdam alla Konzerthaus di Vienna. A Lugano la ritroviamo accompagnata dalla&nbsp;<strong>Kammerorchester Basel<\/strong>&nbsp;diretta da&nbsp;<strong>Jonathan Cohen<\/strong>, per un programma di concerti mozartiani di rara bellezza.<br><br><a href=\"https:\/\/luganomusica.us12.list-manage.com\/track\/click?u=ba50e788cbb3e28fa68b47026&amp;id=3001797d49&amp;e=1eee2fafa7\" target=\"_blank\" rel=\"noreferrer noopener\">Biglietti online<\/a><\/td><\/tr><\/tbody><\/table><\/figure>\n\n\n\n<figure class=\"wp-block-table\"><table><tbody><tr><td><\/td><\/tr><\/tbody><\/table><\/figure>\n\n\n\n<figure class=\"wp-block-table\"><table><tbody><tr><td><strong>Bach to Beatles<\/strong><\/td><\/tr><\/tbody><\/table><\/figure>\n\n\n\n<figure class=\"wp-block-gallery has-nested-images columns-default is-cropped wp-block-gallery-2 is-layout-flex wp-block-gallery-is-layout-flex\">\n<figure class=\"wp-block-image size-large\"><a href=\"https:\/\/www.ecoitaliano.com.ar\/wp-content\/uploads\/2024\/02\/a8431476-5407-246f-e95e-dcfb6a177fbb.jpg\"><img decoding=\"async\" width=\"1024\" height=\"576\" data-id=\"51548\" src=\"https:\/\/www.ecoitaliano.com.ar\/wp-content\/uploads\/2024\/02\/a8431476-5407-246f-e95e-dcfb6a177fbb-1024x576.jpg\" alt=\"\" class=\"wp-image-51548\" srcset=\"https:\/\/www.ecoitaliano.com.ar\/wp-content\/uploads\/2024\/02\/a8431476-5407-246f-e95e-dcfb6a177fbb-1024x576.jpg 1024w, https:\/\/www.ecoitaliano.com.ar\/wp-content\/uploads\/2024\/02\/a8431476-5407-246f-e95e-dcfb6a177fbb-300x169.jpg 300w, https:\/\/www.ecoitaliano.com.ar\/wp-content\/uploads\/2024\/02\/a8431476-5407-246f-e95e-dcfb6a177fbb-768x432.jpg 768w, https:\/\/www.ecoitaliano.com.ar\/wp-content\/uploads\/2024\/02\/a8431476-5407-246f-e95e-dcfb6a177fbb-1536x864.jpg 1536w, https:\/\/www.ecoitaliano.com.ar\/wp-content\/uploads\/2024\/02\/a8431476-5407-246f-e95e-dcfb6a177fbb-150x84.jpg 150w, https:\/\/www.ecoitaliano.com.ar\/wp-content\/uploads\/2024\/02\/a8431476-5407-246f-e95e-dcfb6a177fbb.jpg 1920w\" sizes=\"(max-width: 1024px) 100vw, 1024px\" \/><\/a><\/figure>\n<\/figure>\n\n\n\n<figure class=\"wp-block-table\"><table><tbody><tr><td><strong>Antonio Ballista<\/strong>, pianoforte<br><br><strong>Gioved\u00ec&nbsp;7 marzo, ore 20.30<\/strong><br><br>Pianista, clavicembalista e direttore d\u2019orchestra,&nbsp;<strong>Antonio Ballista&nbsp;<\/strong>domina un repertorio vastissimo, dalla classica al ragtime, della canzone italiana e americana al rock e alla musica da film.&nbsp;<br>In questo programma d\u00e0 prova di tutta la sua versatilit\u00e0, muovendosi tra le musiche di Johann Sebastian Bach, Paul McCartney, John Lennon e George Harrison sugli adattamenti pianistici di Ferruccio Busoni, Dinu Lipatti e Alessandro Lucchetti.<a href=\"https:\/\/luganomusica.us12.list-manage.com\/track\/click?u=ba50e788cbb3e28fa68b47026&amp;id=46eddd90cf&amp;e=1eee2fafa7\" target=\"_blank\" rel=\"noreferrer noopener\">Biglietti online<\/a><\/td><\/tr><\/tbody><\/table><\/figure>\n\n\n\n<figure class=\"wp-block-table\"><table><tbody><tr><td><\/td><\/tr><\/tbody><\/table><\/figure>\n\n\n\n<figure class=\"wp-block-table\"><table><tbody><tr><td><strong>La Passione secondo Giovanni<\/strong><\/td><\/tr><\/tbody><\/table><\/figure>\n\n\n\n<figure class=\"wp-block-gallery has-nested-images columns-default is-cropped wp-block-gallery-3 is-layout-flex wp-block-gallery-is-layout-flex\">\n<figure class=\"wp-block-image size-large\"><a href=\"https:\/\/www.ecoitaliano.com.ar\/wp-content\/uploads\/2024\/02\/6b903c67-489d-8b55-8b5f-5d68c536d443.jpg\"><img decoding=\"async\" width=\"1024\" height=\"535\" data-id=\"51549\" src=\"https:\/\/www.ecoitaliano.com.ar\/wp-content\/uploads\/2024\/02\/6b903c67-489d-8b55-8b5f-5d68c536d443-1024x535.jpg\" alt=\"\" class=\"wp-image-51549\" srcset=\"https:\/\/www.ecoitaliano.com.ar\/wp-content\/uploads\/2024\/02\/6b903c67-489d-8b55-8b5f-5d68c536d443-1024x535.jpg 1024w, https:\/\/www.ecoitaliano.com.ar\/wp-content\/uploads\/2024\/02\/6b903c67-489d-8b55-8b5f-5d68c536d443-300x157.jpg 300w, https:\/\/www.ecoitaliano.com.ar\/wp-content\/uploads\/2024\/02\/6b903c67-489d-8b55-8b5f-5d68c536d443-768x401.jpg 768w, https:\/\/www.ecoitaliano.com.ar\/wp-content\/uploads\/2024\/02\/6b903c67-489d-8b55-8b5f-5d68c536d443-150x78.jpg 150w, https:\/\/www.ecoitaliano.com.ar\/wp-content\/uploads\/2024\/02\/6b903c67-489d-8b55-8b5f-5d68c536d443.jpg 1200w\" sizes=\"(max-width: 1024px) 100vw, 1024px\" \/><\/a><\/figure>\n<\/figure>\n\n\n\n<figure class=\"wp-block-table\"><table><tbody><tr><td><strong>I Barocchisti<br>Coro della Radiotelevisione Svizzera<br>Diego Fasolis<\/strong>, direttore<br><strong>Solisti<\/strong><br><br><strong>Domenica 10 marzo, ore 17.00<\/strong><br><br>Il nuovo tassello del percorso dedicato ai grandi cicli barocchi si arricchisce di un ulteriore capolavoro di Johann Sebastian Bach, autore di cui&nbsp;<strong>Diego Fasolis<\/strong>&nbsp;\u00e8 riconosciuto tra i massimi interpreti attuali: la&nbsp;<em>Passione secondo Giovanni<\/em>.<a href=\"https:\/\/luganomusica.us12.list-manage.com\/track\/click?u=ba50e788cbb3e28fa68b47026&amp;id=75f8c49781&amp;e=1eee2fafa7\" target=\"_blank\" rel=\"noreferrer noopener\">Biglietti online<\/a><br><br><strong>Da non dimenticare m<\/strong><strong>ercoled\u00ec&nbsp;6 marzo, ore 18.30<\/strong><br><strong>Conferenze di Bach<\/strong><br><em>La Passione secondo Giovanni<\/em><br>Relatore Giuseppe Clericetti<br><a href=\"https:\/\/luganomusica.us12.list-manage.com\/track\/click?u=ba50e788cbb3e28fa68b47026&amp;id=36c478b0d6&amp;e=1eee2fafa7\" target=\"_blank\" rel=\"noreferrer noopener\">Riservazione online<\/a><\/td><\/tr><\/tbody><\/table><\/figure>\n\n\n\n<figure class=\"wp-block-table\"><table><tbody><tr><td><\/td><\/tr><\/tbody><\/table><\/figure>\n\n\n\n<figure class=\"wp-block-table\"><table><tbody><tr><td><strong>Il romantico con una profondit\u00e0 norvegese<\/strong><\/td><\/tr><\/tbody><\/table><\/figure>\n\n\n\n<figure class=\"wp-block-gallery has-nested-images columns-default is-cropped wp-block-gallery-4 is-layout-flex wp-block-gallery-is-layout-flex\">\n<figure class=\"wp-block-image size-large\"><a href=\"https:\/\/www.ecoitaliano.com.ar\/wp-content\/uploads\/2024\/02\/cefcb2cb-d190-9166-7a0b-e366764c74f6.jpg\"><img decoding=\"async\" width=\"1024\" height=\"576\" data-id=\"51550\" src=\"https:\/\/www.ecoitaliano.com.ar\/wp-content\/uploads\/2024\/02\/cefcb2cb-d190-9166-7a0b-e366764c74f6-1024x576.jpg\" alt=\"\" class=\"wp-image-51550\" srcset=\"https:\/\/www.ecoitaliano.com.ar\/wp-content\/uploads\/2024\/02\/cefcb2cb-d190-9166-7a0b-e366764c74f6-1024x576.jpg 1024w, https:\/\/www.ecoitaliano.com.ar\/wp-content\/uploads\/2024\/02\/cefcb2cb-d190-9166-7a0b-e366764c74f6-300x169.jpg 300w, https:\/\/www.ecoitaliano.com.ar\/wp-content\/uploads\/2024\/02\/cefcb2cb-d190-9166-7a0b-e366764c74f6-768x432.jpg 768w, https:\/\/www.ecoitaliano.com.ar\/wp-content\/uploads\/2024\/02\/cefcb2cb-d190-9166-7a0b-e366764c74f6-1536x864.jpg 1536w, https:\/\/www.ecoitaliano.com.ar\/wp-content\/uploads\/2024\/02\/cefcb2cb-d190-9166-7a0b-e366764c74f6-150x84.jpg 150w, https:\/\/www.ecoitaliano.com.ar\/wp-content\/uploads\/2024\/02\/cefcb2cb-d190-9166-7a0b-e366764c74f6.jpg 1920w\" sizes=\"(max-width: 1024px) 100vw, 1024px\" \/><\/a><\/figure>\n<\/figure>\n\n\n\n<figure class=\"wp-block-table\"><table><tbody><tr><td><strong>Leif Ove Andsnes<\/strong>, pianoforte<br><br><strong>Mercoled\u00ec&nbsp;13 marzo<br>ore 19.30 Presentazione concerto<br>ore 20.30 Concerto<\/strong>Andsnes spiega: \u00ab\u00c8 semplice: non ho altra scelta che fare musica. Amo cos\u00ec tanto la musica, \u00e8 cos\u00ec parte di me, che devo semplicemente suonare. La musica mi guida da dentro: una connessione fondamentale che sento di dover condividere con gli altri nei concerti. Non potrei immaginare un\u2019altra vita. Non so se la musica ci faccia diventare persone migliori. Ma forse la musica ci rende esseri umani un po\u2019 pi\u00f9 contenti e pi\u00f9 equilibrati\u00bb.<br><br>L&#8217;artista spiegher\u00e0 e parler\u00e0 del brano di Tveitt prima del concerto.<br><br>Programma:<br><strong>Schubert, Tveitt, Brahms<\/strong><br><br><a href=\"https:\/\/luganomusica.us12.list-manage.com\/track\/click?u=ba50e788cbb3e28fa68b47026&amp;id=81b698b991&amp;e=1eee2fafa7\" target=\"_blank\" rel=\"noreferrer noopener\">Biglietti online<\/a><\/td><\/tr><\/tbody><\/table><\/figure>\n\n\n\n<figure class=\"wp-block-table\"><table><tbody><tr><td><strong>Il suono del futuro!<\/strong><\/td><\/tr><\/tbody><\/table><\/figure>\n\n\n\n<figure class=\"wp-block-gallery has-nested-images columns-default is-cropped wp-block-gallery-5 is-layout-flex wp-block-gallery-is-layout-flex\">\n<figure class=\"wp-block-image size-large\"><a href=\"https:\/\/www.ecoitaliano.com.ar\/wp-content\/uploads\/2024\/02\/243fde82-7cf6-200a-8f83-6ef150ea309b.jpg\"><img decoding=\"async\" width=\"1024\" height=\"576\" data-id=\"51551\" src=\"https:\/\/www.ecoitaliano.com.ar\/wp-content\/uploads\/2024\/02\/243fde82-7cf6-200a-8f83-6ef150ea309b-1024x576.jpg\" alt=\"\" class=\"wp-image-51551\" srcset=\"https:\/\/www.ecoitaliano.com.ar\/wp-content\/uploads\/2024\/02\/243fde82-7cf6-200a-8f83-6ef150ea309b-1024x576.jpg 1024w, https:\/\/www.ecoitaliano.com.ar\/wp-content\/uploads\/2024\/02\/243fde82-7cf6-200a-8f83-6ef150ea309b-300x169.jpg 300w, https:\/\/www.ecoitaliano.com.ar\/wp-content\/uploads\/2024\/02\/243fde82-7cf6-200a-8f83-6ef150ea309b-768x432.jpg 768w, https:\/\/www.ecoitaliano.com.ar\/wp-content\/uploads\/2024\/02\/243fde82-7cf6-200a-8f83-6ef150ea309b-1536x864.jpg 1536w, https:\/\/www.ecoitaliano.com.ar\/wp-content\/uploads\/2024\/02\/243fde82-7cf6-200a-8f83-6ef150ea309b-150x84.jpg 150w, https:\/\/www.ecoitaliano.com.ar\/wp-content\/uploads\/2024\/02\/243fde82-7cf6-200a-8f83-6ef150ea309b.jpg 1920w\" sizes=\"(max-width: 1024px) 100vw, 1024px\" \/><\/a><\/figure>\n<\/figure>\n\n\n\n<figure class=\"wp-block-table\"><table><tbody><tr><td><strong>Superar Suisse<br>Orchestre di Lugano, Zurigo e Basiles<br>Carlo Taffuri, Pino Raduazzo e Laida Alberti<\/strong>, direttori<br><br><strong>Domenica 17 marzo, ore 17.00<\/strong>Per Superar, il tradizionale concerto al LAC \u00e8 sempre un\u2019importante occasione per far crescere tutti i suoi ragazzi e dar loro una possibilit\u00e0 di vivere grandi emozioni sul palco di un vero teatro, nel backstage e nelle prove di preparazione.<br><br>Pi\u00f9 di 150 ragazzi, provenienti dalle storiche sedi di Superar Suisse (Lugano, Basilea e Zurigo), si uniscono per dare vita a un momento, quello del concerto, molto intenso per la variet\u00e0 della proposta musicale e artistica.<br><br><a href=\"https:\/\/luganomusica.us12.list-manage.com\/track\/click?u=ba50e788cbb3e28fa68b47026&amp;id=f4c76f4c43&amp;e=1eee2fafa7\" target=\"_blank\" rel=\"noreferrer noopener\">Biglietti online<\/a><\/td><\/tr><\/tbody><\/table><\/figure>\n\n\n\n<figure class=\"wp-block-table\"><table><tbody><tr><td><\/td><\/tr><\/tbody><\/table><\/figure>\n\n\n\n<figure class=\"wp-block-table\"><table><tbody><tr><td><strong>La musica contemporanea<\/strong><\/td><\/tr><\/tbody><\/table><\/figure>\n\n\n\n<figure class=\"wp-block-gallery has-nested-images columns-default is-cropped wp-block-gallery-6 is-layout-flex wp-block-gallery-is-layout-flex\">\n<figure class=\"wp-block-image size-large\"><a href=\"https:\/\/www.ecoitaliano.com.ar\/wp-content\/uploads\/2024\/02\/8af05b8e-8c87-7915-0b72-11ff290ecb1a.jpg\"><img decoding=\"async\" width=\"1024\" height=\"576\" data-id=\"51552\" src=\"https:\/\/www.ecoitaliano.com.ar\/wp-content\/uploads\/2024\/02\/8af05b8e-8c87-7915-0b72-11ff290ecb1a-1024x576.jpg\" alt=\"\" class=\"wp-image-51552\" srcset=\"https:\/\/www.ecoitaliano.com.ar\/wp-content\/uploads\/2024\/02\/8af05b8e-8c87-7915-0b72-11ff290ecb1a-1024x576.jpg 1024w, https:\/\/www.ecoitaliano.com.ar\/wp-content\/uploads\/2024\/02\/8af05b8e-8c87-7915-0b72-11ff290ecb1a-300x169.jpg 300w, https:\/\/www.ecoitaliano.com.ar\/wp-content\/uploads\/2024\/02\/8af05b8e-8c87-7915-0b72-11ff290ecb1a-768x432.jpg 768w, https:\/\/www.ecoitaliano.com.ar\/wp-content\/uploads\/2024\/02\/8af05b8e-8c87-7915-0b72-11ff290ecb1a-1536x864.jpg 1536w, https:\/\/www.ecoitaliano.com.ar\/wp-content\/uploads\/2024\/02\/8af05b8e-8c87-7915-0b72-11ff290ecb1a-150x84.jpg 150w, https:\/\/www.ecoitaliano.com.ar\/wp-content\/uploads\/2024\/02\/8af05b8e-8c87-7915-0b72-11ff290ecb1a.jpg 1920w\" sizes=\"(max-width: 1024px) 100vw, 1024px\" \/><\/a><\/figure>\n<\/figure>\n\n\n\n<figure class=\"wp-block-table\"><table><tbody><tr><td><strong>Early Night Modern<\/strong><br><em>Last Dialogues<\/em><br><strong>Venerd\u00ec&nbsp;1 marzo, ore 19.00<\/strong><br><a href=\"https:\/\/luganomusica.us12.list-manage.com\/track\/click?u=ba50e788cbb3e28fa68b47026&amp;id=db180bb6b8&amp;e=1eee2fafa7\" target=\"_blank\" rel=\"noreferrer noopener\">Biglietti online<\/a><br><br><em>m.o.z.a.r.t<\/em><br><strong>Mercoled\u00ec&nbsp;12 giugno, ore 19.00<\/strong><br><a href=\"https:\/\/luganomusica.us12.list-manage.com\/track\/click?u=ba50e788cbb3e28fa68b47026&amp;id=8fe5fdbfe4&amp;e=1eee2fafa7\" target=\"_blank\" rel=\"noreferrer noopener\">Biglietti online<\/a><br><br><strong>EAR &#8211; Electro Acoustic Room<\/strong><br><em>Old school \/ new school<\/em><br><strong>Venerd\u00ec&nbsp;12 aprile, ore 18.30<\/strong><br><a href=\"https:\/\/luganomusica.us12.list-manage.com\/track\/click?u=ba50e788cbb3e28fa68b47026&amp;id=ecd8501650&amp;e=1eee2fafa7\" target=\"_blank\" rel=\"noreferrer noopener\">Biglietti online<\/a><br><br><em>Live electronic<\/em><br><strong>Venerd\u00ec 26&nbsp;aprile, ore 18.30<\/strong><br><a href=\"https:\/\/luganomusica.us12.list-manage.com\/track\/click?u=ba50e788cbb3e28fa68b47026&amp;id=31d156267d&amp;e=1eee2fafa7\" target=\"_blank\" rel=\"noreferrer noopener\">Biglietti online<\/a><\/td><\/tr><\/tbody><\/table><\/figure>\n\n\n\n<figure class=\"wp-block-table\"><table><tbody><tr><td><\/td><\/tr><\/tbody><\/table><\/figure>\n\n\n\n<figure class=\"wp-block-table\"><table><tbody><tr><td><strong>Le Conferenze su Bach e Beethoven<\/strong><\/td><\/tr><\/tbody><\/table><\/figure>\n\n\n\n<figure class=\"wp-block-gallery has-nested-images columns-default is-cropped wp-block-gallery-7 is-layout-flex wp-block-gallery-is-layout-flex\">\n<figure class=\"wp-block-image size-large\"><a href=\"https:\/\/www.ecoitaliano.com.ar\/wp-content\/uploads\/2024\/02\/427f62d3-a51c-3ce5-7f2f-4588f4740415-scaled.jpg\"><img decoding=\"async\" width=\"1024\" height=\"683\" data-id=\"51553\" src=\"https:\/\/www.ecoitaliano.com.ar\/wp-content\/uploads\/2024\/02\/427f62d3-a51c-3ce5-7f2f-4588f4740415-1024x683.jpg\" alt=\"\" class=\"wp-image-51553\" srcset=\"https:\/\/www.ecoitaliano.com.ar\/wp-content\/uploads\/2024\/02\/427f62d3-a51c-3ce5-7f2f-4588f4740415-1024x683.jpg 1024w, https:\/\/www.ecoitaliano.com.ar\/wp-content\/uploads\/2024\/02\/427f62d3-a51c-3ce5-7f2f-4588f4740415-300x200.jpg 300w, https:\/\/www.ecoitaliano.com.ar\/wp-content\/uploads\/2024\/02\/427f62d3-a51c-3ce5-7f2f-4588f4740415-768x512.jpg 768w, https:\/\/www.ecoitaliano.com.ar\/wp-content\/uploads\/2024\/02\/427f62d3-a51c-3ce5-7f2f-4588f4740415-1536x1024.jpg 1536w, https:\/\/www.ecoitaliano.com.ar\/wp-content\/uploads\/2024\/02\/427f62d3-a51c-3ce5-7f2f-4588f4740415-2048x1366.jpg 2048w, https:\/\/www.ecoitaliano.com.ar\/wp-content\/uploads\/2024\/02\/427f62d3-a51c-3ce5-7f2f-4588f4740415-150x100.jpg 150w\" sizes=\"(max-width: 1024px) 100vw, 1024px\" \/><\/a><\/figure>\n<\/figure>\n\n\n\n<p><strong>Conferenze su Bach<\/strong><br><em>La Passione secondo Giovanni<\/em><br><strong>Mercoled\u00ec&nbsp;6 marzo, ore 18.30<\/strong><br>Relatore Giuseppe Clericetti<br><a href=\"https:\/\/luganomusica.us12.list-manage.com\/track\/click?u=ba50e788cbb3e28fa68b47026&amp;id=dfb4623bce&amp;e=1eee2fafa7\" target=\"_blank\" rel=\"noreferrer noopener\">Riservazione online<\/a><\/p>\n\n\n\n<p><strong>Conferenze su Beethoven<\/strong><br><em>Beethoven e lo stile classico<\/em><br><strong>Mercoled\u00ec\u00a017 aprile, ore 18.30<\/strong><br>Relatore Fabio Sartorelli<br><a href=\"https:\/\/luganomusica.us12.list-manage.com\/track\/click?u=ba50e788cbb3e28fa68b47026&amp;id=a5db2201a2&amp;e=1eee2fafa7\" target=\"_blank\" rel=\"noreferrer noopener\">Riservazione online<\/a><\/p>\n\n\n\n<p>LuganoMusica<\/p>\n\n\n\n<p>Piazza Bernardino Luini 2<\/p>\n\n\n\n<p>Lugano&nbsp;6900<\/p>\n\n\n\n<p>Switzerland<\/p>\n","protected":false},"excerpt":{"rendered":"<p>I Concerti Dovgan e Mozart Kammerorchester BaselJonathan Cohen, direttoreAlexandra Dovgan, pianoforteVenerd\u00ec&nbsp;1 marzo, ore 20.30Alexandra Dovgan,&nbsp;la giovanissima pianista, debutt\u00f2 al LAC [&hellip;]<\/p>\n","protected":false},"author":1,"featured_media":0,"comment_status":"open","ping_status":"open","sticky":false,"template":"","format":"standard","meta":{"footnotes":""},"categories":[1],"tags":[],"class_list":["post-51545","post","type-post","status-publish","format-standard","hentry","category-sin-categoria"],"_links":{"self":[{"href":"https:\/\/www.ecoitaliano.com.ar\/index.php?rest_route=\/wp\/v2\/posts\/51545","targetHints":{"allow":["GET"]}}],"collection":[{"href":"https:\/\/www.ecoitaliano.com.ar\/index.php?rest_route=\/wp\/v2\/posts"}],"about":[{"href":"https:\/\/www.ecoitaliano.com.ar\/index.php?rest_route=\/wp\/v2\/types\/post"}],"author":[{"embeddable":true,"href":"https:\/\/www.ecoitaliano.com.ar\/index.php?rest_route=\/wp\/v2\/users\/1"}],"replies":[{"embeddable":true,"href":"https:\/\/www.ecoitaliano.com.ar\/index.php?rest_route=%2Fwp%2Fv2%2Fcomments&post=51545"}],"version-history":[{"count":0,"href":"https:\/\/www.ecoitaliano.com.ar\/index.php?rest_route=\/wp\/v2\/posts\/51545\/revisions"}],"wp:attachment":[{"href":"https:\/\/www.ecoitaliano.com.ar\/index.php?rest_route=%2Fwp%2Fv2%2Fmedia&parent=51545"}],"wp:term":[{"taxonomy":"category","embeddable":true,"href":"https:\/\/www.ecoitaliano.com.ar\/index.php?rest_route=%2Fwp%2Fv2%2Fcategories&post=51545"},{"taxonomy":"post_tag","embeddable":true,"href":"https:\/\/www.ecoitaliano.com.ar\/index.php?rest_route=%2Fwp%2Fv2%2Ftags&post=51545"}],"curies":[{"name":"wp","href":"https:\/\/api.w.org\/{rel}","templated":true}]}}