{"id":51757,"date":"2024-03-01T19:55:30","date_gmt":"2024-03-01T19:55:30","guid":{"rendered":"https:\/\/www.ecoitaliano.com.ar\/?p=51757"},"modified":"2024-03-02T11:57:56","modified_gmt":"2024-03-02T11:57:56","slug":"in-senato-il-7-marzo-il-premio-divinamente-donna-prima-edizione-nella-sala-zuccari-il-convegno-eccellenza-femminile-celebrando-le-donne-che-ispirano-e-la-prem","status":"publish","type":"post","link":"https:\/\/www.ecoitaliano.com.ar\/?p=51757","title":{"rendered":"IN SENATO, IL 7 MARZO, IL PREMIO \u201cDIVINAMENTE DONNA\u201d, PRIMA EDIZIONE &#8211; Nella Sala Zuccari il Convegno \u201cEccellenza Femminile: celebrando le Donne che ispirano\u201d e la premiazione"},"content":{"rendered":"\n<figure class=\"wp-block-gallery has-nested-images columns-default is-cropped wp-block-gallery-1 is-layout-flex wp-block-gallery-is-layout-flex\">\n<figure class=\"wp-block-image size-large\"><a href=\"https:\/\/www.ecoitaliano.com.ar\/wp-content\/uploads\/2024\/03\/7-marzo-Senato.jpg\"><img decoding=\"async\" width=\"724\" height=\"1024\" data-id=\"51758\" src=\"https:\/\/www.ecoitaliano.com.ar\/wp-content\/uploads\/2024\/03\/7-marzo-Senato-724x1024.jpg\" alt=\"\" class=\"wp-image-51758\" srcset=\"https:\/\/www.ecoitaliano.com.ar\/wp-content\/uploads\/2024\/03\/7-marzo-Senato-724x1024.jpg 724w, https:\/\/www.ecoitaliano.com.ar\/wp-content\/uploads\/2024\/03\/7-marzo-Senato-212x300.jpg 212w, https:\/\/www.ecoitaliano.com.ar\/wp-content\/uploads\/2024\/03\/7-marzo-Senato-768x1086.jpg 768w, https:\/\/www.ecoitaliano.com.ar\/wp-content\/uploads\/2024\/03\/7-marzo-Senato-1087x1536.jpg 1087w, https:\/\/www.ecoitaliano.com.ar\/wp-content\/uploads\/2024\/03\/7-marzo-Senato-106x150.jpg 106w, https:\/\/www.ecoitaliano.com.ar\/wp-content\/uploads\/2024\/03\/7-marzo-Senato.jpg 1132w\" sizes=\"(max-width: 724px) 100vw, 724px\" \/><\/a><\/figure>\n\n\n\n<figure class=\"wp-block-image size-large\"><a href=\"https:\/\/www.ecoitaliano.com.ar\/wp-content\/uploads\/2024\/03\/M.Pia-Turiello.jpg\"><img decoding=\"async\" width=\"349\" height=\"496\" data-id=\"51759\" src=\"https:\/\/www.ecoitaliano.com.ar\/wp-content\/uploads\/2024\/03\/M.Pia-Turiello.jpg\" alt=\"\" class=\"wp-image-51759\" srcset=\"https:\/\/www.ecoitaliano.com.ar\/wp-content\/uploads\/2024\/03\/M.Pia-Turiello.jpg 349w, https:\/\/www.ecoitaliano.com.ar\/wp-content\/uploads\/2024\/03\/M.Pia-Turiello-211x300.jpg 211w, https:\/\/www.ecoitaliano.com.ar\/wp-content\/uploads\/2024\/03\/M.Pia-Turiello-106x150.jpg 106w\" sizes=\"(max-width: 349px) 100vw, 349px\" \/><\/a><\/figure>\n\n\n\n<figure class=\"wp-block-image size-large\"><a href=\"https:\/\/www.ecoitaliano.com.ar\/wp-content\/uploads\/2024\/03\/Regina-Resta.jpg\"><img decoding=\"async\" width=\"715\" height=\"722\" data-id=\"51760\" src=\"https:\/\/www.ecoitaliano.com.ar\/wp-content\/uploads\/2024\/03\/Regina-Resta.jpg\" alt=\"\" class=\"wp-image-51760\" srcset=\"https:\/\/www.ecoitaliano.com.ar\/wp-content\/uploads\/2024\/03\/Regina-Resta.jpg 715w, https:\/\/www.ecoitaliano.com.ar\/wp-content\/uploads\/2024\/03\/Regina-Resta-297x300.jpg 297w, https:\/\/www.ecoitaliano.com.ar\/wp-content\/uploads\/2024\/03\/Regina-Resta-150x150.jpg 150w\" sizes=\"(max-width: 715px) 100vw, 715px\" \/><\/a><\/figure>\n<\/figure>\n\n\n\n<p>2 marzo 2024<\/p>\n\n\n\n<p><strong>IN SENATO, IL 7 MARZO, IL PREMIO \u201cDIVINAMENTE DONNA\u201d, PRIMA EDIZIONE<\/strong><\/p>\n\n\n\n<p><strong>Nella Sala Zuccari il Convegno \u201cEccellenza Femminile: celebrando le Donne che ispirano\u201d e la premiazione<\/strong><\/p>\n\n\n\n<p>di<strong> Goffredo Palmerini<\/strong><\/p>\n\n\n\n<p>ROMA \u2013 Si svolger\u00e0 in <strong>Senato<\/strong>, il <strong>7 marzo 2024<\/strong> dalle ore 9, la prima edizione del <strong>Premio DivinaMente Donna<\/strong>, cui \u00e8 stato dato il suggestivo titolo <em>\u201c<\/em><strong><em>Celebrando le Donne che Ispirano<\/em><\/strong><em>\u201d<\/em>. Sar\u00e0 la splendida <strong>Sala Zuccari<\/strong> di <strong>Palazzo Giustiniani<\/strong> ad ospitare l\u2019evento celebrativo dell\u2019Eccellenza Femminile, promosso ed organizzato dall\u2019Associazione internazionale <strong>VerbumlandiArt Aps<\/strong>, su idea e progetto della presidente <strong>Regina Resta<\/strong>, infaticabile operatrice culturale. Presidente onorario del Comitato di Giuria del Premio \u00e8 <strong>Marisa Manzini<\/strong>, sostituto Procuratore a Catanzaro, <strong>Regina Resta<\/strong> \u00e8 presidente del Premio, <strong>Maria Pia Turiello<\/strong> \u00e8 presidente della Giuria, composta da Christelle Ollandet, Hebe Munoz, Marisa Palazzone, Roberto Sciarrone, Sonia Fanuli, Stanislao Liberatore, Stefania Romito, Goffredo Palmerini.&nbsp;<\/p>\n\n\n\n<p>Obiettivo dell\u2019iniziativa \u00e8 quello di mettere in luce e dare riconoscimento al successo delle <strong>Donne <\/strong>nei vari campi di attivit\u00e0 e d\u2019impegno culturale, sociale e solidaristico, promuovendo nel contempo l\u2019uguaglianza di genere, ispirando le nuove generazioni e creando una rete di sostegno. La manifestazione, che riconosce il valore e l\u2019impegno delle donne nella societ\u00e0, completa degnamente nella sede istituzionale del <strong>Senato della Repubblica<\/strong> il ciclo di iniziative del <strong>Progetto <\/strong>\u201c<strong>DivinaMente Donna<\/strong>\u201d realizzate nel corso del 2023 in alcune citt\u00e0 italiane (Lecce, Rende-Cosenza, Firenze, Roma), affrontando le diverse tematiche di genere con incontri e convegni di sensibilizzazione e riflessione. All\u2019evento saranno presenti con i loro interventi i componenti del Senato accademico: Manfredi Potenti, Tilde Minasi, Mirella Cristina, Marisa Manzini, Francesco Lenoci, Maria Pia Turiello, Hafez Haidar, Pierfranco Bruni, Regina Resta, Ada Marseglia, Goffredo Palmerini e Stanislao Liberatore, che moderer\u00e0 i lavori del Convegno e presenter\u00e0 il Premio.&nbsp;<\/p>\n\n\n\n<p>I convegni, programmati, in collaborazione con il <strong>Senato accademico dell\u2019Associazione<\/strong>, hanno visto relatori i componenti dell\u2019organismo ed altre personalit\u00e0 del mondo scientifico e culturale. Infine, l\u2019associazione, per il progetto <strong>DivinaMente Donna<\/strong>, ha indetto un concorso letterario su tematiche di genere, che si concluder\u00e0 il 7 marzo prossimo con la cerimonia di premiazione dei vincitori delle varie sezioni, cos\u00ec come nella medesima cerimonia verranno insignite <strong>Personalit\u00e0 eccellenti<\/strong> nei diversi e rispettivi campi di impegno. Il \u201c<strong>Premio Eccellenza Femminile<\/strong>\u201d si propone di essere una piattaforma completa e inclusiva che non solo riconosce il successo delle donne, ma nel contempo contribuisce attivamente anche nel promuovere un cambiamento culturale verso una societ\u00e0 pi\u00f9 equa ed inclusiva. Scopi e contenuti del premio sono illustrati in dettaglio qui appresso.<\/p>\n\n\n\n<p><strong><em>Scopi del Premio<\/em><\/strong><\/p>\n\n\n\n<p>1. Riconoscere l\u2019Eccellenza: onorare donne straordinarie che hanno raggiunto livelli di eccellenza nelle loro rispettive discipline, contribuendo significativamente alla societ\u00e0.<\/p>\n\n\n\n<p>2. Promuovere l\u2019Uguaglianza di Genere: sensibilizzare e promuovere l\u2019uguaglianza di genere, dimostrando il valore delle donne in una vasta gamma di settori e ruoli.<\/p>\n\n\n\n<p>3. Ispirare Nuove Generazioni: creare modelli positivi che ispirino giovani donne a perseguire i propri sogni, sfidando stereotipi di genere e superando ostacoli.<\/p>\n\n\n\n<p>4. Costruire una Rete di Sostegno: favorire connessione e collaborazione tra donne eccellenti, creando una rete di sostegno che possa facilitare lo scambio di esperienze e risorse.<\/p>\n\n\n\n<p>5. Valorizzare la Diversit\u00e0: celebrare la diversit\u00e0 nelle realizzazioni delle donne, evidenziando il loro contributo nei diversi contesti culturali, sociali ed economici.<\/p>\n\n\n\n<p><strong><em>Contenuti del Premio<\/em><\/strong><\/p>\n\n\n\n<p>1. Categorie di Eccellenza: identificazione delle categorie, quali scienza e tecnologia, imprenditoria, arte e cultura, servizio sociale, istruzione, sport, cui assegnare il Premio;<\/p>\n\n\n\n<p>2. Procedura di Nomina e Selezione: un comitato di giuria, composto da esperti nelle varie categorie, valuta le candidature in base a criteri quali risultati, impatto e innovazione.<\/p>\n\n\n\n<p>3. Comunicazione e Visibilit\u00e0: creazione di una piattaforma online dedicata al progetto per condividere storie di successo; diverse strategie di comunicazione per la visibilit\u00e0 del premio.<\/p>\n\n\n\n<p>4. Coinvolgimento delle Comunit\u00e0 Locali: organizzazione di attivit\u00e0 collaterali, come workshop, seminari e mostre, per coinvolgere nelle comunit\u00e0 locali un pubblico sempre pi\u00f9 ampio.<\/p>\n\n\n\n<p>5. Risorse online: creazione di risorse online (articoli, video, interviste), per comunicare le storie delle vincitrici e fornire ispirazione a un pubblico globale.<\/p>\n\n\n\n<p>8. Feedback e Valutazione Continua: raccolta di feedback dai partecipanti, giurati e stakeholder per valutare l\u2019efficacia del premio e apportare miglioramenti.<\/p>\n\n\n\n<p>Sponsor ufficiale del Premio \u00e8&nbsp;<strong>Pioda Imaging<\/strong>, le opere scultorie per le Donne Eccellenti sono state realizzate dall&#8217;artista <strong>Patrizia Almonti<\/strong>, Media partner&nbsp;\u00e8 il magazine <strong>Future Italia<\/strong>. Qui di seguito le <strong>Personalit\u00e0<\/strong> insignite con il <strong>Premio d\u2019Eccellenza<\/strong> e i vincitori del <strong>Premio Letterario<\/strong>.<\/p>\n\n\n\n<p><strong>***<\/strong><\/p>\n\n\n\n<p><strong>PREMI PER CATEGORIE DI ECCELLENZA<\/strong><\/p>\n\n\n\n<p><strong><em>\u2013 Magistratura e Avvocatura&nbsp;<\/em><\/strong><\/p>\n\n\n\n<p><strong>FRANCESCA CERONI<\/strong> &#8211; Sostituto Procuratore generale della Cassazione<\/p>\n\n\n\n<p><strong>LUCIA SECCHI TARUGI <\/strong>&#8211; gi\u00e0 Presidente Ordine degli avvocati di Siena, Consigliere CNF<\/p>\n\n\n\n<p><strong><em>\u2013 Istruzione<\/em><\/strong><\/p>\n\n\n\n<p><strong>GIOVANNA SPATARI<\/strong> &#8211; Rettrice Universit\u00e0 degli Studi di Messina.<\/p>\n\n\n\n<p><strong>&nbsp;<\/strong><strong> <\/strong><strong><em>\u2013 Arte e Cultura<\/em><\/strong><\/p>\n\n\n\n<p><strong>ANNA VINCI <\/strong>&#8211; Scrittrice, autrice di <em>\u201cStoria di una passione politica\u201d<\/em>, libro su Tina Anselmi, prima donna nel Governo italiano (Ministra del Lavoro e della Previdenza sociale nel governo Andreotti III), prefazione di Dacia Maraini.<\/p>\n\n\n\n<p><strong><em>&nbsp;&nbsp; <\/em><\/strong><strong><em><\/em><\/strong><strong><em>\u2013 Imprenditoria<\/em><\/strong><\/p>\n\n\n\n<p><strong>CHIARA CORICELLI<\/strong> &#8211; Presidente societ\u00e0 Pietro Coricelli Spa.<\/p>\n\n\n\n<p><strong><em>\u2013 Giornalismo<\/em><\/strong><\/p>\n\n\n\n<p><strong>CLAUDIA CONTE<\/strong>, Conduttrice e opinionista Tv e attivista per i Diritti umani.<\/p>\n\n\n\n<p><strong>\u2013 Sport<\/strong><\/p>\n\n\n\n<p><strong>VIVIANA BOTTARO<\/strong> &#8211; karateka italiana, bronzo olimpico a Tokyo 2020, Cavaliere OMRI&nbsp;<\/p>\n\n\n\n<p><strong>PREMI SPECIALI D\u2019ECCELLENZA<\/strong><\/p>\n\n\n\n<p><strong>MARCELLA CAMELLINI<\/strong> &#8211; Dirigente medico dell\u2019Unit\u00e0 Operativa di Cardiologia ospedale di Sassuolo, coordinatrice del training Site AHA, responsabile Progetto Salute&amp;formazione.<\/p>\n\n\n\n<p><strong>NICO SPUNTONI<\/strong> &#8211; Giornalista, vaticanista.<\/p>\n\n\n\n<p><strong>ASSOCIAZIONE 6LIBERA<\/strong> &#8211; ritira il premio la Presidente <strong>Dhebora Mirabelli.<\/strong><\/p>\n\n\n\n<p><strong>ASSOCIAZIONE PROGETTO ANGELI<\/strong> &#8211; ritira il premio la Presidente <strong>Aida Abdullaeva<\/strong>.<\/p>\n\n\n\n<p><strong>PREMI CONCORSO LETTERARIO<\/strong><\/p>\n\n\n\n<p><em>SEZIONE&nbsp;POESIA&nbsp;<\/em><strong><em>&nbsp;&nbsp;<\/em><\/strong><\/p>\n\n\n\n<p>1\u00b0 <strong>ALBA ROSARIA CONTINO<\/strong> &#8211; <em>Pianti a Birkenau<\/em>&nbsp;<\/p>\n\n\n\n<p>2\u00b0 <strong>LUISA DI FRANCESCO<\/strong> &#8211; <em>In un giorno qualunque; <\/em>ex aequo <strong>LAURA FICCO<\/strong> \u2013 <em>Donne di Kabul<\/em>&nbsp;<\/p>\n\n\n\n<p>3\u00b0<strong>&nbsp;DONATELLA NARDIN<\/strong> &#8211; <em>I veli in rivolta<\/em>; ex aequo <strong>STEFANIA DI LEO<\/strong> &#8211; <em>A tutte le donne libere<\/em><\/p>\n\n\n\n<p><em>SEZIONE<\/em><strong><em> <\/em><\/strong><em>SAGGISTICA &nbsp;<\/em><\/p>\n\n\n\n<p>1\u00b0 <strong>ANNA MARIA LOMBARDI<\/strong> &#8211; <em>La relazione, \u00e8 possibile migliorarla?<\/em><\/p>\n\n\n\n<p>2\u00b0 <strong>FIORELLA FRANCHINI<\/strong> &#8211; <em>Gli angeli del focolare, percorsi di riscatto dell\u2019economia domestica&nbsp;<\/em><\/p>\n\n\n\n<p>3\u00b0 <strong>PAOLA CECCHINI<\/strong> &#8211; <em>Un\u2019analisi approfondita del ruolo delle donne nella societ\u00e0 contemporanea<\/em><\/p>\n\n\n\n<p><em>SEZIONE&nbsp;LIBRI&nbsp;SAGGISTICA<\/em><\/p>\n\n\n\n<p>1\u00b0 <strong>PAOLO MIGGIANO<\/strong> &#8211; <em>C\u2019\u00e8 ancora tempo<\/em> (Terra Somnia Editore)<\/p>\n\n\n\n<p>2\u00b0 <strong>GIOVANNI TERESI<\/strong> &#8211; <em>Amore, passione e odio<\/em> (GEDI Gruppo Editoriale Spa)<\/p>\n\n\n\n<p>3\u00b0 <strong>ANTONELLA DEMOLA<\/strong> &#8211; <em>Educare fa bene alla salute<\/em> (Giacovelli Editore)<\/p>\n\n\n\n<p><em>PREMIO SPECIALE SAGGISTICA&nbsp;&nbsp;&nbsp;&nbsp;&nbsp;&nbsp;&nbsp;&nbsp;&nbsp;&nbsp;&nbsp;&nbsp;&nbsp;&nbsp;&nbsp;&nbsp;&nbsp;&nbsp;&nbsp;<\/em><\/p>\n\n\n\n<p><strong>GABRIELLA CINTI<\/strong> \u2013 <em>Il canto di Saffo<\/em> (Moretti&amp;Vitali Editore)<\/p>\n\n\n\n<p><em>SEZIONE&nbsp;LIBRI&nbsp;NARRATIVA<\/em><\/p>\n\n\n\n<p>1\u00b0 <strong>LOLITA RINFORZI<\/strong> &#8211; <em>Un passo dall\u2019inferno<\/em>&nbsp;(Albatros Editore)<\/p>\n\n\n\n<p>2\u00b0 <strong>MANUELA MAGI<\/strong> &#8211; <em>Nel vicolo stretto<\/em> (Temperatura Edizioni)<\/p>\n\n\n\n<p>3\u00b0 <strong>SERENELLA MARIA SIRIACO<\/strong> \u2013 <em>La donna e il giudice<\/em> (Oceano Edizioni)<\/p>\n\n\n\n<p><em>PREMIO SPECIALE NARRATIVA<\/em><\/p>\n\n\n\n<p><strong>VENERANDA BASILE<\/strong> &#8211; <em>Oltre l\u2019orizzonte ferito<\/em> (Media&amp;Books Editore)<\/p>\n\n\n\n<p><strong>SERAFINA LA MARCA<\/strong> &#8211; <em>La bambola venuta da lontano<\/em> (SelfPublishing Vincente)<\/p>\n\n\n\n<p><em>PREMIO SPECIALE RESILIENZA RADIANTE<\/em><\/p>\n\n\n\n<p><strong>PINA PALERMO<\/strong> &#8211; <em>E venni dall\u2019est con addosso un cappotto di astrakan <\/em>(Pioda Editore)<\/p>\n\n\n\n<p><em>SEZIONE&nbsp;VIDEO POESIA<\/em><\/p>\n\n\n\n<p>1\u00b0 <strong>GRAZIELLA EPIFANIA CAMPAGNA<\/strong> &#8211; <em>Ali spezzate<\/em>&nbsp;(voce Rodolfo Lettore, video Paolo Carriere)<\/p>\n\n\n\n<p>2\u00b0 <strong>LUCIA LO BIANCO<\/strong>&nbsp;&#8211; <em>Carne nuda<\/em>&nbsp;(voce Rodolfo Lettore, video Franco Antonio Loiacono)<\/p>\n\n\n\n<p>3\u00b0 <strong>GIUSEPPE MILELLA<\/strong> &#8211; <em>Semplicemente una donna<\/em> &nbsp;<\/p>\n\n\n\n<p><em>PREMIO SPECIALE VIDEOPOESIA<\/em><\/p>\n\n\n\n<p><strong>LUCIANO MANFREDI<\/strong>&nbsp;\u2013 <em>Tacco 6<\/em> (voce Giuliano Zingone)<\/p>\n\n\n\n<p><strong>AUTORI STRANIERI<\/strong><\/p>\n\n\n\n<p><em>SEZIONE LIBRI<\/em><\/p>\n\n\n\n<p>1\u00b0 <strong>ARJAN KALL\u00c7O<\/strong> &#8211; <em>Bookshop Caf\u00e9, storie di vita &#8211; <\/em>a cura di <strong>Elisabetta Bagli<\/strong><\/p>\n\n\n\n<p>2\u00b0<strong>JETON KELMENDI<\/strong> &#8211; <em>Quando dormono i risvegli<\/em> \u2013 traduzione di <strong>Anila Dahriu<\/strong> (Pace Edizioni)<\/p>\n\n\n\n<p><em>POESIA<\/em><\/p>\n\n\n\n<p><strong>VERONICA PAREDES<\/strong> &#8211; <em>Dalle labbra di Beatrice<\/em><\/p>\n\n\n\n<p><em>SAGGIO<\/em><\/p>\n\n\n\n<p>1\u00b0 <strong>GORDANA SARIC<\/strong><\/p>\n\n\n\n<p>2\u00b0 <strong>MUBERA \u0160ABANOVI\u0106<\/strong><\/p>\n\n\n\n<p><em>PREMI SPECIALI ALLA CULTURA &#8211; SERBIA<\/em><\/p>\n\n\n\n<p><strong>IVANA A\u0160ANIN<\/strong>&nbsp;<\/p>\n\n\n\n<p><strong>ZORAN JOVICIC<\/strong>&nbsp;<\/p>\n","protected":false},"excerpt":{"rendered":"<p>2 marzo 2024 IN SENATO, IL 7 MARZO, IL PREMIO \u201cDIVINAMENTE DONNA\u201d, PRIMA EDIZIONE Nella Sala Zuccari il Convegno \u201cEccellenza [&hellip;]<\/p>\n","protected":false},"author":1,"featured_media":0,"comment_status":"open","ping_status":"open","sticky":false,"template":"","format":"standard","meta":{"footnotes":""},"categories":[2,10],"tags":[],"class_list":["post-51757","post","type-post","status-publish","format-standard","hentry","category-informacion","category-italiano"],"_links":{"self":[{"href":"https:\/\/www.ecoitaliano.com.ar\/index.php?rest_route=\/wp\/v2\/posts\/51757","targetHints":{"allow":["GET"]}}],"collection":[{"href":"https:\/\/www.ecoitaliano.com.ar\/index.php?rest_route=\/wp\/v2\/posts"}],"about":[{"href":"https:\/\/www.ecoitaliano.com.ar\/index.php?rest_route=\/wp\/v2\/types\/post"}],"author":[{"embeddable":true,"href":"https:\/\/www.ecoitaliano.com.ar\/index.php?rest_route=\/wp\/v2\/users\/1"}],"replies":[{"embeddable":true,"href":"https:\/\/www.ecoitaliano.com.ar\/index.php?rest_route=%2Fwp%2Fv2%2Fcomments&post=51757"}],"version-history":[{"count":0,"href":"https:\/\/www.ecoitaliano.com.ar\/index.php?rest_route=\/wp\/v2\/posts\/51757\/revisions"}],"wp:attachment":[{"href":"https:\/\/www.ecoitaliano.com.ar\/index.php?rest_route=%2Fwp%2Fv2%2Fmedia&parent=51757"}],"wp:term":[{"taxonomy":"category","embeddable":true,"href":"https:\/\/www.ecoitaliano.com.ar\/index.php?rest_route=%2Fwp%2Fv2%2Fcategories&post=51757"},{"taxonomy":"post_tag","embeddable":true,"href":"https:\/\/www.ecoitaliano.com.ar\/index.php?rest_route=%2Fwp%2Fv2%2Ftags&post=51757"}],"curies":[{"name":"wp","href":"https:\/\/api.w.org\/{rel}","templated":true}]}}