{"id":51928,"date":"2024-03-05T22:46:55","date_gmt":"2024-03-05T22:46:55","guid":{"rendered":"https:\/\/www.ecoitaliano.com.ar\/?p=51928"},"modified":"2024-03-05T22:46:55","modified_gmt":"2024-03-05T22:46:55","slug":"serena-conduce-operaclassica-eco-italiano-3152","status":"publish","type":"post","link":"https:\/\/www.ecoitaliano.com.ar\/?p=51928","title":{"rendered":"Serena conduce operaclassica eco italiano"},"content":{"rendered":"\n<figure class=\"wp-block-image size-large is-resized\"><a href=\"http:\/\/www.ecoitaliano.com.ar\/wp-content\/uploads\/2024\/02\/51d68bd3-4534-463d-b99e-77594db7488f-1.jpg\"><img decoding=\"async\" width=\"1024\" height=\"166\" src=\"http:\/\/www.ecoitaliano.com.ar\/wp-content\/uploads\/2024\/02\/51d68bd3-4534-463d-b99e-77594db7488f-1-1024x166.jpg\" alt=\"\" class=\"wp-image-51546\" style=\"width:494px;height:auto\" srcset=\"https:\/\/www.ecoitaliano.com.ar\/wp-content\/uploads\/2024\/02\/51d68bd3-4534-463d-b99e-77594db7488f-1-1024x166.jpg 1024w, https:\/\/www.ecoitaliano.com.ar\/wp-content\/uploads\/2024\/02\/51d68bd3-4534-463d-b99e-77594db7488f-1-300x48.jpg 300w, https:\/\/www.ecoitaliano.com.ar\/wp-content\/uploads\/2024\/02\/51d68bd3-4534-463d-b99e-77594db7488f-1-768x124.jpg 768w, https:\/\/www.ecoitaliano.com.ar\/wp-content\/uploads\/2024\/02\/51d68bd3-4534-463d-b99e-77594db7488f-1-150x24.jpg 150w, https:\/\/www.ecoitaliano.com.ar\/wp-content\/uploads\/2024\/02\/51d68bd3-4534-463d-b99e-77594db7488f-1.jpg 1058w\" sizes=\"(max-width: 1024px) 100vw, 1024px\" \/><\/a><\/figure>\n\n\n\n<p>COMUNICATO STAMPA<\/p>\n\n\n\n<p><strong>Un altro tassello nel percorso Barocco al LAC:<em> La Passione secondo Giovanni<\/em> di Bach con Diego Fasolis<\/strong><strong><\/strong><\/p>\n\n\n\n<p>Il nuovo appuntamento della Stagione di LuganoMusica, <strong>domenica 10 marzo alle ore 17.00<\/strong>, \u00e8 con la <strong><em>Passione secondo Giovanni<\/em><\/strong> di <strong>Johann Sebastian Bach<\/strong>: uno dei capolavori pi\u00f9 leggendari della storia della musica affidato alla sapiente interpretazione di Diego Fasolis, alla testa dei suoi <strong>Barocchisti<\/strong> e del <strong>Coro della Radiotelevisione svizzera<\/strong>.<\/p>\n\n\n\n<p>I Barocchisti e Diego Fasolis&nbsp;hanno ormai abituato il pubblico di Lugano ad esperienze di altissimo valore culturale, sia per l\u2019importanza delle opere proposte sia per la qualit\u00e0 dell\u2019esecuzione. L\u2019attenzione e la cura verso la musica di Bach li ha portati in questi anni ad eseguire per LuganoMusica tutte le sue opere monumentali: al percorso di ascolto che ha incluso l\u2019Oratorio di Natale, la Messa in si minore, l\u2019Arte della fuga si aggiunge un ulteriore esperienza: la&nbsp;<em>Passione secondo Giovanni<\/em>.<\/p>\n\n\n\n<p>In questa partitura sacra la musica \u00e8 articolata e generosa di emozioni, con una scrittura corale particolarmente notevole in cui trionfa la combinazione di armonie complesse e architetture contrappuntistiche, per un risultato sonoro unico ed espressivo. La&nbsp;<em>Passione secondo Giovanni<\/em>&nbsp;si caratterizza anche per la profondit\u00e0 emotiva, in quanto affronta la storia della passione e morte di Ges\u00f9 secondo il Vangelo di Giovanni: Bach riesce a catturare in modo straordinario l&#8217;intensit\u00e0 e il dramma del racconto, creando un&#8217;atmosfera di profonda commozione.<\/p>\n\n\n\n<p>Le varie arie, corali e recitativi riflettono un\u2019ampia gamma di sentimenti, dalla tristezza all&#8217;angoscia, dalla devozione alla speranza. Per tutto questo, il capolavoro bachiano ribadisce ancora una volta la profondit\u00e0 spirituale dell\u2019autore: attraverso la musica, Bach ha sempre voluto trasmettere un senso di trascendenza e di connessione con il divino, in un senso non esclusivamente religioso ma profondamente umano.<\/p>\n\n\n\n<p><strong>Programma<\/strong><\/p>\n\n\n\n<p><strong>Domenica 10 marzo ore 17.00, <\/strong>LAC &#8211; Sala Teatro<strong><\/strong><\/p>\n\n\n\n<p><strong>I Barocchisti<\/strong><\/p>\n\n\n\n<p><strong>Coro della Radiotelevisione svizzera<\/strong><\/p>\n\n\n\n<p><strong>Diego Fasolis<\/strong>, direttore<strong><\/strong><\/p>\n\n\n\n<p>Solisti<\/p>\n\n\n\n<p><strong>Johann Sebastian Bach<\/strong><\/p>\n\n\n\n<p><em>Passione secondo Giovanni<\/em><\/p>\n\n\n\n<p><strong>Biglietteria<\/strong><\/p>\n\n\n\n<p>Orari biglietteria LAC:<br>marted\u00ec-domenica: 10.00\u201318.00<br>Vendita telefonica marted\u00ec-domenica 12.00-18.00. Tel. +41 58 866 42 22<\/p>\n\n\n\n<p>Informazioni generali: +41 58 866 42 85, <a href=\"mailto:info@luganomusica.ch\">info@luganomusica.ch<\/a><\/p>\n\n\n\n<p>Informazioni:<br>Diana Ivanisevic<br><em>Comunicazione e stampa<\/em><br>+41 58 866 42 89<br><a href=\"mailto:diana.ivanisevic@luganomusica.ch\">diana.ivanisevic@luganomusica.ch<\/a><\/p>\n\n\n\n<figure class=\"wp-block-gallery has-nested-images columns-default is-cropped wp-block-gallery-1 is-layout-flex wp-block-gallery-is-layout-flex\">\n<figure class=\"wp-block-image size-large\"><a href=\"https:\/\/www.ecoitaliano.com.ar\/wp-content\/uploads\/2024\/03\/Sito_2024_03_10_O_Barocchisti_Fasolis_1920x1080px2.jpg\"><img decoding=\"async\" width=\"1024\" height=\"576\" data-id=\"51929\" src=\"https:\/\/www.ecoitaliano.com.ar\/wp-content\/uploads\/2024\/03\/Sito_2024_03_10_O_Barocchisti_Fasolis_1920x1080px2-1024x576.jpg\" alt=\"\" class=\"wp-image-51929\" srcset=\"https:\/\/www.ecoitaliano.com.ar\/wp-content\/uploads\/2024\/03\/Sito_2024_03_10_O_Barocchisti_Fasolis_1920x1080px2-1024x576.jpg 1024w, https:\/\/www.ecoitaliano.com.ar\/wp-content\/uploads\/2024\/03\/Sito_2024_03_10_O_Barocchisti_Fasolis_1920x1080px2-300x169.jpg 300w, https:\/\/www.ecoitaliano.com.ar\/wp-content\/uploads\/2024\/03\/Sito_2024_03_10_O_Barocchisti_Fasolis_1920x1080px2-768x432.jpg 768w, https:\/\/www.ecoitaliano.com.ar\/wp-content\/uploads\/2024\/03\/Sito_2024_03_10_O_Barocchisti_Fasolis_1920x1080px2-1536x864.jpg 1536w, https:\/\/www.ecoitaliano.com.ar\/wp-content\/uploads\/2024\/03\/Sito_2024_03_10_O_Barocchisti_Fasolis_1920x1080px2-150x84.jpg 150w, https:\/\/www.ecoitaliano.com.ar\/wp-content\/uploads\/2024\/03\/Sito_2024_03_10_O_Barocchisti_Fasolis_1920x1080px2.jpg 1920w\" sizes=\"(max-width: 1024px) 100vw, 1024px\" \/><\/a><\/figure>\n<\/figure>\n","protected":false},"excerpt":{"rendered":"<p>COMUNICATO STAMPA Un altro tassello nel percorso Barocco al LAC: La Passione secondo Giovanni di Bach con Diego Fasolis Il [&hellip;]<\/p>\n","protected":false},"author":1,"featured_media":0,"comment_status":"open","ping_status":"open","sticky":false,"template":"","format":"standard","meta":{"footnotes":""},"categories":[1],"tags":[],"class_list":["post-51928","post","type-post","status-publish","format-standard","hentry","category-sin-categoria"],"_links":{"self":[{"href":"https:\/\/www.ecoitaliano.com.ar\/index.php?rest_route=\/wp\/v2\/posts\/51928","targetHints":{"allow":["GET"]}}],"collection":[{"href":"https:\/\/www.ecoitaliano.com.ar\/index.php?rest_route=\/wp\/v2\/posts"}],"about":[{"href":"https:\/\/www.ecoitaliano.com.ar\/index.php?rest_route=\/wp\/v2\/types\/post"}],"author":[{"embeddable":true,"href":"https:\/\/www.ecoitaliano.com.ar\/index.php?rest_route=\/wp\/v2\/users\/1"}],"replies":[{"embeddable":true,"href":"https:\/\/www.ecoitaliano.com.ar\/index.php?rest_route=%2Fwp%2Fv2%2Fcomments&post=51928"}],"version-history":[{"count":0,"href":"https:\/\/www.ecoitaliano.com.ar\/index.php?rest_route=\/wp\/v2\/posts\/51928\/revisions"}],"wp:attachment":[{"href":"https:\/\/www.ecoitaliano.com.ar\/index.php?rest_route=%2Fwp%2Fv2%2Fmedia&parent=51928"}],"wp:term":[{"taxonomy":"category","embeddable":true,"href":"https:\/\/www.ecoitaliano.com.ar\/index.php?rest_route=%2Fwp%2Fv2%2Fcategories&post=51928"},{"taxonomy":"post_tag","embeddable":true,"href":"https:\/\/www.ecoitaliano.com.ar\/index.php?rest_route=%2Fwp%2Fv2%2Ftags&post=51928"}],"curies":[{"name":"wp","href":"https:\/\/api.w.org\/{rel}","templated":true}]}}