{"id":52215,"date":"2024-03-11T08:13:26","date_gmt":"2024-03-11T08:13:26","guid":{"rendered":"https:\/\/www.ecoitaliano.com.ar\/?p=52215"},"modified":"2024-03-11T08:13:26","modified_gmt":"2024-03-11T08:13:26","slug":"basile-contemporary-inaugura-trialogo-con-matteo-basile-danilo-bucchi-e-paolo-grassino-a-cura-di-gianluca-marziani-dal-23-marzo-all11-maggio-2024-roma-via-di-parione-10","status":"publish","type":"post","link":"https:\/\/www.ecoitaliano.com.ar\/?p=52215","title":{"rendered":"Basile Contemporary inaugura TRIALOGO con Matteo Basil\u00e9, Danilo Bucchi e Paolo Grassino a cura di Gianluca Marziani | Dal 23 marzo all&#8217;11 maggio 2024 | Roma, via di Parione 10"},"content":{"rendered":"\n<figure class=\"wp-block-table\"><table><tbody><tr><td><img decoding=\"async\" src=\"https:\/\/ci3.googleusercontent.com\/meips\/ADKq_NZCTZYDLqXcYTAhw0QbMhWyTredEiSodWmAGjOXtdEIuCDRLgjEoba1tz95w2hXkEmPU5VRLaHDCsrZ7pWdT-ZG6twDVMztnxVIV60I9SgK0lpWOn6hMpNWdfw=s0-d-e1-ft#https:\/\/culturaliart.img.musvc2.net\/static\/91342\/images\/1\/logo(9).png\" width=\"240\"><strong>Basile Contemporary inaugura la mostra<\/strong>T R I A L O G O<strong>con Matteo Basil\u00e9, Danilo Bucchi e Paolo Grassino<\/strong>&nbsp;&nbsp;<strong>A cura di Gianluca Marziani<\/strong><img decoding=\"async\" src=\"https:\/\/ci3.googleusercontent.com\/meips\/ADKq_NaDqVYjzx_cukDb-vW0UoH1OdtAZ7Rt8qpDGT2qFHFFRjgjx0l2TFnuoTLI4VTqNegHvUddxWG0ytbapRVIL7gDxS9UecO2LtZx6JWV7Two6Ag3IfcRc60tO5WcmoKH22rjSEU=s0-d-e1-ft#https:\/\/culturaliart.img.musvc2.net\/static\/91342\/images\/1\/immagine%20guida.png\" width=\"360\"><strong>Opening 23 marzo 2024, ore 18.00<\/strong><strong>Dal 23 marzo all\u201911 maggio<\/strong><strong>Basile Contemporary \u2013 Galleria d\u2019Arte Contemporanea<\/strong><strong>Sabato 23 marzo 2024 alle ore 18.00<\/strong>, la&nbsp;<strong>Basile Contemporary&nbsp;<\/strong>inaugura la grande mostra collettiva&nbsp;<strong>\u201cTRIALOGO\u201d<\/strong>&nbsp;che vedr\u00e0 protagoniste le opere di tre illustri artisti del panorama dell\u2019arte contemporanea italiana:&nbsp;<strong>Matteo Basil\u00e9, Danilo Bucchi&nbsp;<\/strong>e<strong>&nbsp;Paolo Grassino.<\/strong>La mostra, ideata da&nbsp;<strong>Rosa Basile<\/strong>&nbsp;della&nbsp;<em>Basile Contemporary<\/em>&nbsp;in collaborazione con&nbsp;<strong>Giuliano Rocca art dealer<\/strong>&nbsp;\u2013 e curata da&nbsp;<strong>Gianluca Marziani&nbsp;<\/strong>\u2013 presenter\u00e0&nbsp;<strong>10<\/strong><strong>&nbsp;opere&nbsp;<\/strong>tra sculture, fotografie e dipinti, allestite in tre aree distinte nella galleria ma volutamente, e al contempo, comunicanti tra loro.&nbsp;<strong>\u201cTRIALOGO\u201d<\/strong>&nbsp;nasce dall\u2019intenzione di mettere in dialogo le opere di questi tre protagonisti che hanno stili artistici differenti, ma sono uniti da una componente comune. L\u2019esposizione, infatti, si presenta come&nbsp;<strong>un intreccio di evidenze estetiche e complessit\u00e0 tematiche<\/strong>, dove ciascun artista occupa uno spazio unico, mantenendo al contempo un dialogo vibrante e dinamico con gli altri.&nbsp;<strong>Matteo Basil\u00e9<\/strong>,&nbsp;<strong>Danilo Bucchi<\/strong>&nbsp;e&nbsp;<strong>Paolo Grassino<\/strong>&nbsp;sono emersi negli anni Novanta, lungo quel decennio di radicale inversione dei canoni figurativi. Nel periodo storico che li accomuna, i movimenti d\u2019avanguardia si placavano mentre sorgeva la tecnologia digitale, ed \u00e8 proprio in quest\u2019era che nascono e sviluppano i loro rispettivi stili creativi. Nonostante i tre abbiano avuto le medesime influenze artistiche, nel corso del tempo ognuno di loro \u00e8 stato in grado di sviluppare un proprio linguaggio creando uno stile unico e personale, mantenendo al tempo stesso viva quella componente comune, che permette alle loro opere di amalgamarsi e dialogare. Da qui l\u2019idea di una&nbsp;<strong>mostra a pi\u00f9 voci<\/strong>&nbsp;<strong>ma dentro una stessa visione d\u2019insieme<\/strong>, come fossero strumenti eterogenei che compongono&nbsp;<strong>assonanze di forme e contenuti<\/strong>. Come dice&nbsp;<strong>Gianluca Marziani<\/strong>:&nbsp;<em>\u201cTRIALOGO \u00e8 parola che contiene l\u2019ampliamento del dialogo prima della polifonia orchestrale, incarnando quel passaggio stereofonico dei contenuti che avviene sull\u2019asse limpido di una triangolazione dialettica. TRIALOGO come risultato di una compenetrazione luminescente tra valori teorici del segno figurativo, seguendo le evidenze di tre artisti italiani che appartengono ad una stessa curvatura generazionale.\u201d&nbsp;<\/em>Riguardo gli stili dei tre artisti Marziani aggiunge:&nbsp;<em>\u201cOgnuno di loro fa risuonare un linguaggio primario, una matrice d\u2019ingaggio che nel processo formale ha portato l\u2019artista a frammentare, ripensare, ibridare e ricomporre l\u2019archetipo per poi nuovamente sfaldare, cicatrizzare, atomizzare i risultati, creando cos\u00ec la struttura semantica del proprio arcano estetico.\u201d&nbsp;<\/em><strong>Matteo Basil\u00e8<\/strong>&nbsp;(1974) vive e lavora a Roma. Egli parte dalla&nbsp;<strong>fotografia<\/strong>&nbsp;ed \u00e8 tra i primi artisti in Europa a scoprire le potenzialit\u00e0 espressive della&nbsp;<strong>computer Art<\/strong>. Il fotografo&nbsp;<strong>fonde tecnologia e arte<\/strong>&nbsp;esplorando le&nbsp;<strong>potenzialit\u00e0 della digitalizzazione<\/strong>&nbsp;attraverso la costruzione di immagini oniriche e surreali, unendo scultura e architettura, pittura e cinema che<strong>&nbsp;amplificano i legami narrativi tra corpo e paesaggio<\/strong>. Esplorando la natura dell\u2019essere umano, l\u2019artista sviluppa una narrativa che affronta la sua percezione dell\u2019esistenza. La ricerca di Basil\u00e9 si evolve come un\u2019interfaccia tra Oriente e Occidente (l\u2019artista ha vissuto quasi 8 anni nel sud est asiatico), in una dialettica che opera come una collisione situata tra tradizione e modernit\u00e0, tra sacro e profano. In questo modo, il glossario di Basil\u00e9 non si fonda unicamente su segni e valori (per quanto atemporali e multiculturali), ma comprende un linguaggio totalitario in cui la&nbsp;<strong>fusione tra sogno, fantasia e realt\u00e0<\/strong>&nbsp;non \u00e8 pi\u00f9 il mero soggetto dello scatto fotografico ma incarna una narrazione universalmente riconoscibile e soprattutto senza limiti di percezione.<br><img decoding=\"async\" src=\"https:\/\/ci3.googleusercontent.com\/meips\/ADKq_NZUIBaeSjVE1EgSXrw4WjPze8bMjG7WJ1Zaqgo0Z2e_vH1GfbA9yOo4BhRz-kF3qjdMlBL9nc3n-WruTrdxgsEgfeNc_zB3x-8sT70SvxV7onJoXpdhTam9mMg10LCQuixTOUF105hgMPPFTfmne8yQUIgHSEyEvZq_ipJMQa0PfQdYyuy8naQonq2SOORrU0qwvrrkSwftSc80QI8=s0-d-e1-ft#https:\/\/culturaliart.img.musvc2.net\/static\/91342\/images\/1\/CADUTA%20FUORI%20DAL%20TEMPO%20IV%20-%202021%20-%20Black%20pigment_60x90.jpg\" width=\"300\">Basil\u00e9 riesce a conciliare in maniera inconfondibile idee apparentemente inconciliabili come&nbsp;<strong>bello e grottesco, reale e surreale, naturale e artificiale<\/strong>. Per lui&nbsp;<strong>la fotografia \u00e8 lo strumento inevitabile per esprimere un\u2019idea d\u2019arte<\/strong>&nbsp;che non sia rielaborazione del gi\u00e0 elaborato e del gi\u00e0 visto.<img decoding=\"async\" src=\"https:\/\/ci3.googleusercontent.com\/meips\/ADKq_NZt8qmvUqWZ6TLBbtN_HHodpbuCl7hqPFRuGpjXmTOWO3KDJUI8pQGVYtKP43mzZKrmBQdOMwL4h0wiF-LcZWY7VlS0hM4p3Ew6N3xoR1Ha921n49mtncginw=s0-d-e1-ft#https:\/\/culturaliart.img.musvc2.net\/static\/91342\/images\/1\/bucchi.png\" width=\"295\"><strong>Danilo Bucchi<\/strong>&nbsp;(Roma, 1978) dimostra fin dagli esordi una determinazione nel radicare il suo linguaggio in un universo di segni che rimanda alla&nbsp;<strong>tradizione dell\u2019astrazione europea delle prime avanguardie<\/strong>, con l\u2019utilizzo di tecniche e supporti fortemente tecnologici. Il suo lavoro parte dal&nbsp;<strong>disegno<\/strong>&nbsp;ed esplora il continuum emotivo del gesto rapido e ponderato, scavando dentro i sentimenti autobiografici e sviluppando uno stile che oscilla tra&nbsp;<strong>astrazione<\/strong>&nbsp;e&nbsp;<strong>figurazione<\/strong>. Pur con molteplici linguaggi \u2013&nbsp;<strong>installazione, fotografia, pittura, o lavori tramite il digitale<\/strong>&nbsp;&#8211; l\u2019artista ritorna sempre a una modalit\u00e0 di natura ritmica. Ogni gesto, ogni segno,&nbsp;<strong>ogni movimento del corpo si avvicina all&#8217;improvvisazione, allo spartito musicale e persino alla poesia.<\/strong><br><strong>Paolo Grassino<\/strong>&nbsp;(Torino, 1967), invece, parte dalla&nbsp;<strong>scultura<\/strong>, lavorando con materiali come&nbsp;<strong>la gomma sintetica, il legno<\/strong>,&nbsp;<strong>il polistirolo,<\/strong>&nbsp;e<strong>&nbsp;la cera<\/strong>, ma anche con tecniche come le&nbsp;<strong>fusioni in alluminio<\/strong>&nbsp;o&nbsp;<strong>calchi di cemento<\/strong>. La sua ricerca si manifesta nella scelta di materiali differenti che danno vita ad&nbsp;<strong>opere dal grandissimo impatto, tanto visivo quanto emotivo<\/strong>, generando nell\u2019osservatore una profonda riflessione sul mondo che abbiamo creato, in cui ci troviamo e nel quale saremo costretti a vivere. Con i suoi lavori,&nbsp;<strong>Grassino si interroga sulle derive della societ\u00e0 moderna<\/strong>, sospesa tra naturale e artificiale, tra precariet\u00e0 e mutazione. Il suo lavoro \u00e8 soprattutto una ricerca che recupera in pieno il&nbsp;<strong>senso della manualit\u00e0<\/strong>: lavorando con materiali vari e con tecniche avanzate porta le sue opere scultoree ad un alto grado di spettacolarit\u00e0.&nbsp;<strong>Cani<\/strong>,&nbsp;<strong>cervi<\/strong>&nbsp;ma anche&nbsp;<strong>sedie<\/strong>,&nbsp;<strong>corpi radianti<\/strong>&nbsp;e&nbsp;<strong>corpi architettonici<\/strong>,&nbsp;<strong>agglomerati danteschi<\/strong>&nbsp;e&nbsp;<strong>fossili misteriosi<\/strong>,&nbsp;<strong>teste cerchiate<\/strong>&nbsp;o&nbsp;<strong>trafitte<\/strong>,&nbsp;<strong>forme mineralizzate<\/strong>&nbsp;o&nbsp;<strong>arborescenti<\/strong>: le sue creazioni, ricche di tensione esoterica,&nbsp;<strong>trasformano gli spazi vuoti in una parte definitiva della scultura<\/strong>.<img decoding=\"async\" src=\"https:\/\/ci3.googleusercontent.com\/meips\/ADKq_NZMhQMWzRaXo5nlEmxzF_cs16boAwqdbDR-N_36Atu9MudnBPQ7Qf4VDQPOV5ZNfTHcNTrpz47CgJe4I_rHUvbnuZdU2wuoarvmzq3ptBleMcJyJMFA3DVKXw=s0-d-e1-ft#https:\/\/culturaliart.img.musvc2.net\/static\/91342\/images\/1\/bestia.png\" width=\"300\"><strong>La Basile Contemporary di Rosa Basile<\/strong>Nel cuore del centro storico di Roma, alle spalle di Piazza Navona, adiacente al chiostro del Bramante,&nbsp;<strong>Rosa Basile<\/strong>&nbsp;fonda nel&nbsp;<strong>2021<\/strong>&nbsp;la galleria d\u2019arte&nbsp;<strong>Basile Contemporary<\/strong>.&nbsp;Alcune delle mostre al suo attivo sono di&nbsp;<strong>Paolo Grassino, Daniele Galliano, Luca Coser, Giovanni Albanese, Giosetta Fioroni&nbsp;<\/strong>e&nbsp;<strong>Mirko Leuzzi<\/strong>.I curatori di cui \u00e8 avvalsa fino ad oggi sono&nbsp;<strong>Alberto Dambruoso<\/strong>,&nbsp;<strong>Adriana Polveroni<\/strong>&nbsp;e&nbsp;<strong>Francesca Canfora<\/strong>. Inoltre, vanta una prestigiosa collaborazione dell\u2019artista&nbsp;<strong>Mimmo Paladino<\/strong>&nbsp;con uno scritto per la mostra di&nbsp;<strong>Giovanni Albanese<\/strong>.Vince il&nbsp;<strong>premio \u201cYoung\u201d<\/strong>, come la migliore galleria under 5 con il progetto&nbsp;<strong>\u201cSulla Linea\u201d<\/strong>&nbsp;di&nbsp;<strong>Paolo Grassino&nbsp;<\/strong>nella prima edizione di&nbsp;<strong>\u201cRoma Arte in Nuvola\u201d<\/strong>.<img decoding=\"async\" src=\"https:\/\/ci3.googleusercontent.com\/meips\/ADKq_NYopc99Y2BoW5lSOP20aYxYDXdT-ZHskLOvsy1j_wNXahtWX5Af7yWJYSpk1dHd8bXhboDIyjU4SOo0kIclSxBHQusFU011LweRY5TsoXr5c56sc6ThzqTG_rUE=s0-d-e1-ft#https:\/\/culturaliart.img.musvc2.net\/static\/91342\/images\/1\/galleria.png\" width=\"300\"><strong>INFORMAZIONI UTILI<\/strong>TITOLO:&nbsp;<strong>TRIALOGO con Matteo Basil\u00e9, Danilo Bucchi e Paolo Grassino<\/strong>DOVE:&nbsp;<strong>Basile Contemporary \u2013 Galleria d\u2019Arte Contemporanea, via di Parione 10, Roma<\/strong>OPENING:<strong>&nbsp;sabato 23 marzo 2024 ore 18.00<\/strong>DURATA:<strong>&nbsp;dal 23 marzo all\u2019 11 maggio 2024<\/strong>A CURA DI:&nbsp;<strong>Gianluca Marziani<\/strong>IN COLLABORAZIONE CON<strong>: Giuliano Rocca art dealer<\/strong>INGRESSO GRATUITOORARI:&nbsp;<strong>da marted\u00ec a sabato dalle 11.00 alle 20.00<\/strong><strong>&nbsp;<\/strong><strong>CONTATTI<\/strong>TEL. Galleria:<strong>&nbsp;<\/strong>06 97165279CELL. Rosa Basile: 340.0001260SITO:&nbsp;<a href=\"https:\/\/culturaliart.musvc2.net\/e\/tr?q=8%3d0WEY3%26H%3dC%26I%3d2WHV%26p%3dXLbAe%267%3dCuP2_MRyb_XB_NcxQ_XR_MRyb_WGS9R.c75DmAoJoPqHqK46sU.oJn_NcxQ_XR_MRyb_XGQ6H_tK7MdA_4vTv_EioA9NmA6OfN_4vTv_DavPy_Hf0uPn_NcxQ_YP0n7uG_sweu_3b7On_9mHq7uBo_NcxQ_YPHbExPq%260%3dyPtRoW.oA6%26Dt%3dWDb2Y%266N%3d36b7mfDYAYCVAWEVAZ%26t%3dWeaLZd8Kb0AJ06YrcgbE9g0JWgBnAfWrV8ADb4YH09cKY8YK6dBre2BLd39K03eK&amp;mupckp=mupAtu4m8OiX0wt\" target=\"_blank\" rel=\"noreferrer noopener\">www.basilecontemporary.com<\/a>&nbsp;MAIL:&nbsp;<a href=\"mailto:basilecontemporary@gmail.com\" target=\"_blank\" rel=\"noreferrer noopener\">basilecontemporary@gmail.com<\/a>&nbsp;|&nbsp;<a href=\"mailto:info@basilecontemporary.com\" target=\"_blank\" rel=\"noreferrer noopener\">info@basilecontemporary.com<\/a>&nbsp;FACEBOOK:&nbsp;<a href=\"https:\/\/culturaliart.musvc2.net\/e\/tr?q=9%3dURBZN%26C%3d0%26J%3dMREW%26A%3dSIcVZ%264%3dDFKyO_Drbv_Ob_1woq_Al_Drbv_Ng6SI.7j913xK7.4xI_Drbv_Ngk7E0uAyFwP1DyKD21U_Drbv_Ng_1woq_BlGKv_OAL191_IZyl_TMJ1N2H1K3AD_IZyl_SEQFD_vAz04I_Drbv_OenIw0u_NmtY_XRL3I_y2vLw0pJ_Drbv_Oev75C4L%26z%3dD4OH4A.J1K%26rO%3dMSFWO%26K2%3dXVSCfOR0fMT0fP%269%3dk0OWEaOUlA2YlawY0ayRFawXH8VRD92UF8xZHAP3IYPVAY24oeN2mX2S0fV7w2jZoBNX&amp;mupckp=mupAtu4m8OiX0wt\" target=\"_blank\" rel=\"noreferrer noopener\">https:\/\/www.facebook.com\/<wbr>basilecontemporary\/<\/a>INSTAGRAM:&nbsp;<a href=\"https:\/\/culturaliart.musvc2.net\/e\/tr?q=3%3dSX8TL%26I%3d6%26D%3dKXAQ%269%3dYEWTf%26z%3d8DQuI_BxXp_Mh_wqmw_7f_BxXp_Lm2MG.FsID8lHuJ.hE7_OVsj_YK2uPnBy_0tDDBrF9OfHI_OVsj_ZKKDJ_xEEOh5_BxXp_Mks5GPq5DQjH_BxXp_LczJ7_Jj43Rr_HkzU_SXBr13I_wqmw_7VEQr_3uJu13Ds_HkzU_SXJf96Ru%264%3d7RxLwY.s5D%26Fx1u8f%3dQLd6S%26DP%3d7ZLaESKXEQMXET%262%3deDQwCf5O80SQBBUvehUNZDRSd6UzY65L9CSLYjRyei1vgh1SCE3Sb6Wva7VPa7Zx&amp;mupckp=mupAtu4m8OiX0wt\" target=\"_blank\" rel=\"noreferrer noopener\">https:\/\/www.instagram.com\/<wbr>basile_contemporary<\/a><a href=\"https:\/\/culturaliart.musvc2.net\/e\/tr?q=6%3dGY8W0%26J%3d6%26G%3d9YAT%26w%3dZEZHg%26z%3dA2RuL_zyXs_Ai_wtax_7i_zyXs_0n2P5.AzE2Sw4tGfK2.AtF_zyXs_0njOmLyB_zyXs_0ng41Gq8-kMsMmKuHz9wR-qLfNoSw4-t9-rH1Rw4-2Pn4tMlH-kMs-FiRy8w-0fLqJj-7iLnEw-0z6kFn-8-x9tEw-Ew41QnGw_PVvX_ZK_KY1U_VNSyF_1MzKkC_wtax_8gvC2LtCyMmP_wtax_7Y3Rr_FmBnNu_PVvX_aI8u9nE_zyXs_0dzMu_AfFx9n0v_PVvX_aIFiGqNx%26B%3drN14i9fThU.vCy%26B1%3dY7Z9a%26yL%3d0h7WHa6THY8THb%26m%3dWkZCbEcE7jBC4F9AXmhD8C0ETnZg7FaEc9fDW9Z75HhAbmefX0f94lbk6lD8aCdg&amp;mupckp=mupAtu4m8OiX0wt\" target=\"_blank\" rel=\"noreferrer noopener\">CARTELLA STAMPA E IMMAGINI<\/a><a href=\"https:\/\/culturaliart.musvc2.net\/e\/tr?q=6%3dIWEWB%26H%3dC%26G%3dAWHT%26y%3dXLZJe%267%3dA4P2L_2wes_Cg_4tcv_Di_2wes_Bl9P7.Bm6o81Hu.91F_2wes_Bln43Ex8mKzMoI2H274R_2wes_Bl_4tcv_Ei5Py_LyQ46o_NcvZ_YPGoS5EoP682_NcvZ_XHN4I_y8nE7F_2wes_CjqFkEx_Kayb_UFQ6F_m7yIkEsG_2wes_Cjy4sH7I%26n%3dI7L69D.GoP%26uL%3dAXITC%26P5%3dUJXFcCWCcAYCcD%26D%3dn7CbHXCZo8pdoXkdCXmWIXkcK5JWG6pZI5leK8D8LVDaDVp9rbB7pUpXCcJ4k7mer9Bc&amp;mupckp=mupAtu4m8OiX0wt\" target=\"_blank\" rel=\"noreferrer noopener\"><\/a><a href=\"https:\/\/culturaliart.musvc2.net\/e\/tr?q=A%3dRTBbK%26E%3d0%26L%3dJTEY%268%3dUIeSb%264%3dFCMyQ_Atbx_Ld_1yls_An_Atbx_Ki6UF.BwQC4pPtF.lM6_KZ1i_UO0tLrJx_6xLC8vN8KjPH_KZ1i_VOSCF_2MDKlC_Atbx_LgwCFLuCCMnP_Atbx_KY4R6_FnB2Nv_PjvY_aW8v92E_1yls_AdDMv_AtFy920w_PjvY_aWFjG5Ny%26B%3d6N2TvU.wCC%26B29t4j%3dYKZ0a%26CL%3dAhKWIaJTIYLTIb%261%3daHYv9jCN4DaP8FcualcMVHZRZ0cyU0CK5GaKUnZxam9ucl9R9IARX0euWAdOWAhw&amp;mupckp=mupAtu4m8OiX0wt\" target=\"_blank\" rel=\"noreferrer noopener\"><\/a><a href=\"mailto:basilecontemporary@gmail.com\" target=\"_blank\" rel=\"noreferrer noopener\"><\/a><a href=\"https:\/\/culturaliart.musvc2.net\/e\/tr?q=0%3dTS4aM%26D%3d2%26K%3dLS7X%260%3dTAdUa%26v%3dEELq_OluQ_ZV_JRzk_TG_OluQ_YaOxT.w3tF77dL9LfJAGs8CQ.dL8_JRzk_TG_OluQ_ZaMuJ_DGvOx7_sxnr_4k97xP77uQzJ_sxnr_3cFLn_Jz6jR8_JRzk_UEB83jI_CsTw_MXvQ8_5bJA3jD9_JRzk_UEJvAmRA%266%3dnRDNdY.97u%26FD%3dS3dLU%26uP%3dM8v3bb3aUU2XUS4XUV%26i%3dYyWAbx40dT79BPUge1X4A169Y18cCzSgXR73dNU7BSY0aRU08x8ggL8AfM50BMa0&amp;mupckp=mupAtu4m8OiX0wt\" target=\"_blank\" rel=\"noreferrer noopener\"><\/a><\/td><\/tr><\/tbody><\/table><\/figure>\n","protected":false},"excerpt":{"rendered":"<p>Basile Contemporary inaugura la mostraT R I A L O G Ocon Matteo Basil\u00e9, Danilo Bucchi e Paolo Grassino&nbsp;&nbsp;A cura [&hellip;]<\/p>\n","protected":false},"author":1,"featured_media":0,"comment_status":"open","ping_status":"open","sticky":false,"template":"","format":"standard","meta":{"footnotes":""},"categories":[4,10],"tags":[],"class_list":["post-52215","post","type-post","status-publish","format-standard","hentry","category-cultura","category-italiano"],"_links":{"self":[{"href":"https:\/\/www.ecoitaliano.com.ar\/index.php?rest_route=\/wp\/v2\/posts\/52215","targetHints":{"allow":["GET"]}}],"collection":[{"href":"https:\/\/www.ecoitaliano.com.ar\/index.php?rest_route=\/wp\/v2\/posts"}],"about":[{"href":"https:\/\/www.ecoitaliano.com.ar\/index.php?rest_route=\/wp\/v2\/types\/post"}],"author":[{"embeddable":true,"href":"https:\/\/www.ecoitaliano.com.ar\/index.php?rest_route=\/wp\/v2\/users\/1"}],"replies":[{"embeddable":true,"href":"https:\/\/www.ecoitaliano.com.ar\/index.php?rest_route=%2Fwp%2Fv2%2Fcomments&post=52215"}],"version-history":[{"count":0,"href":"https:\/\/www.ecoitaliano.com.ar\/index.php?rest_route=\/wp\/v2\/posts\/52215\/revisions"}],"wp:attachment":[{"href":"https:\/\/www.ecoitaliano.com.ar\/index.php?rest_route=%2Fwp%2Fv2%2Fmedia&parent=52215"}],"wp:term":[{"taxonomy":"category","embeddable":true,"href":"https:\/\/www.ecoitaliano.com.ar\/index.php?rest_route=%2Fwp%2Fv2%2Fcategories&post=52215"},{"taxonomy":"post_tag","embeddable":true,"href":"https:\/\/www.ecoitaliano.com.ar\/index.php?rest_route=%2Fwp%2Fv2%2Ftags&post=52215"}],"curies":[{"name":"wp","href":"https:\/\/api.w.org\/{rel}","templated":true}]}}