{"id":52228,"date":"2024-03-11T13:43:01","date_gmt":"2024-03-11T13:43:01","guid":{"rendered":"https:\/\/www.ecoitaliano.com.ar\/?p=52228"},"modified":"2024-03-11T13:43:01","modified_gmt":"2024-03-11T13:43:01","slug":"a-roma-le-fondazioni-bancarie-italiane-presentano-il-grande-evento-arte-e-rte-i-linguaggi-della-bellezza-mercoledi-13-marzo-ore-11-00-via-del-corso-267-roma","status":"publish","type":"post","link":"https:\/\/www.ecoitaliano.com.ar\/?p=52228","title":{"rendered":"A Roma le Fondazioni Bancarie Italiane presentano il grande evento \u00abArte e @rte. I linguaggi della bellezza\u00bb | Mercoled\u00ec 13 marzo, ore 11.00 | Via del Corso 267, Roma"},"content":{"rendered":"\n<figure class=\"wp-block-table\"><table><tbody><tr><td><img decoding=\"async\" src=\"https:\/\/ci3.googleusercontent.com\/meips\/ADKq_NaWxLipWs1DmIZxbbllj3yBpVITrbVYqO_RaZgVVhONIK4xc9dUS_0u7Aks8ETLVj9jyJn7BwUFFB1f-v_q-RwP_a2UTpIAeZ5O4Hf_uloH-dfV33V3ittZeN1WUtdcIDATXB0=s0-d-e1-ft#https:\/\/culturaliart.img.musvc2.net\/static\/91342\/images\/1\/2024-01-10%20(1).png\" width=\"105\"><img decoding=\"async\" src=\"https:\/\/ci3.googleusercontent.com\/meips\/ADKq_NY8EzZ-1mt3kB8Eenjw-Ot0Wld0hmcQl6WgL_EoVPYyOscYsY0JRO_SONb_LT0pXzb5BSvTNRLjjVMJyoe8q70ET8ZjKQRO-tChhwXywwblJf3YdNlXoySe3PaI01M=s0-d-e1-ft#https:\/\/culturaliart.img.musvc2.net\/static\/91342\/images\/1\/2024-01-10.png\" width=\"150\">In occasione della mostra&nbsp;<em>\u201cP\u00e0thos. Valori, passioni, virt\u00f9\u201d,<\/em>l\u2019Associazione di Fondazioni e di Casse di Risparmio Spa \u2013 Acri\u00e8 lieta di invitarvi a partecipare all&#8217;incontro<br><strong>Arte e @rte<\/strong><strong>I linguaggi della bellezza<\/strong><img decoding=\"async\" src=\"https:\/\/ci3.googleusercontent.com\/meips\/ADKq_NYBz8XdpfFuiComy_GT2SHMJhJVyZf7Yibr83Wof2p1lY3HcLz2SOGLcuyZo3iJhBSg1AIvYQKucT2dwDbizOf3fgbKkvoUV9skqBCL8DI9kkK0J5lou__SkHxwowmkbq_K6G331grhMAw=s0-d-e1-ft#https:\/\/culturaliart.img.musvc2.net\/static\/91342\/images\/1\/LOCANDINA%2013%20MARZO.png\" width=\"600\"><strong>13 marzo 2024<\/strong><strong>Ore 11.00<\/strong><strong>Acri, Via del Corso 267, Roma<\/strong><strong>M<\/strong><strong>ercoled\u00ec 13 marzo, alle ore 11.00<\/strong>, si terr\u00e0<strong><em>&nbsp;\u201cArte e @rte. I linguaggi della bellezza\u201d.<\/em><\/strong>Promosso e organizzato da&nbsp;<strong>Acri \u2013&nbsp;<\/strong><strong>Associazione di Fondazioni e di Casse di Risparmio Spa,&nbsp;<\/strong>l\u2019incontro avr\u00e0 luogo presso&nbsp;<strong>la sede di Roma in Via del Corso 267<\/strong>&nbsp;con l\u2019obiettivo di discutere \u2013 assieme a personaggi illustri del mondo della cultura \u2013 il fenomeno della&nbsp;<strong>digitalizzazione dell\u2019arte<\/strong>, affrontando&nbsp;diversi&nbsp;<strong>temi legati alla divulgazione artistica:<\/strong>&nbsp;dalla tradizionale esposizione in mostre all&#8217;<strong>impatto dei social media e della realt\u00e0 aumentata<\/strong>.&nbsp;Si&nbsp;dialogher\u00e0 su come le modalit\u00e0 tradizionali e quelle di ultima generazione coesistano, rendendo l&#8217;arte sempre pi\u00f9 accessibile, ma anche sollevando alcune criticit\u00e0 che l\u2019incontro intende indagare e approfondire.&nbsp;La scelta del tema si lega fortemente all\u2019attivit\u00e0 delle&nbsp;<strong>Fondazioni di origine bancaria<\/strong>&nbsp;rappresentate collettivamente da Acri,&nbsp;il cui settore primario di intervento \u00e8 proprio la&nbsp;<strong>cura e l\u2019accessibilit\u00e0 dei beni culturali.&nbsp;<\/strong>Nello specifico, l\u2019evento \u00e8 organizzato in occasione della prima mostra virtuale realizzata nell\u2019ambito di&nbsp;<strong>R\u2019Accolte<\/strong>, il pi\u00f9 grande catalogo multimediale in Italia, promosso dalla&nbsp;<strong>Commissione per i Beni e le Attivit\u00e0 Culturali di Acri,&nbsp;<\/strong>dal titolo<strong>&nbsp;<\/strong><strong><em>\u201cPathos. Valori, passioni, virt\u00f9\u201d<\/em><\/strong>&nbsp;e&nbsp;visitabile gratuitamente su<strong>&nbsp;<\/strong><a href=\"https:\/\/culturaliart.musvc2.net\/e\/tr?q=5%3dWVAVP%26G%3d9%26F%3dOVCX%26C%3dWHYXd%263%3d0HOx_JoxX_UY_MYun_WN_JoxX_TdR5O.D620CN-z318wDH0.qL_Fvar_Pk_zsqu_AhIOu_KCPz53_MYun_XLF3R1D3O27F_MYun_WDMHH_u72D3E_Fvar_QimEyDt_JoxX_TTP2E_16uHyDoF_Fvar_Qiu37G3H%262%3dH3KJ80.F3O%26qK%3dOWDaP%26O1%3dTXWBb3y6iQV9SQX0bU%26C%3dHVQdj83e0aX8i8RdnXUdGYVaGbSWlYOXESQeCZ1W0bPbA6SYE8zAkV4elW28i6Oe&amp;mupckp=mupAtu4m8OiX0wt\" target=\"_blank\" rel=\"noreferrer noopener\"><strong>www.pathos-raccolte.it<\/strong><\/a>&nbsp;fino al&nbsp;<strong>31 marzo 2024.<\/strong>&nbsp;La discussione vedr\u00e0 protagonisti:- lo storico dell\u2019arte e curatore della mostra&nbsp;<strong>Angelo Mazza;<\/strong>&#8211; la giovane divulgatrice&nbsp;<strong>Benedetta Colombo<\/strong>, nota con il nome di&nbsp;<strong>@benedetta.artefacile.<\/strong>Moderer\u00e0 il giornalista e conduttore televisivo e radiofonico&nbsp;<strong>Nicolas Ballario<\/strong>.&nbsp;Tra gli altri partecipanti, \u00e8 previsto l\u2019intervento del nuovo Presidente di Acri&nbsp;<strong>Giovanni Azzone<\/strong>, della direttrice della Galleria Borghese&nbsp;<strong>Francesca Cappelletti&nbsp;<\/strong>e del Presidente della Commissione per i Beni e le Attivit\u00e0 Culturali di Acri&nbsp;<strong>Donatella Pieri<\/strong>.&nbsp;L\u2019incontro \u00e8 aperto a tutti fino ad esaurimento posti.Per informazioni e richiesta di partecipazione scrivere a&nbsp;<a href=\"mailto:info@culturaliart.com\" target=\"_blank\" rel=\"noreferrer noopener\">info@culturaliart.com.<\/a>&nbsp;<strong>INFORMAZIONI UTILI<\/strong>TITOLO:&nbsp;<strong>Arte e @rte. I linguaggi della bellezza<\/strong>QUANDO:&nbsp;<strong>13 marzo 2024, ore 11.00<\/strong>DOVE:<strong>&nbsp;Acri, Via del Corso 267, Roma<\/strong>PROMOSSO DA:&nbsp;<strong>Acri &#8211; Associazione di Fondazioni e di Casse di Risparmio Spa<\/strong>NELL\u2019AMBITO DI:<strong>&nbsp;R\u2019accolte &#8211;&nbsp;<\/strong><a href=\"https:\/\/culturaliart.musvc2.net\/e\/tr?q=8%3dKWHYD%26H%3dF%26I%3dCWJa%261%3dXObLe%260%3dC6P5N_4whu_Eg_7vev_Gk_4whu_Dl76o94G6A.p84E.xO_4whu_Dl_7vev_Hk7P2_N1Q78q_Nfxb_YSIqS8GqP904_Nfxb_XKP6I_20pE0H_4whu_EjtHmE1_Mcye_WHQ9H_o72KmEvI_4whu_Ej26uH0K%26p%3dI0N89G.IqP%26xN%3dCXKdD%26P8%3dWLXIeEWFVE6m7pYGeI%26D%3dqeE7uVC0NZq0taFdJ7DXIWGdHVC7tZm0LZHeGWEAK6m0NWD0JVJXqZEYL8KBFeJe&amp;mupckp=mupAtu4m8OiX0wt\" target=\"_blank\" rel=\"noreferrer noopener\"><strong>https:\/\/raccolte.acri.it\/<\/strong><\/a><strong><\/strong>&nbsp;<strong>PARTECIPAZIONE LIBERA FINO AD ESAURIMENTO POSTI<\/strong>&nbsp;<strong>CONTATTI ACRI<\/strong>SITO:&nbsp;<a href=\"https:\/\/culturaliart.musvc2.net\/e\/tr?q=6%3dAYJW4%26J%3dH%26G%3d3YLY%26q%3dZQZBg%26B%3dAvR7L_tyjs_5i_9tUx_Ii_tyjs_4nDPy.9tKk.GA_KS1g_UH_PhvR_aWNvK_0HwPt8_tyjs_5l58yQ38vRvK_tyjs_4dBMo_Kv7kS4_KS1g_VFC44kJ_9tUx_IYwR4_6cK74kE5_KS1g_VFKrBnS7%267%3doS0OeZ.58v%26G0%3dT4dPU%26vQ%3dIc4bQV3YHV5ZQZ%264c9rj%3ddLb0dNV3aP8g9w54dvU0au55dPa8euY8DQW80Jb90O87cv8c9NaeCrT6dra7bQVB&amp;mupckp=mupAtu4m8OiX0wt\" target=\"_blank\" rel=\"noreferrer noopener\">https:\/\/www.acri.it\/<\/a>YOUTUBE:&nbsp;<a href=\"https:\/\/culturaliart.musvc2.net\/e\/tr?q=7%3dQR5XJ%26C%3d3%26H%3dIR7Z%267%3dSBaRZ%26w%3dBBKrM_0rUt_Kb_tukq_4j_0rUt_JgyQE.PqOBLd9.uFo_LitR_VX4j56EgF_0rUt_JgWgJf3WxcYTb45dWKDPR3p1Br_tukq_5jCKo_M7Lt7w_ISwh_TFHwNuFwKv90_ISwh_S8OBD_o9v0wG_0rUt_KegGs0n_LitR_VNLvG_u2oJs0iH_0rUt_Keo51CwJ%26v%3dDwMD44.HwK%26kM%3dIS8cJ%26Ku%3dVRS6dKR3UKT4dO%269%3d6XPSd8xa7dtahYRaAWIUd9wX5XMa36vX4VtVcUIVg8RS45t5s2c66WMRB0wSf7va4YI7&amp;mupckp=mupAtu4m8OiX0wt\" target=\"_blank\" rel=\"noreferrer noopener\">https:\/\/www.youtube.com\/<wbr>channel\/<wbr>UC2E13fBWzJc30EtBv0bnWtQ<\/a>INSTAGRAM:&nbsp;<a href=\"https:\/\/culturaliart.musvc2.net\/e\/tr?q=4%3dEV0U8%26G%3d8%26E%3d7VBW%26u%3dWGXFd%262%3d9zOwJ_xvZq_9f_yrYu_9g_xvZq_8k4N3.DuJz6nIgH.jFs_MXtV_WMIg8jFrOl.2xOl_IWxW_SL_MXtV_XMLzH_zF1Mj6_xvZq_9iu63Ns6zOlI_xvZq_8a2Ks_Hl5oPt_IWxW_TJ0t2oG_yrYu_9W1Ot_4gHw2oBu_IWxW_TJHh0rPw%265%3dsPzMiW.u6z%26Dz%3dR8aFS%26zN%3d9a8YGT7V8T9WGX%26n%3dajUBak7lZCXA8i3lW87kZi7D7CXlViTlZG7CeEakZ05h8B7FYB6BA8UF6CSl6AX2g6h9&amp;mupckp=mupAtu4m8OiX0wt\" target=\"_blank\" rel=\"noreferrer noopener\">https:\/\/www.instagram.com\/<wbr>raccolte.arte\/<\/a>\u200a<a href=\"https:\/\/culturaliart.musvc2.net\/e\/tr?q=A%3dCXQb6%26I%3dO%26L%3d5XSd%26s%3dYXeDf%26I%3dFxQDQ_vxqx_7h_FyWw_Pn_vxqx_6mKU1.0IJxRF9pFyPx.0CK_vxqx_6m3TiKHG_vxqx_6mF9g0CJxB-J9pLFG4WyXmLBC-i-81AiPGM-eI-D9xO7KsK7M-gR0RyOyJi-A3JpB-4MrAyXmLBG-hF-CPmD7Li-9yLg8FGe-80-Tm8-7J-gF1Js-A7-KsPHPi-S7PxRyJm-0CL-t8HFsP-J9pLFG-t8GQmLBG-zFFRy_Oo1T_Yd_PUzn_aJRHK_wLIPgB_FyWw_QlrBKQpBHRiO_FyWw9e8y_PdyQA_KiA7Sq_Oo1T_ZbCq87J_vxqx_6cIRq_0yKt87Er_Oo1T_ZbKeF0St%26A%3dASwS1Z.rBH%26Gw%3dXPdCY%26HQ%3d6gPbDZOY5ZQZDd%266%3de5BVDCg3Bh9Wa5BUY6bQZhARb98RYAd3D09OBBCzA5gzCCbXhgdzgicTC8aPfCYO&amp;mupckp=mupAtu4m8OiX0wt\" target=\"_blank\" rel=\"noreferrer noopener\"><strong>CARTELLA STAMPA E IMMAGINI<\/strong><\/a><a href=\"https:\/\/culturaliart.musvc2.net\/e\/tr?q=5%3dSYFVL%26J%3dD%26F%3dKYHX%269%3dZMYTg%268%3d0DR3K_Byfr_Mi_5smx_Eh_Byfr_Ln0OG.G1KD9tJuK.pG7_Pduj_ZSJuApG6Rr.3BRr_Jk1c_TZ_Pduj_aSMDK_6GEPp7_Byfr_Ml17GQy7DRrJ_Byfr_Ld8L7_Kr63Sz_Jk1c_UXCz33J_5smx_EXERz_5uK333E1_Jk1c_UXKnA6S3%266%3d7S6NwZ.17D%26G6%3dSLdLT%26DQ%3dEbLbMUKYDUMZMY%262%3ddpVPdq8zcIYOAo4zZD8yco8R0IYzYoUzcM8QhKbycF6vAH8TbH7PDDVT9ITz9GY3u9nM&amp;mupckp=mupAtu4m8OiX0wt\" target=\"_blank\" rel=\"noreferrer noopener\"><\/a><a href=\"https:\/\/culturaliart.musvc2.net\/e\/tr?q=5%3dHTQVA%26E%3dO%26F%3d0TSX%26x%3dUXYIb%26I%3d03MDK_1tqr_Bd_Fsbs_Ph_1tqr_AiKO6.41Jr.BH_JZvn_TO_KouY_VdM3F_GG4K17_1tqr_BgB76L073M3J_1tqr_AYILv_F36rNA_JZvn_UM8A3rE_Fsbs_PX4MA_5jFD3r0B_JZvn_UMFyAuND%266%3dvNGNlU.B73%26BG%3dSAYWT%263L%3dPbAWXU0TOUBUXY%263j4yq%3dYSaGYUU0VW7n444AY3TGV24BYWZEZ2XE9XVE5QaF5V7DX37j4UZl8ySCYyZDWXUI&amp;mupckp=mupAtu4m8OiX0wt\" target=\"_blank\" rel=\"noreferrer noopener\"><\/a><a href=\"https:\/\/culturaliart.musvc2.net\/e\/tr?q=5%3dWQ4VP%26B%3d2%26F%3dOQ6X%26C%3dRAYXY%26v%3d0HJqK_FqTr_Qa_ssqp_3h_FqTr_PfxOK.OpMHKc7.1En_JosQ_Td3i3BDfD_FqTr_PfVePe2U4bXRh34bcJCNX2oyHq_ssqp_4hIJn_KCKs53_HRun_SEF3MtD3Ju7F_HRun_R7MHC_n729vE_FqTr_QdfEy9m_JosQ_TTKuE_11nHy9hF_FqTr_Qdn37BvH%262%3dCvKJ33.F3J%26jK%3dOR7aP%26Jt%3dTXR5bQQ2SQS3bU%268%3d5VVRc64Z6bzZgWXZ0UOTc73W4VSZ242W3TzUbSOUf6XR33z3y1b55USQA83Re52Z3WO6&amp;mupckp=mupAtu4m8OiX0wt\" target=\"_blank\" rel=\"noreferrer noopener\"><\/a><\/td><\/tr><\/tbody><\/table><\/figure>\n","protected":false},"excerpt":{"rendered":"<p>In occasione della mostra&nbsp;\u201cP\u00e0thos. Valori, passioni, virt\u00f9\u201d,l\u2019Associazione di Fondazioni e di Casse di Risparmio Spa \u2013 Acri\u00e8 lieta di invitarvi [&hellip;]<\/p>\n","protected":false},"author":1,"featured_media":0,"comment_status":"open","ping_status":"open","sticky":false,"template":"","format":"standard","meta":{"footnotes":""},"categories":[4,10],"tags":[],"class_list":["post-52228","post","type-post","status-publish","format-standard","hentry","category-cultura","category-italiano"],"_links":{"self":[{"href":"https:\/\/www.ecoitaliano.com.ar\/index.php?rest_route=\/wp\/v2\/posts\/52228","targetHints":{"allow":["GET"]}}],"collection":[{"href":"https:\/\/www.ecoitaliano.com.ar\/index.php?rest_route=\/wp\/v2\/posts"}],"about":[{"href":"https:\/\/www.ecoitaliano.com.ar\/index.php?rest_route=\/wp\/v2\/types\/post"}],"author":[{"embeddable":true,"href":"https:\/\/www.ecoitaliano.com.ar\/index.php?rest_route=\/wp\/v2\/users\/1"}],"replies":[{"embeddable":true,"href":"https:\/\/www.ecoitaliano.com.ar\/index.php?rest_route=%2Fwp%2Fv2%2Fcomments&post=52228"}],"version-history":[{"count":0,"href":"https:\/\/www.ecoitaliano.com.ar\/index.php?rest_route=\/wp\/v2\/posts\/52228\/revisions"}],"wp:attachment":[{"href":"https:\/\/www.ecoitaliano.com.ar\/index.php?rest_route=%2Fwp%2Fv2%2Fmedia&parent=52228"}],"wp:term":[{"taxonomy":"category","embeddable":true,"href":"https:\/\/www.ecoitaliano.com.ar\/index.php?rest_route=%2Fwp%2Fv2%2Fcategories&post=52228"},{"taxonomy":"post_tag","embeddable":true,"href":"https:\/\/www.ecoitaliano.com.ar\/index.php?rest_route=%2Fwp%2Fv2%2Ftags&post=52228"}],"curies":[{"name":"wp","href":"https:\/\/api.w.org\/{rel}","templated":true}]}}