{"id":52345,"date":"2024-03-14T11:09:42","date_gmt":"2024-03-14T11:09:42","guid":{"rendered":"https:\/\/www.ecoitaliano.com.ar\/?p=52345"},"modified":"2024-03-14T11:09:42","modified_gmt":"2024-03-14T11:09:42","slug":"rivelati-i-nomi-del-premio-taranto-poesia-e-impegno-civile-e-nuovi-appuntamenti-del-21","status":"publish","type":"post","link":"https:\/\/www.ecoitaliano.com.ar\/?p=52345","title":{"rendered":"Rivelati i nomi del Premio Taranto Poesia e Impegno Civile e nuovi appuntamenti del 21"},"content":{"rendered":"\n<figure class=\"wp-block-gallery has-nested-images columns-default is-cropped wp-block-gallery-1 is-layout-flex wp-block-gallery-is-layout-flex\">\n<figure class=\"wp-block-image size-large\"><a href=\"https:\/\/www.ecoitaliano.com.ar\/wp-content\/uploads\/2024\/03\/FABI-E-CARROZZO-LOCANDINA.png\"><img decoding=\"async\" width=\"1024\" height=\"1024\" data-id=\"52346\" src=\"https:\/\/www.ecoitaliano.com.ar\/wp-content\/uploads\/2024\/03\/FABI-E-CARROZZO-LOCANDINA-1024x1024.png\" alt=\"\" class=\"wp-image-52346\" srcset=\"https:\/\/www.ecoitaliano.com.ar\/wp-content\/uploads\/2024\/03\/FABI-E-CARROZZO-LOCANDINA-1024x1024.png 1024w, https:\/\/www.ecoitaliano.com.ar\/wp-content\/uploads\/2024\/03\/FABI-E-CARROZZO-LOCANDINA-300x300.png 300w, https:\/\/www.ecoitaliano.com.ar\/wp-content\/uploads\/2024\/03\/FABI-E-CARROZZO-LOCANDINA-150x150.png 150w, https:\/\/www.ecoitaliano.com.ar\/wp-content\/uploads\/2024\/03\/FABI-E-CARROZZO-LOCANDINA-768x768.png 768w, https:\/\/www.ecoitaliano.com.ar\/wp-content\/uploads\/2024\/03\/FABI-E-CARROZZO-LOCANDINA.png 1080w\" sizes=\"(max-width: 1024px) 100vw, 1024px\" \/><\/a><\/figure>\n\n\n\n<figure class=\"wp-block-image size-large\"><a href=\"https:\/\/www.ecoitaliano.com.ar\/wp-content\/uploads\/2024\/03\/premio.jpg\"><img decoding=\"async\" width=\"1024\" height=\"380\" data-id=\"52347\" src=\"https:\/\/www.ecoitaliano.com.ar\/wp-content\/uploads\/2024\/03\/premio-1024x380.jpg\" alt=\"\" class=\"wp-image-52347\" srcset=\"https:\/\/www.ecoitaliano.com.ar\/wp-content\/uploads\/2024\/03\/premio-1024x380.jpg 1024w, https:\/\/www.ecoitaliano.com.ar\/wp-content\/uploads\/2024\/03\/premio-300x111.jpg 300w, https:\/\/www.ecoitaliano.com.ar\/wp-content\/uploads\/2024\/03\/premio-768x285.jpg 768w, https:\/\/www.ecoitaliano.com.ar\/wp-content\/uploads\/2024\/03\/premio-1536x569.jpg 1536w, https:\/\/www.ecoitaliano.com.ar\/wp-content\/uploads\/2024\/03\/premio-150x56.jpg 150w, https:\/\/www.ecoitaliano.com.ar\/wp-content\/uploads\/2024\/03\/premio.jpg 2048w\" sizes=\"(max-width: 1024px) 100vw, 1024px\" \/><\/a><\/figure>\n<\/figure>\n\n\n\n<p><strong>COMUNICATO STAMPA<\/strong><\/p>\n\n\n\n<p><strong>Giornata mondiale della Poesia: eventi del festival al Festival Internazionale di Poesia e Letterature del Mediterraneo e premiati Premio Taranto Poesia e Impegno civile<\/strong><\/p>\n\n\n\n<p>Il&nbsp;<strong>Festival Internazionale di Poesia e Letterature del Mediterraneo<\/strong> ha deciso di festeggiare la&nbsp;<strong>Giornata Mondiale della Poesia<\/strong>&nbsp;con un evento unico a <strong>Palazzo Stola<\/strong>, nel cuore del centro storico tarantino. L\u2019evento sar\u00e0 organizzato dall\u2019<strong>Associazione Contaminazioni.<\/strong><\/p>\n\n\n\n<p>In aggiunta a ci\u00f2, l\u2019<strong>Associazione Contaminazioni<\/strong> in collaborazione con il <strong>Conservatorio Statale di Musica Giovanni Paisiello<\/strong>, nell\u2019ottica delle contaminazioni fra le arti, i pensieri, le memorie e le culture, ha anche organizzato per le ore 15:00 del 21 un incontro, riservato esclusivamente agli <strong>studenti, <\/strong>presso lo stesso <strong>conservatorio<\/strong>. Quest\u2019ultimo prevede la presenza del maestro <strong>Claudio Fabi<\/strong> e della poeta <strong>Marthia Carrozzo<\/strong>, che saranno presenti anche all\u2019evento serale aperto al pubblico.<\/p>\n\n\n\n<p>Il festival, oggi alla V edizione, \u00e8 stato il primo festival del suo genere a Taranto e dal 2019 ha creduto <strong>nella parola poetica come vero motore di una valorizzazione reale e concreta e di una vera rigenerazione per tutto il territorio<\/strong>, sotto il punto di vista culturale e turistico, cos\u00ec come si pu\u00f2 evincere dal nostro progetto <strong>La restanza \u2013 la resilienza di chi resta<\/strong>.<\/p>\n\n\n\n<p>La <strong>serata del 21<\/strong>, che avr\u00e0 inizio alle ore 19:00, prevede:<br><\/p>\n\n\n\n<ul class=\"wp-block-list\">\n<li>Cerimonia di premiazione dei vincitori del&nbsp;<strong>Premio Taranto Poesia e Impegno Civile<\/strong>, ormai giunto alla sua II edizione e che, quest\u2019anno assume il titolo di \u201c<strong>Il cielo sopra Taranto<\/strong>\u201d. Ispirato al film \u201cIl cielo sopra Berlino\u201d, il titolo vuole essere simbolico.&nbsp;<\/li>\n<\/ul>\n\n\n\n<p>Il cielo sopra Taranto, infatti, sar\u00e0 illuminato dalle stelle dei premiati e cio\u00e8 dalle azioni e dalle opere che li hanno contraddistinti e hanno portato in alto in nome della citt\u00e0 e della regione.<\/p>\n\n\n\n<p><strong>I premiati<\/strong><\/p>\n\n\n\n<p>I premiati di questa II edizione sono:<\/p>\n\n\n\n<ul class=\"wp-block-list\">\n<li><strong>Grazia Maremonti<\/strong>, sezione <strong>Poesia<\/strong><\/li>\n\n\n\n<li><strong>Pierfranco Bruni<\/strong>, sezione <strong>Mediterraneo<\/strong><\/li>\n\n\n\n<li><strong>Carmine De Gregorio<\/strong>, sezione <strong>Divulgazione del patrimonio storico culturale tarantino<\/strong><\/li>\n\n\n\n<li><strong>Gian Carlo Lisi<\/strong>, sezione <strong>Editoria e diffusione culturale<\/strong><\/li>\n\n\n\n<li><strong>Fondazione Taranto 25<\/strong>, sezione <strong>Impegno Civile<\/strong><\/li>\n<\/ul>\n\n\n\n<ul class=\"wp-block-list\">\n<li>A seguire, la musica di<strong>&nbsp;Claudio Fabi<\/strong>&nbsp;incontra la poesia di&nbsp;<strong>Marthia Carrozzo <\/strong>in una performance dal titolo \u201c<strong>Di bellezza non si pecca, eppure<\/strong>\u201d.<br><br><br>Musicista versatile,&nbsp;<strong>Fabi<\/strong>&nbsp;ha alternato, nel corso della sua carriera professionale, attivit\u00e0 di compositore interprete con quella di produttore-arrangiatore, manager discografico e talent-scout ed \u00e8 considerato uno tra i pi\u00f9 importanti e innovativi produttori musicali italiani, ha diretto, per conto della RCA, la realizzazione di alcune produzioni di molti noti artisti internazionali come&nbsp;<strong>Harry Nilsson<\/strong>,&nbsp;<strong>Jos\u00e8 Feliciano<\/strong>,<strong>&nbsp;Jefferson Airplane<\/strong>,&nbsp;<strong>Mamas and Papas<\/strong>,&nbsp;<strong>Monkees<\/strong>,<strong>&nbsp;Johnny Halliday<\/strong>,&nbsp;<strong>George Moustaky<\/strong>,&nbsp;<strong>Irene Papas<\/strong>. Realizza anche numerose e importanti produzioni discografiche di musica classica, collaborando con artisti come&nbsp;<strong>Claudio Abbado<\/strong>,&nbsp;<strong>Marta Argerich<\/strong>,&nbsp;<strong>Bruno Canino<\/strong>&nbsp;e&nbsp;<strong>Maria Tipo<\/strong>. \u00c8 stato&nbsp;<strong>direttore artistico<\/strong>&nbsp;della&nbsp;<strong>NUMERO UNO<\/strong>, la casa discografica fondata da&nbsp;<strong>Mogol<\/strong>&nbsp;e Lucio&nbsp;<strong>Battisti<\/strong>. Nel 2011 presenta \u201c<strong>Hermetico<\/strong>\u201d, in cui alcuni amici e compagni della vita professionale dell\u2019autore, <strong>Gianna Nannini<\/strong>, <strong>Franco Mussida (PFM)<\/strong>, <strong>Marco Fabi<\/strong>, <strong>Teresa De Sio<\/strong>, <strong>Ricky Gianco<\/strong>, <strong>Eugenio Finardi<\/strong>, <strong>Fabio<\/strong> <strong>Concato<\/strong>, <strong>Alberto Fortis<\/strong>, <strong>Jorge Drexler<\/strong> e <strong>Niccol\u00f2 Fabi<\/strong> introducono con brevi citazioni da autori come <strong>Benedetti<\/strong>, <strong>Whitman<\/strong>, <strong>Pavese<\/strong>, <strong>Pablo Neruda<\/strong>, <strong>Miguel Hernandez<\/strong>, ma anche Antoine de <strong>Saint-Exupery<\/strong>, ed Enrique <strong>Bunbury<\/strong>, i dieci temi per pianoforte che Claudio Fabi interpreta. Da qui, l\u2019invito di&nbsp;<strong>Camminamenti<\/strong>, perch\u00e9 la sua musica potesse dialogare con la poesia in una prospettiva pi\u00f9 ampia, in \u201c<strong>Di bellezza non si pecca, eppure (O del corpo che muove prima)<\/strong>\u201d, poesie di <strong>Marthia Carrozzo<\/strong> in un dialogo\/intervista al Maestro Claudio Fabi.<\/li>\n<\/ul>\n\n\n\n<ul class=\"wp-block-list\">\n<li>Subito dopo, <strong>reading collettivo di scrittori della nostra terra <\/strong>a cui parteciperanno<strong> Mario Calzolaro<\/strong>,<strong> Grazia Maremonti<\/strong>, <strong>Rina Bello<\/strong>,<strong> Giuse Alemanno e Silvana Pasanisi<\/strong>.<\/li>\n<\/ul>\n\n\n\n<ul class=\"wp-block-list\">\n<li>Chiude la serata l\u2019<strong>open mic<\/strong>, di cui sono terminate le iscrizioni.<\/li>\n<\/ul>\n\n\n\n<p><strong>N. B. L\u2019ingresso prevede una donazione, dal valore di minimo euro 5,00, che andr\u00e0 a finanziare un nascente talento tarantino<\/strong>.&nbsp;<\/p>\n\n\n\n<p><strong>Si accede solo su prenotazione.<\/strong><\/p>\n\n\n\n<p><strong>Ricapitolando<\/strong><\/p>\n\n\n\n<p><strong>Inizio:<\/strong> ore 19:00<\/p>\n\n\n\n<p><strong>Dove:<\/strong> Palazzo Stola, Via Giovanni Paisiello n\u00b0 44, 74123, Taranto<\/p>\n\n\n\n<p><strong>Ingresso: <\/strong>su prenotazione con donazione<\/p>\n\n\n\n<p><strong>Organizzazione:<\/strong> Associazione Contaminazioni<\/p>\n\n\n\n<p><strong>Ideazione e direzione:<\/strong> Tiziana Magr\u00ec<\/p>\n\n\n\n<p>Patrocinio morale del Comune di Taranto<\/p>\n\n\n\n<p>Ufficio stampa<\/p>\n\n\n\n<p>Dottoressa Rosaria Scialpi<\/p>\n","protected":false},"excerpt":{"rendered":"<p>COMUNICATO STAMPA Giornata mondiale della Poesia: eventi del festival al Festival Internazionale di Poesia e Letterature del Mediterraneo e premiati [&hellip;]<\/p>\n","protected":false},"author":1,"featured_media":0,"comment_status":"open","ping_status":"open","sticky":false,"template":"","format":"standard","meta":{"footnotes":""},"categories":[10,22],"tags":[],"class_list":["post-52345","post","type-post","status-publish","format-standard","hentry","category-italiano","category-libros-y-revistas-literatura"],"_links":{"self":[{"href":"https:\/\/www.ecoitaliano.com.ar\/index.php?rest_route=\/wp\/v2\/posts\/52345","targetHints":{"allow":["GET"]}}],"collection":[{"href":"https:\/\/www.ecoitaliano.com.ar\/index.php?rest_route=\/wp\/v2\/posts"}],"about":[{"href":"https:\/\/www.ecoitaliano.com.ar\/index.php?rest_route=\/wp\/v2\/types\/post"}],"author":[{"embeddable":true,"href":"https:\/\/www.ecoitaliano.com.ar\/index.php?rest_route=\/wp\/v2\/users\/1"}],"replies":[{"embeddable":true,"href":"https:\/\/www.ecoitaliano.com.ar\/index.php?rest_route=%2Fwp%2Fv2%2Fcomments&post=52345"}],"version-history":[{"count":0,"href":"https:\/\/www.ecoitaliano.com.ar\/index.php?rest_route=\/wp\/v2\/posts\/52345\/revisions"}],"wp:attachment":[{"href":"https:\/\/www.ecoitaliano.com.ar\/index.php?rest_route=%2Fwp%2Fv2%2Fmedia&parent=52345"}],"wp:term":[{"taxonomy":"category","embeddable":true,"href":"https:\/\/www.ecoitaliano.com.ar\/index.php?rest_route=%2Fwp%2Fv2%2Fcategories&post=52345"},{"taxonomy":"post_tag","embeddable":true,"href":"https:\/\/www.ecoitaliano.com.ar\/index.php?rest_route=%2Fwp%2Fv2%2Ftags&post=52345"}],"curies":[{"name":"wp","href":"https:\/\/api.w.org\/{rel}","templated":true}]}}