{"id":52349,"date":"2024-03-14T13:54:21","date_gmt":"2024-03-14T13:54:21","guid":{"rendered":"https:\/\/www.ecoitaliano.com.ar\/?p=52349"},"modified":"2024-03-14T13:54:21","modified_gmt":"2024-03-14T13:54:21","slug":"bologna-street-poster-art-per-celebrare-i-diritti-dellinfanzia-in-occasione-della-childrens-book-fair-i-piu-influenti-disegnatori-della-letteratura-per-ragazzi-cilena-celebrano-i","status":"publish","type":"post","link":"https:\/\/www.ecoitaliano.com.ar\/?p=52349","title":{"rendered":"BOLOGNA, STREET POSTER ART PER CELEBRARE I DIRITTI DELL\u2019INFANZIA &#8211; In occasione della Children\u2019s Book Fair i pi\u00f9 influenti disegnatori della letteratura per ragazzi cilena celebrano i 100 anni dalla Dichiarazione dei diritti del fanciullo"},"content":{"rendered":"\n<figure class=\"wp-block-image\"><img decoding=\"async\" src=\"https:\/\/lh7-us.googleusercontent.com\/uq0SPoNoUXjPyRXao1L5ONedQDTHoTli1Yalb0j5daX_W_1fhipdFi-fQK9VO8b0Lc_L0LCgJ3lCzZLsMhBKFS1Qs1BMHVQXLG_pRJrMoo8RBRcpcglehP7KgLlAxQTmWrmxU9BT1Y8QrSsyKY9Fano\" alt=\"\"\/><\/figure>\n\n\n\n<p><strong>B<\/strong><strong>OLOGNA, STREET POSTER ART PER CELEBRARE I DIRITTI DELL\u2019INFANZIA<\/strong><\/p>\n\n\n\n<p>In occasione della&nbsp;<strong><em>Children\u2019s Book Fair<\/em><\/strong>&nbsp;<em>i pi\u00f9&nbsp;<\/em><strong><em>influenti disegnatori della letteratura per ragazzi cilena<\/em><\/strong><em>&nbsp;celebrano i<\/em>&nbsp;<strong>100 anni dalla Dichiarazione dei diritti del fanciullo<\/strong>. Tra gli artisti presenti la pluripremiata&nbsp;<strong>Paloma Valdivia,&nbsp;<\/strong>firma del<strong>&nbsp;Illustrators Annual della fiera e finalista all\u2019Hans Christian Andersen Awards 2024<\/strong><\/p>\n\n\n\n<p><strong>BOLOGNA, 8-11 aprile 2024<\/strong><\/p>\n\n\n\n<p><strong><a href=\"https:\/\/drive.google.com\/drive\/folders\/1rNdmwZnXWIFCdxlyh0llPFP1bjXYVPhK?usp=sharing\" target=\"_blank\" rel=\"noreferrer noopener\">QUI IMMAGINI<\/a><\/strong><\/p>\n\n\n\n<p>Sono passati&nbsp;<strong>100 anni<\/strong>&nbsp;da quando, nel 1924, la Societ\u00e0 delle Nazioni &#8211; predecessore dell&#8217;ONU &#8211; adott\u00f2 la&nbsp;<strong>Dichiarazione di Ginevra sui diritti del Fanciullo.<\/strong>&nbsp;Un testo storico che riconobbe per la prima volta l&#8217;esistenza di diritti specifici per le bambine e i bambini e la responsabilit\u00e0 che gli adulti hanno nei loro confronti.&nbsp;<strong>In occasione della<\/strong><strong>&nbsp;Bologna Children\u2019s Book Fair, in programma dal 8 all\u201911 aprile, la delegazione degli autori e illustratori cileni in fiera, dedicher\u00e0 a questo fondamentale traguardo la sua presenza&nbsp;<\/strong>con la volont\u00e0 di ribadirne l\u2019importanza in un momento storico cos\u00ec segnato dai grandi conflitti. In questa ottica, dunque, la ricorrenza segna questa edizione come l&#8217;anno delle Letture per l&#8217;infanzia e l&#8217;adolescenza.<\/p>\n\n\n\n<p>I&nbsp;<strong>pi\u00f9 influenti disegnatori della letteratura cilena per ragazzi e ragazze<\/strong>&nbsp;svilupperanno, insieme al progetto di<strong>&nbsp;street poster art CHEAP<\/strong>, le diverse sfumature dei diritti per l\u2019infanzia&nbsp;<strong>realizzando esclusive opere di grandi dimensioni che andranno a narrare i diritti specifici di bambini e bambine per le strade del capoluogo dell&#8217;Emilia-Romagna.<\/strong>&nbsp;Un percorso artistico esclusivo volto a ribadire&nbsp;l\u2019anniversario dell\u2019importante traguardo.&nbsp;<\/p>\n\n\n\n<p><strong>\u00c1ngeles Vargas, Francisca Y\u00e1\u00f1ez, Joanna Mora, Leonor P\u00e9rez, Mar\u00eda J. Guarda e Sebasti\u00e1n Ilabaca, questi alcuni tra i pi\u00f9 influenti disegnatori cileni<\/strong>&nbsp;che verranno a interfacciarsi con il mondo culturale italiano, per portare avanti ancora una volta un dialogo e un\u2019alleanza tra paesi, volta alla tutela dei lettori in erba, che negli anni il&nbsp;<strong>Ministero delle Culture, delle Arti e del Patrimonio del Cile, ProChile e DIRAC<\/strong><em>&#8211; il dicastero di affari culturali del Ministero degli Esteri &#8211;<\/em><strong>&nbsp;hanno instaurato grazie la presenza delle pi\u00f9 note matite del paese alla Children\u2019s Book Fair.&nbsp;<\/strong>Fanno parte della delegazione anche le case editrici Escrito con Tiza, Editorial Liebre, Editorial Zig Zag, Fundaci\u00f3n Entrelineas, Mu\u00f1eca de trapo e l\u2019agenzia letteraria Vuelan Las Plumas.<\/p>\n\n\n\n<p>Tra gli artisti presenti anche&nbsp;<strong>Paloma Valdivia<\/strong>,&nbsp;vincitrice del&nbsp;<strong>Grand Prix della Biennale di Illustrazione di Bratislava 2023<\/strong>&nbsp;con Il libro delle domande di Pablo Neruda (Enchanted Lion Books, USA 2022).&nbsp;<strong>Ospite d\u2019onore della&nbsp;<\/strong><strong>Children\u2019s Book Fair<\/strong>,&nbsp;Valdivia ha realizzato la&nbsp;<strong>copertina dell\u2019Illustrators Annual<\/strong>, l\u2019imperdibile volume da collezione, che raccoglie ogni anno tutti i lavori degli artisti selezionati per la Mostra degli Illustratori: un grande catalogo a disposizione degli editori di tutto il mondo, arricchito con i contributi delle personalit\u00e0 che di volta in volta sono chiamate a costituire la giuria. L\u2019illustratrice di Santiago,&nbsp;<strong>firma del design dello stand del Cile presente alla fiera di Bologna<\/strong>, \u00e8 qui<strong>&nbsp;finalista dell\u2019<\/strong><strong>Hans Christian Andersen Awards 2024<\/strong><strong>, noto come \u00abil Nobel\u00bb dei libri per l&#8217;infanzia.&nbsp;<\/strong>Paloma Valdivia \u00e8 stata&nbsp;<strong>nominata da IBBY&nbsp;<\/strong>(International Board on Books for Young People), istituzione nata a Zurigo nel 1953, che dal 1964, su iniziativa della scrittrice Marcela Paz, ha anche una sezione in Cile.<\/p>\n\n\n\n<p><strong>Un\u2019edizione ricca di riconoscimenti&nbsp;<\/strong>per il paese sudamericano, che vede tra i finalisti del&nbsp;<strong>BOP \u2013 Bologna Prize for the Best Children\u2019s Publishers of the Year, Editorial Liebre<\/strong>, una casa editrice dedicata alla prima infanzia che con i suoi titoli dal formato innovativo e la centralit\u00e0 dei temi multiculturali conta una vasta diffusione e molte traduzioni e&nbsp;<strong>Mu\u00f1eca de Trapo&nbsp;<\/strong>una casa editrice che attraverso la narrazione di storie e parole cerca di stimolare l\u2019immaginazione del giovane lettore.<\/p>\n\n\n\n<p>Riguardo alla partecipazione alla Bologna Children&#8217;s Book Fair,&nbsp;<strong>Carolina Arredondo la Ministra delle Culture le Arti e del Patrimonio del governo del Cile, ha dichiarato<\/strong>: \u00abLa presenza cilena alla Bologna Children\u2019s Book Fair \u00e8 testimonianza concreta dei progressi che ha sperimentato il processo di internazionalizzazione dell&#8217;industria editoriale cilena.&nbsp; Il riconoscimento della qualit\u00e0 del lavoro delle nostre creatrici e creatori \u00e8 un traguardo importante ed \u00e8 dimostrato dalle diverse nomination ad alcuni dei pi\u00f9 importanti premi che vengono assegnati dal salone, e che sono legati alla letteratura per bambini e giovani\u00bb &#8211; e aggiunge &#8211;&nbsp; \u00abBologna \u00e8 un&#8217;ottima vetrina per diffondere il grande livello raggiunto dall&#8217;industria editoriale cilena, la cui presenza sui mercati esteri \u00e8 sempre pi\u00f9 potente. Questo interesse \u00e8 sostenuto sistematicamente dalla virtuosa articolazione tra il Ministero de las Culturas, las Artes y el Patrimonio, ProChile e Dirac.\u00bb<\/p>\n\n\n\n<p><em>La delegazione degli illustratori cileni \u00e8 presente grazie al sostegno del Ministero delle Culture, delle Arti e del Patrimonio del Cile, ProChile e DIRAC &#8211; il dicastero di affari culturali del Ministero degli Esteri. L&#8217;installazione cittadina \u00e8 possibile grazie alla collaborazione e la curatoria di CHEAP &#8211; progetto di street poster e sar\u00e0 visitabile dall\u20198 aprile in via dell\u2019Abbadia di Bologna.&nbsp;<\/em><\/p>\n\n\n\n<p>Ufficio stampa<\/p>\n\n\n\n<p><strong>Silvia Bellucci<\/strong><\/p>\n","protected":false},"excerpt":{"rendered":"<p>BOLOGNA, STREET POSTER ART PER CELEBRARE I DIRITTI DELL\u2019INFANZIA In occasione della&nbsp;Children\u2019s Book Fair&nbsp;i pi\u00f9&nbsp;influenti disegnatori della letteratura per ragazzi [&hellip;]<\/p>\n","protected":false},"author":1,"featured_media":0,"comment_status":"open","ping_status":"open","sticky":false,"template":"","format":"standard","meta":{"footnotes":""},"categories":[10,22],"tags":[],"class_list":["post-52349","post","type-post","status-publish","format-standard","hentry","category-italiano","category-libros-y-revistas-literatura"],"_links":{"self":[{"href":"https:\/\/www.ecoitaliano.com.ar\/index.php?rest_route=\/wp\/v2\/posts\/52349","targetHints":{"allow":["GET"]}}],"collection":[{"href":"https:\/\/www.ecoitaliano.com.ar\/index.php?rest_route=\/wp\/v2\/posts"}],"about":[{"href":"https:\/\/www.ecoitaliano.com.ar\/index.php?rest_route=\/wp\/v2\/types\/post"}],"author":[{"embeddable":true,"href":"https:\/\/www.ecoitaliano.com.ar\/index.php?rest_route=\/wp\/v2\/users\/1"}],"replies":[{"embeddable":true,"href":"https:\/\/www.ecoitaliano.com.ar\/index.php?rest_route=%2Fwp%2Fv2%2Fcomments&post=52349"}],"version-history":[{"count":0,"href":"https:\/\/www.ecoitaliano.com.ar\/index.php?rest_route=\/wp\/v2\/posts\/52349\/revisions"}],"wp:attachment":[{"href":"https:\/\/www.ecoitaliano.com.ar\/index.php?rest_route=%2Fwp%2Fv2%2Fmedia&parent=52349"}],"wp:term":[{"taxonomy":"category","embeddable":true,"href":"https:\/\/www.ecoitaliano.com.ar\/index.php?rest_route=%2Fwp%2Fv2%2Fcategories&post=52349"},{"taxonomy":"post_tag","embeddable":true,"href":"https:\/\/www.ecoitaliano.com.ar\/index.php?rest_route=%2Fwp%2Fv2%2Ftags&post=52349"}],"curies":[{"name":"wp","href":"https:\/\/api.w.org\/{rel}","templated":true}]}}